{"id":145587,"date":"2025-01-13T10:42:18","date_gmt":"2025-01-13T15:42:18","guid":{"rendered":"https:\/\/graziamagazine.com\/mx\/?post_type=articles&#038;p=145587"},"modified":"2025-01-13T10:47:58","modified_gmt":"2025-01-13T15:47:58","slug":"oliviero-toscani-el-genio-creativo-detras-de-benetton","status":"publish","type":"articles","link":"https:\/\/graziamagazine.com\/mx\/articles\/oliviero-toscani-el-genio-creativo-detras-de-benetton\/","title":{"rendered":"Oliviero Toscani: El genio creativo detr\u00e1s de Benetton"},"content":{"rendered":"<p>Oliviero Toscani, el fot\u00f3grafo italiano que redefini\u00f3 la comunicaci\u00f3n visual, dej\u00f3 una marca indeleble en la historia de la publicidad con sus campa\u00f1as para <strong>United Colors of Benetton<\/strong>.<\/p>\n<p>Desde 1982 hasta el a\u00f1o 2000, Toscani transform\u00f3 la marca en un \u00edcono global. Bajo su direcci\u00f3n, Benetton se destac\u00f3 no solo por su moda colorida, sino tambi\u00e9n por sus mensajes sociales contundentes.<\/p>\n<figure id=\"attachment_145589\" aria-describedby=\"caption-attachment-145589\" style=\"width: 1024px\" class=\"wp-caption alignnone\"><img loading=\"lazy\" decoding=\"async\" class=\"size-large wp-image-145589\" src=\"https:\/\/graziamagazine.com\/mx\/wp-content\/uploads\/sites\/13\/2025\/01\/Captura-de-Pantalla-2025-01-13-a-las-9.44.34-1024x737.png\" alt=\"Oliviero Toscani: El genio creativo detr\u00e1s de Benetton\" width=\"1024\" height=\"737\" srcset=\"https:\/\/graziamagazine.com\/mx\/wp-content\/uploads\/sites\/13\/2025\/01\/Captura-de-Pantalla-2025-01-13-a-las-9.44.34-1024x737.png 1024w, https:\/\/graziamagazine.com\/mx\/wp-content\/uploads\/sites\/13\/2025\/01\/Captura-de-Pantalla-2025-01-13-a-las-9.44.34-450x324.png 450w, https:\/\/graziamagazine.com\/mx\/wp-content\/uploads\/sites\/13\/2025\/01\/Captura-de-Pantalla-2025-01-13-a-las-9.44.34-768x553.png 768w, https:\/\/graziamagazine.com\/mx\/wp-content\/uploads\/sites\/13\/2025\/01\/Captura-de-Pantalla-2025-01-13-a-las-9.44.34-400x288.png 400w, https:\/\/graziamagazine.com\/mx\/wp-content\/uploads\/sites\/13\/2025\/01\/Captura-de-Pantalla-2025-01-13-a-las-9.44.34-155x112.png 155w, https:\/\/graziamagazine.com\/mx\/wp-content\/uploads\/sites\/13\/2025\/01\/Captura-de-Pantalla-2025-01-13-a-las-9.44.34.png 1078w\" sizes=\"(max-width: 1024px) 100vw, 1024px\" \/><figcaption id=\"caption-attachment-145589\" class=\"wp-caption-text\">Oliviero Toscani: El genio creativo detr\u00e1s de Benetton<\/figcaption><\/figure>\n<p>Temas como el <strong>racismo, el SIDA, los conflictos internacionales<\/strong> y la violencia de g\u00e9nero fueron abordados en im\u00e1genes que provocaron tanto admiraci\u00f3n como pol\u00e9mica.<\/p>\n<p>Toscani us\u00f3 la fotograf\u00eda como un espejo de la realidad, retando al p\u00fablico a reflexionar sobre temas universales que a menudo se evitaban en la publicidad.<\/p>\n<h3><strong>Campa\u00f1as que marcaron una era<\/strong><\/h3>\n<figure id=\"attachment_145592\" aria-describedby=\"caption-attachment-145592\" style=\"width: 809px\" class=\"wp-caption alignnone\"><img loading=\"lazy\" decoding=\"async\" class=\"size-large wp-image-145592\" src=\"https:\/\/graziamagazine.com\/mx\/wp-content\/uploads\/sites\/13\/2025\/01\/Captura-de-Pantalla-2025-01-13-a-las-9.45.09-809x1024.png\" alt=\"Oliviero Toscani: El genio creativo detr\u00e1s de Benetton\" width=\"809\" height=\"1024\" srcset=\"https:\/\/graziamagazine.com\/mx\/wp-content\/uploads\/sites\/13\/2025\/01\/Captura-de-Pantalla-2025-01-13-a-las-9.45.09-809x1024.png 809w, https:\/\/graziamagazine.com\/mx\/wp-content\/uploads\/sites\/13\/2025\/01\/Captura-de-Pantalla-2025-01-13-a-las-9.45.09-356x450.png 356w, https:\/\/graziamagazine.com\/mx\/wp-content\/uploads\/sites\/13\/2025\/01\/Captura-de-Pantalla-2025-01-13-a-las-9.45.09-768x972.png 768w, https:\/\/graziamagazine.com\/mx\/wp-content\/uploads\/sites\/13\/2025\/01\/Captura-de-Pantalla-2025-01-13-a-las-9.45.09-400x506.png 400w, https:\/\/graziamagazine.com\/mx\/wp-content\/uploads\/sites\/13\/2025\/01\/Captura-de-Pantalla-2025-01-13-a-las-9.45.09-155x196.png 155w, https:\/\/graziamagazine.com\/mx\/wp-content\/uploads\/sites\/13\/2025\/01\/Captura-de-Pantalla-2025-01-13-a-las-9.45.09.png 1084w\" sizes=\"(max-width: 809px) 100vw, 809px\" \/><figcaption id=\"caption-attachment-145592\" class=\"wp-caption-text\">Oliviero Toscani: El genio creativo detr\u00e1s de Benetton<\/figcaption><\/figure>\n<p>En 1990, Toscani lanz\u00f3 <em>Colors<\/em>, la primera revista global del mundo, convirti\u00e9ndola en un espacio de debate sobre problem\u00e1ticas sociales. Adem\u00e1s, dirigi\u00f3 <em>Fabrica<\/em>, el centro de investigaci\u00f3n de comunicaci\u00f3n moderna que empuj\u00f3 los l\u00edmites de la creatividad publicitaria.<\/p>\n<p>Algunas de las campa\u00f1as m\u00e1s memorables de Toscani incluyen:<\/p>\n<p><strong>La lucha contra el SIDA<\/strong>: Im\u00e1genes de j\u00f3venes con un lazo rojo sobre ropa interior, simbolizando la prevenci\u00f3n y la sensibilizaci\u00f3n.<\/p>\n<p><strong>La diversidad racial<\/strong>: Fotograf\u00edas de familias multirraciales y mensajes de inclusi\u00f3n.<\/p>\n<p><strong>Hambre y pobreza<\/strong>: Una cuchara de madera simple pero impactante como s\u00edmbolo de la relaci\u00f3n humana con la comida y el hambre.<\/p>\n<figure id=\"attachment_145591\" aria-describedby=\"caption-attachment-145591\" style=\"width: 816px\" class=\"wp-caption alignnone\"><img loading=\"lazy\" decoding=\"async\" class=\"size-large wp-image-145591\" src=\"https:\/\/graziamagazine.com\/mx\/wp-content\/uploads\/sites\/13\/2025\/01\/Captura-de-Pantalla-2025-01-13-a-las-9.44.56-816x1024.png\" alt=\"Oliviero Toscani: El genio creativo detr\u00e1s de Benetton\" width=\"816\" height=\"1024\" srcset=\"https:\/\/graziamagazine.com\/mx\/wp-content\/uploads\/sites\/13\/2025\/01\/Captura-de-Pantalla-2025-01-13-a-las-9.44.56-816x1024.png 816w, https:\/\/graziamagazine.com\/mx\/wp-content\/uploads\/sites\/13\/2025\/01\/Captura-de-Pantalla-2025-01-13-a-las-9.44.56-359x450.png 359w, https:\/\/graziamagazine.com\/mx\/wp-content\/uploads\/sites\/13\/2025\/01\/Captura-de-Pantalla-2025-01-13-a-las-9.44.56-768x963.png 768w, https:\/\/graziamagazine.com\/mx\/wp-content\/uploads\/sites\/13\/2025\/01\/Captura-de-Pantalla-2025-01-13-a-las-9.44.56-400x502.png 400w, https:\/\/graziamagazine.com\/mx\/wp-content\/uploads\/sites\/13\/2025\/01\/Captura-de-Pantalla-2025-01-13-a-las-9.44.56-155x194.png 155w, https:\/\/graziamagazine.com\/mx\/wp-content\/uploads\/sites\/13\/2025\/01\/Captura-de-Pantalla-2025-01-13-a-las-9.44.56.png 1100w\" sizes=\"(max-width: 816px) 100vw, 816px\" \/><figcaption id=\"caption-attachment-145591\" class=\"wp-caption-text\">Oliviero Toscani: El genio creativo detr\u00e1s de Benetton<\/figcaption><\/figure>\n<h3><strong>El final de una colaboraci\u00f3n hist\u00f3rica<\/strong><\/h3>\n<p>En 2020, la relaci\u00f3n entre Toscani y Benetton termin\u00f3 abruptamente. Su pol\u00e9mica declaraci\u00f3n sobre el derrumbe del Puente Morandi gener\u00f3 indignaci\u00f3n, llevando al grupo Benetton a finalizar su asociaci\u00f3n con \u00e9l. Aunque Toscani pidi\u00f3 disculpas, la controversia empa\u00f1\u00f3 su legado en la marca.<\/p>\n<h3><strong>Un legado que trasciende<\/strong><\/h3>\n<figure id=\"attachment_145593\" aria-describedby=\"caption-attachment-145593\" style=\"width: 809px\" class=\"wp-caption alignnone\"><img loading=\"lazy\" decoding=\"async\" class=\"size-large wp-image-145593\" src=\"https:\/\/graziamagazine.com\/mx\/wp-content\/uploads\/sites\/13\/2025\/01\/Captura-de-Pantalla-2025-01-13-a-las-9.45.32-809x1024.png\" alt=\"Oliviero Toscani: El genio creativo detr\u00e1s de Benetton\" width=\"809\" height=\"1024\" srcset=\"https:\/\/graziamagazine.com\/mx\/wp-content\/uploads\/sites\/13\/2025\/01\/Captura-de-Pantalla-2025-01-13-a-las-9.45.32-809x1024.png 809w, https:\/\/graziamagazine.com\/mx\/wp-content\/uploads\/sites\/13\/2025\/01\/Captura-de-Pantalla-2025-01-13-a-las-9.45.32-356x450.png 356w, https:\/\/graziamagazine.com\/mx\/wp-content\/uploads\/sites\/13\/2025\/01\/Captura-de-Pantalla-2025-01-13-a-las-9.45.32-768x972.png 768w, https:\/\/graziamagazine.com\/mx\/wp-content\/uploads\/sites\/13\/2025\/01\/Captura-de-Pantalla-2025-01-13-a-las-9.45.32-400x506.png 400w, https:\/\/graziamagazine.com\/mx\/wp-content\/uploads\/sites\/13\/2025\/01\/Captura-de-Pantalla-2025-01-13-a-las-9.45.32-155x196.png 155w, https:\/\/graziamagazine.com\/mx\/wp-content\/uploads\/sites\/13\/2025\/01\/Captura-de-Pantalla-2025-01-13-a-las-9.45.32.png 1084w\" sizes=\"(max-width: 809px) 100vw, 809px\" \/><figcaption id=\"caption-attachment-145593\" class=\"wp-caption-text\">Oliviero Toscani: El genio creativo detr\u00e1s de Benetton<\/figcaption><\/figure>\n<p>A pesar de los altibajos, el impacto de Oliviero Toscani en la industria de la moda y la publicidad es innegable. Su enfoque audaz y su habilidad para provocar conversaci\u00f3n lo convirtieron en un visionario que cambi\u00f3 para siempre la forma en que las marcas conectan con el mundo.<\/p>\n<p>Hoy, recordamos a Toscani no solo por su arte, sino por su valent\u00eda para usar la publicidad como un canal de cambio social. \u00bfQu\u00e9 te inspira m\u00e1s de su legado?<\/p>\n<p><em><strong>*IMAGEN: Instagram<\/strong><\/em><\/p>\n","protected":false},"author":28953,"featured_media":145588,"template":"","format":"standard","categories":[4],"acf":[],"yoast_head":"<!-- This site is optimized with the Yoast SEO Premium plugin v18.5 (Yoast SEO v20.4) - https:\/\/yoast.com\/wordpress\/plugins\/seo\/ -->\n<title>Oliviero Toscani: El genio creativo detr\u00e1s de Benetton<\/title>\n<meta name=\"description\" content=\"Con campa\u00f1as disruptivas, Toscani transform\u00f3 la publicidad de Benetton, explorando temas sociales con audacia y creatividad inigualable.\" \/>\n<meta name=\"robots\" content=\"index, follow, max-snippet:-1, max-image-preview:large, max-video-preview:-1\" \/>\n<link rel=\"canonical\" href=\"https:\/\/graziamagazine.com\/mx\/articles\/oliviero-toscani-el-genio-creativo-detras-de-benetton\/\" \/>\n<meta property=\"og:locale\" content=\"es_MX\" \/>\n<meta property=\"og:type\" content=\"article\" \/>\n<meta property=\"og:title\" content=\"Oliviero Toscani: El genio creativo detr\u00e1s de Benetton\" \/>\n<meta property=\"og:description\" content=\"Con campa\u00f1as disruptivas, Toscani transform\u00f3 la publicidad de Benetton, explorando temas sociales con audacia y creatividad inigualable.\" \/>\n<meta property=\"og:url\" content=\"https:\/\/graziamagazine.com\/mx\/articles\/oliviero-toscani-el-genio-creativo-detras-de-benetton\/\" \/>\n<meta property=\"og:site_name\" content=\"Grazia M\u00e9xico y Latinoam\u00e9rica\" \/>\n<meta property=\"article:modified_time\" content=\"2025-01-13T15:47:58+00:00\" \/>\n<meta property=\"og:image\" content=\"https:\/\/graziamagazine.com\/mx\/wp-content\/uploads\/sites\/13\/2025\/01\/Captura-de-Pantalla-2025-01-13-a-las-9.44.26.png\" \/>\n\t<meta property=\"og:image:width\" content=\"1474\" \/>\n\t<meta property=\"og:image:height\" content=\"842\" \/>\n\t<meta property=\"og:image:type\" content=\"image\/png\" \/>\n<meta name=\"twitter:card\" content=\"summary_large_image\" \/>\n<meta name=\"twitter:label1\" content=\"Est. reading time\" \/>\n\t<meta name=\"twitter:data1\" content=\"3 minutos\" \/>\n<script type=\"application\/ld+json\" class=\"yoast-schema-graph\">{\"@context\":\"https:\/\/schema.org\",\"@graph\":[{\"@type\":\"WebPage\",\"@id\":\"https:\/\/graziamagazine.com\/mx\/articles\/oliviero-toscani-el-genio-creativo-detras-de-benetton\/\",\"url\":\"https:\/\/graziamagazine.com\/mx\/articles\/oliviero-toscani-el-genio-creativo-detras-de-benetton\/\",\"name\":\"Oliviero Toscani: El genio creativo detr\u00e1s de Benetton\",\"isPartOf\":{\"@id\":\"https:\/\/graziamagazine.com\/mx\/#website\"},\"datePublished\":\"2025-01-13T15:42:18+00:00\",\"dateModified\":\"2025-01-13T15:47:58+00:00\",\"description\":\"Con campa\u00f1as disruptivas, Toscani transform\u00f3 la publicidad de Benetton, explorando temas sociales con audacia y creatividad inigualable.\",\"breadcrumb\":{\"@id\":\"https:\/\/graziamagazine.com\/mx\/articles\/oliviero-toscani-el-genio-creativo-detras-de-benetton\/#breadcrumb\"},\"inLanguage\":\"es-MX\",\"potentialAction\":[{\"@type\":\"ReadAction\",\"target\":[\"https:\/\/graziamagazine.com\/mx\/articles\/oliviero-toscani-el-genio-creativo-detras-de-benetton\/\"]}]},{\"@type\":\"BreadcrumbList\",\"@id\":\"https:\/\/graziamagazine.com\/mx\/articles\/oliviero-toscani-el-genio-creativo-detras-de-benetton\/#breadcrumb\",\"itemListElement\":[{\"@type\":\"ListItem\",\"position\":1,\"name\":\"Home\",\"item\":\"https:\/\/graziamagazine.com\/mx\/\"},{\"@type\":\"ListItem\",\"position\":2,\"name\":\"Oliviero Toscani: El genio creativo detr\u00e1s de Benetton\"}]},{\"@type\":\"WebSite\",\"@id\":\"https:\/\/graziamagazine.com\/mx\/#website\",\"url\":\"https:\/\/graziamagazine.com\/mx\/\",\"name\":\"Grazia M\u00e9xico y Latinoam\u00e9rica\",\"description\":\"Grazia es moda, belleza y noticias  de actualidad \",\"potentialAction\":[{\"@type\":\"SearchAction\",\"target\":{\"@type\":\"EntryPoint\",\"urlTemplate\":\"https:\/\/graziamagazine.com\/mx\/?s={search_term_string}\"},\"query-input\":\"required name=search_term_string\"}],\"inLanguage\":\"es-MX\"}]}<\/script>\n<!-- \/ Yoast SEO Premium plugin. -->","yoast_head_json":{"title":"Oliviero Toscani: El genio creativo detr\u00e1s de Benetton","description":"Con campa\u00f1as disruptivas, Toscani transform\u00f3 la publicidad de Benetton, explorando temas sociales con audacia y creatividad inigualable.","robots":{"index":"index","follow":"follow","max-snippet":"max-snippet:-1","max-image-preview":"max-image-preview:large","max-video-preview":"max-video-preview:-1"},"canonical":"https:\/\/graziamagazine.com\/mx\/articles\/oliviero-toscani-el-genio-creativo-detras-de-benetton\/","og_locale":"es_MX","og_type":"article","og_title":"Oliviero Toscani: El genio creativo detr\u00e1s de Benetton","og_description":"Con campa\u00f1as disruptivas, Toscani transform\u00f3 la publicidad de Benetton, explorando temas sociales con audacia y creatividad inigualable.","og_url":"https:\/\/graziamagazine.com\/mx\/articles\/oliviero-toscani-el-genio-creativo-detras-de-benetton\/","og_site_name":"Grazia M\u00e9xico y Latinoam\u00e9rica","article_modified_time":"2025-01-13T15:47:58+00:00","og_image":[{"width":1474,"height":842,"url":"https:\/\/graziamagazine.com\/mx\/wp-content\/uploads\/sites\/13\/2025\/01\/Captura-de-Pantalla-2025-01-13-a-las-9.44.26.png","type":"image\/png"}],"twitter_card":"summary_large_image","twitter_misc":{"Est. reading time":"3 minutos"},"schema":{"@context":"https:\/\/schema.org","@graph":[{"@type":"WebPage","@id":"https:\/\/graziamagazine.com\/mx\/articles\/oliviero-toscani-el-genio-creativo-detras-de-benetton\/","url":"https:\/\/graziamagazine.com\/mx\/articles\/oliviero-toscani-el-genio-creativo-detras-de-benetton\/","name":"Oliviero Toscani: El genio creativo detr\u00e1s de Benetton","isPartOf":{"@id":"https:\/\/graziamagazine.com\/mx\/#website"},"datePublished":"2025-01-13T15:42:18+00:00","dateModified":"2025-01-13T15:47:58+00:00","description":"Con campa\u00f1as disruptivas, Toscani transform\u00f3 la publicidad de Benetton, explorando temas sociales con audacia y creatividad inigualable.","breadcrumb":{"@id":"https:\/\/graziamagazine.com\/mx\/articles\/oliviero-toscani-el-genio-creativo-detras-de-benetton\/#breadcrumb"},"inLanguage":"es-MX","potentialAction":[{"@type":"ReadAction","target":["https:\/\/graziamagazine.com\/mx\/articles\/oliviero-toscani-el-genio-creativo-detras-de-benetton\/"]}]},{"@type":"BreadcrumbList","@id":"https:\/\/graziamagazine.com\/mx\/articles\/oliviero-toscani-el-genio-creativo-detras-de-benetton\/#breadcrumb","itemListElement":[{"@type":"ListItem","position":1,"name":"Home","item":"https:\/\/graziamagazine.com\/mx\/"},{"@type":"ListItem","position":2,"name":"Oliviero Toscani: El genio creativo detr\u00e1s de Benetton"}]},{"@type":"WebSite","@id":"https:\/\/graziamagazine.com\/mx\/#website","url":"https:\/\/graziamagazine.com\/mx\/","name":"Grazia M\u00e9xico y Latinoam\u00e9rica","description":"Grazia es moda, belleza y noticias  de actualidad ","potentialAction":[{"@type":"SearchAction","target":{"@type":"EntryPoint","urlTemplate":"https:\/\/graziamagazine.com\/mx\/?s={search_term_string}"},"query-input":"required name=search_term_string"}],"inLanguage":"es-MX"}]}},"jetpack_sharing_enabled":true,"distributor_meta":false,"distributor_terms":false,"distributor_media":false,"distributor_original_site_name":"Grazia M\u00e9xico y Latinoam\u00e9rica","distributor_original_site_url":"https:\/\/graziamagazine.com\/mx","push-errors":false,"_links":{"self":[{"href":"https:\/\/graziamagazine.com\/mx\/wp-json\/wp\/v2\/articles\/145587"}],"collection":[{"href":"https:\/\/graziamagazine.com\/mx\/wp-json\/wp\/v2\/articles"}],"about":[{"href":"https:\/\/graziamagazine.com\/mx\/wp-json\/wp\/v2\/types\/articles"}],"author":[{"embeddable":true,"href":"https:\/\/graziamagazine.com\/mx\/wp-json\/wp\/v2\/users\/28953"}],"wp:featuredmedia":[{"embeddable":true,"href":"https:\/\/graziamagazine.com\/mx\/wp-json\/wp\/v2\/media\/145588"}],"wp:attachment":[{"href":"https:\/\/graziamagazine.com\/mx\/wp-json\/wp\/v2\/media?parent=145587"}],"wp:term":[{"taxonomy":"category","embeddable":true,"href":"https:\/\/graziamagazine.com\/mx\/wp-json\/wp\/v2\/categories?post=145587"}],"curies":[{"name":"wp","href":"https:\/\/api.w.org\/{rel}","templated":true}]}}