{"id":145425,"date":"2025-01-07T12:42:56","date_gmt":"2025-01-07T17:42:56","guid":{"rendered":"https:\/\/graziamagazine.com\/mx\/?post_type=articles&#038;p=145425"},"modified":"2025-01-07T13:01:49","modified_gmt":"2025-01-07T18:01:49","slug":"alfombras-rojas-2025-los-eventos-clave","status":"publish","type":"articles","link":"https:\/\/graziamagazine.com\/mx\/articles\/alfombras-rojas-2025-los-eventos-clave\/","title":{"rendered":"Alfombras Rojas 2025: Los Eventos Clave"},"content":{"rendered":"<p>Las alfombras rojas del 2025 prometen ser el centro de atenci\u00f3n del mundo del espect\u00e1culo y la moda.<\/p>\n<p>Desde la elegancia de los Oscars hasta la extravagancia creativa de la MET Gala, estos eventos no solo celebran logros art\u00edsticos, sino que tambi\u00e9n marcan tendencias de estilo. A continuaci\u00f3n, te contamos todo lo que necesitas saber sobre las alfombras rojas m\u00e1s esperadas del a\u00f1o.<\/p>\n<h3><strong>Los Oscars 2025: Glamour en su m\u00e1xima expresi\u00f3n<\/strong><\/h3>\n<figure id=\"attachment_145426\" aria-describedby=\"caption-attachment-145426\" style=\"width: 1024px\" class=\"wp-caption alignnone\"><img loading=\"lazy\" decoding=\"async\" class=\"size-large wp-image-145426\" src=\"https:\/\/graziamagazine.com\/mx\/wp-content\/uploads\/sites\/13\/2025\/01\/Captura-de-Pantalla-2025-01-07-a-las-11.48.20-1024x691.png\" alt=\"Alfombras Rojas 2025: Los Eventos Clave\" width=\"1024\" height=\"691\" srcset=\"https:\/\/graziamagazine.com\/mx\/wp-content\/uploads\/sites\/13\/2025\/01\/Captura-de-Pantalla-2025-01-07-a-las-11.48.20-1024x691.png 1024w, https:\/\/graziamagazine.com\/mx\/wp-content\/uploads\/sites\/13\/2025\/01\/Captura-de-Pantalla-2025-01-07-a-las-11.48.20-450x304.png 450w, https:\/\/graziamagazine.com\/mx\/wp-content\/uploads\/sites\/13\/2025\/01\/Captura-de-Pantalla-2025-01-07-a-las-11.48.20-768x518.png 768w, https:\/\/graziamagazine.com\/mx\/wp-content\/uploads\/sites\/13\/2025\/01\/Captura-de-Pantalla-2025-01-07-a-las-11.48.20-1536x1036.png 1536w\" sizes=\"(max-width: 1024px) 100vw, 1024px\" \/><figcaption id=\"caption-attachment-145426\" class=\"wp-caption-text\">Alfombras Rojas 2025: Los Eventos Clave<\/figcaption><\/figure>\n<p>La 97.\u00aa entrega de los Premios de la Academia ser\u00e1 el 2 de marzo de 2025 en el ic\u00f3nico Dolby Theatre de Los \u00c1ngeles. Bajo la conducci\u00f3n de Conan O\u2019Brien, esta noche re\u00fane a los nombres m\u00e1s importantes de Hollywood para celebrar lo mejor del cine.<\/p>\n<p>Aunque las nominaciones se anunciar\u00e1n el 17 de enero, ya hay gran expectativa por los looks que desfilar\u00e1n en esta alfombra roja, famosa por su combinaci\u00f3n de sofisticaci\u00f3n y dramatismo.<\/p>\n<h3><strong>La MET Gala 2025: Creatividad sin l\u00edmites<\/strong><\/h3>\n<figure id=\"attachment_145428\" aria-describedby=\"caption-attachment-145428\" style=\"width: 1024px\" class=\"wp-caption alignnone\"><img loading=\"lazy\" decoding=\"async\" class=\"size-large wp-image-145428\" src=\"https:\/\/graziamagazine.com\/mx\/wp-content\/uploads\/sites\/13\/2025\/01\/blake-lively-attends-the-2022-met-gala-celebrating-in-news-photo-1674149111-1024x819.jpg\" alt=\"Alfombras Rojas 2025: Los Eventos Clave\" width=\"1024\" height=\"819\" srcset=\"https:\/\/graziamagazine.com\/mx\/wp-content\/uploads\/sites\/13\/2025\/01\/blake-lively-attends-the-2022-met-gala-celebrating-in-news-photo-1674149111-1024x819.jpg 1024w, https:\/\/graziamagazine.com\/mx\/wp-content\/uploads\/sites\/13\/2025\/01\/blake-lively-attends-the-2022-met-gala-celebrating-in-news-photo-1674149111-450x360.jpg 450w, https:\/\/graziamagazine.com\/mx\/wp-content\/uploads\/sites\/13\/2025\/01\/blake-lively-attends-the-2022-met-gala-celebrating-in-news-photo-1674149111-768x614.jpg 768w, https:\/\/graziamagazine.com\/mx\/wp-content\/uploads\/sites\/13\/2025\/01\/blake-lively-attends-the-2022-met-gala-celebrating-in-news-photo-1674149111-1536x1229.jpg 1536w, https:\/\/graziamagazine.com\/mx\/wp-content\/uploads\/sites\/13\/2025\/01\/blake-lively-attends-the-2022-met-gala-celebrating-in-news-photo-1674149111-2048x1638.jpg 2048w, https:\/\/graziamagazine.com\/mx\/wp-content\/uploads\/sites\/13\/2025\/01\/blake-lively-attends-the-2022-met-gala-celebrating-in-news-photo-1674149111-400x320.jpg 400w, https:\/\/graziamagazine.com\/mx\/wp-content\/uploads\/sites\/13\/2025\/01\/blake-lively-attends-the-2022-met-gala-celebrating-in-news-photo-1674149111-155x124.jpg 155w\" sizes=\"(max-width: 1024px) 100vw, 1024px\" \/><figcaption id=\"caption-attachment-145428\" class=\"wp-caption-text\">Alfombras Rojas 2025: Los Eventos Clave<\/figcaption><\/figure>\n<p>El Museo Metropolitano de Arte de Nueva York abrir\u00e1 sus puertas el 5 de mayo para la MET Gala, considerada la &#8220;noche m\u00e1s importante de la moda&#8221;.<\/p>\n<p>Aunque el tema a\u00fan no se ha revelado, la expectativa es alt\u00edsima tras eventos previos como <em>Karl Lagerfeld: A Line of Beauty<\/em>. Este evento es una oportunidad para que las celebridades y dise\u00f1adores exploren su creatividad con atuendos que desaf\u00edan los l\u00edmites del arte y la moda.<\/p>\n<h3><strong>Grammys 2025: M\u00fasica y estilo<\/strong><\/h3>\n<figure id=\"attachment_145427\" aria-describedby=\"caption-attachment-145427\" style=\"width: 1024px\" class=\"wp-caption alignnone\"><img loading=\"lazy\" decoding=\"async\" class=\"size-large wp-image-145427\" src=\"https:\/\/graziamagazine.com\/mx\/wp-content\/uploads\/sites\/13\/2025\/01\/1986349687-1024x768.jpg\" alt=\"Alfombras Rojas 2025: Los Eventos Clave\" width=\"1024\" height=\"768\" srcset=\"https:\/\/graziamagazine.com\/mx\/wp-content\/uploads\/sites\/13\/2025\/01\/1986349687-1024x768.jpg 1024w, https:\/\/graziamagazine.com\/mx\/wp-content\/uploads\/sites\/13\/2025\/01\/1986349687-450x338.jpg 450w, https:\/\/graziamagazine.com\/mx\/wp-content\/uploads\/sites\/13\/2025\/01\/1986349687-768x576.jpg 768w, https:\/\/graziamagazine.com\/mx\/wp-content\/uploads\/sites\/13\/2025\/01\/1986349687-1536x1152.jpg 1536w, https:\/\/graziamagazine.com\/mx\/wp-content\/uploads\/sites\/13\/2025\/01\/1986349687-2048x1536.jpg 2048w, https:\/\/graziamagazine.com\/mx\/wp-content\/uploads\/sites\/13\/2025\/01\/1986349687-400x300.jpg 400w, https:\/\/graziamagazine.com\/mx\/wp-content\/uploads\/sites\/13\/2025\/01\/1986349687-155x116.jpg 155w\" sizes=\"(max-width: 1024px) 100vw, 1024px\" \/><figcaption id=\"caption-attachment-145427\" class=\"wp-caption-text\">Alfombras Rojas 2025: Los Eventos Clave<\/figcaption><\/figure>\n<p>El 2 de febrero, los Grammys no solo premiar\u00e1n a artistas destacados como Beyonc\u00e9, Charli XCX y Taylor Swift, sino que tambi\u00e9n ofrecer\u00e1n una alfombra roja vibrante donde la m\u00fasica y la moda se fusionan. Este a\u00f1o, con una fuerte presencia femenina en las nominaciones, los looks prometen ser tan ic\u00f3nicos como las actuaciones.<\/p>\n<h3><strong>Festival de Cine de Cannes: Elegancia europea<\/strong><img loading=\"lazy\" decoding=\"async\" class=\"alignnone size-large wp-image-145430\" style=\"color: #444444;font-family: Garamond, 'EB Garamond', Baskerville, 'Baskerville Old Face', 'Hoefler Text', 'Times New Roman', serif;font-size: 16px;font-weight: normal\" src=\"https:\/\/graziamagazine.com\/mx\/wp-content\/uploads\/sites\/13\/2025\/01\/Captura-de-Pantalla-2025-01-07-a-las-11.55.25-1021x1024.png\" alt=\"\" width=\"1021\" height=\"1024\" srcset=\"https:\/\/graziamagazine.com\/mx\/wp-content\/uploads\/sites\/13\/2025\/01\/Captura-de-Pantalla-2025-01-07-a-las-11.55.25-1021x1024.png 1021w, https:\/\/graziamagazine.com\/mx\/wp-content\/uploads\/sites\/13\/2025\/01\/Captura-de-Pantalla-2025-01-07-a-las-11.55.25-450x450.png 450w, https:\/\/graziamagazine.com\/mx\/wp-content\/uploads\/sites\/13\/2025\/01\/Captura-de-Pantalla-2025-01-07-a-las-11.55.25-150x150.png 150w, https:\/\/graziamagazine.com\/mx\/wp-content\/uploads\/sites\/13\/2025\/01\/Captura-de-Pantalla-2025-01-07-a-las-11.55.25-768x770.png 768w, https:\/\/graziamagazine.com\/mx\/wp-content\/uploads\/sites\/13\/2025\/01\/Captura-de-Pantalla-2025-01-07-a-las-11.55.25-1532x1536.png 1532w, https:\/\/graziamagazine.com\/mx\/wp-content\/uploads\/sites\/13\/2025\/01\/Captura-de-Pantalla-2025-01-07-a-las-11.55.25-400x401.png 400w, https:\/\/graziamagazine.com\/mx\/wp-content\/uploads\/sites\/13\/2025\/01\/Captura-de-Pantalla-2025-01-07-a-las-11.55.25-155x155.png 155w, https:\/\/graziamagazine.com\/mx\/wp-content\/uploads\/sites\/13\/2025\/01\/Captura-de-Pantalla-2025-01-07-a-las-11.55.25.png 1538w\" sizes=\"(max-width: 1021px) 100vw, 1021px\" \/><\/h3>\n<p>Del 13 al 24 de mayo, el Festival de Cine de Cannes ser\u00e1 el escenario para las estrellas del cine internacional. Su alfombra roja, ubicada en la Riviera Francesa, es conocida por su glamour cl\u00e1sico y por ser el lugar donde se presentan las pel\u00edculas m\u00e1s esperadas del a\u00f1o.<\/p>\n<p>2025 ser\u00e1 un a\u00f1o inolvidable para los amantes de la moda y el espect\u00e1culo. Estas alfombras rojas no solo celebran el talento, sino que tambi\u00e9n nos inspiran con estilos que definen \u00e9pocas. \u00a1Mantente atenta a cada detalle!<\/p>\n<p><em><strong>*IMAGEN: Google Images<\/strong><\/em><\/p>\n","protected":false},"author":28953,"featured_media":145429,"template":"","format":"standard","categories":[114],"acf":[],"yoast_head":"<!-- This site is optimized with the Yoast SEO Premium plugin v18.5 (Yoast SEO v20.4) - https:\/\/yoast.com\/wordpress\/plugins\/seo\/ -->\n<title>Alfombras Rojas 2025: Los Eventos Clave<\/title>\n<meta name=\"description\" content=\"La moda y el glamour protagonizan las alfombras rojas de los Oscars, la MET Gala, los Grammys y Cannes este 2025.\" \/>\n<meta name=\"robots\" content=\"index, follow, max-snippet:-1, max-image-preview:large, max-video-preview:-1\" \/>\n<link rel=\"canonical\" href=\"https:\/\/graziamagazine.com\/mx\/articles\/alfombras-rojas-2025-los-eventos-clave\/\" \/>\n<meta property=\"og:locale\" content=\"es_MX\" \/>\n<meta property=\"og:type\" content=\"article\" \/>\n<meta property=\"og:title\" content=\"Alfombras Rojas 2025: Los Eventos Clave\" \/>\n<meta property=\"og:description\" content=\"La moda y el glamour protagonizan las alfombras rojas de los Oscars, la MET Gala, los Grammys y Cannes este 2025.\" \/>\n<meta property=\"og:url\" content=\"https:\/\/graziamagazine.com\/mx\/articles\/alfombras-rojas-2025-los-eventos-clave\/\" \/>\n<meta property=\"og:site_name\" content=\"Grazia M\u00e9xico y Latinoam\u00e9rica\" \/>\n<meta property=\"article:modified_time\" content=\"2025-01-07T18:01:49+00:00\" \/>\n<meta property=\"og:image\" content=\"https:\/\/graziamagazine.com\/mx\/wp-content\/uploads\/sites\/13\/2025\/01\/ca-times.brightspotcdn.jpg\" \/>\n\t<meta property=\"og:image:width\" content=\"1200\" \/>\n\t<meta property=\"og:image:height\" content=\"860\" \/>\n\t<meta property=\"og:image:type\" content=\"image\/jpeg\" \/>\n<meta name=\"twitter:card\" content=\"summary_large_image\" \/>\n<meta name=\"twitter:label1\" content=\"Est. reading time\" \/>\n\t<meta name=\"twitter:data1\" content=\"3 minutos\" \/>\n<script type=\"application\/ld+json\" class=\"yoast-schema-graph\">{\"@context\":\"https:\/\/schema.org\",\"@graph\":[{\"@type\":\"WebPage\",\"@id\":\"https:\/\/graziamagazine.com\/mx\/articles\/alfombras-rojas-2025-los-eventos-clave\/\",\"url\":\"https:\/\/graziamagazine.com\/mx\/articles\/alfombras-rojas-2025-los-eventos-clave\/\",\"name\":\"Alfombras Rojas 2025: Los Eventos Clave\",\"isPartOf\":{\"@id\":\"https:\/\/graziamagazine.com\/mx\/#website\"},\"datePublished\":\"2025-01-07T17:42:56+00:00\",\"dateModified\":\"2025-01-07T18:01:49+00:00\",\"description\":\"La moda y el glamour protagonizan las alfombras rojas de los Oscars, la MET Gala, los Grammys y Cannes este 2025.\",\"breadcrumb\":{\"@id\":\"https:\/\/graziamagazine.com\/mx\/articles\/alfombras-rojas-2025-los-eventos-clave\/#breadcrumb\"},\"inLanguage\":\"es-MX\",\"potentialAction\":[{\"@type\":\"ReadAction\",\"target\":[\"https:\/\/graziamagazine.com\/mx\/articles\/alfombras-rojas-2025-los-eventos-clave\/\"]}]},{\"@type\":\"BreadcrumbList\",\"@id\":\"https:\/\/graziamagazine.com\/mx\/articles\/alfombras-rojas-2025-los-eventos-clave\/#breadcrumb\",\"itemListElement\":[{\"@type\":\"ListItem\",\"position\":1,\"name\":\"Home\",\"item\":\"https:\/\/graziamagazine.com\/mx\/\"},{\"@type\":\"ListItem\",\"position\":2,\"name\":\"Alfombras Rojas 2025: Los Eventos Clave\"}]},{\"@type\":\"WebSite\",\"@id\":\"https:\/\/graziamagazine.com\/mx\/#website\",\"url\":\"https:\/\/graziamagazine.com\/mx\/\",\"name\":\"Grazia M\u00e9xico y Latinoam\u00e9rica\",\"description\":\"Grazia es moda, belleza y noticias  de actualidad \",\"potentialAction\":[{\"@type\":\"SearchAction\",\"target\":{\"@type\":\"EntryPoint\",\"urlTemplate\":\"https:\/\/graziamagazine.com\/mx\/?s={search_term_string}\"},\"query-input\":\"required name=search_term_string\"}],\"inLanguage\":\"es-MX\"}]}<\/script>\n<!-- \/ Yoast SEO Premium plugin. -->","yoast_head_json":{"title":"Alfombras Rojas 2025: Los Eventos Clave","description":"La moda y el glamour protagonizan las alfombras rojas de los Oscars, la MET Gala, los Grammys y Cannes este 2025.","robots":{"index":"index","follow":"follow","max-snippet":"max-snippet:-1","max-image-preview":"max-image-preview:large","max-video-preview":"max-video-preview:-1"},"canonical":"https:\/\/graziamagazine.com\/mx\/articles\/alfombras-rojas-2025-los-eventos-clave\/","og_locale":"es_MX","og_type":"article","og_title":"Alfombras Rojas 2025: Los Eventos Clave","og_description":"La moda y el glamour protagonizan las alfombras rojas de los Oscars, la MET Gala, los Grammys y Cannes este 2025.","og_url":"https:\/\/graziamagazine.com\/mx\/articles\/alfombras-rojas-2025-los-eventos-clave\/","og_site_name":"Grazia M\u00e9xico y Latinoam\u00e9rica","article_modified_time":"2025-01-07T18:01:49+00:00","og_image":[{"width":1200,"height":860,"url":"https:\/\/graziamagazine.com\/mx\/wp-content\/uploads\/sites\/13\/2025\/01\/ca-times.brightspotcdn.jpg","type":"image\/jpeg"}],"twitter_card":"summary_large_image","twitter_misc":{"Est. reading time":"3 minutos"},"schema":{"@context":"https:\/\/schema.org","@graph":[{"@type":"WebPage","@id":"https:\/\/graziamagazine.com\/mx\/articles\/alfombras-rojas-2025-los-eventos-clave\/","url":"https:\/\/graziamagazine.com\/mx\/articles\/alfombras-rojas-2025-los-eventos-clave\/","name":"Alfombras Rojas 2025: Los Eventos Clave","isPartOf":{"@id":"https:\/\/graziamagazine.com\/mx\/#website"},"datePublished":"2025-01-07T17:42:56+00:00","dateModified":"2025-01-07T18:01:49+00:00","description":"La moda y el glamour protagonizan las alfombras rojas de los Oscars, la MET Gala, los Grammys y Cannes este 2025.","breadcrumb":{"@id":"https:\/\/graziamagazine.com\/mx\/articles\/alfombras-rojas-2025-los-eventos-clave\/#breadcrumb"},"inLanguage":"es-MX","potentialAction":[{"@type":"ReadAction","target":["https:\/\/graziamagazine.com\/mx\/articles\/alfombras-rojas-2025-los-eventos-clave\/"]}]},{"@type":"BreadcrumbList","@id":"https:\/\/graziamagazine.com\/mx\/articles\/alfombras-rojas-2025-los-eventos-clave\/#breadcrumb","itemListElement":[{"@type":"ListItem","position":1,"name":"Home","item":"https:\/\/graziamagazine.com\/mx\/"},{"@type":"ListItem","position":2,"name":"Alfombras Rojas 2025: Los Eventos Clave"}]},{"@type":"WebSite","@id":"https:\/\/graziamagazine.com\/mx\/#website","url":"https:\/\/graziamagazine.com\/mx\/","name":"Grazia M\u00e9xico y Latinoam\u00e9rica","description":"Grazia es moda, belleza y noticias  de actualidad ","potentialAction":[{"@type":"SearchAction","target":{"@type":"EntryPoint","urlTemplate":"https:\/\/graziamagazine.com\/mx\/?s={search_term_string}"},"query-input":"required name=search_term_string"}],"inLanguage":"es-MX"}]}},"jetpack_sharing_enabled":true,"distributor_meta":false,"distributor_terms":false,"distributor_media":false,"distributor_original_site_name":"Grazia M\u00e9xico y Latinoam\u00e9rica","distributor_original_site_url":"https:\/\/graziamagazine.com\/mx","push-errors":false,"_links":{"self":[{"href":"https:\/\/graziamagazine.com\/mx\/wp-json\/wp\/v2\/articles\/145425"}],"collection":[{"href":"https:\/\/graziamagazine.com\/mx\/wp-json\/wp\/v2\/articles"}],"about":[{"href":"https:\/\/graziamagazine.com\/mx\/wp-json\/wp\/v2\/types\/articles"}],"author":[{"embeddable":true,"href":"https:\/\/graziamagazine.com\/mx\/wp-json\/wp\/v2\/users\/28953"}],"wp:featuredmedia":[{"embeddable":true,"href":"https:\/\/graziamagazine.com\/mx\/wp-json\/wp\/v2\/media\/145429"}],"wp:attachment":[{"href":"https:\/\/graziamagazine.com\/mx\/wp-json\/wp\/v2\/media?parent=145425"}],"wp:term":[{"taxonomy":"category","embeddable":true,"href":"https:\/\/graziamagazine.com\/mx\/wp-json\/wp\/v2\/categories?post=145425"}],"curies":[{"name":"wp","href":"https:\/\/api.w.org\/{rel}","templated":true}]}}