{"id":145414,"date":"2025-01-07T10:30:00","date_gmt":"2025-01-07T15:30:00","guid":{"rendered":"https:\/\/graziamagazine.com\/mx\/?post_type=articles&#038;p=145414"},"modified":"2025-01-07T10:30:00","modified_gmt":"2025-01-07T15:30:00","slug":"la-nueva-obsesion-beauty-de-tik-tok-es-de-zara","status":"publish","type":"articles","link":"https:\/\/graziamagazine.com\/mx\/articles\/la-nueva-obsesion-beauty-de-tik-tok-es-de-zara\/","title":{"rendered":"La nueva obsesi\u00f3n beauty de Tik Tok es de Zara"},"content":{"rendered":"<p>Si hay un lugar que nos hace caer rendidas a todas las novedades y estar pendientes de ellas, ese es Zara. El buque insignia de Inditex no hace m\u00e1s que generarnos necesidades pr\u00e1cticamente cada semana, y si a eso sumamos lo que consigue las Redes Sociales para hacernos adictas a cuentas, tendencias y productos, mal vamos.<\/p>\n<p>O bien, depende de por d\u00f3nde se mire. Seguro que este a\u00f1o que ya termin\u00f3 te diste cuenta que las pecas estaban m\u00e1s presentes que nunca en los maquillajes, tanto de <em>celebrities<\/em> como en el s<em>treetstyle<\/em> y las Redes, sobre todo en Tik Tok. Pues bien, en Zara hay un l\u00e1piz que lo tienen todo, bueno, bonito y barato y capaz de crear esas peque\u00f1as pecas en los lugares que desees.<\/p>\n<blockquote class=\"tiktok-embed\" cite=\"https:\/\/www.tiktok.com\/@alenavbass\/video\/7430118645113670945\" data-video-id=\"7430118645113670945\" data-embed-from=\"oembed\" style=\"max-width:605px; min-width:325px;\">\n<section> <a href=\"https:\/\/www.tiktok.com\/@alenavbass?refer=embed\"target=\"_blank\" title=\"@alenavbass\"  target=\"_blank\">@alenavbass<\/a> <\/p>\n<p>Pecas <a href=\"https:\/\/www.tiktok.com\/tag\/foryou?refer=embed\"title=\"foryou\" target=\"_blank\"  target=\"_blank\">#foryou<\/a> <a href=\"https:\/\/www.tiktok.com\/tag\/foryoupage?refer=embed\"title=\"foryoupage\" target=\"_blank\"  target=\"_blank\">#foryoupage<\/a> <\/p>\n<p> <a href=\"https:\/\/www.tiktok.com\/music\/sonido-original-7430118649741642528?refer=embed\"target=\"_blank\" title=\"\u266c sonido original - Alejandra Navarro Ba\"  target=\"_blank\">\u266c sonido original &#8211; Alejandra Navarro Ba<\/a> <\/section>\n<\/blockquote>\n<p> <script async src=\"https:\/\/www.tiktok.com\/embed.js\"><\/script><\/p>\n<p>&nbsp;<\/p>\n<div>\n<div class=\"html-body\">\n<p>Similar a un eyeliner, Zara lo define as\u00ed: \u00abConsigue un look veraniego ba\u00f1ado por el sol con este tinte natural a\u00f1adiendo pecas falsas a tu rostro. Podr\u00e1s tener pecas en tu piel gracias a este producto y su aplicador con punta de fieltro para puntear las pecas f\u00e1cilmente.\u00bb<\/p>\n<p><img loading=\"lazy\" decoding=\"async\" class=\"aligncenter size-full wp-image-181569\" src=\"https:\/\/graziamagazine.com\/es\/wp-content\/uploads\/sites\/12\/2025\/01\/24390211784-e1.jpg\" alt=\"\" width=\"850\" height=\"1275\" \/><\/p>\n<\/div>\n<p>No solo ha triunfado por el precio, como pr\u00e1cticamente todo lo que suele hacer Zara, tambi\u00e9n porque es s\u00faper f\u00e1cil de usar. Solo tienes que puntear las pecas sutilmente en nariz y p\u00f3mulos y a continuaci\u00f3n presionar suavemente con una esponja de maquillaje o los dedos, para difuminarlas y as\u00ed conseguir un look m\u00e1s natural.<\/p>\n<div>\n<p><a href=\"https:\/\/www.zara.com\/es\/es\/zara-freckle-pen---lapiz-para-pintar-pecas-p24390211.html\" target=\"_blank\" rel=\"noopener\" target=\"_blank\">Su precio en la web de Zara es de 10,95 euros.\u00a0<\/a><\/p>\n<p><em>*Im\u00e1genes: cortes\u00eda<\/em><\/p>\n<\/div>\n<\/div>\n","protected":false},"author":11653,"featured_media":145415,"template":"","format":"standard","categories":[3],"acf":[],"yoast_head":"<!-- This site is optimized with the Yoast SEO Premium plugin v18.5 (Yoast SEO v20.4) - https:\/\/yoast.com\/wordpress\/plugins\/seo\/ -->\n<title>La nueva obsesi\u00f3n beauty de Tik Tok es de Zara<\/title>\n<meta name=\"description\" content=\"Este nuevo l\u00e1piz para pecas es el producto de belleza con el que no solo se consigue un efecto buena cara, tambi\u00e9n un look natural.\" \/>\n<meta name=\"robots\" content=\"index, follow, max-snippet:-1, max-image-preview:large, max-video-preview:-1\" \/>\n<link rel=\"canonical\" href=\"https:\/\/graziamagazine.com\/mx\/articles\/la-nueva-obsesion-beauty-de-tik-tok-es-de-zara\/\" \/>\n<meta property=\"og:locale\" content=\"es_MX\" \/>\n<meta property=\"og:type\" content=\"article\" \/>\n<meta property=\"og:title\" content=\"La nueva obsesi\u00f3n beauty de Tik Tok es de Zara\" \/>\n<meta property=\"og:description\" content=\"Este nuevo l\u00e1piz para pecas es el producto de belleza con el que no solo se consigue un efecto buena cara, tambi\u00e9n un look natural.\" \/>\n<meta property=\"og:url\" content=\"https:\/\/graziamagazine.com\/mx\/articles\/la-nueva-obsesion-beauty-de-tik-tok-es-de-zara\/\" \/>\n<meta property=\"og:site_name\" content=\"Grazia M\u00e9xico y Latinoam\u00e9rica\" \/>\n<meta property=\"og:image\" content=\"https:\/\/graziamagazine.com\/mx\/wp-content\/uploads\/sites\/13\/2025\/01\/24390211784-a2-e1736105842511.jpg\" \/>\n\t<meta property=\"og:image:width\" content=\"833\" \/>\n\t<meta property=\"og:image:height\" content=\"964\" \/>\n\t<meta property=\"og:image:type\" content=\"image\/jpeg\" \/>\n<meta name=\"twitter:card\" content=\"summary_large_image\" \/>\n<meta name=\"twitter:label1\" content=\"Est. reading time\" \/>\n\t<meta name=\"twitter:data1\" content=\"2 minutos\" \/>\n<script type=\"application\/ld+json\" class=\"yoast-schema-graph\">{\"@context\":\"https:\/\/schema.org\",\"@graph\":[{\"@type\":\"WebPage\",\"@id\":\"https:\/\/graziamagazine.com\/mx\/articles\/la-nueva-obsesion-beauty-de-tik-tok-es-de-zara\/\",\"url\":\"https:\/\/graziamagazine.com\/mx\/articles\/la-nueva-obsesion-beauty-de-tik-tok-es-de-zara\/\",\"name\":\"La nueva obsesi\u00f3n beauty de Tik Tok es de Zara\",\"isPartOf\":{\"@id\":\"https:\/\/graziamagazine.com\/mx\/#website\"},\"datePublished\":\"2025-01-07T15:30:00+00:00\",\"dateModified\":\"2025-01-07T15:30:00+00:00\",\"description\":\"Este nuevo l\u00e1piz para pecas es el producto de belleza con el que no solo se consigue un efecto buena cara, tambi\u00e9n un look natural.\",\"breadcrumb\":{\"@id\":\"https:\/\/graziamagazine.com\/mx\/articles\/la-nueva-obsesion-beauty-de-tik-tok-es-de-zara\/#breadcrumb\"},\"inLanguage\":\"es-MX\",\"potentialAction\":[{\"@type\":\"ReadAction\",\"target\":[\"https:\/\/graziamagazine.com\/mx\/articles\/la-nueva-obsesion-beauty-de-tik-tok-es-de-zara\/\"]}]},{\"@type\":\"BreadcrumbList\",\"@id\":\"https:\/\/graziamagazine.com\/mx\/articles\/la-nueva-obsesion-beauty-de-tik-tok-es-de-zara\/#breadcrumb\",\"itemListElement\":[{\"@type\":\"ListItem\",\"position\":1,\"name\":\"Home\",\"item\":\"https:\/\/graziamagazine.com\/mx\/\"},{\"@type\":\"ListItem\",\"position\":2,\"name\":\"La nueva obsesi\u00f3n beauty de Tik Tok es de Zara\"}]},{\"@type\":\"WebSite\",\"@id\":\"https:\/\/graziamagazine.com\/mx\/#website\",\"url\":\"https:\/\/graziamagazine.com\/mx\/\",\"name\":\"Grazia M\u00e9xico y Latinoam\u00e9rica\",\"description\":\"Grazia es moda, belleza y noticias  de actualidad \",\"potentialAction\":[{\"@type\":\"SearchAction\",\"target\":{\"@type\":\"EntryPoint\",\"urlTemplate\":\"https:\/\/graziamagazine.com\/mx\/?s={search_term_string}\"},\"query-input\":\"required name=search_term_string\"}],\"inLanguage\":\"es-MX\"}]}<\/script>\n<!-- \/ Yoast SEO Premium plugin. -->","yoast_head_json":{"title":"La nueva obsesi\u00f3n beauty de Tik Tok es de Zara","description":"Este nuevo l\u00e1piz para pecas es el producto de belleza con el que no solo se consigue un efecto buena cara, tambi\u00e9n un look natural.","robots":{"index":"index","follow":"follow","max-snippet":"max-snippet:-1","max-image-preview":"max-image-preview:large","max-video-preview":"max-video-preview:-1"},"canonical":"https:\/\/graziamagazine.com\/mx\/articles\/la-nueva-obsesion-beauty-de-tik-tok-es-de-zara\/","og_locale":"es_MX","og_type":"article","og_title":"La nueva obsesi\u00f3n beauty de Tik Tok es de Zara","og_description":"Este nuevo l\u00e1piz para pecas es el producto de belleza con el que no solo se consigue un efecto buena cara, tambi\u00e9n un look natural.","og_url":"https:\/\/graziamagazine.com\/mx\/articles\/la-nueva-obsesion-beauty-de-tik-tok-es-de-zara\/","og_site_name":"Grazia M\u00e9xico y Latinoam\u00e9rica","og_image":[{"width":833,"height":964,"url":"https:\/\/graziamagazine.com\/mx\/wp-content\/uploads\/sites\/13\/2025\/01\/24390211784-a2-e1736105842511.jpg","type":"image\/jpeg"}],"twitter_card":"summary_large_image","twitter_misc":{"Est. reading time":"2 minutos"},"schema":{"@context":"https:\/\/schema.org","@graph":[{"@type":"WebPage","@id":"https:\/\/graziamagazine.com\/mx\/articles\/la-nueva-obsesion-beauty-de-tik-tok-es-de-zara\/","url":"https:\/\/graziamagazine.com\/mx\/articles\/la-nueva-obsesion-beauty-de-tik-tok-es-de-zara\/","name":"La nueva obsesi\u00f3n beauty de Tik Tok es de Zara","isPartOf":{"@id":"https:\/\/graziamagazine.com\/mx\/#website"},"datePublished":"2025-01-07T15:30:00+00:00","dateModified":"2025-01-07T15:30:00+00:00","description":"Este nuevo l\u00e1piz para pecas es el producto de belleza con el que no solo se consigue un efecto buena cara, tambi\u00e9n un look natural.","breadcrumb":{"@id":"https:\/\/graziamagazine.com\/mx\/articles\/la-nueva-obsesion-beauty-de-tik-tok-es-de-zara\/#breadcrumb"},"inLanguage":"es-MX","potentialAction":[{"@type":"ReadAction","target":["https:\/\/graziamagazine.com\/mx\/articles\/la-nueva-obsesion-beauty-de-tik-tok-es-de-zara\/"]}]},{"@type":"BreadcrumbList","@id":"https:\/\/graziamagazine.com\/mx\/articles\/la-nueva-obsesion-beauty-de-tik-tok-es-de-zara\/#breadcrumb","itemListElement":[{"@type":"ListItem","position":1,"name":"Home","item":"https:\/\/graziamagazine.com\/mx\/"},{"@type":"ListItem","position":2,"name":"La nueva obsesi\u00f3n beauty de Tik Tok es de Zara"}]},{"@type":"WebSite","@id":"https:\/\/graziamagazine.com\/mx\/#website","url":"https:\/\/graziamagazine.com\/mx\/","name":"Grazia M\u00e9xico y Latinoam\u00e9rica","description":"Grazia es moda, belleza y noticias  de actualidad ","potentialAction":[{"@type":"SearchAction","target":{"@type":"EntryPoint","urlTemplate":"https:\/\/graziamagazine.com\/mx\/?s={search_term_string}"},"query-input":"required name=search_term_string"}],"inLanguage":"es-MX"}]}},"jetpack_sharing_enabled":true,"distributor_meta":false,"distributor_terms":false,"distributor_media":false,"distributor_original_site_name":"Grazia M\u00e9xico y Latinoam\u00e9rica","distributor_original_site_url":"https:\/\/graziamagazine.com\/mx","push-errors":false,"_links":{"self":[{"href":"https:\/\/graziamagazine.com\/mx\/wp-json\/wp\/v2\/articles\/145414"}],"collection":[{"href":"https:\/\/graziamagazine.com\/mx\/wp-json\/wp\/v2\/articles"}],"about":[{"href":"https:\/\/graziamagazine.com\/mx\/wp-json\/wp\/v2\/types\/articles"}],"author":[{"embeddable":true,"href":"https:\/\/graziamagazine.com\/mx\/wp-json\/wp\/v2\/users\/11653"}],"wp:featuredmedia":[{"embeddable":true,"href":"https:\/\/graziamagazine.com\/mx\/wp-json\/wp\/v2\/media\/145415"}],"wp:attachment":[{"href":"https:\/\/graziamagazine.com\/mx\/wp-json\/wp\/v2\/media?parent=145414"}],"wp:term":[{"taxonomy":"category","embeddable":true,"href":"https:\/\/graziamagazine.com\/mx\/wp-json\/wp\/v2\/categories?post=145414"}],"curies":[{"name":"wp","href":"https:\/\/api.w.org\/{rel}","templated":true}]}}