{"id":145382,"date":"2025-01-06T10:55:10","date_gmt":"2025-01-06T15:55:10","guid":{"rendered":"https:\/\/graziamagazine.com\/mx\/?post_type=articles&#038;p=145382"},"modified":"2025-01-06T11:00:38","modified_gmt":"2025-01-06T16:00:38","slug":"emilia-perez-la-pelicula-que-arrasa-en-premios","status":"publish","type":"articles","link":"https:\/\/graziamagazine.com\/mx\/articles\/emilia-perez-la-pelicula-que-arrasa-en-premios\/","title":{"rendered":"Emilia P\u00e9rez: La pel\u00edcula que arrasa en premios"},"content":{"rendered":"<p>&#8220;Emilia P\u00e9rez&#8221;, la pel\u00edcula dirigida por Jacques Audiard, ha captado la atenci\u00f3n de la cr\u00edtica y del p\u00fablico desde su estreno, y con su reciente triunfo en los Globos de Oro, se ha consolidado como uno de los mayores \u00e9xitos del cine contempor\u00e1neo.<\/p>\n<p>La cinta, que explora la vida de un jefe del narcotr\u00e1fico mexicano que hace su transici\u00f3n de g\u00e9nero, no solo ha desafiado convenciones, sino que ha sido aplaudida por su originalidad, su profundidad y el talento de su elenco.<\/p>\n<h3>El Impacto de Karla Sof\u00eda Gasc\u00f3n\u00a0<img loading=\"lazy\" decoding=\"async\" class=\"alignnone size-large wp-image-145389\" src=\"https:\/\/graziamagazine.com\/mx\/wp-content\/uploads\/sites\/13\/2025\/01\/karla-sof-c3-ada-gasc-c3-b3n-wins-best-motion-picture-musical-or-news-photo-1736137505.jpg\" alt=\"\" width=\"684\" height=\"683\" srcset=\"https:\/\/graziamagazine.com\/mx\/wp-content\/uploads\/sites\/13\/2025\/01\/karla-sof-c3-ada-gasc-c3-b3n-wins-best-motion-picture-musical-or-news-photo-1736137505.jpg 684w, https:\/\/graziamagazine.com\/mx\/wp-content\/uploads\/sites\/13\/2025\/01\/karla-sof-c3-ada-gasc-c3-b3n-wins-best-motion-picture-musical-or-news-photo-1736137505-450x450.jpg 450w, https:\/\/graziamagazine.com\/mx\/wp-content\/uploads\/sites\/13\/2025\/01\/karla-sof-c3-ada-gasc-c3-b3n-wins-best-motion-picture-musical-or-news-photo-1736137505-150x150.jpg 150w, https:\/\/graziamagazine.com\/mx\/wp-content\/uploads\/sites\/13\/2025\/01\/karla-sof-c3-ada-gasc-c3-b3n-wins-best-motion-picture-musical-or-news-photo-1736137505-400x399.jpg 400w, https:\/\/graziamagazine.com\/mx\/wp-content\/uploads\/sites\/13\/2025\/01\/karla-sof-c3-ada-gasc-c3-b3n-wins-best-motion-picture-musical-or-news-photo-1736137505-155x155.jpg 155w\" sizes=\"(max-width: 684px) 100vw, 684px\" \/><\/h3>\n<p>La actriz Karla Sof\u00eda Gasc\u00f3n, conocida por su poderosa interpretaci\u00f3n de Emilia P\u00e9rez, fue una de las grandes protagonistas de la noche. Con su participaci\u00f3n en la pel\u00edcula, Gasc\u00f3n se posicion\u00f3 como una de las artistas m\u00e1s representativas de la comunidad LGBTQ+ en el cine, desafiando estereotipos y rompiendo barreras.<\/p>\n<p>A pesar de no haber ganado el Globo de Oro como Mejor Actriz, su papel marc\u00f3 un hito en la historia, pues se convirti\u00f3 en la primera actriz trans nominada en esta categor\u00eda.<\/p>\n<p>En la ceremonia, Gasc\u00f3n luci\u00f3 un elegante vestido negro con detalles plateados, resaltando su presencia \u00fanica y sofisticada. Su look minimalista, pero impactante, reflej\u00f3 a la perfecci\u00f3n el car\u00e1cter complejo y audaz de su personaje, quien atraviesa una transformaci\u00f3n profunda. La actriz, aunque no obtuvo el premio, recibi\u00f3 una ovaci\u00f3n de pie que celebr\u00f3 su contribuci\u00f3n al cine y a la visibilidad de las personas trans.<\/p>\n<h3>Zoe Salda\u00f1a: El brillo de la actriz de reparto<\/h3>\n<figure id=\"attachment_145385\" aria-describedby=\"caption-attachment-145385\" style=\"width: 1024px\" class=\"wp-caption alignnone\"><img loading=\"lazy\" decoding=\"async\" class=\"size-large wp-image-145385\" src=\"https:\/\/graziamagazine.com\/mx\/wp-content\/uploads\/sites\/13\/2025\/01\/image004-1-1024x731.jpg\" alt=\"Emilia P\u00e9rez: La pel\u00edcula que arrasa en premios\" width=\"1024\" height=\"731\" srcset=\"https:\/\/graziamagazine.com\/mx\/wp-content\/uploads\/sites\/13\/2025\/01\/image004-1-1024x731.jpg 1024w, https:\/\/graziamagazine.com\/mx\/wp-content\/uploads\/sites\/13\/2025\/01\/image004-1-450x321.jpg 450w, https:\/\/graziamagazine.com\/mx\/wp-content\/uploads\/sites\/13\/2025\/01\/image004-1-768x549.jpg 768w, https:\/\/graziamagazine.com\/mx\/wp-content\/uploads\/sites\/13\/2025\/01\/image004-1-1536x1097.jpg 1536w, https:\/\/graziamagazine.com\/mx\/wp-content\/uploads\/sites\/13\/2025\/01\/image004-1-2048x1463.jpg 2048w, https:\/\/graziamagazine.com\/mx\/wp-content\/uploads\/sites\/13\/2025\/01\/image004-1-400x286.jpg 400w, https:\/\/graziamagazine.com\/mx\/wp-content\/uploads\/sites\/13\/2025\/01\/image004-1-155x111.jpg 155w\" sizes=\"(max-width: 1024px) 100vw, 1024px\" \/><figcaption id=\"caption-attachment-145385\" class=\"wp-caption-text\">Emilia P\u00e9rez: La pel\u00edcula que arrasa en premios<\/figcaption><\/figure>\n<p>Zoe Salda\u00f1a, quien tambi\u00e9n fue parte esencial del elenco de &#8220;Emilia P\u00e9rez&#8221;, se llev\u00f3 el Globo de Oro a Mejor Actriz de Reparto por su interpretaci\u00f3n en esta pel\u00edcula.<\/p>\n<p>Su look en la alfombra roja fue uno de los m\u00e1s comentados: un vestido met\u00e1lico de corte cl\u00e1sico que combinaba modernidad con elegancia. Salda\u00f1a no solo deslumbr\u00f3 con su estilo, sino que su actuaci\u00f3n aport\u00f3 una dimensi\u00f3n adicional a la trama, logrando captar la atenci\u00f3n de los cr\u00edticos y el p\u00fablico.<\/p>\n<h3>Premios Globales: Un Reconocimiento a la Diversidad<\/h3>\n<figure id=\"attachment_145386\" aria-describedby=\"caption-attachment-145386\" style=\"width: 1024px\" class=\"wp-caption alignnone\"><img loading=\"lazy\" decoding=\"async\" class=\"size-large wp-image-145386\" src=\"https:\/\/graziamagazine.com\/mx\/wp-content\/uploads\/sites\/13\/2025\/01\/image005-1024x683.jpg\" alt=\"Emilia P\u00e9rez: La pel\u00edcula que arrasa en premios\" width=\"1024\" height=\"683\" srcset=\"https:\/\/graziamagazine.com\/mx\/wp-content\/uploads\/sites\/13\/2025\/01\/image005-1024x683.jpg 1024w, https:\/\/graziamagazine.com\/mx\/wp-content\/uploads\/sites\/13\/2025\/01\/image005-450x300.jpg 450w, https:\/\/graziamagazine.com\/mx\/wp-content\/uploads\/sites\/13\/2025\/01\/image005-768x512.jpg 768w, https:\/\/graziamagazine.com\/mx\/wp-content\/uploads\/sites\/13\/2025\/01\/image005-1536x1024.jpg 1536w, https:\/\/graziamagazine.com\/mx\/wp-content\/uploads\/sites\/13\/2025\/01\/image005-2048x1365.jpg 2048w, https:\/\/graziamagazine.com\/mx\/wp-content\/uploads\/sites\/13\/2025\/01\/image005-400x267.jpg 400w, https:\/\/graziamagazine.com\/mx\/wp-content\/uploads\/sites\/13\/2025\/01\/image005-155x103.jpg 155w\" sizes=\"(max-width: 1024px) 100vw, 1024px\" \/><figcaption id=\"caption-attachment-145386\" class=\"wp-caption-text\">Emilia P\u00e9rez: La pel\u00edcula que arrasa en premios<\/figcaption><\/figure>\n<p>&#8220;Emilia P\u00e9rez&#8221; arras\u00f3 con cuatro Globos de Oro, incluidas categor\u00edas de gran prestigio como Mejor Pel\u00edcula Musical o de Comedia, Mejor Canci\u00f3n Original por \u201cMi Camino\u201d y Mejor Pel\u00edcula en Lengua Extranjera.<\/p>\n<p>Esta serie de victorias no solo celebra la excelencia art\u00edstica, sino tambi\u00e9n la diversidad y la inclusi\u00f3n que la pel\u00edcula representa, demostrando que el cine tiene el poder de trascender fronteras y conectar con una audiencia global.<\/p>\n<p>La historia de &#8220;Emilia P\u00e9rez&#8221; ha tocado corazones, desafiado normas y dejado claro que la industria del cine est\u00e1 lista para nuevos relatos, aquellos que celebran la transformaci\u00f3n y la identidad. Cada premio recibido es un reflejo del trabajo excepcional de todo su equipo y una invitaci\u00f3n para seguir explorando historias aut\u00e9nticas y audaces.<\/p>\n<p><em><strong>*IMAGEN: Google Images<\/strong><\/em><\/p>\n","protected":false},"author":28953,"featured_media":145387,"template":"","format":"standard","categories":[114],"acf":[],"yoast_head":"<!-- This site is optimized with the Yoast SEO Premium plugin v18.5 (Yoast SEO v20.4) - https:\/\/yoast.com\/wordpress\/plugins\/seo\/ -->\n<title>Emilia P\u00e9rez: La pel\u00edcula que arrasa en premios<\/title>\n<meta name=\"description\" content=\"Descubre el fen\u00f3meno detr\u00e1s de \u201cEmilia P\u00e9rez\u201d y qu\u00e9 la convierte en la favorita de la temporada.\" \/>\n<meta name=\"robots\" content=\"index, follow, max-snippet:-1, max-image-preview:large, max-video-preview:-1\" \/>\n<link rel=\"canonical\" href=\"https:\/\/graziamagazine.com\/mx\/articles\/emilia-perez-la-pelicula-que-arrasa-en-premios\/\" \/>\n<meta property=\"og:locale\" content=\"es_MX\" \/>\n<meta property=\"og:type\" content=\"article\" \/>\n<meta property=\"og:title\" content=\"Emilia P\u00e9rez: La pel\u00edcula que arrasa en premios\" \/>\n<meta property=\"og:description\" content=\"Descubre el fen\u00f3meno detr\u00e1s de \u201cEmilia P\u00e9rez\u201d y qu\u00e9 la convierte en la favorita de la temporada.\" \/>\n<meta property=\"og:url\" content=\"https:\/\/graziamagazine.com\/mx\/articles\/emilia-perez-la-pelicula-que-arrasa-en-premios\/\" \/>\n<meta property=\"og:site_name\" content=\"Grazia M\u00e9xico y Latinoam\u00e9rica\" \/>\n<meta property=\"article:modified_time\" content=\"2025-01-06T16:00:38+00:00\" \/>\n<meta property=\"og:image\" content=\"https:\/\/graziamagazine.com\/mx\/wp-content\/uploads\/sites\/13\/2025\/01\/image006-2.png\" \/>\n\t<meta property=\"og:image:width\" content=\"940\" \/>\n\t<meta property=\"og:image:height\" content=\"622\" \/>\n\t<meta property=\"og:image:type\" content=\"image\/png\" \/>\n<meta name=\"twitter:card\" content=\"summary_large_image\" \/>\n<meta name=\"twitter:label1\" content=\"Est. reading time\" \/>\n\t<meta name=\"twitter:data1\" content=\"3 minutos\" \/>\n<script type=\"application\/ld+json\" class=\"yoast-schema-graph\">{\"@context\":\"https:\/\/schema.org\",\"@graph\":[{\"@type\":\"WebPage\",\"@id\":\"https:\/\/graziamagazine.com\/mx\/articles\/emilia-perez-la-pelicula-que-arrasa-en-premios\/\",\"url\":\"https:\/\/graziamagazine.com\/mx\/articles\/emilia-perez-la-pelicula-que-arrasa-en-premios\/\",\"name\":\"Emilia P\u00e9rez: La pel\u00edcula que arrasa en premios\",\"isPartOf\":{\"@id\":\"https:\/\/graziamagazine.com\/mx\/#website\"},\"datePublished\":\"2025-01-06T15:55:10+00:00\",\"dateModified\":\"2025-01-06T16:00:38+00:00\",\"description\":\"Descubre el fen\u00f3meno detr\u00e1s de \u201cEmilia P\u00e9rez\u201d y qu\u00e9 la convierte en la favorita de la temporada.\",\"breadcrumb\":{\"@id\":\"https:\/\/graziamagazine.com\/mx\/articles\/emilia-perez-la-pelicula-que-arrasa-en-premios\/#breadcrumb\"},\"inLanguage\":\"es-MX\",\"potentialAction\":[{\"@type\":\"ReadAction\",\"target\":[\"https:\/\/graziamagazine.com\/mx\/articles\/emilia-perez-la-pelicula-que-arrasa-en-premios\/\"]}]},{\"@type\":\"BreadcrumbList\",\"@id\":\"https:\/\/graziamagazine.com\/mx\/articles\/emilia-perez-la-pelicula-que-arrasa-en-premios\/#breadcrumb\",\"itemListElement\":[{\"@type\":\"ListItem\",\"position\":1,\"name\":\"Home\",\"item\":\"https:\/\/graziamagazine.com\/mx\/\"},{\"@type\":\"ListItem\",\"position\":2,\"name\":\"Emilia P\u00e9rez: La pel\u00edcula que arrasa en premios\"}]},{\"@type\":\"WebSite\",\"@id\":\"https:\/\/graziamagazine.com\/mx\/#website\",\"url\":\"https:\/\/graziamagazine.com\/mx\/\",\"name\":\"Grazia M\u00e9xico y Latinoam\u00e9rica\",\"description\":\"Grazia es moda, belleza y noticias  de actualidad \",\"potentialAction\":[{\"@type\":\"SearchAction\",\"target\":{\"@type\":\"EntryPoint\",\"urlTemplate\":\"https:\/\/graziamagazine.com\/mx\/?s={search_term_string}\"},\"query-input\":\"required name=search_term_string\"}],\"inLanguage\":\"es-MX\"}]}<\/script>\n<!-- \/ Yoast SEO Premium plugin. -->","yoast_head_json":{"title":"Emilia P\u00e9rez: La pel\u00edcula que arrasa en premios","description":"Descubre el fen\u00f3meno detr\u00e1s de \u201cEmilia P\u00e9rez\u201d y qu\u00e9 la convierte en la favorita de la temporada.","robots":{"index":"index","follow":"follow","max-snippet":"max-snippet:-1","max-image-preview":"max-image-preview:large","max-video-preview":"max-video-preview:-1"},"canonical":"https:\/\/graziamagazine.com\/mx\/articles\/emilia-perez-la-pelicula-que-arrasa-en-premios\/","og_locale":"es_MX","og_type":"article","og_title":"Emilia P\u00e9rez: La pel\u00edcula que arrasa en premios","og_description":"Descubre el fen\u00f3meno detr\u00e1s de \u201cEmilia P\u00e9rez\u201d y qu\u00e9 la convierte en la favorita de la temporada.","og_url":"https:\/\/graziamagazine.com\/mx\/articles\/emilia-perez-la-pelicula-que-arrasa-en-premios\/","og_site_name":"Grazia M\u00e9xico y Latinoam\u00e9rica","article_modified_time":"2025-01-06T16:00:38+00:00","og_image":[{"width":940,"height":622,"url":"https:\/\/graziamagazine.com\/mx\/wp-content\/uploads\/sites\/13\/2025\/01\/image006-2.png","type":"image\/png"}],"twitter_card":"summary_large_image","twitter_misc":{"Est. reading time":"3 minutos"},"schema":{"@context":"https:\/\/schema.org","@graph":[{"@type":"WebPage","@id":"https:\/\/graziamagazine.com\/mx\/articles\/emilia-perez-la-pelicula-que-arrasa-en-premios\/","url":"https:\/\/graziamagazine.com\/mx\/articles\/emilia-perez-la-pelicula-que-arrasa-en-premios\/","name":"Emilia P\u00e9rez: La pel\u00edcula que arrasa en premios","isPartOf":{"@id":"https:\/\/graziamagazine.com\/mx\/#website"},"datePublished":"2025-01-06T15:55:10+00:00","dateModified":"2025-01-06T16:00:38+00:00","description":"Descubre el fen\u00f3meno detr\u00e1s de \u201cEmilia P\u00e9rez\u201d y qu\u00e9 la convierte en la favorita de la temporada.","breadcrumb":{"@id":"https:\/\/graziamagazine.com\/mx\/articles\/emilia-perez-la-pelicula-que-arrasa-en-premios\/#breadcrumb"},"inLanguage":"es-MX","potentialAction":[{"@type":"ReadAction","target":["https:\/\/graziamagazine.com\/mx\/articles\/emilia-perez-la-pelicula-que-arrasa-en-premios\/"]}]},{"@type":"BreadcrumbList","@id":"https:\/\/graziamagazine.com\/mx\/articles\/emilia-perez-la-pelicula-que-arrasa-en-premios\/#breadcrumb","itemListElement":[{"@type":"ListItem","position":1,"name":"Home","item":"https:\/\/graziamagazine.com\/mx\/"},{"@type":"ListItem","position":2,"name":"Emilia P\u00e9rez: La pel\u00edcula que arrasa en premios"}]},{"@type":"WebSite","@id":"https:\/\/graziamagazine.com\/mx\/#website","url":"https:\/\/graziamagazine.com\/mx\/","name":"Grazia M\u00e9xico y Latinoam\u00e9rica","description":"Grazia es moda, belleza y noticias  de actualidad ","potentialAction":[{"@type":"SearchAction","target":{"@type":"EntryPoint","urlTemplate":"https:\/\/graziamagazine.com\/mx\/?s={search_term_string}"},"query-input":"required name=search_term_string"}],"inLanguage":"es-MX"}]}},"jetpack_sharing_enabled":true,"distributor_meta":false,"distributor_terms":false,"distributor_media":false,"distributor_original_site_name":"Grazia M\u00e9xico y Latinoam\u00e9rica","distributor_original_site_url":"https:\/\/graziamagazine.com\/mx","push-errors":false,"_links":{"self":[{"href":"https:\/\/graziamagazine.com\/mx\/wp-json\/wp\/v2\/articles\/145382"}],"collection":[{"href":"https:\/\/graziamagazine.com\/mx\/wp-json\/wp\/v2\/articles"}],"about":[{"href":"https:\/\/graziamagazine.com\/mx\/wp-json\/wp\/v2\/types\/articles"}],"author":[{"embeddable":true,"href":"https:\/\/graziamagazine.com\/mx\/wp-json\/wp\/v2\/users\/28953"}],"wp:featuredmedia":[{"embeddable":true,"href":"https:\/\/graziamagazine.com\/mx\/wp-json\/wp\/v2\/media\/145387"}],"wp:attachment":[{"href":"https:\/\/graziamagazine.com\/mx\/wp-json\/wp\/v2\/media?parent=145382"}],"wp:term":[{"taxonomy":"category","embeddable":true,"href":"https:\/\/graziamagazine.com\/mx\/wp-json\/wp\/v2\/categories?post=145382"}],"curies":[{"name":"wp","href":"https:\/\/api.w.org\/{rel}","templated":true}]}}