{"id":145063,"date":"2024-12-23T16:16:23","date_gmt":"2024-12-23T21:16:23","guid":{"rendered":"https:\/\/graziamagazine.com\/mx\/?post_type=articles&#038;p=145063"},"modified":"2024-12-24T07:28:11","modified_gmt":"2024-12-24T12:28:11","slug":"peinados-en-tendencia-2025-textura-y-brillo","status":"publish","type":"articles","link":"https:\/\/graziamagazine.com\/mx\/articles\/peinados-en-tendencia-2025-textura-y-brillo\/","title":{"rendered":"Peinados en Tendencia 2025: Textura y Brillo"},"content":{"rendered":"<p>El 2025 nos trae un renacimiento en el mundo del cabello. Las tendencias apuntan hacia un enfoque t\u00e1ctil, celebrando texturas naturales y acabados brillantes que resaltan en cualquier ocasi\u00f3n.<\/p>\n<p>Este a\u00f1o, queremos que nuestro cabello no solo se vea bien, sino que tambi\u00e9n se sienta incre\u00edble, transmitiendo cuidado y estilo. Desde ondas despeinadas hasta recogidos ultra pulidos, cada look promete robar miradas.<\/p>\n<p>Para alcanzar estas tendencias, es crucial adoptar t\u00e9cnicas de cuidado que respeten la salud del cabello. La estilista Iglesias recomienda el uso de cepillos de cerdas naturales y herramientas de calor con tecnolog\u00eda de protecci\u00f3n.<\/p>\n<figure id=\"attachment_145065\" aria-describedby=\"caption-attachment-145065\" style=\"width: 708px\" class=\"wp-caption alignnone\"><img loading=\"lazy\" decoding=\"async\" class=\"size-large wp-image-145065\" src=\"https:\/\/graziamagazine.com\/mx\/wp-content\/uploads\/sites\/13\/2024\/12\/Captura-de-Pantalla-2024-12-23-a-las-15.30.17-708x1024.png\" alt=\"Peinados en Tendencia 2025: Textura y Brillo\" width=\"708\" height=\"1024\" srcset=\"https:\/\/graziamagazine.com\/mx\/wp-content\/uploads\/sites\/13\/2024\/12\/Captura-de-Pantalla-2024-12-23-a-las-15.30.17-708x1024.png 708w, https:\/\/graziamagazine.com\/mx\/wp-content\/uploads\/sites\/13\/2024\/12\/Captura-de-Pantalla-2024-12-23-a-las-15.30.17-311x450.png 311w, https:\/\/graziamagazine.com\/mx\/wp-content\/uploads\/sites\/13\/2024\/12\/Captura-de-Pantalla-2024-12-23-a-las-15.30.17-768x1111.png 768w, https:\/\/graziamagazine.com\/mx\/wp-content\/uploads\/sites\/13\/2024\/12\/Captura-de-Pantalla-2024-12-23-a-las-15.30.17-400x579.png 400w, https:\/\/graziamagazine.com\/mx\/wp-content\/uploads\/sites\/13\/2024\/12\/Captura-de-Pantalla-2024-12-23-a-las-15.30.17-149x215.png 149w, https:\/\/graziamagazine.com\/mx\/wp-content\/uploads\/sites\/13\/2024\/12\/Captura-de-Pantalla-2024-12-23-a-las-15.30.17.png 1008w\" sizes=\"(max-width: 708px) 100vw, 708px\" \/><figcaption id=\"caption-attachment-145065\" class=\"wp-caption-text\">Peinados en Tendencia 2025: Textura y Brillo<\/figcaption><\/figure>\n<p>Adem\u00e1s, subraya la importancia de los productos contra los rayos UV, especialmente durante la primavera y el verano, cuando el sol puede causar m\u00e1s da\u00f1o. Una rutina capilar constante es la clave para experimentar con diferentes estilos y mantenerlos intactos por m\u00e1s tiempo.<\/p>\n<h3><strong>Inspiraci\u00f3n desde las pasarelas<\/strong><\/h3>\n<p>Las pasarelas del 2025 son una fuente de inspiraci\u00f3n invaluable. Los dise\u00f1adores han marcado el camino con propuestas vers\u00e1tiles que se adaptan tanto a eventos formales como a looks casuales. Estas son las tendencias destacadas:<\/p>\n<figure id=\"attachment_145067\" aria-describedby=\"caption-attachment-145067\" style=\"width: 997px\" class=\"wp-caption alignnone\"><img loading=\"lazy\" decoding=\"async\" class=\"size-large wp-image-145067\" src=\"https:\/\/graziamagazine.com\/mx\/wp-content\/uploads\/sites\/13\/2024\/12\/Captura-de-Pantalla-2024-12-23-a-las-15.30.32-997x1024.png\" alt=\"Peinados en Tendencia 2025: Textura y Brillo\" width=\"997\" height=\"1024\" srcset=\"https:\/\/graziamagazine.com\/mx\/wp-content\/uploads\/sites\/13\/2024\/12\/Captura-de-Pantalla-2024-12-23-a-las-15.30.32-997x1024.png 997w, https:\/\/graziamagazine.com\/mx\/wp-content\/uploads\/sites\/13\/2024\/12\/Captura-de-Pantalla-2024-12-23-a-las-15.30.32-438x450.png 438w, https:\/\/graziamagazine.com\/mx\/wp-content\/uploads\/sites\/13\/2024\/12\/Captura-de-Pantalla-2024-12-23-a-las-15.30.32-768x789.png 768w, https:\/\/graziamagazine.com\/mx\/wp-content\/uploads\/sites\/13\/2024\/12\/Captura-de-Pantalla-2024-12-23-a-las-15.30.32-400x411.png 400w, https:\/\/graziamagazine.com\/mx\/wp-content\/uploads\/sites\/13\/2024\/12\/Captura-de-Pantalla-2024-12-23-a-las-15.30.32-155x159.png 155w, https:\/\/graziamagazine.com\/mx\/wp-content\/uploads\/sites\/13\/2024\/12\/Captura-de-Pantalla-2024-12-23-a-las-15.30.32.png 1496w\" sizes=\"(max-width: 997px) 100vw, 997px\" \/><figcaption id=\"caption-attachment-145067\" class=\"wp-caption-text\">Peinados en Tendencia 2025: Textura y Brillo<\/figcaption><\/figure>\n<p><strong>Chongo Relamido:<\/strong> Ideal para un look sofisticado y minimalista. Este peinado ajustado y brillante es perfecto para eventos elegantes.<\/p>\n<p><strong>Coleta con Chongo:<\/strong> Una fusi\u00f3n moderna y pr\u00e1ctica que a\u00f1ade volumen y textura en la parte posterior.<\/p>\n<p><strong>Ondas Despeinadas:<\/strong> Este estilo bohemio y relajado es perfecto para transmitir frescura y naturalidad en tu d\u00eda a d\u00eda.<\/p>\n<p><strong>Trenzas XL:<\/strong> Largas, imponentes y llenas de personalidad, las trenzas extralargas son un must para el 2025.<\/p>\n<p><strong>Coleta Relamida:<\/strong> Un cl\u00e1sico que no pasa de moda, ideal para quienes buscan una apariencia limpia y estilizada.<\/p>\n<figure id=\"attachment_145068\" aria-describedby=\"caption-attachment-145068\" style=\"width: 738px\" class=\"wp-caption alignnone\"><img loading=\"lazy\" decoding=\"async\" class=\"size-large wp-image-145068\" src=\"https:\/\/graziamagazine.com\/mx\/wp-content\/uploads\/sites\/13\/2024\/12\/Captura-de-Pantalla-2024-12-23-a-las-15.30.38-738x1024.png\" alt=\"Peinados en Tendencia 2025: Textura y Brillo\" width=\"738\" height=\"1024\" srcset=\"https:\/\/graziamagazine.com\/mx\/wp-content\/uploads\/sites\/13\/2024\/12\/Captura-de-Pantalla-2024-12-23-a-las-15.30.38-738x1024.png 738w, https:\/\/graziamagazine.com\/mx\/wp-content\/uploads\/sites\/13\/2024\/12\/Captura-de-Pantalla-2024-12-23-a-las-15.30.38-324x450.png 324w, https:\/\/graziamagazine.com\/mx\/wp-content\/uploads\/sites\/13\/2024\/12\/Captura-de-Pantalla-2024-12-23-a-las-15.30.38-768x1066.png 768w, https:\/\/graziamagazine.com\/mx\/wp-content\/uploads\/sites\/13\/2024\/12\/Captura-de-Pantalla-2024-12-23-a-las-15.30.38-400x555.png 400w, https:\/\/graziamagazine.com\/mx\/wp-content\/uploads\/sites\/13\/2024\/12\/Captura-de-Pantalla-2024-12-23-a-las-15.30.38-155x215.png 155w, https:\/\/graziamagazine.com\/mx\/wp-content\/uploads\/sites\/13\/2024\/12\/Captura-de-Pantalla-2024-12-23-a-las-15.30.38.png 980w\" sizes=\"(max-width: 738px) 100vw, 738px\" \/><figcaption id=\"caption-attachment-145068\" class=\"wp-caption-text\">Peinados en Tendencia 2025: Textura y Brillo<\/figcaption><\/figure>\n<h3><strong>Consejos para dominar las tendencias<\/strong><\/h3>\n<p>Para sacarle el m\u00e1ximo provecho a estos estilos, invierte en productos de calidad y herramientas que cuiden tu cabello. La textura y el brillo se logran con dedicaci\u00f3n, por lo que dedicar unos minutos adicionales a tu rutina diaria har\u00e1 toda la diferencia.<\/p>\n<p>Experimenta con estas tendencias y encuentra el estilo que mejor se adapta a tu personalidad. \u00a1El 2025 es el a\u00f1o de lucir un cabello espectacular!<\/p>\n<p><em><strong>*IMAGEN: Google Images<\/strong><\/em><\/p>\n","protected":false},"author":28953,"featured_media":145066,"template":"","format":"standard","categories":[3,15260],"acf":[],"yoast_head":"<!-- This site is optimized with the Yoast SEO Premium plugin v18.5 (Yoast SEO v20.4) - https:\/\/yoast.com\/wordpress\/plugins\/seo\/ -->\n<title>Peinados en Tendencia 2025: Textura y Brillo<\/title>\n<meta name=\"description\" content=\"Explora los estilos m\u00e1s modernos que regresan a lo t\u00e1ctil, destacando el cabello con textura y acabados deslumbrantes.\" \/>\n<meta name=\"robots\" content=\"index, follow, max-snippet:-1, max-image-preview:large, max-video-preview:-1\" \/>\n<link rel=\"canonical\" href=\"https:\/\/graziamagazine.com\/mx\/articles\/peinados-en-tendencia-2025-textura-y-brillo\/\" \/>\n<meta property=\"og:locale\" content=\"es_MX\" \/>\n<meta property=\"og:type\" content=\"article\" \/>\n<meta property=\"og:title\" content=\"Peinados en Tendencia 2025: Textura y Brillo\" \/>\n<meta property=\"og:description\" content=\"Explora los estilos m\u00e1s modernos que regresan a lo t\u00e1ctil, destacando el cabello con textura y acabados deslumbrantes.\" \/>\n<meta property=\"og:url\" content=\"https:\/\/graziamagazine.com\/mx\/articles\/peinados-en-tendencia-2025-textura-y-brillo\/\" \/>\n<meta property=\"og:site_name\" content=\"Grazia M\u00e9xico y Latinoam\u00e9rica\" \/>\n<meta property=\"article:modified_time\" content=\"2024-12-24T12:28:11+00:00\" \/>\n<meta property=\"og:image\" content=\"https:\/\/graziamagazine.com\/mx\/wp-content\/uploads\/sites\/13\/2024\/12\/Captura-de-Pantalla-2024-12-23-a-las-15.30.26.png\" \/>\n\t<meta property=\"og:image:width\" content=\"1016\" \/>\n\t<meta property=\"og:image:height\" content=\"640\" \/>\n\t<meta property=\"og:image:type\" content=\"image\/png\" \/>\n<meta name=\"twitter:card\" content=\"summary_large_image\" \/>\n<meta name=\"twitter:label1\" content=\"Est. reading time\" \/>\n\t<meta name=\"twitter:data1\" content=\"3 minutos\" \/>\n<script type=\"application\/ld+json\" class=\"yoast-schema-graph\">{\"@context\":\"https:\/\/schema.org\",\"@graph\":[{\"@type\":\"WebPage\",\"@id\":\"https:\/\/graziamagazine.com\/mx\/articles\/peinados-en-tendencia-2025-textura-y-brillo\/\",\"url\":\"https:\/\/graziamagazine.com\/mx\/articles\/peinados-en-tendencia-2025-textura-y-brillo\/\",\"name\":\"Peinados en Tendencia 2025: Textura y Brillo\",\"isPartOf\":{\"@id\":\"https:\/\/graziamagazine.com\/mx\/#website\"},\"datePublished\":\"2024-12-23T21:16:23+00:00\",\"dateModified\":\"2024-12-24T12:28:11+00:00\",\"description\":\"Explora los estilos m\u00e1s modernos que regresan a lo t\u00e1ctil, destacando el cabello con textura y acabados deslumbrantes.\",\"breadcrumb\":{\"@id\":\"https:\/\/graziamagazine.com\/mx\/articles\/peinados-en-tendencia-2025-textura-y-brillo\/#breadcrumb\"},\"inLanguage\":\"es-MX\",\"potentialAction\":[{\"@type\":\"ReadAction\",\"target\":[\"https:\/\/graziamagazine.com\/mx\/articles\/peinados-en-tendencia-2025-textura-y-brillo\/\"]}]},{\"@type\":\"BreadcrumbList\",\"@id\":\"https:\/\/graziamagazine.com\/mx\/articles\/peinados-en-tendencia-2025-textura-y-brillo\/#breadcrumb\",\"itemListElement\":[{\"@type\":\"ListItem\",\"position\":1,\"name\":\"Home\",\"item\":\"https:\/\/graziamagazine.com\/mx\/\"},{\"@type\":\"ListItem\",\"position\":2,\"name\":\"Peinados en Tendencia 2025: Textura y Brillo\"}]},{\"@type\":\"WebSite\",\"@id\":\"https:\/\/graziamagazine.com\/mx\/#website\",\"url\":\"https:\/\/graziamagazine.com\/mx\/\",\"name\":\"Grazia M\u00e9xico y Latinoam\u00e9rica\",\"description\":\"Grazia es moda, belleza y noticias  de actualidad \",\"potentialAction\":[{\"@type\":\"SearchAction\",\"target\":{\"@type\":\"EntryPoint\",\"urlTemplate\":\"https:\/\/graziamagazine.com\/mx\/?s={search_term_string}\"},\"query-input\":\"required name=search_term_string\"}],\"inLanguage\":\"es-MX\"}]}<\/script>\n<!-- \/ Yoast SEO Premium plugin. -->","yoast_head_json":{"title":"Peinados en Tendencia 2025: Textura y Brillo","description":"Explora los estilos m\u00e1s modernos que regresan a lo t\u00e1ctil, destacando el cabello con textura y acabados deslumbrantes.","robots":{"index":"index","follow":"follow","max-snippet":"max-snippet:-1","max-image-preview":"max-image-preview:large","max-video-preview":"max-video-preview:-1"},"canonical":"https:\/\/graziamagazine.com\/mx\/articles\/peinados-en-tendencia-2025-textura-y-brillo\/","og_locale":"es_MX","og_type":"article","og_title":"Peinados en Tendencia 2025: Textura y Brillo","og_description":"Explora los estilos m\u00e1s modernos que regresan a lo t\u00e1ctil, destacando el cabello con textura y acabados deslumbrantes.","og_url":"https:\/\/graziamagazine.com\/mx\/articles\/peinados-en-tendencia-2025-textura-y-brillo\/","og_site_name":"Grazia M\u00e9xico y Latinoam\u00e9rica","article_modified_time":"2024-12-24T12:28:11+00:00","og_image":[{"width":1016,"height":640,"url":"https:\/\/graziamagazine.com\/mx\/wp-content\/uploads\/sites\/13\/2024\/12\/Captura-de-Pantalla-2024-12-23-a-las-15.30.26.png","type":"image\/png"}],"twitter_card":"summary_large_image","twitter_misc":{"Est. reading time":"3 minutos"},"schema":{"@context":"https:\/\/schema.org","@graph":[{"@type":"WebPage","@id":"https:\/\/graziamagazine.com\/mx\/articles\/peinados-en-tendencia-2025-textura-y-brillo\/","url":"https:\/\/graziamagazine.com\/mx\/articles\/peinados-en-tendencia-2025-textura-y-brillo\/","name":"Peinados en Tendencia 2025: Textura y Brillo","isPartOf":{"@id":"https:\/\/graziamagazine.com\/mx\/#website"},"datePublished":"2024-12-23T21:16:23+00:00","dateModified":"2024-12-24T12:28:11+00:00","description":"Explora los estilos m\u00e1s modernos que regresan a lo t\u00e1ctil, destacando el cabello con textura y acabados deslumbrantes.","breadcrumb":{"@id":"https:\/\/graziamagazine.com\/mx\/articles\/peinados-en-tendencia-2025-textura-y-brillo\/#breadcrumb"},"inLanguage":"es-MX","potentialAction":[{"@type":"ReadAction","target":["https:\/\/graziamagazine.com\/mx\/articles\/peinados-en-tendencia-2025-textura-y-brillo\/"]}]},{"@type":"BreadcrumbList","@id":"https:\/\/graziamagazine.com\/mx\/articles\/peinados-en-tendencia-2025-textura-y-brillo\/#breadcrumb","itemListElement":[{"@type":"ListItem","position":1,"name":"Home","item":"https:\/\/graziamagazine.com\/mx\/"},{"@type":"ListItem","position":2,"name":"Peinados en Tendencia 2025: Textura y Brillo"}]},{"@type":"WebSite","@id":"https:\/\/graziamagazine.com\/mx\/#website","url":"https:\/\/graziamagazine.com\/mx\/","name":"Grazia M\u00e9xico y Latinoam\u00e9rica","description":"Grazia es moda, belleza y noticias  de actualidad ","potentialAction":[{"@type":"SearchAction","target":{"@type":"EntryPoint","urlTemplate":"https:\/\/graziamagazine.com\/mx\/?s={search_term_string}"},"query-input":"required name=search_term_string"}],"inLanguage":"es-MX"}]}},"jetpack_sharing_enabled":true,"distributor_meta":false,"distributor_terms":false,"distributor_media":false,"distributor_original_site_name":"Grazia M\u00e9xico y Latinoam\u00e9rica","distributor_original_site_url":"https:\/\/graziamagazine.com\/mx","push-errors":false,"_links":{"self":[{"href":"https:\/\/graziamagazine.com\/mx\/wp-json\/wp\/v2\/articles\/145063"}],"collection":[{"href":"https:\/\/graziamagazine.com\/mx\/wp-json\/wp\/v2\/articles"}],"about":[{"href":"https:\/\/graziamagazine.com\/mx\/wp-json\/wp\/v2\/types\/articles"}],"author":[{"embeddable":true,"href":"https:\/\/graziamagazine.com\/mx\/wp-json\/wp\/v2\/users\/28953"}],"wp:featuredmedia":[{"embeddable":true,"href":"https:\/\/graziamagazine.com\/mx\/wp-json\/wp\/v2\/media\/145066"}],"wp:attachment":[{"href":"https:\/\/graziamagazine.com\/mx\/wp-json\/wp\/v2\/media?parent=145063"}],"wp:term":[{"taxonomy":"category","embeddable":true,"href":"https:\/\/graziamagazine.com\/mx\/wp-json\/wp\/v2\/categories?post=145063"}],"curies":[{"name":"wp","href":"https:\/\/api.w.org\/{rel}","templated":true}]}}