{"id":145049,"date":"2024-12-20T18:33:31","date_gmt":"2024-12-20T23:33:31","guid":{"rendered":"https:\/\/graziamagazine.com\/mx\/?post_type=articles&#038;p=145049"},"modified":"2024-12-20T18:37:14","modified_gmt":"2024-12-20T23:37:14","slug":"no-te-olvides-del-cuello-su-cuidado-hace-toda-la-diferencia","status":"publish","type":"articles","link":"https:\/\/graziamagazine.com\/mx\/articles\/no-te-olvides-del-cuello-su-cuidado-hace-toda-la-diferencia\/","title":{"rendered":"\u00a1No te olvides del cuello! Su cuidado hace toda la diferencia"},"content":{"rendered":"<p><span style=\"font-weight: 400\">El cuidado de la cara es un ritual sagrado para todas nosotras, pero hay una zona que solemos olvidar: <strong>el cuello<\/strong>. As\u00ed es, mientras nuestra cara recibe mascarillas, sueros y cremas milagrosas, el cuello suele quedar relegado y eso es sin duda un gran error.<\/span><\/p>\n<p><span style=\"font-weight: 400\"><strong>El cuello tiene una piel m\u00e1s delgada<\/strong> y menos gl\u00e1ndulas seb\u00e1ceas que el rostro, lo que lo hace m\u00e1s propenso a la resequedad y a mostrar arrugas prematuras. \u00bfCu\u00e1ntas veces te has cruzado con alguien cuyo rostro parece rejuvenecido, pero su cuello revela la verdadera edad? No seas esa persona.\u00a0<\/span><\/p>\n<p><span style=\"font-weight: 400\"><strong>Usar crema para el cuello diariamente<\/strong> ayuda a hidratar, prevenir la flacidez y mantener la elasticidad de esta delicada zona.<\/span><\/p>\n<p><img loading=\"lazy\" decoding=\"async\" class=\"alignnone size-medium wp-image-145050\" src=\"https:\/\/graziamagazine.com\/mx\/wp-content\/uploads\/sites\/13\/2024\/12\/cuello-450x367.jpg\" alt=\"\" width=\"450\" height=\"367\" srcset=\"https:\/\/graziamagazine.com\/mx\/wp-content\/uploads\/sites\/13\/2024\/12\/cuello-450x367.jpg 450w, https:\/\/graziamagazine.com\/mx\/wp-content\/uploads\/sites\/13\/2024\/12\/cuello-400x326.jpg 400w, https:\/\/graziamagazine.com\/mx\/wp-content\/uploads\/sites\/13\/2024\/12\/cuello-155x126.jpg 155w, https:\/\/graziamagazine.com\/mx\/wp-content\/uploads\/sites\/13\/2024\/12\/cuello.jpg 615w\" sizes=\"(max-width: 450px) 100vw, 450px\" \/><\/p>\n<p><span style=\"font-weight: 400\">Las tendencias actuales de skincare enfatizan la importancia de un <strong>enfoque integral.<\/strong> Esto incluye no solo el rostro, sino tambi\u00e9n el cuello, el escote y las manos. Aplicar crema para el cuello al mismo tiempo que haces tu rutina facial garantiza una piel uniforme y saludable. Opta por cremas con ingredientes como <strong>\u00e1cido hialur\u00f3nico, retinol o p\u00e9ptidos, que nutran en profundidad.<\/strong><\/span><\/p>\n<p><span style=\"font-weight: 400\">Sin embargo, no basta solamente con usarla, tambi\u00e9n importa el c\u00f3mo. Con<strong> movimientos ascendentes y suaves, extiende la crema desde la clav\u00edcula hasta el ment\u00f3n<\/strong>, distribuyendo el producto uniformemente y estimulando la circulaci\u00f3n.<\/span><\/p>\n<p><span style=\"font-weight: 400\">Entonces, como ver\u00e1s, el cuidado del cuello no es un lujo sino una necesidad.\u00a0<\/span><\/p>\n","protected":false},"author":11628,"featured_media":141154,"template":"","format":"standard","categories":[3],"acf":[],"yoast_head":"<!-- This site is optimized with the Yoast SEO Premium plugin v18.5 (Yoast SEO v20.4) - https:\/\/yoast.com\/wordpress\/plugins\/seo\/ -->\n<title>La importancia de usar crema en el cuello<\/title>\n<meta name=\"description\" content=\"Esta es la raz\u00f3n por la que deber\u00edas incluir crema para el cuello en tu rutina de belleza. Mant\u00e9n esta zona hidratada, firme y sin arrugas.\" \/>\n<meta name=\"robots\" content=\"index, follow, max-snippet:-1, max-image-preview:large, max-video-preview:-1\" \/>\n<link rel=\"canonical\" href=\"https:\/\/graziamagazine.com\/mx\/articles\/no-te-olvides-del-cuello-su-cuidado-hace-toda-la-diferencia\/\" \/>\n<meta property=\"og:locale\" content=\"es_MX\" \/>\n<meta property=\"og:type\" content=\"article\" \/>\n<meta property=\"og:title\" content=\"\u00a1No te olvides del cuello! Su cuidado hace toda la diferencia\" \/>\n<meta property=\"og:description\" content=\"Esta es la raz\u00f3n por la que deber\u00edas incluir crema para el cuello en tu rutina de belleza. Mant\u00e9n esta zona hidratada, firme y sin arrugas.\" \/>\n<meta property=\"og:url\" content=\"https:\/\/graziamagazine.com\/mx\/articles\/no-te-olvides-del-cuello-su-cuidado-hace-toda-la-diferencia\/\" \/>\n<meta property=\"og:site_name\" content=\"Grazia M\u00e9xico y Latinoam\u00e9rica\" \/>\n<meta property=\"article:modified_time\" content=\"2024-12-20T23:37:14+00:00\" \/>\n<meta property=\"og:image\" content=\"https:\/\/graziamagazine.com\/mx\/wp-content\/uploads\/sites\/13\/2024\/09\/el-s-gUPznplBsLI-unsplash-scaled.jpg\" \/>\n\t<meta property=\"og:image:width\" content=\"2560\" \/>\n\t<meta property=\"og:image:height\" content=\"1707\" \/>\n\t<meta property=\"og:image:type\" content=\"image\/jpeg\" \/>\n<meta name=\"twitter:card\" content=\"summary_large_image\" \/>\n<meta name=\"twitter:label1\" content=\"Est. reading time\" \/>\n\t<meta name=\"twitter:data1\" content=\"2 minutos\" \/>\n<script type=\"application\/ld+json\" class=\"yoast-schema-graph\">{\"@context\":\"https:\/\/schema.org\",\"@graph\":[{\"@type\":\"WebPage\",\"@id\":\"https:\/\/graziamagazine.com\/mx\/articles\/no-te-olvides-del-cuello-su-cuidado-hace-toda-la-diferencia\/\",\"url\":\"https:\/\/graziamagazine.com\/mx\/articles\/no-te-olvides-del-cuello-su-cuidado-hace-toda-la-diferencia\/\",\"name\":\"La importancia de usar crema en el cuello\",\"isPartOf\":{\"@id\":\"https:\/\/graziamagazine.com\/mx\/#website\"},\"datePublished\":\"2024-12-20T23:33:31+00:00\",\"dateModified\":\"2024-12-20T23:37:14+00:00\",\"description\":\"Esta es la raz\u00f3n por la que deber\u00edas incluir crema para el cuello en tu rutina de belleza. Mant\u00e9n esta zona hidratada, firme y sin arrugas.\",\"breadcrumb\":{\"@id\":\"https:\/\/graziamagazine.com\/mx\/articles\/no-te-olvides-del-cuello-su-cuidado-hace-toda-la-diferencia\/#breadcrumb\"},\"inLanguage\":\"es-MX\",\"potentialAction\":[{\"@type\":\"ReadAction\",\"target\":[\"https:\/\/graziamagazine.com\/mx\/articles\/no-te-olvides-del-cuello-su-cuidado-hace-toda-la-diferencia\/\"]}]},{\"@type\":\"BreadcrumbList\",\"@id\":\"https:\/\/graziamagazine.com\/mx\/articles\/no-te-olvides-del-cuello-su-cuidado-hace-toda-la-diferencia\/#breadcrumb\",\"itemListElement\":[{\"@type\":\"ListItem\",\"position\":1,\"name\":\"Home\",\"item\":\"https:\/\/graziamagazine.com\/mx\/\"},{\"@type\":\"ListItem\",\"position\":2,\"name\":\"\u00a1No te olvides del cuello! Su cuidado hace toda la diferencia\"}]},{\"@type\":\"WebSite\",\"@id\":\"https:\/\/graziamagazine.com\/mx\/#website\",\"url\":\"https:\/\/graziamagazine.com\/mx\/\",\"name\":\"Grazia M\u00e9xico y Latinoam\u00e9rica\",\"description\":\"Grazia es moda, belleza y noticias  de actualidad \",\"potentialAction\":[{\"@type\":\"SearchAction\",\"target\":{\"@type\":\"EntryPoint\",\"urlTemplate\":\"https:\/\/graziamagazine.com\/mx\/?s={search_term_string}\"},\"query-input\":\"required name=search_term_string\"}],\"inLanguage\":\"es-MX\"}]}<\/script>\n<!-- \/ Yoast SEO Premium plugin. -->","yoast_head_json":{"title":"La importancia de usar crema en el cuello","description":"Esta es la raz\u00f3n por la que deber\u00edas incluir crema para el cuello en tu rutina de belleza. Mant\u00e9n esta zona hidratada, firme y sin arrugas.","robots":{"index":"index","follow":"follow","max-snippet":"max-snippet:-1","max-image-preview":"max-image-preview:large","max-video-preview":"max-video-preview:-1"},"canonical":"https:\/\/graziamagazine.com\/mx\/articles\/no-te-olvides-del-cuello-su-cuidado-hace-toda-la-diferencia\/","og_locale":"es_MX","og_type":"article","og_title":"\u00a1No te olvides del cuello! Su cuidado hace toda la diferencia","og_description":"Esta es la raz\u00f3n por la que deber\u00edas incluir crema para el cuello en tu rutina de belleza. Mant\u00e9n esta zona hidratada, firme y sin arrugas.","og_url":"https:\/\/graziamagazine.com\/mx\/articles\/no-te-olvides-del-cuello-su-cuidado-hace-toda-la-diferencia\/","og_site_name":"Grazia M\u00e9xico y Latinoam\u00e9rica","article_modified_time":"2024-12-20T23:37:14+00:00","og_image":[{"width":2560,"height":1707,"url":"https:\/\/graziamagazine.com\/mx\/wp-content\/uploads\/sites\/13\/2024\/09\/el-s-gUPznplBsLI-unsplash-scaled.jpg","type":"image\/jpeg"}],"twitter_card":"summary_large_image","twitter_misc":{"Est. reading time":"2 minutos"},"schema":{"@context":"https:\/\/schema.org","@graph":[{"@type":"WebPage","@id":"https:\/\/graziamagazine.com\/mx\/articles\/no-te-olvides-del-cuello-su-cuidado-hace-toda-la-diferencia\/","url":"https:\/\/graziamagazine.com\/mx\/articles\/no-te-olvides-del-cuello-su-cuidado-hace-toda-la-diferencia\/","name":"La importancia de usar crema en el cuello","isPartOf":{"@id":"https:\/\/graziamagazine.com\/mx\/#website"},"datePublished":"2024-12-20T23:33:31+00:00","dateModified":"2024-12-20T23:37:14+00:00","description":"Esta es la raz\u00f3n por la que deber\u00edas incluir crema para el cuello en tu rutina de belleza. Mant\u00e9n esta zona hidratada, firme y sin arrugas.","breadcrumb":{"@id":"https:\/\/graziamagazine.com\/mx\/articles\/no-te-olvides-del-cuello-su-cuidado-hace-toda-la-diferencia\/#breadcrumb"},"inLanguage":"es-MX","potentialAction":[{"@type":"ReadAction","target":["https:\/\/graziamagazine.com\/mx\/articles\/no-te-olvides-del-cuello-su-cuidado-hace-toda-la-diferencia\/"]}]},{"@type":"BreadcrumbList","@id":"https:\/\/graziamagazine.com\/mx\/articles\/no-te-olvides-del-cuello-su-cuidado-hace-toda-la-diferencia\/#breadcrumb","itemListElement":[{"@type":"ListItem","position":1,"name":"Home","item":"https:\/\/graziamagazine.com\/mx\/"},{"@type":"ListItem","position":2,"name":"\u00a1No te olvides del cuello! Su cuidado hace toda la diferencia"}]},{"@type":"WebSite","@id":"https:\/\/graziamagazine.com\/mx\/#website","url":"https:\/\/graziamagazine.com\/mx\/","name":"Grazia M\u00e9xico y Latinoam\u00e9rica","description":"Grazia es moda, belleza y noticias  de actualidad ","potentialAction":[{"@type":"SearchAction","target":{"@type":"EntryPoint","urlTemplate":"https:\/\/graziamagazine.com\/mx\/?s={search_term_string}"},"query-input":"required name=search_term_string"}],"inLanguage":"es-MX"}]}},"jetpack_sharing_enabled":true,"distributor_meta":false,"distributor_terms":false,"distributor_media":false,"distributor_original_site_name":"Grazia M\u00e9xico y Latinoam\u00e9rica","distributor_original_site_url":"https:\/\/graziamagazine.com\/mx","push-errors":false,"_links":{"self":[{"href":"https:\/\/graziamagazine.com\/mx\/wp-json\/wp\/v2\/articles\/145049"}],"collection":[{"href":"https:\/\/graziamagazine.com\/mx\/wp-json\/wp\/v2\/articles"}],"about":[{"href":"https:\/\/graziamagazine.com\/mx\/wp-json\/wp\/v2\/types\/articles"}],"author":[{"embeddable":true,"href":"https:\/\/graziamagazine.com\/mx\/wp-json\/wp\/v2\/users\/11628"}],"wp:featuredmedia":[{"embeddable":true,"href":"https:\/\/graziamagazine.com\/mx\/wp-json\/wp\/v2\/media\/141154"}],"wp:attachment":[{"href":"https:\/\/graziamagazine.com\/mx\/wp-json\/wp\/v2\/media?parent=145049"}],"wp:term":[{"taxonomy":"category","embeddable":true,"href":"https:\/\/graziamagazine.com\/mx\/wp-json\/wp\/v2\/categories?post=145049"}],"curies":[{"name":"wp","href":"https:\/\/api.w.org\/{rel}","templated":true}]}}