{"id":144752,"date":"2024-12-13T15:47:04","date_gmt":"2024-12-13T20:47:04","guid":{"rendered":"https:\/\/graziamagazine.com\/mx\/?post_type=articles&#038;p=144752"},"modified":"2024-12-13T15:51:47","modified_gmt":"2024-12-13T20:51:47","slug":"te-contamos-todo-sobre-el-anillo-de-compromiso-de-selena-gomez","status":"publish","type":"articles","link":"https:\/\/graziamagazine.com\/mx\/articles\/te-contamos-todo-sobre-el-anillo-de-compromiso-de-selena-gomez\/","title":{"rendered":"Te contamos todo sobre el anillo de compromiso de Selena G\u00f3mez"},"content":{"rendered":"<p>Selena Gomez ha deslumbrado a sus fans con la noticia de su compromiso con Benny Blanco, pero m\u00e1s all\u00e1 del rom\u00e1ntico anuncio en Instagram, hay un detalle que ha captado todas las miradas: su anillo de compromiso.<\/p>\n<p>Con un dise\u00f1o cl\u00e1sico y sofisticado, la pieza cuenta con un diamante en talla marquesa, cuyo valor estimado supera los 200,000 d\u00f3lares.<\/p>\n<h3><strong>Una joya cargada de simbolismo<\/strong><\/h3>\n<figure id=\"attachment_144758\" aria-describedby=\"caption-attachment-144758\" style=\"width: 722px\" class=\"wp-caption alignnone\"><img loading=\"lazy\" decoding=\"async\" class=\"size-large wp-image-144758\" src=\"https:\/\/graziamagazine.com\/mx\/wp-content\/uploads\/sites\/13\/2024\/12\/Captura-de-Pantalla-2024-12-13-a-las-14.49.36-722x1024.png\" alt=\"Te contamos todo sobre el anillo de compromiso de Selena G\u00f3mez\" width=\"722\" height=\"1024\" srcset=\"https:\/\/graziamagazine.com\/mx\/wp-content\/uploads\/sites\/13\/2024\/12\/Captura-de-Pantalla-2024-12-13-a-las-14.49.36-722x1024.png 722w, https:\/\/graziamagazine.com\/mx\/wp-content\/uploads\/sites\/13\/2024\/12\/Captura-de-Pantalla-2024-12-13-a-las-14.49.36-317x450.png 317w, https:\/\/graziamagazine.com\/mx\/wp-content\/uploads\/sites\/13\/2024\/12\/Captura-de-Pantalla-2024-12-13-a-las-14.49.36-768x1090.png 768w, https:\/\/graziamagazine.com\/mx\/wp-content\/uploads\/sites\/13\/2024\/12\/Captura-de-Pantalla-2024-12-13-a-las-14.49.36-400x568.png 400w, https:\/\/graziamagazine.com\/mx\/wp-content\/uploads\/sites\/13\/2024\/12\/Captura-de-Pantalla-2024-12-13-a-las-14.49.36-152x215.png 152w, https:\/\/graziamagazine.com\/mx\/wp-content\/uploads\/sites\/13\/2024\/12\/Captura-de-Pantalla-2024-12-13-a-las-14.49.36.png 840w\" sizes=\"(max-width: 722px) 100vw, 722px\" \/><figcaption id=\"caption-attachment-144758\" class=\"wp-caption-text\">Te contamos todo sobre el anillo de compromiso de Selena G\u00f3mez<\/figcaption><\/figure>\n<p>La piedra central del anillo, en forma de marquesa, tiene un brillo \u00fanico que destaca por su elegancia atemporal. Esta talla no es solo un dise\u00f1o lujoso, sino que est\u00e1 impregnada de historia.<\/p>\n<p>Su origen se remonta al siglo XVIII, cuando el rey Luis XV de Francia encarg\u00f3 a su joyero un diamante que capturara la sonrisa de su amante, la marquesa de Pompadour. Desde entonces, esta forma ha simbolizado romance y sofisticaci\u00f3n.<\/p>\n<p>El anillo de Selena no solo brilla por su dise\u00f1o; tambi\u00e9n podr\u00eda ser un gui\u00f1o a su canci\u00f3n \u201cGood For You\u201d, donde se describe como un \u201cdiamante marquesa\u201d capaz de deslumbrar a cualquiera. Este detalle demuestra c\u00f3mo la elecci\u00f3n del anillo refleja la personalidad y trayectoria art\u00edstica de Selena.<\/p>\n<h3><strong>Una tradici\u00f3n entre las celebridades<\/strong><\/h3>\n<figure id=\"attachment_144759\" aria-describedby=\"caption-attachment-144759\" style=\"width: 784px\" class=\"wp-caption alignnone\"><img loading=\"lazy\" decoding=\"async\" class=\"size-large wp-image-144759\" src=\"https:\/\/graziamagazine.com\/mx\/wp-content\/uploads\/sites\/13\/2024\/12\/Captura-de-Pantalla-2024-12-13-a-las-14.49.43-784x1024.png\" alt=\"Te contamos todo sobre el anillo de compromiso de Selena G\u00f3mez\" width=\"784\" height=\"1024\" srcset=\"https:\/\/graziamagazine.com\/mx\/wp-content\/uploads\/sites\/13\/2024\/12\/Captura-de-Pantalla-2024-12-13-a-las-14.49.43-784x1024.png 784w, https:\/\/graziamagazine.com\/mx\/wp-content\/uploads\/sites\/13\/2024\/12\/Captura-de-Pantalla-2024-12-13-a-las-14.49.43-344x450.png 344w, https:\/\/graziamagazine.com\/mx\/wp-content\/uploads\/sites\/13\/2024\/12\/Captura-de-Pantalla-2024-12-13-a-las-14.49.43-768x1004.png 768w, https:\/\/graziamagazine.com\/mx\/wp-content\/uploads\/sites\/13\/2024\/12\/Captura-de-Pantalla-2024-12-13-a-las-14.49.43-400x523.png 400w, https:\/\/graziamagazine.com\/mx\/wp-content\/uploads\/sites\/13\/2024\/12\/Captura-de-Pantalla-2024-12-13-a-las-14.49.43-155x203.png 155w, https:\/\/graziamagazine.com\/mx\/wp-content\/uploads\/sites\/13\/2024\/12\/Captura-de-Pantalla-2024-12-13-a-las-14.49.43.png 880w\" sizes=\"(max-width: 784px) 100vw, 784px\" \/><figcaption id=\"caption-attachment-144759\" class=\"wp-caption-text\">Te contamos todo sobre el anillo de compromiso de Selena G\u00f3mez<\/figcaption><\/figure>\n<p>El dise\u00f1o de marquesa ha sido un favorito en anillos de compromiso ic\u00f3nicos. Jackie Kennedy, Victoria Beckham y Jennifer L\u00f3pez han lucido esta talla en joyas que se han convertido en referencias de estilo.<\/p>\n<p>El anuncio de Selena y Benny Blanco fue tan especial como el anillo mismo. Un picnic rodeado de champ\u00e1n, tacos y un ambiente \u00edntimo fue el escenario ideal para compartir este momento con sus seguidores.<\/p>\n<p>Con el mensaje \u201cAhora empieza el para siempre\u201d, Selena dej\u00f3 claro que est\u00e1 lista para escribir un nuevo cap\u00edtulo en su vida personal.<\/p>\n<p>Mientras Selena Gomez celebra este emocionante momento, su anillo se convierte en un s\u00edmbolo de su compromiso y felicidad. Sus fans est\u00e1n ansiosos por ver lo que le depara el futuro, tanto en su vida personal como profesional.<\/p>\n<p><em><strong>*IMAGEN: Google Images<\/strong><\/em><\/p>\n","protected":false},"author":28953,"featured_media":144757,"template":"","format":"standard","categories":[2],"acf":[],"yoast_head":"<!-- This site is optimized with the Yoast SEO Premium plugin v18.5 (Yoast SEO v20.4) - https:\/\/yoast.com\/wordpress\/plugins\/seo\/ -->\n<title>Te contamos todo sobre el anillo de compromiso de Selena G\u00f3mez<\/title>\n<meta name=\"description\" content=\"Descubre la historia del anillo de compromiso de Selena Gomez, una joya con historia, elegancia y un valor impresionante.\" \/>\n<meta name=\"robots\" content=\"index, follow, max-snippet:-1, max-image-preview:large, max-video-preview:-1\" \/>\n<link rel=\"canonical\" href=\"https:\/\/graziamagazine.com\/mx\/articles\/te-contamos-todo-sobre-el-anillo-de-compromiso-de-selena-gomez\/\" \/>\n<meta property=\"og:locale\" content=\"es_MX\" \/>\n<meta property=\"og:type\" content=\"article\" \/>\n<meta property=\"og:title\" content=\"Te contamos todo sobre el anillo de compromiso de Selena G\u00f3mez\" \/>\n<meta property=\"og:description\" content=\"Descubre la historia del anillo de compromiso de Selena Gomez, una joya con historia, elegancia y un valor impresionante.\" \/>\n<meta property=\"og:url\" content=\"https:\/\/graziamagazine.com\/mx\/articles\/te-contamos-todo-sobre-el-anillo-de-compromiso-de-selena-gomez\/\" \/>\n<meta property=\"og:site_name\" content=\"Grazia M\u00e9xico y Latinoam\u00e9rica\" \/>\n<meta property=\"article:modified_time\" content=\"2024-12-13T20:51:47+00:00\" \/>\n<meta property=\"og:image\" content=\"https:\/\/graziamagazine.com\/mx\/wp-content\/uploads\/sites\/13\/2024\/12\/Captura-de-Pantalla-2024-12-13-a-las-14.49.28.png\" \/>\n\t<meta property=\"og:image:width\" content=\"974\" \/>\n\t<meta property=\"og:image:height\" content=\"638\" \/>\n\t<meta property=\"og:image:type\" content=\"image\/png\" \/>\n<meta name=\"twitter:card\" content=\"summary_large_image\" \/>\n<meta name=\"twitter:label1\" content=\"Est. reading time\" \/>\n\t<meta name=\"twitter:data1\" content=\"3 minutos\" \/>\n<script type=\"application\/ld+json\" class=\"yoast-schema-graph\">{\"@context\":\"https:\/\/schema.org\",\"@graph\":[{\"@type\":\"WebPage\",\"@id\":\"https:\/\/graziamagazine.com\/mx\/articles\/te-contamos-todo-sobre-el-anillo-de-compromiso-de-selena-gomez\/\",\"url\":\"https:\/\/graziamagazine.com\/mx\/articles\/te-contamos-todo-sobre-el-anillo-de-compromiso-de-selena-gomez\/\",\"name\":\"Te contamos todo sobre el anillo de compromiso de Selena G\u00f3mez\",\"isPartOf\":{\"@id\":\"https:\/\/graziamagazine.com\/mx\/#website\"},\"datePublished\":\"2024-12-13T20:47:04+00:00\",\"dateModified\":\"2024-12-13T20:51:47+00:00\",\"description\":\"Descubre la historia del anillo de compromiso de Selena Gomez, una joya con historia, elegancia y un valor impresionante.\",\"breadcrumb\":{\"@id\":\"https:\/\/graziamagazine.com\/mx\/articles\/te-contamos-todo-sobre-el-anillo-de-compromiso-de-selena-gomez\/#breadcrumb\"},\"inLanguage\":\"es-MX\",\"potentialAction\":[{\"@type\":\"ReadAction\",\"target\":[\"https:\/\/graziamagazine.com\/mx\/articles\/te-contamos-todo-sobre-el-anillo-de-compromiso-de-selena-gomez\/\"]}]},{\"@type\":\"BreadcrumbList\",\"@id\":\"https:\/\/graziamagazine.com\/mx\/articles\/te-contamos-todo-sobre-el-anillo-de-compromiso-de-selena-gomez\/#breadcrumb\",\"itemListElement\":[{\"@type\":\"ListItem\",\"position\":1,\"name\":\"Home\",\"item\":\"https:\/\/graziamagazine.com\/mx\/\"},{\"@type\":\"ListItem\",\"position\":2,\"name\":\"Te contamos todo sobre el anillo de compromiso de Selena G\u00f3mez\"}]},{\"@type\":\"WebSite\",\"@id\":\"https:\/\/graziamagazine.com\/mx\/#website\",\"url\":\"https:\/\/graziamagazine.com\/mx\/\",\"name\":\"Grazia M\u00e9xico y Latinoam\u00e9rica\",\"description\":\"Grazia es moda, belleza y noticias  de actualidad \",\"potentialAction\":[{\"@type\":\"SearchAction\",\"target\":{\"@type\":\"EntryPoint\",\"urlTemplate\":\"https:\/\/graziamagazine.com\/mx\/?s={search_term_string}\"},\"query-input\":\"required name=search_term_string\"}],\"inLanguage\":\"es-MX\"}]}<\/script>\n<!-- \/ Yoast SEO Premium plugin. -->","yoast_head_json":{"title":"Te contamos todo sobre el anillo de compromiso de Selena G\u00f3mez","description":"Descubre la historia del anillo de compromiso de Selena Gomez, una joya con historia, elegancia y un valor impresionante.","robots":{"index":"index","follow":"follow","max-snippet":"max-snippet:-1","max-image-preview":"max-image-preview:large","max-video-preview":"max-video-preview:-1"},"canonical":"https:\/\/graziamagazine.com\/mx\/articles\/te-contamos-todo-sobre-el-anillo-de-compromiso-de-selena-gomez\/","og_locale":"es_MX","og_type":"article","og_title":"Te contamos todo sobre el anillo de compromiso de Selena G\u00f3mez","og_description":"Descubre la historia del anillo de compromiso de Selena Gomez, una joya con historia, elegancia y un valor impresionante.","og_url":"https:\/\/graziamagazine.com\/mx\/articles\/te-contamos-todo-sobre-el-anillo-de-compromiso-de-selena-gomez\/","og_site_name":"Grazia M\u00e9xico y Latinoam\u00e9rica","article_modified_time":"2024-12-13T20:51:47+00:00","og_image":[{"width":974,"height":638,"url":"https:\/\/graziamagazine.com\/mx\/wp-content\/uploads\/sites\/13\/2024\/12\/Captura-de-Pantalla-2024-12-13-a-las-14.49.28.png","type":"image\/png"}],"twitter_card":"summary_large_image","twitter_misc":{"Est. reading time":"3 minutos"},"schema":{"@context":"https:\/\/schema.org","@graph":[{"@type":"WebPage","@id":"https:\/\/graziamagazine.com\/mx\/articles\/te-contamos-todo-sobre-el-anillo-de-compromiso-de-selena-gomez\/","url":"https:\/\/graziamagazine.com\/mx\/articles\/te-contamos-todo-sobre-el-anillo-de-compromiso-de-selena-gomez\/","name":"Te contamos todo sobre el anillo de compromiso de Selena G\u00f3mez","isPartOf":{"@id":"https:\/\/graziamagazine.com\/mx\/#website"},"datePublished":"2024-12-13T20:47:04+00:00","dateModified":"2024-12-13T20:51:47+00:00","description":"Descubre la historia del anillo de compromiso de Selena Gomez, una joya con historia, elegancia y un valor impresionante.","breadcrumb":{"@id":"https:\/\/graziamagazine.com\/mx\/articles\/te-contamos-todo-sobre-el-anillo-de-compromiso-de-selena-gomez\/#breadcrumb"},"inLanguage":"es-MX","potentialAction":[{"@type":"ReadAction","target":["https:\/\/graziamagazine.com\/mx\/articles\/te-contamos-todo-sobre-el-anillo-de-compromiso-de-selena-gomez\/"]}]},{"@type":"BreadcrumbList","@id":"https:\/\/graziamagazine.com\/mx\/articles\/te-contamos-todo-sobre-el-anillo-de-compromiso-de-selena-gomez\/#breadcrumb","itemListElement":[{"@type":"ListItem","position":1,"name":"Home","item":"https:\/\/graziamagazine.com\/mx\/"},{"@type":"ListItem","position":2,"name":"Te contamos todo sobre el anillo de compromiso de Selena G\u00f3mez"}]},{"@type":"WebSite","@id":"https:\/\/graziamagazine.com\/mx\/#website","url":"https:\/\/graziamagazine.com\/mx\/","name":"Grazia M\u00e9xico y Latinoam\u00e9rica","description":"Grazia es moda, belleza y noticias  de actualidad ","potentialAction":[{"@type":"SearchAction","target":{"@type":"EntryPoint","urlTemplate":"https:\/\/graziamagazine.com\/mx\/?s={search_term_string}"},"query-input":"required name=search_term_string"}],"inLanguage":"es-MX"}]}},"jetpack_sharing_enabled":true,"distributor_meta":false,"distributor_terms":false,"distributor_media":false,"distributor_original_site_name":"Grazia M\u00e9xico y Latinoam\u00e9rica","distributor_original_site_url":"https:\/\/graziamagazine.com\/mx","push-errors":false,"_links":{"self":[{"href":"https:\/\/graziamagazine.com\/mx\/wp-json\/wp\/v2\/articles\/144752"}],"collection":[{"href":"https:\/\/graziamagazine.com\/mx\/wp-json\/wp\/v2\/articles"}],"about":[{"href":"https:\/\/graziamagazine.com\/mx\/wp-json\/wp\/v2\/types\/articles"}],"author":[{"embeddable":true,"href":"https:\/\/graziamagazine.com\/mx\/wp-json\/wp\/v2\/users\/28953"}],"wp:featuredmedia":[{"embeddable":true,"href":"https:\/\/graziamagazine.com\/mx\/wp-json\/wp\/v2\/media\/144757"}],"wp:attachment":[{"href":"https:\/\/graziamagazine.com\/mx\/wp-json\/wp\/v2\/media?parent=144752"}],"wp:term":[{"taxonomy":"category","embeddable":true,"href":"https:\/\/graziamagazine.com\/mx\/wp-json\/wp\/v2\/categories?post=144752"}],"curies":[{"name":"wp","href":"https:\/\/api.w.org\/{rel}","templated":true}]}}