{"id":144419,"date":"2024-12-04T23:39:05","date_gmt":"2024-12-05T04:39:05","guid":{"rendered":"https:\/\/graziamagazine.com\/mx\/?post_type=articles&#038;p=144419"},"modified":"2024-12-04T23:43:09","modified_gmt":"2024-12-05T04:43:09","slug":"tommy-hilfiger-moda-y-legado","status":"publish","type":"articles","link":"https:\/\/graziamagazine.com\/mx\/articles\/tommy-hilfiger-moda-y-legado\/","title":{"rendered":"Tommy Hilfiger: Moda y Legado"},"content":{"rendered":"<div class=\"flex max-w-full flex-col flex-grow\">\n<div class=\"min-h-8 text-message flex w-full flex-col items-end gap-2 whitespace-normal break-words [.text-message+&amp;]:mt-5\" dir=\"auto\" data-message-author-role=\"assistant\" data-message-id=\"10087dcd-d9de-42a1-a80f-10aafaec69e0\" data-message-model-slug=\"gpt-4o\">\n<div class=\"flex w-full flex-col gap-1 empty:hidden first:pt-[3px]\">\n<div class=\"markdown prose w-full break-words dark:prose-invert dark\">\n<p>Tommy Hilfiger, un \u00edcono de la moda mundial, celebra m\u00e1s de 30 a\u00f1os de innovaci\u00f3n, estilo y conexi\u00f3n cultural. En esta entrevista exclusiva, el visionario detr\u00e1s de una de las marcas m\u00e1s reconocidas del mundo comparte su viaje desde sus humildes comienzos, motivado por su pasi\u00f3n por el rock &#8216;n&#8217; roll, hasta consolidar su legado como pionero del dise\u00f1o.<\/p>\n<p>Hilfiger reflexiona sobre las lecciones aprendidas, su conexi\u00f3n con las nuevas generaciones y los momentos m\u00e1s significativos de su carrera, demostrando que la moda no solo viste, sino que tambi\u00e9n inspira sue\u00f1os y fomenta la autoexpresi\u00f3n en cada paso del camino.<\/p>\n<figure id=\"attachment_144423\" aria-describedby=\"caption-attachment-144423\" style=\"width: 682px\" class=\"wp-caption alignnone\"><img loading=\"lazy\" decoding=\"async\" class=\"size-large wp-image-144423\" src=\"https:\/\/graziamagazine.com\/mx\/wp-content\/uploads\/sites\/13\/2024\/12\/WhatsApp-Image-2024-12-04-at-18.10.28-682x1024.jpeg\" alt=\"Tommy Hilfiger: Moda y Legado\" width=\"682\" height=\"1024\" srcset=\"https:\/\/graziamagazine.com\/mx\/wp-content\/uploads\/sites\/13\/2024\/12\/WhatsApp-Image-2024-12-04-at-18.10.28-682x1024.jpeg 682w, https:\/\/graziamagazine.com\/mx\/wp-content\/uploads\/sites\/13\/2024\/12\/WhatsApp-Image-2024-12-04-at-18.10.28-300x450.jpeg 300w, https:\/\/graziamagazine.com\/mx\/wp-content\/uploads\/sites\/13\/2024\/12\/WhatsApp-Image-2024-12-04-at-18.10.28-768x1153.jpeg 768w, https:\/\/graziamagazine.com\/mx\/wp-content\/uploads\/sites\/13\/2024\/12\/WhatsApp-Image-2024-12-04-at-18.10.28-1023x1536.jpeg 1023w, https:\/\/graziamagazine.com\/mx\/wp-content\/uploads\/sites\/13\/2024\/12\/WhatsApp-Image-2024-12-04-at-18.10.28-400x600.jpeg 400w, https:\/\/graziamagazine.com\/mx\/wp-content\/uploads\/sites\/13\/2024\/12\/WhatsApp-Image-2024-12-04-at-18.10.28-143x215.jpeg 143w, https:\/\/graziamagazine.com\/mx\/wp-content\/uploads\/sites\/13\/2024\/12\/WhatsApp-Image-2024-12-04-at-18.10.28.jpeg 1066w\" sizes=\"(max-width: 682px) 100vw, 682px\" \/><figcaption id=\"caption-attachment-144423\" class=\"wp-caption-text\">Tommy Hilfiger: Moda y Legado<\/figcaption><\/figure>\n<p><strong>\u00bfCu\u00e1l fue tu motivaci\u00f3n para entrar en la industria y si esta ha cambiado despu\u00e9s de treinta a\u00f1os?<\/strong><br \/>\nMi camino hacia la industria comenz\u00f3 con mi amor por el rock &#8216;n&#8217; roll y el sue\u00f1o de vestirme como mis estrellas de rock favoritas. Empec\u00e9 vendiendo denim desde la parte trasera de mi coche, mientras so\u00f1aba con construir una marca de estilo de vida reconocida a nivel mundial. Hoy en d\u00eda, TOMMY HILFIGER es todo lo que so\u00f1\u00e9: una marca ic\u00f3nica que fusiona moda, arte, m\u00fasica, entretenimiento y deporte. Nos hemos mantenido fieles a nuestro ADN mientras reinventamos constantemente nuestros estilos cl\u00e1sicos americanos que resuenan en todo el mundo.<\/p>\n<p><strong>\u00bfQu\u00e9 te gusta de la nueva generaci\u00f3n? \u00bfPodr\u00edas darnos 3 consejos que tu marca utiliza para conectar con ellos?<\/strong><br \/>\nMe inspira los sue\u00f1os audaces y el estilo vibrante de la nueva generaci\u00f3n: son intr\u00e9pidos, creativos y siempre est\u00e1n desafiando los l\u00edmites. Para conectar con ellos, nos enfocamos en la autenticidad, celebramos la individualidad y mezclamos dise\u00f1os atemporales con la cultura moderna. Se trata de ser parte de su mundo mientras los inspiramos a so\u00f1ar a\u00fan m\u00e1s grande.<\/p>\n<p><strong>\u00bfDe qu\u00e9 manera Tommy Hilfiger (la marca) refleja tu estilo y qui\u00e9n eres?<\/strong><br \/>\nSiempre me ha atra\u00eddo el encanto atemporal de los cl\u00e1sicos, pero con un toque moderno que honra el pasado mientras mira hacia el futuro. Me mantengo arraigado en mis ra\u00edces, pero siempre con un enfoque en\u00e9rgico hacia lo que viene. Nuestra visi\u00f3n es optimista, confiada y valiente: abrazamos cada paso del camino con prop\u00f3sito y entusiasmo.<\/p>\n<p><strong>\u00bfHas cometido errores importantes como empresario y qu\u00e9 has aprendido de ellos?<\/strong><br \/>\nCuando ten\u00eda 18 a\u00f1os, abr\u00ed mi primera tienda, <em>People\u2019s Place<\/em>, en Elmira, Nueva York. Se convirti\u00f3 en un centro de m\u00fasica, moda y cultura, pero a mis 20 a\u00f1os se declar\u00f3 en bancarrota. Aunque fue una lecci\u00f3n dura, me ense\u00f1\u00f3 resiliencia y la importancia de construir una base s\u00f3lida para el \u00e9xito a largo plazo. Esa experiencia dio forma a mi visi\u00f3n y determinaci\u00f3n, mostr\u00e1ndome que los contratiempos pueden ser una parte esencial del camino hacia adelante.<\/p>\n<p><strong>A lo largo de los a\u00f1os ha habido muchos momentos ic\u00f3nicos para Tommy Hilfiger. \u00bfCu\u00e1l destaca para ti?<\/strong><br \/>\nHa habido innumerables momentos que ocupan un lugar especial en mi coraz\u00f3n, pero lo que realmente destaca son aquellos en los que hemos inspirado a las personas a so\u00f1ar. Recientemente, realizamos nuestro desfile de primavera 2025 a bordo del M.V. John F. Kennedy, un ferry de Staten Island retirado, mostrando una nueva colecci\u00f3n de estilo cl\u00e1sico renovado con un toque moderno. Se sinti\u00f3 como el Sue\u00f1o Americano y fue un recordatorio de lo atemporal y transformador que puede ser la moda. Se trata de esos momentos de conexi\u00f3n que creamos a trav\u00e9s de nuestros dise\u00f1os y c\u00f3mo contin\u00faan inspirando individualidad y autoexpresi\u00f3n.<\/p>\n<p><em><strong>*IMAGEN: Cortes\u00eda<\/strong><\/em><\/p>\n<\/div>\n<\/div>\n<\/div>\n<\/div>\n","protected":false},"author":28953,"featured_media":144421,"template":"","format":"standard","categories":[4],"acf":[],"yoast_head":"<!-- This site is optimized with the Yoast SEO Premium plugin v18.5 (Yoast SEO v20.4) - https:\/\/yoast.com\/wordpress\/plugins\/seo\/ -->\n<title>Tommy Hilfiger: Moda y Legado<\/title>\n<meta name=\"description\" content=\"El visionario detr\u00e1s de una marca ic\u00f3nica reflexiona sobre su trayectoria, las nuevas generaciones y el impacto transformador de la moda.\" \/>\n<meta name=\"robots\" content=\"index, follow, max-snippet:-1, max-image-preview:large, max-video-preview:-1\" \/>\n<link rel=\"canonical\" href=\"https:\/\/graziamagazine.com\/mx\/articles\/tommy-hilfiger-moda-y-legado\/\" \/>\n<meta property=\"og:locale\" content=\"es_MX\" \/>\n<meta property=\"og:type\" content=\"article\" \/>\n<meta property=\"og:title\" content=\"Tommy Hilfiger: Moda y Legado\" \/>\n<meta property=\"og:description\" content=\"El visionario detr\u00e1s de una marca ic\u00f3nica reflexiona sobre su trayectoria, las nuevas generaciones y el impacto transformador de la moda.\" \/>\n<meta property=\"og:url\" content=\"https:\/\/graziamagazine.com\/mx\/articles\/tommy-hilfiger-moda-y-legado\/\" \/>\n<meta property=\"og:site_name\" content=\"Grazia M\u00e9xico y Latinoam\u00e9rica\" \/>\n<meta property=\"article:modified_time\" content=\"2024-12-05T04:43:09+00:00\" \/>\n<meta property=\"og:image\" content=\"https:\/\/graziamagazine.com\/mx\/wp-content\/uploads\/sites\/13\/2024\/12\/WhatsApp-Image-2024-12-04-at-18.08.23-e1733373756626.jpeg\" \/>\n\t<meta property=\"og:image:width\" content=\"1100\" \/>\n\t<meta property=\"og:image:height\" content=\"754\" \/>\n\t<meta property=\"og:image:type\" content=\"image\/jpeg\" \/>\n<meta name=\"twitter:card\" content=\"summary_large_image\" \/>\n<meta name=\"twitter:label1\" content=\"Est. reading time\" \/>\n\t<meta name=\"twitter:data1\" content=\"3 minutos\" \/>\n<script type=\"application\/ld+json\" class=\"yoast-schema-graph\">{\"@context\":\"https:\/\/schema.org\",\"@graph\":[{\"@type\":\"WebPage\",\"@id\":\"https:\/\/graziamagazine.com\/mx\/articles\/tommy-hilfiger-moda-y-legado\/\",\"url\":\"https:\/\/graziamagazine.com\/mx\/articles\/tommy-hilfiger-moda-y-legado\/\",\"name\":\"Tommy Hilfiger: Moda y Legado\",\"isPartOf\":{\"@id\":\"https:\/\/graziamagazine.com\/mx\/#website\"},\"datePublished\":\"2024-12-05T04:39:05+00:00\",\"dateModified\":\"2024-12-05T04:43:09+00:00\",\"description\":\"El visionario detr\u00e1s de una marca ic\u00f3nica reflexiona sobre su trayectoria, las nuevas generaciones y el impacto transformador de la moda.\",\"breadcrumb\":{\"@id\":\"https:\/\/graziamagazine.com\/mx\/articles\/tommy-hilfiger-moda-y-legado\/#breadcrumb\"},\"inLanguage\":\"es-MX\",\"potentialAction\":[{\"@type\":\"ReadAction\",\"target\":[\"https:\/\/graziamagazine.com\/mx\/articles\/tommy-hilfiger-moda-y-legado\/\"]}]},{\"@type\":\"BreadcrumbList\",\"@id\":\"https:\/\/graziamagazine.com\/mx\/articles\/tommy-hilfiger-moda-y-legado\/#breadcrumb\",\"itemListElement\":[{\"@type\":\"ListItem\",\"position\":1,\"name\":\"Home\",\"item\":\"https:\/\/graziamagazine.com\/mx\/\"},{\"@type\":\"ListItem\",\"position\":2,\"name\":\"Tommy Hilfiger: Moda y Legado\"}]},{\"@type\":\"WebSite\",\"@id\":\"https:\/\/graziamagazine.com\/mx\/#website\",\"url\":\"https:\/\/graziamagazine.com\/mx\/\",\"name\":\"Grazia M\u00e9xico y Latinoam\u00e9rica\",\"description\":\"Grazia es moda, belleza y noticias  de actualidad \",\"potentialAction\":[{\"@type\":\"SearchAction\",\"target\":{\"@type\":\"EntryPoint\",\"urlTemplate\":\"https:\/\/graziamagazine.com\/mx\/?s={search_term_string}\"},\"query-input\":\"required name=search_term_string\"}],\"inLanguage\":\"es-MX\"}]}<\/script>\n<!-- \/ Yoast SEO Premium plugin. -->","yoast_head_json":{"title":"Tommy Hilfiger: Moda y Legado","description":"El visionario detr\u00e1s de una marca ic\u00f3nica reflexiona sobre su trayectoria, las nuevas generaciones y el impacto transformador de la moda.","robots":{"index":"index","follow":"follow","max-snippet":"max-snippet:-1","max-image-preview":"max-image-preview:large","max-video-preview":"max-video-preview:-1"},"canonical":"https:\/\/graziamagazine.com\/mx\/articles\/tommy-hilfiger-moda-y-legado\/","og_locale":"es_MX","og_type":"article","og_title":"Tommy Hilfiger: Moda y Legado","og_description":"El visionario detr\u00e1s de una marca ic\u00f3nica reflexiona sobre su trayectoria, las nuevas generaciones y el impacto transformador de la moda.","og_url":"https:\/\/graziamagazine.com\/mx\/articles\/tommy-hilfiger-moda-y-legado\/","og_site_name":"Grazia M\u00e9xico y Latinoam\u00e9rica","article_modified_time":"2024-12-05T04:43:09+00:00","og_image":[{"width":1100,"height":754,"url":"https:\/\/graziamagazine.com\/mx\/wp-content\/uploads\/sites\/13\/2024\/12\/WhatsApp-Image-2024-12-04-at-18.08.23-e1733373756626.jpeg","type":"image\/jpeg"}],"twitter_card":"summary_large_image","twitter_misc":{"Est. reading time":"3 minutos"},"schema":{"@context":"https:\/\/schema.org","@graph":[{"@type":"WebPage","@id":"https:\/\/graziamagazine.com\/mx\/articles\/tommy-hilfiger-moda-y-legado\/","url":"https:\/\/graziamagazine.com\/mx\/articles\/tommy-hilfiger-moda-y-legado\/","name":"Tommy Hilfiger: Moda y Legado","isPartOf":{"@id":"https:\/\/graziamagazine.com\/mx\/#website"},"datePublished":"2024-12-05T04:39:05+00:00","dateModified":"2024-12-05T04:43:09+00:00","description":"El visionario detr\u00e1s de una marca ic\u00f3nica reflexiona sobre su trayectoria, las nuevas generaciones y el impacto transformador de la moda.","breadcrumb":{"@id":"https:\/\/graziamagazine.com\/mx\/articles\/tommy-hilfiger-moda-y-legado\/#breadcrumb"},"inLanguage":"es-MX","potentialAction":[{"@type":"ReadAction","target":["https:\/\/graziamagazine.com\/mx\/articles\/tommy-hilfiger-moda-y-legado\/"]}]},{"@type":"BreadcrumbList","@id":"https:\/\/graziamagazine.com\/mx\/articles\/tommy-hilfiger-moda-y-legado\/#breadcrumb","itemListElement":[{"@type":"ListItem","position":1,"name":"Home","item":"https:\/\/graziamagazine.com\/mx\/"},{"@type":"ListItem","position":2,"name":"Tommy Hilfiger: Moda y Legado"}]},{"@type":"WebSite","@id":"https:\/\/graziamagazine.com\/mx\/#website","url":"https:\/\/graziamagazine.com\/mx\/","name":"Grazia M\u00e9xico y Latinoam\u00e9rica","description":"Grazia es moda, belleza y noticias  de actualidad ","potentialAction":[{"@type":"SearchAction","target":{"@type":"EntryPoint","urlTemplate":"https:\/\/graziamagazine.com\/mx\/?s={search_term_string}"},"query-input":"required name=search_term_string"}],"inLanguage":"es-MX"}]}},"jetpack_sharing_enabled":true,"distributor_meta":false,"distributor_terms":false,"distributor_media":false,"distributor_original_site_name":"Grazia M\u00e9xico y Latinoam\u00e9rica","distributor_original_site_url":"https:\/\/graziamagazine.com\/mx","push-errors":false,"_links":{"self":[{"href":"https:\/\/graziamagazine.com\/mx\/wp-json\/wp\/v2\/articles\/144419"}],"collection":[{"href":"https:\/\/graziamagazine.com\/mx\/wp-json\/wp\/v2\/articles"}],"about":[{"href":"https:\/\/graziamagazine.com\/mx\/wp-json\/wp\/v2\/types\/articles"}],"author":[{"embeddable":true,"href":"https:\/\/graziamagazine.com\/mx\/wp-json\/wp\/v2\/users\/28953"}],"wp:featuredmedia":[{"embeddable":true,"href":"https:\/\/graziamagazine.com\/mx\/wp-json\/wp\/v2\/media\/144421"}],"wp:attachment":[{"href":"https:\/\/graziamagazine.com\/mx\/wp-json\/wp\/v2\/media?parent=144419"}],"wp:term":[{"taxonomy":"category","embeddable":true,"href":"https:\/\/graziamagazine.com\/mx\/wp-json\/wp\/v2\/categories?post=144419"}],"curies":[{"name":"wp","href":"https:\/\/api.w.org\/{rel}","templated":true}]}}