{"id":144408,"date":"2024-12-04T22:28:32","date_gmt":"2024-12-05T03:28:32","guid":{"rendered":"https:\/\/graziamagazine.com\/mx\/?post_type=articles&#038;p=144408"},"modified":"2024-12-04T22:41:15","modified_gmt":"2024-12-05T03:41:15","slug":"katya-echazarreta-liderara-primera-mision-100-latina-espacio","status":"publish","type":"articles","link":"https:\/\/graziamagazine.com\/mx\/articles\/katya-echazarreta-liderara-primera-mision-100-latina-espacio\/","title":{"rendered":"Katya Echazarreta liderar\u00e1 la primera misi\u00f3n 100% latina en el espacio"},"content":{"rendered":"<p><strong>Katya Echazarreta<\/strong> liderar\u00e1 la primera misi\u00f3n 100% latina en el espacio en un esfuerzo impulsado por el gobierno mexicano.<\/p>\n<p>Se espera que la misi\u00f3n se realice en el 2027 y las autoridades aseguraron que se trata de impulsar la industria aeroespacial mexicana.<\/p>\n<p>El anuncio fue dado a conocer por <strong>Altagracia G\u00f3mez Sierra<\/strong>, coordinadora del <strong>Consejo Asesor de Desarrollo Econ\u00f3mico Regional y Relocalizaci\u00f3n de Empresas<\/strong> (Caderr) en una conferencia de prensa de la presidenta <strong>Claudia Sheinbaum<\/strong>.<\/p>\n<figure id=\"attachment_144409\" aria-describedby=\"caption-attachment-144409\" style=\"width: 450px\" class=\"wp-caption alignnone\"><img loading=\"lazy\" decoding=\"async\" class=\"size-medium wp-image-144409\" src=\"https:\/\/graziamagazine.com\/mx\/wp-content\/uploads\/sites\/13\/2024\/12\/WhatsApp-Image-2024-12-04-at-9.37.36-PM-1-450x435.jpeg\" alt=\"\" width=\"450\" height=\"435\" srcset=\"https:\/\/graziamagazine.com\/mx\/wp-content\/uploads\/sites\/13\/2024\/12\/WhatsApp-Image-2024-12-04-at-9.37.36-PM-1-450x435.jpeg 450w, https:\/\/graziamagazine.com\/mx\/wp-content\/uploads\/sites\/13\/2024\/12\/WhatsApp-Image-2024-12-04-at-9.37.36-PM-1-1024x990.jpeg 1024w, https:\/\/graziamagazine.com\/mx\/wp-content\/uploads\/sites\/13\/2024\/12\/WhatsApp-Image-2024-12-04-at-9.37.36-PM-1-768x743.jpeg 768w, https:\/\/graziamagazine.com\/mx\/wp-content\/uploads\/sites\/13\/2024\/12\/WhatsApp-Image-2024-12-04-at-9.37.36-PM-1-400x387.jpeg 400w, https:\/\/graziamagazine.com\/mx\/wp-content\/uploads\/sites\/13\/2024\/12\/WhatsApp-Image-2024-12-04-at-9.37.36-PM-1-155x150.jpeg 155w, https:\/\/graziamagazine.com\/mx\/wp-content\/uploads\/sites\/13\/2024\/12\/WhatsApp-Image-2024-12-04-at-9.37.36-PM-1.jpeg 1125w\" sizes=\"(max-width: 450px) 100vw, 450px\" \/><figcaption id=\"caption-attachment-144409\" class=\"wp-caption-text\">Instagram<\/figcaption><\/figure>\n<p>&#8220;La industria aeroespacial [\u2026] ha crecido 14% anual durante los \u00faltimos 20 a\u00f1os. Tiene una oportunidad enorme de incorporar al sector Pyme; porque ahorita [\u2026] teniendo m\u00e1s de 400 establecimientos aeroespaciales, no hay ninguno que tenga menos de 101 trabajadores&#8221;, dijo G\u00f3mez Sierra.<\/p>\n<p>&#8220;Liderar la primera misi\u00f3n 100% latina al espacio. Esto lo haremos de la mano de la astronauta Katya&#8221;, agreg\u00f3.<\/p>\n<p>Katya naci\u00f3 en Guadalajara, Jalisco, pero vivi\u00f3 en San Diego, California desde los siete a\u00f1os.<\/p>\n<p>Estudi\u00f3 ingenier\u00eda el\u00e9ctrica en Los \u00c1ngeles y empez\u00f3 su carrera en la <strong>NASA<\/strong> como becaria para despu\u00e9s participar en varias misiones.<\/p>\n<p>Adem\u00e1s, Katy es la primera mujer mexicana en viajar al espacio pues lo hizo en el 2022 en un cohete de <strong>Blue Origin<\/strong> en 2022 propiedad de <strong>Jeff Bezos<\/strong>.<\/p>\n<figure id=\"attachment_144410\" aria-describedby=\"caption-attachment-144410\" style=\"width: 450px\" class=\"wp-caption alignnone\"><img loading=\"lazy\" decoding=\"async\" class=\"size-medium wp-image-144410\" src=\"https:\/\/graziamagazine.com\/mx\/wp-content\/uploads\/sites\/13\/2024\/12\/WhatsApp-Image-2024-12-04-at-9.37.36-PM-2-450x436.jpeg\" alt=\"\" width=\"450\" height=\"436\" srcset=\"https:\/\/graziamagazine.com\/mx\/wp-content\/uploads\/sites\/13\/2024\/12\/WhatsApp-Image-2024-12-04-at-9.37.36-PM-2-450x436.jpeg 450w, https:\/\/graziamagazine.com\/mx\/wp-content\/uploads\/sites\/13\/2024\/12\/WhatsApp-Image-2024-12-04-at-9.37.36-PM-2-1024x993.jpeg 1024w, https:\/\/graziamagazine.com\/mx\/wp-content\/uploads\/sites\/13\/2024\/12\/WhatsApp-Image-2024-12-04-at-9.37.36-PM-2-768x745.jpeg 768w, https:\/\/graziamagazine.com\/mx\/wp-content\/uploads\/sites\/13\/2024\/12\/WhatsApp-Image-2024-12-04-at-9.37.36-PM-2-400x388.jpeg 400w, https:\/\/graziamagazine.com\/mx\/wp-content\/uploads\/sites\/13\/2024\/12\/WhatsApp-Image-2024-12-04-at-9.37.36-PM-2-155x150.jpeg 155w, https:\/\/graziamagazine.com\/mx\/wp-content\/uploads\/sites\/13\/2024\/12\/WhatsApp-Image-2024-12-04-at-9.37.36-PM-2.jpeg 1125w\" sizes=\"(max-width: 450px) 100vw, 450px\" \/><figcaption id=\"caption-attachment-144410\" class=\"wp-caption-text\">Instagram<\/figcaption><\/figure>\n<p>Hasta el momento no se sabe qu\u00e9 tipo de misi\u00f3n tripular\u00e1 Katya, si se trata de una sonda espacial, un sat\u00e9lite o una misi\u00f3n tripulada.<\/p>\n<p>La astronauta public\u00f3 la noticia en sus redes sociales este 27 de noviembre. &#8220;\u00a1Estamos listos!&#8221;, escribi\u00f3.<\/p>\n","protected":false},"author":36289,"featured_media":144411,"template":"","format":"standard","categories":[12483],"acf":[],"yoast_head":"<!-- This site is optimized with the Yoast SEO Premium plugin v18.5 (Yoast SEO v20.4) - https:\/\/yoast.com\/wordpress\/plugins\/seo\/ -->\n<title>Katya Echazarreta liderar\u00e1 la primera misi\u00f3n 100% latina en el espacio | Grazia M\u00e9xico y Latinoam\u00e9rica<\/title>\n<meta name=\"description\" content=\"Katya Echazarreta liderar\u00e1 la primera misi\u00f3n 100% latina en el espacio en un esfuerzo impulsado por el gobierno mexicano. Se espera que la misi\u00f3n se\" \/>\n<meta name=\"robots\" content=\"index, follow, max-snippet:-1, max-image-preview:large, max-video-preview:-1\" \/>\n<link rel=\"canonical\" href=\"https:\/\/graziamagazine.com\/mx\/articles\/katya-echazarreta-liderara-primera-mision-100-latina-espacio\/\" \/>\n<meta property=\"og:locale\" content=\"es_MX\" \/>\n<meta property=\"og:type\" content=\"article\" \/>\n<meta property=\"og:title\" content=\"Katya Echazarreta liderar\u00e1 la primera misi\u00f3n 100% latina en el espacio\" \/>\n<meta property=\"og:description\" content=\"Katya Echazarreta liderar\u00e1 la primera misi\u00f3n 100% latina en el espacio en un esfuerzo impulsado por el gobierno mexicano. Se espera que la misi\u00f3n se\" \/>\n<meta property=\"og:url\" content=\"https:\/\/graziamagazine.com\/mx\/articles\/katya-echazarreta-liderara-primera-mision-100-latina-espacio\/\" \/>\n<meta property=\"og:site_name\" content=\"Grazia M\u00e9xico y Latinoam\u00e9rica\" \/>\n<meta property=\"article:modified_time\" content=\"2024-12-05T03:41:15+00:00\" \/>\n<meta property=\"og:image\" content=\"https:\/\/graziamagazine.com\/mx\/wp-content\/uploads\/sites\/13\/2024\/12\/WhatsApp-Image-2024-12-04-at-9.37.36-PM-e1733369980267.jpeg\" \/>\n\t<meta property=\"og:image:width\" content=\"1125\" \/>\n\t<meta property=\"og:image:height\" content=\"720\" \/>\n\t<meta property=\"og:image:type\" content=\"image\/jpeg\" \/>\n<meta name=\"twitter:card\" content=\"summary_large_image\" \/>\n<meta name=\"twitter:label1\" content=\"Est. reading time\" \/>\n\t<meta name=\"twitter:data1\" content=\"2 minutos\" \/>\n<script type=\"application\/ld+json\" class=\"yoast-schema-graph\">{\"@context\":\"https:\/\/schema.org\",\"@graph\":[{\"@type\":\"WebPage\",\"@id\":\"https:\/\/graziamagazine.com\/mx\/articles\/katya-echazarreta-liderara-primera-mision-100-latina-espacio\/\",\"url\":\"https:\/\/graziamagazine.com\/mx\/articles\/katya-echazarreta-liderara-primera-mision-100-latina-espacio\/\",\"name\":\"Katya Echazarreta liderar\u00e1 la primera misi\u00f3n 100% latina en el espacio | Grazia M\u00e9xico y Latinoam\u00e9rica\",\"isPartOf\":{\"@id\":\"https:\/\/graziamagazine.com\/mx\/#website\"},\"datePublished\":\"2024-12-05T03:28:32+00:00\",\"dateModified\":\"2024-12-05T03:41:15+00:00\",\"description\":\"Katya Echazarreta liderar\u00e1 la primera misi\u00f3n 100% latina en el espacio en un esfuerzo impulsado por el gobierno mexicano. Se espera que la misi\u00f3n se\",\"breadcrumb\":{\"@id\":\"https:\/\/graziamagazine.com\/mx\/articles\/katya-echazarreta-liderara-primera-mision-100-latina-espacio\/#breadcrumb\"},\"inLanguage\":\"es-MX\",\"potentialAction\":[{\"@type\":\"ReadAction\",\"target\":[\"https:\/\/graziamagazine.com\/mx\/articles\/katya-echazarreta-liderara-primera-mision-100-latina-espacio\/\"]}]},{\"@type\":\"BreadcrumbList\",\"@id\":\"https:\/\/graziamagazine.com\/mx\/articles\/katya-echazarreta-liderara-primera-mision-100-latina-espacio\/#breadcrumb\",\"itemListElement\":[{\"@type\":\"ListItem\",\"position\":1,\"name\":\"Home\",\"item\":\"https:\/\/graziamagazine.com\/mx\/\"},{\"@type\":\"ListItem\",\"position\":2,\"name\":\"Katya Echazarreta liderar\u00e1 la primera misi\u00f3n 100% latina en el espacio\"}]},{\"@type\":\"WebSite\",\"@id\":\"https:\/\/graziamagazine.com\/mx\/#website\",\"url\":\"https:\/\/graziamagazine.com\/mx\/\",\"name\":\"Grazia M\u00e9xico y Latinoam\u00e9rica\",\"description\":\"Grazia es moda, belleza y noticias  de actualidad \",\"potentialAction\":[{\"@type\":\"SearchAction\",\"target\":{\"@type\":\"EntryPoint\",\"urlTemplate\":\"https:\/\/graziamagazine.com\/mx\/?s={search_term_string}\"},\"query-input\":\"required name=search_term_string\"}],\"inLanguage\":\"es-MX\"}]}<\/script>\n<!-- \/ Yoast SEO Premium plugin. -->","yoast_head_json":{"title":"Katya Echazarreta liderar\u00e1 la primera misi\u00f3n 100% latina en el espacio | Grazia M\u00e9xico y Latinoam\u00e9rica","description":"Katya Echazarreta liderar\u00e1 la primera misi\u00f3n 100% latina en el espacio en un esfuerzo impulsado por el gobierno mexicano. Se espera que la misi\u00f3n se","robots":{"index":"index","follow":"follow","max-snippet":"max-snippet:-1","max-image-preview":"max-image-preview:large","max-video-preview":"max-video-preview:-1"},"canonical":"https:\/\/graziamagazine.com\/mx\/articles\/katya-echazarreta-liderara-primera-mision-100-latina-espacio\/","og_locale":"es_MX","og_type":"article","og_title":"Katya Echazarreta liderar\u00e1 la primera misi\u00f3n 100% latina en el espacio","og_description":"Katya Echazarreta liderar\u00e1 la primera misi\u00f3n 100% latina en el espacio en un esfuerzo impulsado por el gobierno mexicano. Se espera que la misi\u00f3n se","og_url":"https:\/\/graziamagazine.com\/mx\/articles\/katya-echazarreta-liderara-primera-mision-100-latina-espacio\/","og_site_name":"Grazia M\u00e9xico y Latinoam\u00e9rica","article_modified_time":"2024-12-05T03:41:15+00:00","og_image":[{"width":1125,"height":720,"url":"https:\/\/graziamagazine.com\/mx\/wp-content\/uploads\/sites\/13\/2024\/12\/WhatsApp-Image-2024-12-04-at-9.37.36-PM-e1733369980267.jpeg","type":"image\/jpeg"}],"twitter_card":"summary_large_image","twitter_misc":{"Est. reading time":"2 minutos"},"schema":{"@context":"https:\/\/schema.org","@graph":[{"@type":"WebPage","@id":"https:\/\/graziamagazine.com\/mx\/articles\/katya-echazarreta-liderara-primera-mision-100-latina-espacio\/","url":"https:\/\/graziamagazine.com\/mx\/articles\/katya-echazarreta-liderara-primera-mision-100-latina-espacio\/","name":"Katya Echazarreta liderar\u00e1 la primera misi\u00f3n 100% latina en el espacio | Grazia M\u00e9xico y Latinoam\u00e9rica","isPartOf":{"@id":"https:\/\/graziamagazine.com\/mx\/#website"},"datePublished":"2024-12-05T03:28:32+00:00","dateModified":"2024-12-05T03:41:15+00:00","description":"Katya Echazarreta liderar\u00e1 la primera misi\u00f3n 100% latina en el espacio en un esfuerzo impulsado por el gobierno mexicano. Se espera que la misi\u00f3n se","breadcrumb":{"@id":"https:\/\/graziamagazine.com\/mx\/articles\/katya-echazarreta-liderara-primera-mision-100-latina-espacio\/#breadcrumb"},"inLanguage":"es-MX","potentialAction":[{"@type":"ReadAction","target":["https:\/\/graziamagazine.com\/mx\/articles\/katya-echazarreta-liderara-primera-mision-100-latina-espacio\/"]}]},{"@type":"BreadcrumbList","@id":"https:\/\/graziamagazine.com\/mx\/articles\/katya-echazarreta-liderara-primera-mision-100-latina-espacio\/#breadcrumb","itemListElement":[{"@type":"ListItem","position":1,"name":"Home","item":"https:\/\/graziamagazine.com\/mx\/"},{"@type":"ListItem","position":2,"name":"Katya Echazarreta liderar\u00e1 la primera misi\u00f3n 100% latina en el espacio"}]},{"@type":"WebSite","@id":"https:\/\/graziamagazine.com\/mx\/#website","url":"https:\/\/graziamagazine.com\/mx\/","name":"Grazia M\u00e9xico y Latinoam\u00e9rica","description":"Grazia es moda, belleza y noticias  de actualidad ","potentialAction":[{"@type":"SearchAction","target":{"@type":"EntryPoint","urlTemplate":"https:\/\/graziamagazine.com\/mx\/?s={search_term_string}"},"query-input":"required name=search_term_string"}],"inLanguage":"es-MX"}]}},"jetpack_sharing_enabled":true,"distributor_meta":false,"distributor_terms":false,"distributor_media":false,"distributor_original_site_name":"Grazia M\u00e9xico y Latinoam\u00e9rica","distributor_original_site_url":"https:\/\/graziamagazine.com\/mx","push-errors":false,"_links":{"self":[{"href":"https:\/\/graziamagazine.com\/mx\/wp-json\/wp\/v2\/articles\/144408"}],"collection":[{"href":"https:\/\/graziamagazine.com\/mx\/wp-json\/wp\/v2\/articles"}],"about":[{"href":"https:\/\/graziamagazine.com\/mx\/wp-json\/wp\/v2\/types\/articles"}],"author":[{"embeddable":true,"href":"https:\/\/graziamagazine.com\/mx\/wp-json\/wp\/v2\/users\/36289"}],"wp:featuredmedia":[{"embeddable":true,"href":"https:\/\/graziamagazine.com\/mx\/wp-json\/wp\/v2\/media\/144411"}],"wp:attachment":[{"href":"https:\/\/graziamagazine.com\/mx\/wp-json\/wp\/v2\/media?parent=144408"}],"wp:term":[{"taxonomy":"category","embeddable":true,"href":"https:\/\/graziamagazine.com\/mx\/wp-json\/wp\/v2\/categories?post=144408"}],"curies":[{"name":"wp","href":"https:\/\/api.w.org\/{rel}","templated":true}]}}