{"id":144238,"date":"2024-11-29T09:00:11","date_gmt":"2024-11-29T14:00:11","guid":{"rendered":"https:\/\/graziamagazine.com\/mx\/?post_type=articles&#038;p=144238"},"modified":"2024-11-29T06:31:19","modified_gmt":"2024-11-29T11:31:19","slug":"australia-primer-pais-en-prohibir-las-redes-sociales-a-los-menores-de-16-anos","status":"publish","type":"articles","link":"https:\/\/graziamagazine.com\/mx\/articles\/australia-primer-pais-en-prohibir-las-redes-sociales-a-los-menores-de-16-anos\/","title":{"rendered":"Australia, primer pa\u00eds en prohibir las Redes Sociales a los menores de 16 a\u00f1os"},"content":{"rendered":"<p>En un movimiento sin precedentes para proteger la privacidad y la salud mental de los j\u00f3venes, Australia ha anunciado la prohibici\u00f3n del uso de redes sociales para menores de 16 a\u00f1os. Esta medida busca abordar las crecientes preocupaciones sobre la exposici\u00f3n de los menores a contenidos inapropiados, el impacto en su bienestar psicol\u00f3gico y los riesgos asociados al uso indiscriminado de las plataformas digitales.<\/p>\n<h3><strong>\u00bfQu\u00e9 implica la prohibici\u00f3n?<\/strong><\/h3>\n<p>El gobierno australiano ha implementado nuevas regulaciones que proh\u00edben a menores de 16 a\u00f1os crear cuentas en redes sociales como Instagram, TikTok, Snapchat o Facebook sin el consentimiento expl\u00edcito de sus padres o tutores.<\/p>\n<p>Las empresas de redes sociales estar\u00e1n obligadas a verificar la edad de los usuarios mediante procesos m\u00e1s estrictos, como el uso de identificaciones verificables. Adem\u00e1s, estas plataformas enfrentar\u00e1n sanciones significativas si no cumplen con las normativas, incluyendo multas millonarias y restricciones operativas.<\/p>\n<h3><strong>Razones detr\u00e1s de la decisi\u00f3n<\/strong><\/h3>\n<p><strong>Protecci\u00f3n de la privacidad<\/strong><br \/>\nLos menores son especialmente vulnerables a la recopilaci\u00f3n masiva de datos por parte de las redes sociales. El gobierno busca reducir el riesgo de explotaci\u00f3n comercial y proteger la informaci\u00f3n personal de los m\u00e1s j\u00f3venes.<\/p>\n<p><strong>Prevenci\u00f3n del impacto psicol\u00f3gico<\/strong><br \/>\nEstudios recientes han vinculado el uso excesivo de redes sociales con problemas como ansiedad, depresi\u00f3n y baja autoestima en adolescentes. La prohibici\u00f3n intenta mitigar estos efectos, limitando su exposici\u00f3n a din\u00e1micas de comparaci\u00f3n social y ciberacoso.<\/p>\n<p><strong>Control de contenidos inapropiados<\/strong><br \/>\nLas plataformas no siempre filtran adecuadamente los contenidos sensibles o peligrosos. Limitar el acceso de los menores reduce la posibilidad de que se enfrenten a im\u00e1genes, v\u00eddeos o mensajes que no son adecuados para su edad.<\/p>\n<p><strong>Promoci\u00f3n de h\u00e1bitos saludables<\/strong><br \/>\nAl restringir el tiempo frente a las pantallas, se fomenta que los menores desarrollen actividades alternativas, como el ejercicio f\u00edsico, la lectura o el tiempo en familia, fundamentales para su desarrollo integral.<\/p>\n<h3><strong>Reacciones ante la medida<\/strong><\/h3>\n<p>La prohibici\u00f3n ha generado opiniones divididas. Mientras algunos expertos, padres y organizaciones aplauden esta decisi\u00f3n como un paso hacia una mayor seguridad digital, otros la critican por considerar que podr\u00eda ser dif\u00edcil de aplicar y representar un l\u00edmite a la autonom\u00eda de los adolescentes en un mundo cada vez m\u00e1s conectado.<\/p>\n<p>Las plataformas tecnol\u00f3gicas tambi\u00e9n han expresado preocupaci\u00f3n sobre los retos t\u00e9cnicos y financieros que conllevar\u00e1 la implementaci\u00f3n de los sistemas de verificaci\u00f3n de edad. Sin embargo, el gobierno australiano mantiene su postura firme, destacando que la prioridad es el bienestar de los j\u00f3venes.<\/p>\n<h3><strong>Consecuencias para las redes sociales y la sociedad<\/strong><\/h3>\n<p>Con esta medida, Australia se posiciona como un referente global en la regulaci\u00f3n del acceso de menores a las redes sociales, un tema que muchos pa\u00edses est\u00e1n comenzando a considerar. Si la iniciativa tiene \u00e9xito, podr\u00eda inspirar a otras naciones a adoptar medidas similares.<\/p>\n<p>Por otro lado, los adolescentes australianos tendr\u00e1n que adaptarse a un entorno digital m\u00e1s restringido, lo que plantea un debate sobre c\u00f3mo equilibrar la protecci\u00f3n infantil con la alfabetizaci\u00f3n digital y el acceso a la informaci\u00f3n.<\/p>\n<p><em>*Imagen: Pexels<\/em><\/p>\n","protected":false},"author":11653,"featured_media":144239,"template":"","format":"standard","categories":[12483],"acf":[],"yoast_head":"<!-- This site is optimized with the Yoast SEO Premium plugin v18.5 (Yoast SEO v20.4) - https:\/\/yoast.com\/wordpress\/plugins\/seo\/ -->\n<title>Australia, primer pa\u00eds en prohibir las Redes Sociales a los menores<\/title>\n<meta name=\"description\" content=\"Las multas, muy elevadas, recaer\u00e1n sobre las plataformas y no sobre los usuarios. De momento YouTube, por &quot;bajo riesgo&quot;, se queda fuera.\" \/>\n<meta name=\"robots\" content=\"index, follow, max-snippet:-1, max-image-preview:large, max-video-preview:-1\" \/>\n<link rel=\"canonical\" href=\"https:\/\/graziamagazine.com\/mx\/articles\/australia-primer-pais-en-prohibir-las-redes-sociales-a-los-menores-de-16-anos\/\" \/>\n<meta property=\"og:locale\" content=\"es_MX\" \/>\n<meta property=\"og:type\" content=\"article\" \/>\n<meta property=\"og:title\" content=\"Australia, primer pa\u00eds en prohibir las Redes Sociales a los menores de 16 a\u00f1os\" \/>\n<meta property=\"og:description\" content=\"Las multas, muy elevadas, recaer\u00e1n sobre las plataformas y no sobre los usuarios. De momento YouTube, por &quot;bajo riesgo&quot;, se queda fuera.\" \/>\n<meta property=\"og:url\" content=\"https:\/\/graziamagazine.com\/mx\/articles\/australia-primer-pais-en-prohibir-las-redes-sociales-a-los-menores-de-16-anos\/\" \/>\n<meta property=\"og:site_name\" content=\"Grazia M\u00e9xico y Latinoam\u00e9rica\" \/>\n<meta property=\"article:modified_time\" content=\"2024-11-29T11:31:19+00:00\" \/>\n<meta property=\"og:image\" content=\"https:\/\/graziamagazine.com\/mx\/wp-content\/uploads\/sites\/13\/2024\/11\/pexels-vanessa-loring-7869451.jpg\" \/>\n\t<meta property=\"og:image:width\" content=\"1920\" \/>\n\t<meta property=\"og:image:height\" content=\"1280\" \/>\n\t<meta property=\"og:image:type\" content=\"image\/jpeg\" \/>\n<meta name=\"twitter:card\" content=\"summary_large_image\" \/>\n<meta name=\"twitter:label1\" content=\"Est. reading time\" \/>\n\t<meta name=\"twitter:data1\" content=\"3 minutos\" \/>\n<script type=\"application\/ld+json\" class=\"yoast-schema-graph\">{\"@context\":\"https:\/\/schema.org\",\"@graph\":[{\"@type\":\"WebPage\",\"@id\":\"https:\/\/graziamagazine.com\/mx\/articles\/australia-primer-pais-en-prohibir-las-redes-sociales-a-los-menores-de-16-anos\/\",\"url\":\"https:\/\/graziamagazine.com\/mx\/articles\/australia-primer-pais-en-prohibir-las-redes-sociales-a-los-menores-de-16-anos\/\",\"name\":\"Australia, primer pa\u00eds en prohibir las Redes Sociales a los menores\",\"isPartOf\":{\"@id\":\"https:\/\/graziamagazine.com\/mx\/#website\"},\"datePublished\":\"2024-11-29T14:00:11+00:00\",\"dateModified\":\"2024-11-29T11:31:19+00:00\",\"description\":\"Las multas, muy elevadas, recaer\u00e1n sobre las plataformas y no sobre los usuarios. De momento YouTube, por \\\"bajo riesgo\\\", se queda fuera.\",\"breadcrumb\":{\"@id\":\"https:\/\/graziamagazine.com\/mx\/articles\/australia-primer-pais-en-prohibir-las-redes-sociales-a-los-menores-de-16-anos\/#breadcrumb\"},\"inLanguage\":\"es-MX\",\"potentialAction\":[{\"@type\":\"ReadAction\",\"target\":[\"https:\/\/graziamagazine.com\/mx\/articles\/australia-primer-pais-en-prohibir-las-redes-sociales-a-los-menores-de-16-anos\/\"]}]},{\"@type\":\"BreadcrumbList\",\"@id\":\"https:\/\/graziamagazine.com\/mx\/articles\/australia-primer-pais-en-prohibir-las-redes-sociales-a-los-menores-de-16-anos\/#breadcrumb\",\"itemListElement\":[{\"@type\":\"ListItem\",\"position\":1,\"name\":\"Home\",\"item\":\"https:\/\/graziamagazine.com\/mx\/\"},{\"@type\":\"ListItem\",\"position\":2,\"name\":\"Australia, primer pa\u00eds en prohibir las Redes Sociales a los menores de 16 a\u00f1os\"}]},{\"@type\":\"WebSite\",\"@id\":\"https:\/\/graziamagazine.com\/mx\/#website\",\"url\":\"https:\/\/graziamagazine.com\/mx\/\",\"name\":\"Grazia M\u00e9xico y Latinoam\u00e9rica\",\"description\":\"Grazia es moda, belleza y noticias  de actualidad \",\"potentialAction\":[{\"@type\":\"SearchAction\",\"target\":{\"@type\":\"EntryPoint\",\"urlTemplate\":\"https:\/\/graziamagazine.com\/mx\/?s={search_term_string}\"},\"query-input\":\"required name=search_term_string\"}],\"inLanguage\":\"es-MX\"}]}<\/script>\n<!-- \/ Yoast SEO Premium plugin. -->","yoast_head_json":{"title":"Australia, primer pa\u00eds en prohibir las Redes Sociales a los menores","description":"Las multas, muy elevadas, recaer\u00e1n sobre las plataformas y no sobre los usuarios. De momento YouTube, por \"bajo riesgo\", se queda fuera.","robots":{"index":"index","follow":"follow","max-snippet":"max-snippet:-1","max-image-preview":"max-image-preview:large","max-video-preview":"max-video-preview:-1"},"canonical":"https:\/\/graziamagazine.com\/mx\/articles\/australia-primer-pais-en-prohibir-las-redes-sociales-a-los-menores-de-16-anos\/","og_locale":"es_MX","og_type":"article","og_title":"Australia, primer pa\u00eds en prohibir las Redes Sociales a los menores de 16 a\u00f1os","og_description":"Las multas, muy elevadas, recaer\u00e1n sobre las plataformas y no sobre los usuarios. De momento YouTube, por \"bajo riesgo\", se queda fuera.","og_url":"https:\/\/graziamagazine.com\/mx\/articles\/australia-primer-pais-en-prohibir-las-redes-sociales-a-los-menores-de-16-anos\/","og_site_name":"Grazia M\u00e9xico y Latinoam\u00e9rica","article_modified_time":"2024-11-29T11:31:19+00:00","og_image":[{"width":1920,"height":1280,"url":"https:\/\/graziamagazine.com\/mx\/wp-content\/uploads\/sites\/13\/2024\/11\/pexels-vanessa-loring-7869451.jpg","type":"image\/jpeg"}],"twitter_card":"summary_large_image","twitter_misc":{"Est. reading time":"3 minutos"},"schema":{"@context":"https:\/\/schema.org","@graph":[{"@type":"WebPage","@id":"https:\/\/graziamagazine.com\/mx\/articles\/australia-primer-pais-en-prohibir-las-redes-sociales-a-los-menores-de-16-anos\/","url":"https:\/\/graziamagazine.com\/mx\/articles\/australia-primer-pais-en-prohibir-las-redes-sociales-a-los-menores-de-16-anos\/","name":"Australia, primer pa\u00eds en prohibir las Redes Sociales a los menores","isPartOf":{"@id":"https:\/\/graziamagazine.com\/mx\/#website"},"datePublished":"2024-11-29T14:00:11+00:00","dateModified":"2024-11-29T11:31:19+00:00","description":"Las multas, muy elevadas, recaer\u00e1n sobre las plataformas y no sobre los usuarios. De momento YouTube, por \"bajo riesgo\", se queda fuera.","breadcrumb":{"@id":"https:\/\/graziamagazine.com\/mx\/articles\/australia-primer-pais-en-prohibir-las-redes-sociales-a-los-menores-de-16-anos\/#breadcrumb"},"inLanguage":"es-MX","potentialAction":[{"@type":"ReadAction","target":["https:\/\/graziamagazine.com\/mx\/articles\/australia-primer-pais-en-prohibir-las-redes-sociales-a-los-menores-de-16-anos\/"]}]},{"@type":"BreadcrumbList","@id":"https:\/\/graziamagazine.com\/mx\/articles\/australia-primer-pais-en-prohibir-las-redes-sociales-a-los-menores-de-16-anos\/#breadcrumb","itemListElement":[{"@type":"ListItem","position":1,"name":"Home","item":"https:\/\/graziamagazine.com\/mx\/"},{"@type":"ListItem","position":2,"name":"Australia, primer pa\u00eds en prohibir las Redes Sociales a los menores de 16 a\u00f1os"}]},{"@type":"WebSite","@id":"https:\/\/graziamagazine.com\/mx\/#website","url":"https:\/\/graziamagazine.com\/mx\/","name":"Grazia M\u00e9xico y Latinoam\u00e9rica","description":"Grazia es moda, belleza y noticias  de actualidad ","potentialAction":[{"@type":"SearchAction","target":{"@type":"EntryPoint","urlTemplate":"https:\/\/graziamagazine.com\/mx\/?s={search_term_string}"},"query-input":"required name=search_term_string"}],"inLanguage":"es-MX"}]}},"jetpack_sharing_enabled":true,"distributor_meta":false,"distributor_terms":false,"distributor_media":false,"distributor_original_site_name":"Grazia M\u00e9xico y Latinoam\u00e9rica","distributor_original_site_url":"https:\/\/graziamagazine.com\/mx","push-errors":false,"_links":{"self":[{"href":"https:\/\/graziamagazine.com\/mx\/wp-json\/wp\/v2\/articles\/144238"}],"collection":[{"href":"https:\/\/graziamagazine.com\/mx\/wp-json\/wp\/v2\/articles"}],"about":[{"href":"https:\/\/graziamagazine.com\/mx\/wp-json\/wp\/v2\/types\/articles"}],"author":[{"embeddable":true,"href":"https:\/\/graziamagazine.com\/mx\/wp-json\/wp\/v2\/users\/11653"}],"wp:featuredmedia":[{"embeddable":true,"href":"https:\/\/graziamagazine.com\/mx\/wp-json\/wp\/v2\/media\/144239"}],"wp:attachment":[{"href":"https:\/\/graziamagazine.com\/mx\/wp-json\/wp\/v2\/media?parent=144238"}],"wp:term":[{"taxonomy":"category","embeddable":true,"href":"https:\/\/graziamagazine.com\/mx\/wp-json\/wp\/v2\/categories?post=144238"}],"curies":[{"name":"wp","href":"https:\/\/api.w.org\/{rel}","templated":true}]}}