{"id":144010,"date":"2024-11-25T15:07:59","date_gmt":"2024-11-25T20:07:59","guid":{"rendered":"https:\/\/graziamagazine.com\/mx\/?post_type=articles&#038;p=144010"},"modified":"2024-11-25T15:46:32","modified_gmt":"2024-11-25T20:46:32","slug":"vestidos-iconicos-adele","status":"publish","type":"articles","link":"https:\/\/graziamagazine.com\/mx\/articles\/vestidos-iconicos-adele\/","title":{"rendered":"Estas son las marcas y atuendos en negro total de Adele en sus conciertos"},"content":{"rendered":"<p><strong>Adele<\/strong> es una de las cantantes m\u00e1s talentosas del mundo y sus conciertos se caracterizan por erizar la piel cada canci\u00f3n que entona. Sin embargo, tambi\u00e9n ha sorprendido con <strong>los atuendos<\/strong>, casi siempre negros, que usa para sus conciertos. Estos son los vestidos m\u00e1s <strong>ic\u00f3nicos<\/strong> de Adele en sus conciertos<\/p>\n<p>&nbsp;<\/p>\n<h3>Chloe<\/h3>\n<p>Este vestido fue hecho a medida para Adele y la estilista fue <strong>Jamie Mizrahi<\/strong> o mejor conocida en redes sociales como sweetbabyjamie.<\/p>\n<p>Se trata de un vestido negro con mangas holgadas y <strong>piedras negras<\/strong> que eligi\u00f3 para cerrar sus conciertos en su residencia de Las Vegas.<\/p>\n<p>&nbsp;<\/p>\n<figure id=\"attachment_144015\" aria-describedby=\"caption-attachment-144015\" style=\"width: 412px\" class=\"wp-caption alignnone\"><img loading=\"lazy\" decoding=\"async\" class=\"size-medium wp-image-144015\" src=\"https:\/\/graziamagazine.com\/mx\/wp-content\/uploads\/sites\/13\/2024\/11\/WhatsApp-Image-2024-11-25-at-2.01.50-PM-412x450.jpeg\" alt=\"\" width=\"412\" height=\"450\" srcset=\"https:\/\/graziamagazine.com\/mx\/wp-content\/uploads\/sites\/13\/2024\/11\/WhatsApp-Image-2024-11-25-at-2.01.50-PM-412x450.jpeg 412w, https:\/\/graziamagazine.com\/mx\/wp-content\/uploads\/sites\/13\/2024\/11\/WhatsApp-Image-2024-11-25-at-2.01.50-PM-400x437.jpeg 400w, https:\/\/graziamagazine.com\/mx\/wp-content\/uploads\/sites\/13\/2024\/11\/WhatsApp-Image-2024-11-25-at-2.01.50-PM-155x169.jpeg 155w, https:\/\/graziamagazine.com\/mx\/wp-content\/uploads\/sites\/13\/2024\/11\/WhatsApp-Image-2024-11-25-at-2.01.50-PM.jpeg 518w\" sizes=\"(max-width: 412px) 100vw, 412px\" \/><figcaption id=\"caption-attachment-144015\" class=\"wp-caption-text\">Chloe &#8211; Instagram Adele<\/figcaption><\/figure>\n<p>&nbsp;<\/p>\n<h3>Louis Vuitton<\/h3>\n<p>Este atuendo se convirti\u00f3 en uno de sus vestidos ic\u00f3nidos que Adele us\u00f3 en la s\u00e9ptima noche de sus conciertos en Munich el pasado 24 de agosto. Fue hecho a medida por <strong>Nicolas Ghesquiere<\/strong> con detalles en dorado.<\/p>\n<figure id=\"attachment_144016\" aria-describedby=\"caption-attachment-144016\" style=\"width: 450px\" class=\"wp-caption alignnone\"><img loading=\"lazy\" decoding=\"async\" class=\"size-medium wp-image-144016\" src=\"https:\/\/graziamagazine.com\/mx\/wp-content\/uploads\/sites\/13\/2024\/11\/WhatsApp-Image-2024-11-25-at-2.01.28-PM-450x285.jpeg\" alt=\"\" width=\"450\" height=\"285\" srcset=\"https:\/\/graziamagazine.com\/mx\/wp-content\/uploads\/sites\/13\/2024\/11\/WhatsApp-Image-2024-11-25-at-2.01.28-PM-450x285.jpeg 450w, https:\/\/graziamagazine.com\/mx\/wp-content\/uploads\/sites\/13\/2024\/11\/WhatsApp-Image-2024-11-25-at-2.01.28-PM-400x253.jpeg 400w, https:\/\/graziamagazine.com\/mx\/wp-content\/uploads\/sites\/13\/2024\/11\/WhatsApp-Image-2024-11-25-at-2.01.28-PM-155x98.jpeg 155w, https:\/\/graziamagazine.com\/mx\/wp-content\/uploads\/sites\/13\/2024\/11\/WhatsApp-Image-2024-11-25-at-2.01.28-PM.jpeg 546w\" sizes=\"(max-width: 450px) 100vw, 450px\" \/><figcaption id=\"caption-attachment-144016\" class=\"wp-caption-text\">Louis Vuitton &#8211; Instagram Adele<\/figcaption><\/figure>\n<p>&nbsp;<\/p>\n<h3>DIOR<\/h3>\n<p>Este es de los pocos vestidos que no son negros, pero sin duda, uno de los m\u00e1s espectaculares. Lo us\u00f3 en la noche dos de los conciertos de Munich el pasado 4 de agosto.<\/p>\n<p><strong>Con una cola hasta el suelo<\/strong> con forro de color rosa p\u00e1lido, el vestido <strong>azul marino<\/strong> fue todo un \u00e9xito y se gan\u00f3 ser uno de los m\u00e1s ic\u00f3nicos de sus conciertos recientes.<\/p>\n<div class=\"content-gallery\"><div class=\"gallery-placeholder\"><div class=\"spinner\"><\/div><\/div><span class=\"gallery-pagination\"><\/span><div id=\"gallery-1\" class=\"gallery galleryid-144010 gallery-columns- gallery-size-\"><figure class=\"gallery-item\"><div class=\"gallery-icon landscape\"><img loading=\"lazy\" decoding=\"async\" width=\"392\" height=\"535\" src=\"https:\/\/graziamagazine.com\/mx\/wp-content\/uploads\/sites\/13\/2024\/11\/WhatsApp-Image-2024-11-25-at-2.03.09-PM.jpeg\" class=\"lazy\" alt=\"\" srcset=\"https:\/\/graziamagazine.com\/mx\/wp-content\/uploads\/sites\/13\/2024\/11\/WhatsApp-Image-2024-11-25-at-2.03.09-PM.jpeg 392w, https:\/\/graziamagazine.com\/mx\/wp-content\/uploads\/sites\/13\/2024\/11\/WhatsApp-Image-2024-11-25-at-2.03.09-PM-330x450.jpeg 330w, https:\/\/graziamagazine.com\/mx\/wp-content\/uploads\/sites\/13\/2024\/11\/WhatsApp-Image-2024-11-25-at-2.03.09-PM-155x212.jpeg 155w\" sizes=\"(max-width: 392px) 100vw, 392px\" \/><\/div><figcaption class=\"wp-caption-text gallery-caption\" id=\"gallery-1-144014\">DIOR - Instagram Adele<\/figcaption><\/figure><figure class=\"gallery-item\"><div class=\"gallery-icon landscape\"><img loading=\"lazy\" decoding=\"async\" width=\"392\" height=\"549\" src=\"https:\/\/graziamagazine.com\/mx\/wp-content\/uploads\/sites\/13\/2024\/11\/WhatsApp-Image-2024-11-25-at-2.03.38-PM.jpeg\" class=\"lazy\" alt=\"\" srcset=\"https:\/\/graziamagazine.com\/mx\/wp-content\/uploads\/sites\/13\/2024\/11\/WhatsApp-Image-2024-11-25-at-2.03.38-PM.jpeg 392w, https:\/\/graziamagazine.com\/mx\/wp-content\/uploads\/sites\/13\/2024\/11\/WhatsApp-Image-2024-11-25-at-2.03.38-PM-321x450.jpeg 321w\" sizes=\"(max-width: 392px) 100vw, 392px\" \/><\/div><figcaption class=\"wp-caption-text gallery-caption\" id=\"gallery-1-144013\">DIOR - Instagram Adele<\/figcaption><\/figure><\/div><\/div>\n<p>&nbsp;<\/p>\n<h3>Schiaparelli<\/h3>\n<p>Este vestido lo us\u00f3 en julio del 2022, pero se qued\u00f3 en la mente de todos mientras daba un concierto en <strong>Hyde Park de Londres<\/strong>.<\/p>\n<p>De un color negro terciopelo y una falda de fondo con brillantes a juego, la cantante luci\u00f3 espectacular durante la presentaci\u00f3n al aire libre. Lo elev\u00f3 con <strong>accesorios dorados<\/strong> y un peinado recogido.<\/p>\n<p>&nbsp;<\/p>\n<figure id=\"attachment_144012\" aria-describedby=\"caption-attachment-144012\" style=\"width: 300px\" class=\"wp-caption alignnone\"><img loading=\"lazy\" decoding=\"async\" class=\"size-medium wp-image-144012\" src=\"https:\/\/graziamagazine.com\/mx\/wp-content\/uploads\/sites\/13\/2024\/11\/WhatsApp-Image-2024-11-25-at-2.04.44-PM-300x450.jpeg\" alt=\"\" width=\"300\" height=\"450\" srcset=\"https:\/\/graziamagazine.com\/mx\/wp-content\/uploads\/sites\/13\/2024\/11\/WhatsApp-Image-2024-11-25-at-2.04.44-PM-300x450.jpeg 300w, https:\/\/graziamagazine.com\/mx\/wp-content\/uploads\/sites\/13\/2024\/11\/WhatsApp-Image-2024-11-25-at-2.04.44-PM-682x1024.jpeg 682w, https:\/\/graziamagazine.com\/mx\/wp-content\/uploads\/sites\/13\/2024\/11\/WhatsApp-Image-2024-11-25-at-2.04.44-PM-768x1153.jpeg 768w, https:\/\/graziamagazine.com\/mx\/wp-content\/uploads\/sites\/13\/2024\/11\/WhatsApp-Image-2024-11-25-at-2.04.44-PM-1023x1536.jpeg 1023w, https:\/\/graziamagazine.com\/mx\/wp-content\/uploads\/sites\/13\/2024\/11\/WhatsApp-Image-2024-11-25-at-2.04.44-PM-400x600.jpeg 400w, https:\/\/graziamagazine.com\/mx\/wp-content\/uploads\/sites\/13\/2024\/11\/WhatsApp-Image-2024-11-25-at-2.04.44-PM-143x215.jpeg 143w, https:\/\/graziamagazine.com\/mx\/wp-content\/uploads\/sites\/13\/2024\/11\/WhatsApp-Image-2024-11-25-at-2.04.44-PM.jpeg 1066w\" sizes=\"(max-width: 300px) 100vw, 300px\" \/><figcaption id=\"caption-attachment-144012\" class=\"wp-caption-text\">Schiaparelli &#8211; Getty<\/figcaption><\/figure>\n<p>&nbsp;<\/p>\n<p>Aunque su residencia en Las Vegas despu\u00e9s de casi tres a\u00f1os ha terminado, y la cantante asegur\u00f3 que no sabe cu\u00e1ndo volver\u00e1 a tener una presentaci\u00f3n, su voz y los vestidos m\u00e1s ic\u00f3nicos de Adele en sus conciertos se quedar\u00e1n para siempre.<\/p>\n","protected":false},"author":36289,"featured_media":144011,"template":"","format":"standard","categories":[12483],"acf":[],"yoast_head":"<!-- This site is optimized with the Yoast SEO Premium plugin v18.5 (Yoast SEO v20.4) - https:\/\/yoast.com\/wordpress\/plugins\/seo\/ -->\n<title>Vestidos ic\u00f3nicos de Adele | Grazia M\u00e9xico y Latinoam\u00e9rica<\/title>\n<meta name=\"description\" content=\"No solo se trata de su incre\u00edble voz, sino de los vestidos ic\u00f3nicos de Adele. Te contamos todos los detalles.\" \/>\n<meta name=\"robots\" content=\"index, follow, max-snippet:-1, max-image-preview:large, max-video-preview:-1\" \/>\n<link rel=\"canonical\" href=\"https:\/\/graziamagazine.com\/mx\/articles\/vestidos-iconicos-adele\/\" \/>\n<meta property=\"og:locale\" content=\"es_MX\" \/>\n<meta property=\"og:type\" content=\"article\" \/>\n<meta property=\"og:title\" content=\"Estas son las marcas y atuendos en negro total de Adele en sus conciertos\" \/>\n<meta property=\"og:description\" content=\"No solo se trata de su incre\u00edble voz, sino de los vestidos ic\u00f3nicos de Adele. Te contamos todos los detalles.\" \/>\n<meta property=\"og:url\" content=\"https:\/\/graziamagazine.com\/mx\/articles\/vestidos-iconicos-adele\/\" \/>\n<meta property=\"og:site_name\" content=\"Grazia M\u00e9xico y Latinoam\u00e9rica\" \/>\n<meta property=\"article:modified_time\" content=\"2024-11-25T20:46:32+00:00\" \/>\n<meta property=\"og:image\" content=\"https:\/\/graziamagazine.com\/mx\/wp-content\/uploads\/sites\/13\/2024\/11\/WhatsApp-Image-2024-11-25-at-2.05.45-PM.jpeg\" \/>\n\t<meta property=\"og:image:width\" content=\"464\" \/>\n\t<meta property=\"og:image:height\" content=\"328\" \/>\n\t<meta property=\"og:image:type\" content=\"image\/jpeg\" \/>\n<meta name=\"twitter:card\" content=\"summary_large_image\" \/>\n<meta name=\"twitter:label1\" content=\"Est. reading time\" \/>\n\t<meta name=\"twitter:data1\" content=\"3 minutos\" \/>\n<script type=\"application\/ld+json\" class=\"yoast-schema-graph\">{\"@context\":\"https:\/\/schema.org\",\"@graph\":[{\"@type\":\"WebPage\",\"@id\":\"https:\/\/graziamagazine.com\/mx\/articles\/vestidos-iconicos-adele\/\",\"url\":\"https:\/\/graziamagazine.com\/mx\/articles\/vestidos-iconicos-adele\/\",\"name\":\"Vestidos ic\u00f3nicos de Adele | Grazia M\u00e9xico y Latinoam\u00e9rica\",\"isPartOf\":{\"@id\":\"https:\/\/graziamagazine.com\/mx\/#website\"},\"datePublished\":\"2024-11-25T20:07:59+00:00\",\"dateModified\":\"2024-11-25T20:46:32+00:00\",\"description\":\"No solo se trata de su incre\u00edble voz, sino de los vestidos ic\u00f3nicos de Adele. Te contamos todos los detalles.\",\"breadcrumb\":{\"@id\":\"https:\/\/graziamagazine.com\/mx\/articles\/vestidos-iconicos-adele\/#breadcrumb\"},\"inLanguage\":\"es-MX\",\"potentialAction\":[{\"@type\":\"ReadAction\",\"target\":[\"https:\/\/graziamagazine.com\/mx\/articles\/vestidos-iconicos-adele\/\"]}]},{\"@type\":\"BreadcrumbList\",\"@id\":\"https:\/\/graziamagazine.com\/mx\/articles\/vestidos-iconicos-adele\/#breadcrumb\",\"itemListElement\":[{\"@type\":\"ListItem\",\"position\":1,\"name\":\"Home\",\"item\":\"https:\/\/graziamagazine.com\/mx\/\"},{\"@type\":\"ListItem\",\"position\":2,\"name\":\"Estas son las marcas y atuendos en negro total de Adele en sus conciertos\"}]},{\"@type\":\"WebSite\",\"@id\":\"https:\/\/graziamagazine.com\/mx\/#website\",\"url\":\"https:\/\/graziamagazine.com\/mx\/\",\"name\":\"Grazia M\u00e9xico y Latinoam\u00e9rica\",\"description\":\"Grazia es moda, belleza y noticias  de actualidad \",\"potentialAction\":[{\"@type\":\"SearchAction\",\"target\":{\"@type\":\"EntryPoint\",\"urlTemplate\":\"https:\/\/graziamagazine.com\/mx\/?s={search_term_string}\"},\"query-input\":\"required name=search_term_string\"}],\"inLanguage\":\"es-MX\"}]}<\/script>\n<!-- \/ Yoast SEO Premium plugin. -->","yoast_head_json":{"title":"Vestidos ic\u00f3nicos de Adele | Grazia M\u00e9xico y Latinoam\u00e9rica","description":"No solo se trata de su incre\u00edble voz, sino de los vestidos ic\u00f3nicos de Adele. Te contamos todos los detalles.","robots":{"index":"index","follow":"follow","max-snippet":"max-snippet:-1","max-image-preview":"max-image-preview:large","max-video-preview":"max-video-preview:-1"},"canonical":"https:\/\/graziamagazine.com\/mx\/articles\/vestidos-iconicos-adele\/","og_locale":"es_MX","og_type":"article","og_title":"Estas son las marcas y atuendos en negro total de Adele en sus conciertos","og_description":"No solo se trata de su incre\u00edble voz, sino de los vestidos ic\u00f3nicos de Adele. Te contamos todos los detalles.","og_url":"https:\/\/graziamagazine.com\/mx\/articles\/vestidos-iconicos-adele\/","og_site_name":"Grazia M\u00e9xico y Latinoam\u00e9rica","article_modified_time":"2024-11-25T20:46:32+00:00","og_image":[{"width":464,"height":328,"url":"https:\/\/graziamagazine.com\/mx\/wp-content\/uploads\/sites\/13\/2024\/11\/WhatsApp-Image-2024-11-25-at-2.05.45-PM.jpeg","type":"image\/jpeg"}],"twitter_card":"summary_large_image","twitter_misc":{"Est. reading time":"3 minutos"},"schema":{"@context":"https:\/\/schema.org","@graph":[{"@type":"WebPage","@id":"https:\/\/graziamagazine.com\/mx\/articles\/vestidos-iconicos-adele\/","url":"https:\/\/graziamagazine.com\/mx\/articles\/vestidos-iconicos-adele\/","name":"Vestidos ic\u00f3nicos de Adele | Grazia M\u00e9xico y Latinoam\u00e9rica","isPartOf":{"@id":"https:\/\/graziamagazine.com\/mx\/#website"},"datePublished":"2024-11-25T20:07:59+00:00","dateModified":"2024-11-25T20:46:32+00:00","description":"No solo se trata de su incre\u00edble voz, sino de los vestidos ic\u00f3nicos de Adele. Te contamos todos los detalles.","breadcrumb":{"@id":"https:\/\/graziamagazine.com\/mx\/articles\/vestidos-iconicos-adele\/#breadcrumb"},"inLanguage":"es-MX","potentialAction":[{"@type":"ReadAction","target":["https:\/\/graziamagazine.com\/mx\/articles\/vestidos-iconicos-adele\/"]}]},{"@type":"BreadcrumbList","@id":"https:\/\/graziamagazine.com\/mx\/articles\/vestidos-iconicos-adele\/#breadcrumb","itemListElement":[{"@type":"ListItem","position":1,"name":"Home","item":"https:\/\/graziamagazine.com\/mx\/"},{"@type":"ListItem","position":2,"name":"Estas son las marcas y atuendos en negro total de Adele en sus conciertos"}]},{"@type":"WebSite","@id":"https:\/\/graziamagazine.com\/mx\/#website","url":"https:\/\/graziamagazine.com\/mx\/","name":"Grazia M\u00e9xico y Latinoam\u00e9rica","description":"Grazia es moda, belleza y noticias  de actualidad ","potentialAction":[{"@type":"SearchAction","target":{"@type":"EntryPoint","urlTemplate":"https:\/\/graziamagazine.com\/mx\/?s={search_term_string}"},"query-input":"required name=search_term_string"}],"inLanguage":"es-MX"}]}},"jetpack_sharing_enabled":true,"distributor_meta":false,"distributor_terms":false,"distributor_media":false,"distributor_original_site_name":"Grazia M\u00e9xico y Latinoam\u00e9rica","distributor_original_site_url":"https:\/\/graziamagazine.com\/mx","push-errors":false,"_links":{"self":[{"href":"https:\/\/graziamagazine.com\/mx\/wp-json\/wp\/v2\/articles\/144010"}],"collection":[{"href":"https:\/\/graziamagazine.com\/mx\/wp-json\/wp\/v2\/articles"}],"about":[{"href":"https:\/\/graziamagazine.com\/mx\/wp-json\/wp\/v2\/types\/articles"}],"author":[{"embeddable":true,"href":"https:\/\/graziamagazine.com\/mx\/wp-json\/wp\/v2\/users\/36289"}],"wp:featuredmedia":[{"embeddable":true,"href":"https:\/\/graziamagazine.com\/mx\/wp-json\/wp\/v2\/media\/144011"}],"wp:attachment":[{"href":"https:\/\/graziamagazine.com\/mx\/wp-json\/wp\/v2\/media?parent=144010"}],"wp:term":[{"taxonomy":"category","embeddable":true,"href":"https:\/\/graziamagazine.com\/mx\/wp-json\/wp\/v2\/categories?post=144010"}],"curies":[{"name":"wp","href":"https:\/\/api.w.org\/{rel}","templated":true}]}}