{"id":143907,"date":"2024-11-21T14:42:29","date_gmt":"2024-11-21T19:42:29","guid":{"rendered":"https:\/\/graziamagazine.com\/mx\/?post_type=articles&#038;p=143907"},"modified":"2024-11-22T05:43:13","modified_gmt":"2024-11-22T10:43:13","slug":"coldplay-estrena-el-video-de-the-karate-kid-protagonizado-por-ralph-macchio","status":"publish","type":"articles","link":"https:\/\/graziamagazine.com\/mx\/articles\/coldplay-estrena-el-video-de-the-karate-kid-protagonizado-por-ralph-macchio\/","title":{"rendered":"Coldplay estrena el video de \u2018The Karate Kid\u2019, protagonizado por Ralph Macchio"},"content":{"rendered":"<p><span style=\"font-weight: 400\">Desde los a\u00f1os 80, el actor <strong>Ralph Macchio<\/strong> se inmortaliz\u00f3 como<strong> Daniel LaRusso<\/strong>, el inolvidable protagonista de la pel\u00edcula <em><strong>Karate Kid<\/strong><\/em>. Y ahora, con 63 a\u00f1os, Macchio est\u00e1 cerrando un cap\u00edtulo significativo en su vida profesional con el final de <em><strong>Cobra Ka<\/strong><\/em>i y su colaboraci\u00f3n con <strong>Coldplay.<\/strong><\/span><\/p>\n<p><span style=\"font-weight: 400\">En un giro inesperado pero muy agradable, Coldplay lanz\u00f3 en el pasado mes de octubre el tema <em><strong>The Karate Kid<\/strong><\/em>, una canci\u00f3n que celebra al personaje de Daniel. Conmovido por la melod\u00eda, Ralph la comparti\u00f3 en redes sociales, lo que llev\u00f3 a <strong>Chris Martin<\/strong> a invitarlo a Australia para filmar el video musical y, de paso, subir al escenario para interpretar la canci\u00f3n.<\/span><\/p>\n<p><span style=\"font-weight: 400\">\u201cFue como un torbellino,\u201d dijo Macchio en una entrevista. \u201cEs un tema hermoso. Nunca deja de sorprenderme c\u00f3mo esta historia sigue tocando emociones, incluso despu\u00e9s de 41 a\u00f1os\u201d.<\/span><\/p>\n<p><span style=\"font-weight: 400\">Adem\u00e1s, otro momento especial est\u00e1 por sucederle a Ralph con la pr\u00f3xima develaci\u00f3n de su estrella en el Paseo de la Fama de Hollywood, estrat\u00e9gicamente ubicada cerca de la de <strong>Pat Morita<\/strong>, quien interpret\u00f3 al legendario <strong>se\u00f1or Miyagi.<\/strong><\/span><\/p>\n<p><span style=\"font-weight: 400\">\u201cEs perfecto y maravilloso. Estar cerca de \u00e9l simboliza todo lo que significa esta franquicia. Su humildad y dedicaci\u00f3n son lecciones que siempre llevar\u00e9 conmigo\u201d, agrega.<\/span><\/p>\n<p><span style=\"font-weight: 400\">Aunque <em>Cobra Kai<\/em> llegue a su fin, Ralph Macchio no est\u00e1 listo para despedirse de Daniel LaRusso. El actor est\u00e1 por embarcarse en una nueva aventura bajo la piel de LaRusso, con el estreno de la pel\u00edcula<em><strong> The Karate Kid: Legends<\/strong><\/em>, en la que volver\u00e1 a interpretar al personaje junto a <strong>Jackie Chan<\/strong>, explorando una nueva etapa en el universo \u201cMiyagi-verse\u201d.<\/span><\/p>\n<p><span style=\"font-weight: 400\">\u201cEra importante proteger el legado de Daniel y asegurar que todo tuviera sentido,\u201d explica. \u201cTrabajar con Jackie y llevar esta historia nuevamente a la pantalla grande es un sue\u00f1o hecho realidad\u201d.<\/span><\/p>\n<p><span style=\"font-weight: 400\">La cinta est\u00e1 dirigida por<strong> Jonathan Entwistle<\/strong> y producida, nada m\u00e1s y nada menos, que po<strong>r Will Smith y Jada Pinkett Smith<\/strong>, padres de<strong> Jaden Smith<\/strong>, quien tambi\u00e9n actu\u00f3 en la versi\u00f3n de <em><strong>Karate Kid<\/strong> <\/em>de<strong> 2010<\/strong>, justamente junto a Jackie Chan, por lo que \u00e9l tambi\u00e9n co protagonizar\u00e1 la nueva pel\u00edcula.<\/span><\/p>\n<p><span style=\"font-weight: 400\">Pero regresando al video de Coldplay, te lo compartimos por aqu\u00ed:<\/span><\/p>\n<p><iframe loading=\"lazy\" title=\"Coldplay - The Karate Kid (Official Video)\" width=\"500\" height=\"281\" src=\"https:\/\/www.youtube.com\/embed\/8vCD_lK_B1w?feature=oembed\" frameborder=\"0\" allow=\"accelerometer; autoplay; clipboard-write; encrypted-media; gyroscope; picture-in-picture; web-share\" referrerpolicy=\"strict-origin-when-cross-origin\" allowfullscreen><\/iframe><\/p>\n<p>&nbsp;<\/p>\n","protected":false},"author":11628,"featured_media":143886,"template":"","format":"standard","categories":[12483,12517,114],"acf":[],"yoast_head":"<!-- This site is optimized with the Yoast SEO Premium plugin v18.5 (Yoast SEO v20.4) - https:\/\/yoast.com\/wordpress\/plugins\/seo\/ -->\n<title>Coldplay estrena el video de \u2018The Karate Kid\u2019, protagonizado por Ralph Macchio | Grazia M\u00e9xico y Latinoam\u00e9rica<\/title>\n<meta name=\"description\" content=\"Desde los a\u00f1os 80, el actor Ralph Macchio se inmortaliz\u00f3 como Daniel LaRusso, el inolvidable protagonista de la pel\u00edcula Karate Kid. Y ahora, con 63 a\u00f1os,\" \/>\n<meta name=\"robots\" content=\"index, follow, max-snippet:-1, max-image-preview:large, max-video-preview:-1\" \/>\n<link rel=\"canonical\" href=\"https:\/\/graziamagazine.com\/mx\/articles\/coldplay-estrena-el-video-de-the-karate-kid-protagonizado-por-ralph-macchio\/\" \/>\n<meta property=\"og:locale\" content=\"es_MX\" \/>\n<meta property=\"og:type\" content=\"article\" \/>\n<meta property=\"og:title\" content=\"Coldplay estrena el video de \u2018The Karate Kid\u2019, protagonizado por Ralph Macchio\" \/>\n<meta property=\"og:description\" content=\"Desde los a\u00f1os 80, el actor Ralph Macchio se inmortaliz\u00f3 como Daniel LaRusso, el inolvidable protagonista de la pel\u00edcula Karate Kid. Y ahora, con 63 a\u00f1os,\" \/>\n<meta property=\"og:url\" content=\"https:\/\/graziamagazine.com\/mx\/articles\/coldplay-estrena-el-video-de-the-karate-kid-protagonizado-por-ralph-macchio\/\" \/>\n<meta property=\"og:site_name\" content=\"Grazia M\u00e9xico y Latinoam\u00e9rica\" \/>\n<meta property=\"article:modified_time\" content=\"2024-11-22T10:43:13+00:00\" \/>\n<meta property=\"og:image\" content=\"https:\/\/graziamagazine.com\/mx\/wp-content\/uploads\/sites\/13\/2024\/11\/video-the-karate-kid-ralph-macchio-coldplay.jpg\" \/>\n\t<meta property=\"og:image:width\" content=\"1920\" \/>\n\t<meta property=\"og:image:height\" content=\"1080\" \/>\n\t<meta property=\"og:image:type\" content=\"image\/jpeg\" \/>\n<meta name=\"twitter:card\" content=\"summary_large_image\" \/>\n<meta name=\"twitter:label1\" content=\"Est. reading time\" \/>\n\t<meta name=\"twitter:data1\" content=\"2 minutos\" \/>\n<script type=\"application\/ld+json\" class=\"yoast-schema-graph\">{\"@context\":\"https:\/\/schema.org\",\"@graph\":[{\"@type\":\"WebPage\",\"@id\":\"https:\/\/graziamagazine.com\/mx\/articles\/coldplay-estrena-el-video-de-the-karate-kid-protagonizado-por-ralph-macchio\/\",\"url\":\"https:\/\/graziamagazine.com\/mx\/articles\/coldplay-estrena-el-video-de-the-karate-kid-protagonizado-por-ralph-macchio\/\",\"name\":\"Coldplay estrena el video de \u2018The Karate Kid\u2019, protagonizado por Ralph Macchio | Grazia M\u00e9xico y Latinoam\u00e9rica\",\"isPartOf\":{\"@id\":\"https:\/\/graziamagazine.com\/mx\/#website\"},\"datePublished\":\"2024-11-21T19:42:29+00:00\",\"dateModified\":\"2024-11-22T10:43:13+00:00\",\"description\":\"Desde los a\u00f1os 80, el actor Ralph Macchio se inmortaliz\u00f3 como Daniel LaRusso, el inolvidable protagonista de la pel\u00edcula Karate Kid. Y ahora, con 63 a\u00f1os,\",\"breadcrumb\":{\"@id\":\"https:\/\/graziamagazine.com\/mx\/articles\/coldplay-estrena-el-video-de-the-karate-kid-protagonizado-por-ralph-macchio\/#breadcrumb\"},\"inLanguage\":\"es-MX\",\"potentialAction\":[{\"@type\":\"ReadAction\",\"target\":[\"https:\/\/graziamagazine.com\/mx\/articles\/coldplay-estrena-el-video-de-the-karate-kid-protagonizado-por-ralph-macchio\/\"]}]},{\"@type\":\"BreadcrumbList\",\"@id\":\"https:\/\/graziamagazine.com\/mx\/articles\/coldplay-estrena-el-video-de-the-karate-kid-protagonizado-por-ralph-macchio\/#breadcrumb\",\"itemListElement\":[{\"@type\":\"ListItem\",\"position\":1,\"name\":\"Home\",\"item\":\"https:\/\/graziamagazine.com\/mx\/\"},{\"@type\":\"ListItem\",\"position\":2,\"name\":\"Coldplay estrena el video de \u2018The Karate Kid\u2019, protagonizado por Ralph Macchio\"}]},{\"@type\":\"WebSite\",\"@id\":\"https:\/\/graziamagazine.com\/mx\/#website\",\"url\":\"https:\/\/graziamagazine.com\/mx\/\",\"name\":\"Grazia M\u00e9xico y Latinoam\u00e9rica\",\"description\":\"Grazia es moda, belleza y noticias  de actualidad \",\"potentialAction\":[{\"@type\":\"SearchAction\",\"target\":{\"@type\":\"EntryPoint\",\"urlTemplate\":\"https:\/\/graziamagazine.com\/mx\/?s={search_term_string}\"},\"query-input\":\"required name=search_term_string\"}],\"inLanguage\":\"es-MX\"}]}<\/script>\n<!-- \/ Yoast SEO Premium plugin. -->","yoast_head_json":{"title":"Coldplay estrena el video de \u2018The Karate Kid\u2019, protagonizado por Ralph Macchio | Grazia M\u00e9xico y Latinoam\u00e9rica","description":"Desde los a\u00f1os 80, el actor Ralph Macchio se inmortaliz\u00f3 como Daniel LaRusso, el inolvidable protagonista de la pel\u00edcula Karate Kid. Y ahora, con 63 a\u00f1os,","robots":{"index":"index","follow":"follow","max-snippet":"max-snippet:-1","max-image-preview":"max-image-preview:large","max-video-preview":"max-video-preview:-1"},"canonical":"https:\/\/graziamagazine.com\/mx\/articles\/coldplay-estrena-el-video-de-the-karate-kid-protagonizado-por-ralph-macchio\/","og_locale":"es_MX","og_type":"article","og_title":"Coldplay estrena el video de \u2018The Karate Kid\u2019, protagonizado por Ralph Macchio","og_description":"Desde los a\u00f1os 80, el actor Ralph Macchio se inmortaliz\u00f3 como Daniel LaRusso, el inolvidable protagonista de la pel\u00edcula Karate Kid. Y ahora, con 63 a\u00f1os,","og_url":"https:\/\/graziamagazine.com\/mx\/articles\/coldplay-estrena-el-video-de-the-karate-kid-protagonizado-por-ralph-macchio\/","og_site_name":"Grazia M\u00e9xico y Latinoam\u00e9rica","article_modified_time":"2024-11-22T10:43:13+00:00","og_image":[{"width":1920,"height":1080,"url":"https:\/\/graziamagazine.com\/mx\/wp-content\/uploads\/sites\/13\/2024\/11\/video-the-karate-kid-ralph-macchio-coldplay.jpg","type":"image\/jpeg"}],"twitter_card":"summary_large_image","twitter_misc":{"Est. reading time":"2 minutos"},"schema":{"@context":"https:\/\/schema.org","@graph":[{"@type":"WebPage","@id":"https:\/\/graziamagazine.com\/mx\/articles\/coldplay-estrena-el-video-de-the-karate-kid-protagonizado-por-ralph-macchio\/","url":"https:\/\/graziamagazine.com\/mx\/articles\/coldplay-estrena-el-video-de-the-karate-kid-protagonizado-por-ralph-macchio\/","name":"Coldplay estrena el video de \u2018The Karate Kid\u2019, protagonizado por Ralph Macchio | Grazia M\u00e9xico y Latinoam\u00e9rica","isPartOf":{"@id":"https:\/\/graziamagazine.com\/mx\/#website"},"datePublished":"2024-11-21T19:42:29+00:00","dateModified":"2024-11-22T10:43:13+00:00","description":"Desde los a\u00f1os 80, el actor Ralph Macchio se inmortaliz\u00f3 como Daniel LaRusso, el inolvidable protagonista de la pel\u00edcula Karate Kid. Y ahora, con 63 a\u00f1os,","breadcrumb":{"@id":"https:\/\/graziamagazine.com\/mx\/articles\/coldplay-estrena-el-video-de-the-karate-kid-protagonizado-por-ralph-macchio\/#breadcrumb"},"inLanguage":"es-MX","potentialAction":[{"@type":"ReadAction","target":["https:\/\/graziamagazine.com\/mx\/articles\/coldplay-estrena-el-video-de-the-karate-kid-protagonizado-por-ralph-macchio\/"]}]},{"@type":"BreadcrumbList","@id":"https:\/\/graziamagazine.com\/mx\/articles\/coldplay-estrena-el-video-de-the-karate-kid-protagonizado-por-ralph-macchio\/#breadcrumb","itemListElement":[{"@type":"ListItem","position":1,"name":"Home","item":"https:\/\/graziamagazine.com\/mx\/"},{"@type":"ListItem","position":2,"name":"Coldplay estrena el video de \u2018The Karate Kid\u2019, protagonizado por Ralph Macchio"}]},{"@type":"WebSite","@id":"https:\/\/graziamagazine.com\/mx\/#website","url":"https:\/\/graziamagazine.com\/mx\/","name":"Grazia M\u00e9xico y Latinoam\u00e9rica","description":"Grazia es moda, belleza y noticias  de actualidad ","potentialAction":[{"@type":"SearchAction","target":{"@type":"EntryPoint","urlTemplate":"https:\/\/graziamagazine.com\/mx\/?s={search_term_string}"},"query-input":"required name=search_term_string"}],"inLanguage":"es-MX"}]}},"jetpack_sharing_enabled":true,"distributor_meta":false,"distributor_terms":false,"distributor_media":false,"distributor_original_site_name":"Grazia M\u00e9xico y Latinoam\u00e9rica","distributor_original_site_url":"https:\/\/graziamagazine.com\/mx","push-errors":false,"_links":{"self":[{"href":"https:\/\/graziamagazine.com\/mx\/wp-json\/wp\/v2\/articles\/143907"}],"collection":[{"href":"https:\/\/graziamagazine.com\/mx\/wp-json\/wp\/v2\/articles"}],"about":[{"href":"https:\/\/graziamagazine.com\/mx\/wp-json\/wp\/v2\/types\/articles"}],"author":[{"embeddable":true,"href":"https:\/\/graziamagazine.com\/mx\/wp-json\/wp\/v2\/users\/11628"}],"wp:featuredmedia":[{"embeddable":true,"href":"https:\/\/graziamagazine.com\/mx\/wp-json\/wp\/v2\/media\/143886"}],"wp:attachment":[{"href":"https:\/\/graziamagazine.com\/mx\/wp-json\/wp\/v2\/media?parent=143907"}],"wp:term":[{"taxonomy":"category","embeddable":true,"href":"https:\/\/graziamagazine.com\/mx\/wp-json\/wp\/v2\/categories?post=143907"}],"curies":[{"name":"wp","href":"https:\/\/api.w.org\/{rel}","templated":true}]}}