{"id":143884,"date":"2024-11-21T11:18:33","date_gmt":"2024-11-21T16:18:33","guid":{"rendered":"https:\/\/graziamagazine.com\/mx\/?post_type=articles&#038;p=143884"},"modified":"2024-11-21T11:21:29","modified_gmt":"2024-11-21T16:21:29","slug":"coldplay-y-ralph-macchio-nostalgia-musical","status":"publish","type":"articles","link":"https:\/\/graziamagazine.com\/mx\/articles\/coldplay-y-ralph-macchio-nostalgia-musical\/","title":{"rendered":"Coldplay y Ralph Macchio: Nostalgia Musical"},"content":{"rendered":"<p>Coldplay, una de las bandas m\u00e1s influyentes de la actualidad, ha sorprendido al p\u00fablico con el estreno del video musical de <em>The Karate Kid<\/em>.<\/p>\n<p>La canci\u00f3n, incluida en su exitoso \u00e1lbum <em>Moon Music<\/em>, encuentra un puente perfecto entre la nostalgia y la creatividad, al contar con la participaci\u00f3n estelar de Ralph Macchio, el actor que dio vida al inolvidable Daniel LaRusso en <em>The Karate Kid<\/em> y su spin-off <em>Cobra Kai<\/em>.<\/p>\n<p>En el video, dirigido por Chris Candy y filmado en Melbourne durante la etapa australiana de la gira de Coldplay, Macchio interpreta a un m\u00fasico callejero cuya gran oportunidad llega al tocar junto a la banda en un estadio repleto. La historia refleja temas de perseverancia y redenci\u00f3n, elementos que resuenan con la trama original de <em>The Karate Kid<\/em>.<\/p>\n<figure id=\"attachment_143885\" aria-describedby=\"caption-attachment-143885\" style=\"width: 1024px\" class=\"wp-caption alignnone\"><img loading=\"lazy\" decoding=\"async\" class=\"size-large wp-image-143885\" src=\"https:\/\/graziamagazine.com\/mx\/wp-content\/uploads\/sites\/13\/2024\/11\/coldplay-through-the-years-career-timeline-1024x576.jpg\" alt=\"Coldplay y Ralph Macchio: Nostalgia Musical\" width=\"1024\" height=\"576\" srcset=\"https:\/\/graziamagazine.com\/mx\/wp-content\/uploads\/sites\/13\/2024\/11\/coldplay-through-the-years-career-timeline-1024x576.jpg 1024w, https:\/\/graziamagazine.com\/mx\/wp-content\/uploads\/sites\/13\/2024\/11\/coldplay-through-the-years-career-timeline-450x253.jpg 450w, https:\/\/graziamagazine.com\/mx\/wp-content\/uploads\/sites\/13\/2024\/11\/coldplay-through-the-years-career-timeline-768x432.jpg 768w, https:\/\/graziamagazine.com\/mx\/wp-content\/uploads\/sites\/13\/2024\/11\/coldplay-through-the-years-career-timeline-400x225.jpg 400w, https:\/\/graziamagazine.com\/mx\/wp-content\/uploads\/sites\/13\/2024\/11\/coldplay-through-the-years-career-timeline-155x87.jpg 155w, https:\/\/graziamagazine.com\/mx\/wp-content\/uploads\/sites\/13\/2024\/11\/coldplay-through-the-years-career-timeline.jpg 1500w\" sizes=\"(max-width: 1024px) 100vw, 1024px\" \/><figcaption id=\"caption-attachment-143885\" class=\"wp-caption-text\">Coldplay y Ralph Macchio: Nostalgia Musical<\/figcaption><\/figure>\n<p>La colaboraci\u00f3n surgi\u00f3 de manera org\u00e1nica: Ralph Macchio elogi\u00f3 p\u00fablicamente la canci\u00f3n tras su lanzamiento en octubre, calific\u00e1ndola como &#8220;bella y emotiva&#8221;.<\/p>\n<p>Este gesto no pas\u00f3 desapercibido para Chris Martin, l\u00edder de Coldplay, quien personalmente invit\u00f3 al actor a unirse al proyecto. &#8220;La sinergia con Chris, la banda y nuestro director fue una experiencia pura&#8221;, coment\u00f3 Macchio, destacando el significado personal de esta participaci\u00f3n.<\/p>\n<p>Adem\u00e1s de este estreno, <em>Moon Music<\/em> sigue rompiendo esquemas no solo en t\u00e9rminos musicales, sino tambi\u00e9n en su compromiso ambiental.<\/p>\n<p>Es el primer \u00e1lbum en el mundo lanzado en un formato de vinilo ecol\u00f3gico, el EcoRecord rPET, fabricado con pl\u00e1stico reciclado. Incluso colaboraron con la organizaci\u00f3n <em>The Ocean Cleanup<\/em> para recolectar residuos pl\u00e1sticos de r\u00edos como Las Vacas en Guatemala, subrayando su misi\u00f3n de sostenibilidad.<\/p>\n<p><iframe loading=\"lazy\" title=\"Coldplay - The Karate Kid (Official Video)\" width=\"500\" height=\"281\" src=\"https:\/\/www.youtube.com\/embed\/8vCD_lK_B1w?start=1&#038;feature=oembed\" frameborder=\"0\" allow=\"accelerometer; autoplay; clipboard-write; encrypted-media; gyroscope; picture-in-picture; web-share\" referrerpolicy=\"strict-origin-when-cross-origin\" allowfullscreen><\/iframe><\/p>\n<p>El \u00e1lbum lidera los charts en m\u00faltiples pa\u00edses, consolid\u00e1ndose como el quinto n\u00famero uno de Coldplay en Estados Unidos, un hito para una banda brit\u00e1nica en este siglo.<\/p>\n<p>Con este emotivo video y su impacto positivo en el medio ambiente, Coldplay no solo revalida su posici\u00f3n en la c\u00faspide de la m\u00fasica contempor\u00e1nea, sino que tambi\u00e9n reafirma su capacidad para conectar generaciones a trav\u00e9s de historias llenas de significado.<\/p>\n<p>Este estreno promete convertirse en un cl\u00e1sico tanto para los fans de la banda como para los nost\u00e1lgicos de <em>The Karate Kid<\/em>.<\/p>\n<p><em><strong>*IMAGEN: Google Images<\/strong><\/em><\/p>\n","protected":false},"author":28953,"featured_media":143886,"template":"","format":"standard","categories":[114],"acf":[],"yoast_head":"<!-- This site is optimized with the Yoast SEO Premium plugin v18.5 (Yoast SEO v20.4) - https:\/\/yoast.com\/wordpress\/plugins\/seo\/ -->\n<title>Coldplay y Ralph Macchio: Nostalgia Musical<\/title>\n<meta name=\"description\" content=\"El ic\u00f3nico protagonista de The Karate Kid revive su legado en un emotivo video de Coldplay filmado en Australia.\" \/>\n<meta name=\"robots\" content=\"index, follow, max-snippet:-1, max-image-preview:large, max-video-preview:-1\" \/>\n<link rel=\"canonical\" href=\"https:\/\/graziamagazine.com\/mx\/articles\/coldplay-y-ralph-macchio-nostalgia-musical\/\" \/>\n<meta property=\"og:locale\" content=\"es_MX\" \/>\n<meta property=\"og:type\" content=\"article\" \/>\n<meta property=\"og:title\" content=\"Coldplay y Ralph Macchio: Nostalgia Musical\" \/>\n<meta property=\"og:description\" content=\"El ic\u00f3nico protagonista de The Karate Kid revive su legado en un emotivo video de Coldplay filmado en Australia.\" \/>\n<meta property=\"og:url\" content=\"https:\/\/graziamagazine.com\/mx\/articles\/coldplay-y-ralph-macchio-nostalgia-musical\/\" \/>\n<meta property=\"og:site_name\" content=\"Grazia M\u00e9xico y Latinoam\u00e9rica\" \/>\n<meta property=\"article:modified_time\" content=\"2024-11-21T16:21:29+00:00\" \/>\n<meta property=\"og:image\" content=\"https:\/\/graziamagazine.com\/mx\/wp-content\/uploads\/sites\/13\/2024\/11\/video-the-karate-kid-ralph-macchio-coldplay.jpg\" \/>\n\t<meta property=\"og:image:width\" content=\"1920\" \/>\n\t<meta property=\"og:image:height\" content=\"1080\" \/>\n\t<meta property=\"og:image:type\" content=\"image\/jpeg\" \/>\n<meta name=\"twitter:card\" content=\"summary_large_image\" \/>\n<meta name=\"twitter:label1\" content=\"Est. reading time\" \/>\n\t<meta name=\"twitter:data1\" content=\"2 minutos\" \/>\n<script type=\"application\/ld+json\" class=\"yoast-schema-graph\">{\"@context\":\"https:\/\/schema.org\",\"@graph\":[{\"@type\":\"WebPage\",\"@id\":\"https:\/\/graziamagazine.com\/mx\/articles\/coldplay-y-ralph-macchio-nostalgia-musical\/\",\"url\":\"https:\/\/graziamagazine.com\/mx\/articles\/coldplay-y-ralph-macchio-nostalgia-musical\/\",\"name\":\"Coldplay y Ralph Macchio: Nostalgia Musical\",\"isPartOf\":{\"@id\":\"https:\/\/graziamagazine.com\/mx\/#website\"},\"datePublished\":\"2024-11-21T16:18:33+00:00\",\"dateModified\":\"2024-11-21T16:21:29+00:00\",\"description\":\"El ic\u00f3nico protagonista de The Karate Kid revive su legado en un emotivo video de Coldplay filmado en Australia.\",\"breadcrumb\":{\"@id\":\"https:\/\/graziamagazine.com\/mx\/articles\/coldplay-y-ralph-macchio-nostalgia-musical\/#breadcrumb\"},\"inLanguage\":\"es-MX\",\"potentialAction\":[{\"@type\":\"ReadAction\",\"target\":[\"https:\/\/graziamagazine.com\/mx\/articles\/coldplay-y-ralph-macchio-nostalgia-musical\/\"]}]},{\"@type\":\"BreadcrumbList\",\"@id\":\"https:\/\/graziamagazine.com\/mx\/articles\/coldplay-y-ralph-macchio-nostalgia-musical\/#breadcrumb\",\"itemListElement\":[{\"@type\":\"ListItem\",\"position\":1,\"name\":\"Home\",\"item\":\"https:\/\/graziamagazine.com\/mx\/\"},{\"@type\":\"ListItem\",\"position\":2,\"name\":\"Coldplay y Ralph Macchio: Nostalgia Musical\"}]},{\"@type\":\"WebSite\",\"@id\":\"https:\/\/graziamagazine.com\/mx\/#website\",\"url\":\"https:\/\/graziamagazine.com\/mx\/\",\"name\":\"Grazia M\u00e9xico y Latinoam\u00e9rica\",\"description\":\"Grazia es moda, belleza y noticias  de actualidad \",\"potentialAction\":[{\"@type\":\"SearchAction\",\"target\":{\"@type\":\"EntryPoint\",\"urlTemplate\":\"https:\/\/graziamagazine.com\/mx\/?s={search_term_string}\"},\"query-input\":\"required name=search_term_string\"}],\"inLanguage\":\"es-MX\"}]}<\/script>\n<!-- \/ Yoast SEO Premium plugin. -->","yoast_head_json":{"title":"Coldplay y Ralph Macchio: Nostalgia Musical","description":"El ic\u00f3nico protagonista de The Karate Kid revive su legado en un emotivo video de Coldplay filmado en Australia.","robots":{"index":"index","follow":"follow","max-snippet":"max-snippet:-1","max-image-preview":"max-image-preview:large","max-video-preview":"max-video-preview:-1"},"canonical":"https:\/\/graziamagazine.com\/mx\/articles\/coldplay-y-ralph-macchio-nostalgia-musical\/","og_locale":"es_MX","og_type":"article","og_title":"Coldplay y Ralph Macchio: Nostalgia Musical","og_description":"El ic\u00f3nico protagonista de The Karate Kid revive su legado en un emotivo video de Coldplay filmado en Australia.","og_url":"https:\/\/graziamagazine.com\/mx\/articles\/coldplay-y-ralph-macchio-nostalgia-musical\/","og_site_name":"Grazia M\u00e9xico y Latinoam\u00e9rica","article_modified_time":"2024-11-21T16:21:29+00:00","og_image":[{"width":1920,"height":1080,"url":"https:\/\/graziamagazine.com\/mx\/wp-content\/uploads\/sites\/13\/2024\/11\/video-the-karate-kid-ralph-macchio-coldplay.jpg","type":"image\/jpeg"}],"twitter_card":"summary_large_image","twitter_misc":{"Est. reading time":"2 minutos"},"schema":{"@context":"https:\/\/schema.org","@graph":[{"@type":"WebPage","@id":"https:\/\/graziamagazine.com\/mx\/articles\/coldplay-y-ralph-macchio-nostalgia-musical\/","url":"https:\/\/graziamagazine.com\/mx\/articles\/coldplay-y-ralph-macchio-nostalgia-musical\/","name":"Coldplay y Ralph Macchio: Nostalgia Musical","isPartOf":{"@id":"https:\/\/graziamagazine.com\/mx\/#website"},"datePublished":"2024-11-21T16:18:33+00:00","dateModified":"2024-11-21T16:21:29+00:00","description":"El ic\u00f3nico protagonista de The Karate Kid revive su legado en un emotivo video de Coldplay filmado en Australia.","breadcrumb":{"@id":"https:\/\/graziamagazine.com\/mx\/articles\/coldplay-y-ralph-macchio-nostalgia-musical\/#breadcrumb"},"inLanguage":"es-MX","potentialAction":[{"@type":"ReadAction","target":["https:\/\/graziamagazine.com\/mx\/articles\/coldplay-y-ralph-macchio-nostalgia-musical\/"]}]},{"@type":"BreadcrumbList","@id":"https:\/\/graziamagazine.com\/mx\/articles\/coldplay-y-ralph-macchio-nostalgia-musical\/#breadcrumb","itemListElement":[{"@type":"ListItem","position":1,"name":"Home","item":"https:\/\/graziamagazine.com\/mx\/"},{"@type":"ListItem","position":2,"name":"Coldplay y Ralph Macchio: Nostalgia Musical"}]},{"@type":"WebSite","@id":"https:\/\/graziamagazine.com\/mx\/#website","url":"https:\/\/graziamagazine.com\/mx\/","name":"Grazia M\u00e9xico y Latinoam\u00e9rica","description":"Grazia es moda, belleza y noticias  de actualidad ","potentialAction":[{"@type":"SearchAction","target":{"@type":"EntryPoint","urlTemplate":"https:\/\/graziamagazine.com\/mx\/?s={search_term_string}"},"query-input":"required name=search_term_string"}],"inLanguage":"es-MX"}]}},"jetpack_sharing_enabled":true,"distributor_meta":false,"distributor_terms":false,"distributor_media":false,"distributor_original_site_name":"Grazia M\u00e9xico y Latinoam\u00e9rica","distributor_original_site_url":"https:\/\/graziamagazine.com\/mx","push-errors":false,"_links":{"self":[{"href":"https:\/\/graziamagazine.com\/mx\/wp-json\/wp\/v2\/articles\/143884"}],"collection":[{"href":"https:\/\/graziamagazine.com\/mx\/wp-json\/wp\/v2\/articles"}],"about":[{"href":"https:\/\/graziamagazine.com\/mx\/wp-json\/wp\/v2\/types\/articles"}],"author":[{"embeddable":true,"href":"https:\/\/graziamagazine.com\/mx\/wp-json\/wp\/v2\/users\/28953"}],"wp:featuredmedia":[{"embeddable":true,"href":"https:\/\/graziamagazine.com\/mx\/wp-json\/wp\/v2\/media\/143886"}],"wp:attachment":[{"href":"https:\/\/graziamagazine.com\/mx\/wp-json\/wp\/v2\/media?parent=143884"}],"wp:term":[{"taxonomy":"category","embeddable":true,"href":"https:\/\/graziamagazine.com\/mx\/wp-json\/wp\/v2\/categories?post=143884"}],"curies":[{"name":"wp","href":"https:\/\/api.w.org\/{rel}","templated":true}]}}