{"id":143874,"date":"2024-11-20T22:41:54","date_gmt":"2024-11-21T03:41:54","guid":{"rendered":"https:\/\/graziamagazine.com\/mx\/?post_type=articles&#038;p=143874"},"modified":"2024-11-20T22:59:38","modified_gmt":"2024-11-21T03:59:38","slug":"estilo-festivo-las-cinco-claves","status":"publish","type":"articles","link":"https:\/\/graziamagazine.com\/mx\/articles\/estilo-festivo-las-cinco-claves\/","title":{"rendered":"Estilo Festivo: Las Cinco Claves"},"content":{"rendered":"<p>Las fiestas decembrinas est\u00e1n aqu\u00ed y con ellas llega la oportunidad perfecta para lucir las tendencias que est\u00e1n marcando el 2024. Desde el regreso del estilo boho hasta el poder del rojo oscuro, estas cinco claves son imprescindibles para redefinir tu guardarropa en las celebraciones.<\/p>\n<h3><strong>El renacimiento del estilo boho<\/strong><\/h3>\n<figure id=\"attachment_143879\" aria-describedby=\"caption-attachment-143879\" style=\"width: 651px\" class=\"wp-caption alignnone\"><img loading=\"lazy\" decoding=\"async\" class=\"size-large wp-image-143879\" src=\"https:\/\/graziamagazine.com\/mx\/wp-content\/uploads\/sites\/13\/2024\/11\/Captura-de-Pantalla-2024-11-20-a-las-21.49.11-651x1024.png\" alt=\"Estilo Festivo: Las Cinco Claves\" width=\"651\" height=\"1024\" srcset=\"https:\/\/graziamagazine.com\/mx\/wp-content\/uploads\/sites\/13\/2024\/11\/Captura-de-Pantalla-2024-11-20-a-las-21.49.11-651x1024.png 651w, https:\/\/graziamagazine.com\/mx\/wp-content\/uploads\/sites\/13\/2024\/11\/Captura-de-Pantalla-2024-11-20-a-las-21.49.11-286x450.png 286w, https:\/\/graziamagazine.com\/mx\/wp-content\/uploads\/sites\/13\/2024\/11\/Captura-de-Pantalla-2024-11-20-a-las-21.49.11-768x1208.png 768w, https:\/\/graziamagazine.com\/mx\/wp-content\/uploads\/sites\/13\/2024\/11\/Captura-de-Pantalla-2024-11-20-a-las-21.49.11-976x1536.png 976w, https:\/\/graziamagazine.com\/mx\/wp-content\/uploads\/sites\/13\/2024\/11\/Captura-de-Pantalla-2024-11-20-a-las-21.49.11-400x629.png 400w, https:\/\/graziamagazine.com\/mx\/wp-content\/uploads\/sites\/13\/2024\/11\/Captura-de-Pantalla-2024-11-20-a-las-21.49.11-137x215.png 137w, https:\/\/graziamagazine.com\/mx\/wp-content\/uploads\/sites\/13\/2024\/11\/Captura-de-Pantalla-2024-11-20-a-las-21.49.11.png 1116w\" sizes=\"(max-width: 651px) 100vw, 651px\" \/><figcaption id=\"caption-attachment-143879\" class=\"wp-caption-text\">Estilo Festivo: Las Cinco Claves<\/figcaption><\/figure>\n<p>Chemena Kamali, al frente de Chlo\u00e9, ha resucitado el esp\u00edritu bohemio con una est\u00e9tica que mezcla feminidad y frescura. Los vestidos vaporosos, los detalles en crochet y los accesorios artesanales son piezas clave para lograr un look boho moderno y sofisticado.<\/p>\n<p>Ideal para reuniones casuales y eventos semi-formales, esta tendencia permite incorporar texturas naturales con un giro contempor\u00e1neo.<\/p>\n<h3><strong>Brilla con lentejuelas, pero con balance<\/strong><\/h3>\n<figure id=\"attachment_143878\" aria-describedby=\"caption-attachment-143878\" style=\"width: 682px\" class=\"wp-caption alignnone\"><img loading=\"lazy\" decoding=\"async\" class=\"size-large wp-image-143878\" src=\"https:\/\/graziamagazine.com\/mx\/wp-content\/uploads\/sites\/13\/2024\/11\/Captura-de-Pantalla-2024-11-20-a-las-21.49.06-682x1024.png\" alt=\"Estilo Festivo: Las Cinco Claves\" width=\"682\" height=\"1024\" srcset=\"https:\/\/graziamagazine.com\/mx\/wp-content\/uploads\/sites\/13\/2024\/11\/Captura-de-Pantalla-2024-11-20-a-las-21.49.06-682x1024.png 682w, https:\/\/graziamagazine.com\/mx\/wp-content\/uploads\/sites\/13\/2024\/11\/Captura-de-Pantalla-2024-11-20-a-las-21.49.06-300x450.png 300w, https:\/\/graziamagazine.com\/mx\/wp-content\/uploads\/sites\/13\/2024\/11\/Captura-de-Pantalla-2024-11-20-a-las-21.49.06-768x1153.png 768w, https:\/\/graziamagazine.com\/mx\/wp-content\/uploads\/sites\/13\/2024\/11\/Captura-de-Pantalla-2024-11-20-a-las-21.49.06-1023x1536.png 1023w, https:\/\/graziamagazine.com\/mx\/wp-content\/uploads\/sites\/13\/2024\/11\/Captura-de-Pantalla-2024-11-20-a-las-21.49.06-400x600.png 400w, https:\/\/graziamagazine.com\/mx\/wp-content\/uploads\/sites\/13\/2024\/11\/Captura-de-Pantalla-2024-11-20-a-las-21.49.06-143x215.png 143w, https:\/\/graziamagazine.com\/mx\/wp-content\/uploads\/sites\/13\/2024\/11\/Captura-de-Pantalla-2024-11-20-a-las-21.49.06.png 1106w\" sizes=\"(max-width: 682px) 100vw, 682px\" \/><figcaption id=\"caption-attachment-143878\" class=\"wp-caption-text\">Estilo Festivo: Las Cinco Claves<\/figcaption><\/figure>\n<p>Las lentejuelas son el sin\u00f3nimo definitivo de las fiestas, pero este a\u00f1o el truco est\u00e1 en la mezcla. Olvida el total look y comb\u00ednalas con tejidos como el tweed, el punto o incluso la lana.<\/p>\n<p>Para un look diurno, prueba con una falda de lentejuelas y un jersey oversized, o a\u00f1ade un blazer para un toque sofisticado. Perfecto para esas jornadas que terminan con una cena especial.<\/p>\n<h3><strong>Sastrer\u00eda con un giro moderno<\/strong><\/h3>\n<figure id=\"attachment_143876\" aria-describedby=\"caption-attachment-143876\" style=\"width: 599px\" class=\"wp-caption alignnone\"><img loading=\"lazy\" decoding=\"async\" class=\"size-large wp-image-143876\" src=\"https:\/\/graziamagazine.com\/mx\/wp-content\/uploads\/sites\/13\/2024\/11\/Captura-de-Pantalla-2024-11-20-a-las-21.48.52-599x1024.png\" alt=\"Estilo Festivo: Las Cinco Claves\" width=\"599\" height=\"1024\" srcset=\"https:\/\/graziamagazine.com\/mx\/wp-content\/uploads\/sites\/13\/2024\/11\/Captura-de-Pantalla-2024-11-20-a-las-21.48.52-599x1024.png 599w, https:\/\/graziamagazine.com\/mx\/wp-content\/uploads\/sites\/13\/2024\/11\/Captura-de-Pantalla-2024-11-20-a-las-21.48.52-263x450.png 263w, https:\/\/graziamagazine.com\/mx\/wp-content\/uploads\/sites\/13\/2024\/11\/Captura-de-Pantalla-2024-11-20-a-las-21.48.52-768x1312.png 768w, https:\/\/graziamagazine.com\/mx\/wp-content\/uploads\/sites\/13\/2024\/11\/Captura-de-Pantalla-2024-11-20-a-las-21.48.52-899x1536.png 899w, https:\/\/graziamagazine.com\/mx\/wp-content\/uploads\/sites\/13\/2024\/11\/Captura-de-Pantalla-2024-11-20-a-las-21.48.52-400x683.png 400w, https:\/\/graziamagazine.com\/mx\/wp-content\/uploads\/sites\/13\/2024\/11\/Captura-de-Pantalla-2024-11-20-a-las-21.48.52-126x215.png 126w, https:\/\/graziamagazine.com\/mx\/wp-content\/uploads\/sites\/13\/2024\/11\/Captura-de-Pantalla-2024-11-20-a-las-21.48.52.png 1022w\" sizes=\"(max-width: 599px) 100vw, 599px\" \/><figcaption id=\"caption-attachment-143876\" class=\"wp-caption-text\">Estilo Festivo: Las Cinco Claves<\/figcaption><\/figure>\n<p>La sastrer\u00eda femenina sigue evolucionando, y esta temporada trae cortes audaces, texturas inusuales y colores inesperados. Desde los trajes estructurados de Schiaparelli y Saint Laurent hasta las interpretaciones m\u00e1s suaves de Carolina Herrera, el tailoring es una declaraci\u00f3n de poder.<\/p>\n<p>Opta por un traje monocrom\u00e1tico o combina blazers con pantalones de diferente textura para crear contraste.<\/p>\n<h3><strong>Minivestidos joya: el uniforme festivo<\/strong><\/h3>\n<figure id=\"attachment_143875\" aria-describedby=\"caption-attachment-143875\" style=\"width: 644px\" class=\"wp-caption alignnone\"><img loading=\"lazy\" decoding=\"async\" class=\"size-large wp-image-143875\" src=\"https:\/\/graziamagazine.com\/mx\/wp-content\/uploads\/sites\/13\/2024\/11\/Captura-de-Pantalla-2024-11-20-a-las-21.48.48-644x1024.png\" alt=\"Estilo Festivo: Las Cinco Claves\" width=\"644\" height=\"1024\" srcset=\"https:\/\/graziamagazine.com\/mx\/wp-content\/uploads\/sites\/13\/2024\/11\/Captura-de-Pantalla-2024-11-20-a-las-21.48.48-644x1024.png 644w, https:\/\/graziamagazine.com\/mx\/wp-content\/uploads\/sites\/13\/2024\/11\/Captura-de-Pantalla-2024-11-20-a-las-21.48.48-283x450.png 283w, https:\/\/graziamagazine.com\/mx\/wp-content\/uploads\/sites\/13\/2024\/11\/Captura-de-Pantalla-2024-11-20-a-las-21.48.48-768x1220.png 768w, https:\/\/graziamagazine.com\/mx\/wp-content\/uploads\/sites\/13\/2024\/11\/Captura-de-Pantalla-2024-11-20-a-las-21.48.48-967x1536.png 967w, https:\/\/graziamagazine.com\/mx\/wp-content\/uploads\/sites\/13\/2024\/11\/Captura-de-Pantalla-2024-11-20-a-las-21.48.48-400x636.png 400w, https:\/\/graziamagazine.com\/mx\/wp-content\/uploads\/sites\/13\/2024\/11\/Captura-de-Pantalla-2024-11-20-a-las-21.48.48-135x215.png 135w, https:\/\/graziamagazine.com\/mx\/wp-content\/uploads\/sites\/13\/2024\/11\/Captura-de-Pantalla-2024-11-20-a-las-21.48.48.png 1080w\" sizes=\"(max-width: 644px) 100vw, 644px\" \/><figcaption id=\"caption-attachment-143875\" class=\"wp-caption-text\">Estilo Festivo: Las Cinco Claves<\/figcaption><\/figure>\n<p>Miu Miu y otras casas de moda apuestan por vestidos cortos adornados con cristales, lentejuelas o bordados preciosos. Esta prenda vers\u00e1til es perfecta tanto para cenas \u00edntimas como para eventos m\u00e1s formales. Comb\u00ednalo con medias negras y stilettos para un look cl\u00e1sico, o a\u00f1\u00e1dele botas altas para un aire m\u00e1s atrevido.<\/p>\n<h3><strong>Rojo oscuro: el color del momento<\/strong><\/h3>\n<figure id=\"attachment_143877\" aria-describedby=\"caption-attachment-143877\" style=\"width: 677px\" class=\"wp-caption alignnone\"><img loading=\"lazy\" decoding=\"async\" class=\"size-large wp-image-143877\" src=\"https:\/\/graziamagazine.com\/mx\/wp-content\/uploads\/sites\/13\/2024\/11\/Captura-de-Pantalla-2024-11-20-a-las-21.49.00-677x1024.png\" alt=\"Estilo Festivo: Las Cinco Claves\" width=\"677\" height=\"1024\" srcset=\"https:\/\/graziamagazine.com\/mx\/wp-content\/uploads\/sites\/13\/2024\/11\/Captura-de-Pantalla-2024-11-20-a-las-21.49.00-677x1024.png 677w, https:\/\/graziamagazine.com\/mx\/wp-content\/uploads\/sites\/13\/2024\/11\/Captura-de-Pantalla-2024-11-20-a-las-21.49.00-298x450.png 298w, https:\/\/graziamagazine.com\/mx\/wp-content\/uploads\/sites\/13\/2024\/11\/Captura-de-Pantalla-2024-11-20-a-las-21.49.00-768x1161.png 768w, https:\/\/graziamagazine.com\/mx\/wp-content\/uploads\/sites\/13\/2024\/11\/Captura-de-Pantalla-2024-11-20-a-las-21.49.00-1016x1536.png 1016w, https:\/\/graziamagazine.com\/mx\/wp-content\/uploads\/sites\/13\/2024\/11\/Captura-de-Pantalla-2024-11-20-a-las-21.49.00-400x605.png 400w, https:\/\/graziamagazine.com\/mx\/wp-content\/uploads\/sites\/13\/2024\/11\/Captura-de-Pantalla-2024-11-20-a-las-21.49.00-142x215.png 142w, https:\/\/graziamagazine.com\/mx\/wp-content\/uploads\/sites\/13\/2024\/11\/Captura-de-Pantalla-2024-11-20-a-las-21.49.00.png 1066w\" sizes=\"(max-width: 677px) 100vw, 677px\" \/><figcaption id=\"caption-attachment-143877\" class=\"wp-caption-text\">Estilo Festivo: Las Cinco Claves<\/figcaption><\/figure>\n<p>El rojo oscuro, entre el burdeos y el cereza, se corona como el protagonista de la temporada. Desde vestidos fluidos hasta accesorios statement, este tono aporta calidez y sofisticaci\u00f3n.<\/p>\n<p>Dise\u00f1adores como Elie Saab y Louis Vuitton lo han adoptado como su elecci\u00f3n estrella, invit\u00e1ndonos a incluirlo en nuestras piezas clave para las fiestas.<\/p>\n<p>Con estas cinco tendencias, podr\u00e1s dominar el arte de vestir en estas fechas, manteniendo el equilibrio entre moda y funcionalidad. \u00a1Haz de cada look un \u00e9xito!<\/p>\n<p><em><strong>*IMAGEN: Google Images<\/strong><\/em><\/p>\n","protected":false},"author":28953,"featured_media":143880,"template":"","format":"standard","categories":[4],"acf":[],"yoast_head":"<!-- This site is optimized with the Yoast SEO Premium plugin v18.5 (Yoast SEO v20.4) - https:\/\/yoast.com\/wordpress\/plugins\/seo\/ -->\n<title>Estilo Festivo: Las Cinco Claves<\/title>\n<meta name=\"description\" content=\"Estas tendencias de temporada fusionan brillo, color y sofisticaci\u00f3n para transformar cualquier look en un triunfo festivo atemporal.\" \/>\n<meta name=\"robots\" content=\"index, follow, max-snippet:-1, max-image-preview:large, max-video-preview:-1\" \/>\n<link rel=\"canonical\" href=\"https:\/\/graziamagazine.com\/mx\/articles\/estilo-festivo-las-cinco-claves\/\" \/>\n<meta property=\"og:locale\" content=\"es_MX\" \/>\n<meta property=\"og:type\" content=\"article\" \/>\n<meta property=\"og:title\" content=\"Estilo Festivo: Las Cinco Claves\" \/>\n<meta property=\"og:description\" content=\"Estas tendencias de temporada fusionan brillo, color y sofisticaci\u00f3n para transformar cualquier look en un triunfo festivo atemporal.\" \/>\n<meta property=\"og:url\" content=\"https:\/\/graziamagazine.com\/mx\/articles\/estilo-festivo-las-cinco-claves\/\" \/>\n<meta property=\"og:site_name\" content=\"Grazia M\u00e9xico y Latinoam\u00e9rica\" \/>\n<meta property=\"article:modified_time\" content=\"2024-11-21T03:59:38+00:00\" \/>\n<meta property=\"og:image\" content=\"https:\/\/graziamagazine.com\/mx\/wp-content\/uploads\/sites\/13\/2024\/11\/Captura-de-Pantalla-2024-11-20-a-las-21.54.25-1024x603.png\" \/>\n\t<meta property=\"og:image:width\" content=\"1024\" \/>\n\t<meta property=\"og:image:height\" content=\"603\" \/>\n\t<meta property=\"og:image:type\" content=\"image\/png\" \/>\n<meta name=\"twitter:card\" content=\"summary_large_image\" \/>\n<meta name=\"twitter:label1\" content=\"Est. reading time\" \/>\n\t<meta name=\"twitter:data1\" content=\"3 minutos\" \/>\n<script type=\"application\/ld+json\" class=\"yoast-schema-graph\">{\"@context\":\"https:\/\/schema.org\",\"@graph\":[{\"@type\":\"WebPage\",\"@id\":\"https:\/\/graziamagazine.com\/mx\/articles\/estilo-festivo-las-cinco-claves\/\",\"url\":\"https:\/\/graziamagazine.com\/mx\/articles\/estilo-festivo-las-cinco-claves\/\",\"name\":\"Estilo Festivo: Las Cinco Claves\",\"isPartOf\":{\"@id\":\"https:\/\/graziamagazine.com\/mx\/#website\"},\"datePublished\":\"2024-11-21T03:41:54+00:00\",\"dateModified\":\"2024-11-21T03:59:38+00:00\",\"description\":\"Estas tendencias de temporada fusionan brillo, color y sofisticaci\u00f3n para transformar cualquier look en un triunfo festivo atemporal.\",\"breadcrumb\":{\"@id\":\"https:\/\/graziamagazine.com\/mx\/articles\/estilo-festivo-las-cinco-claves\/#breadcrumb\"},\"inLanguage\":\"es-MX\",\"potentialAction\":[{\"@type\":\"ReadAction\",\"target\":[\"https:\/\/graziamagazine.com\/mx\/articles\/estilo-festivo-las-cinco-claves\/\"]}]},{\"@type\":\"BreadcrumbList\",\"@id\":\"https:\/\/graziamagazine.com\/mx\/articles\/estilo-festivo-las-cinco-claves\/#breadcrumb\",\"itemListElement\":[{\"@type\":\"ListItem\",\"position\":1,\"name\":\"Home\",\"item\":\"https:\/\/graziamagazine.com\/mx\/\"},{\"@type\":\"ListItem\",\"position\":2,\"name\":\"Estilo Festivo: Las Cinco Claves\"}]},{\"@type\":\"WebSite\",\"@id\":\"https:\/\/graziamagazine.com\/mx\/#website\",\"url\":\"https:\/\/graziamagazine.com\/mx\/\",\"name\":\"Grazia M\u00e9xico y Latinoam\u00e9rica\",\"description\":\"Grazia es moda, belleza y noticias  de actualidad \",\"potentialAction\":[{\"@type\":\"SearchAction\",\"target\":{\"@type\":\"EntryPoint\",\"urlTemplate\":\"https:\/\/graziamagazine.com\/mx\/?s={search_term_string}\"},\"query-input\":\"required name=search_term_string\"}],\"inLanguage\":\"es-MX\"}]}<\/script>\n<!-- \/ Yoast SEO Premium plugin. -->","yoast_head_json":{"title":"Estilo Festivo: Las Cinco Claves","description":"Estas tendencias de temporada fusionan brillo, color y sofisticaci\u00f3n para transformar cualquier look en un triunfo festivo atemporal.","robots":{"index":"index","follow":"follow","max-snippet":"max-snippet:-1","max-image-preview":"max-image-preview:large","max-video-preview":"max-video-preview:-1"},"canonical":"https:\/\/graziamagazine.com\/mx\/articles\/estilo-festivo-las-cinco-claves\/","og_locale":"es_MX","og_type":"article","og_title":"Estilo Festivo: Las Cinco Claves","og_description":"Estas tendencias de temporada fusionan brillo, color y sofisticaci\u00f3n para transformar cualquier look en un triunfo festivo atemporal.","og_url":"https:\/\/graziamagazine.com\/mx\/articles\/estilo-festivo-las-cinco-claves\/","og_site_name":"Grazia M\u00e9xico y Latinoam\u00e9rica","article_modified_time":"2024-11-21T03:59:38+00:00","og_image":[{"width":1024,"height":603,"url":"https:\/\/graziamagazine.com\/mx\/wp-content\/uploads\/sites\/13\/2024\/11\/Captura-de-Pantalla-2024-11-20-a-las-21.54.25-1024x603.png","type":"image\/png"}],"twitter_card":"summary_large_image","twitter_misc":{"Est. reading time":"3 minutos"},"schema":{"@context":"https:\/\/schema.org","@graph":[{"@type":"WebPage","@id":"https:\/\/graziamagazine.com\/mx\/articles\/estilo-festivo-las-cinco-claves\/","url":"https:\/\/graziamagazine.com\/mx\/articles\/estilo-festivo-las-cinco-claves\/","name":"Estilo Festivo: Las Cinco Claves","isPartOf":{"@id":"https:\/\/graziamagazine.com\/mx\/#website"},"datePublished":"2024-11-21T03:41:54+00:00","dateModified":"2024-11-21T03:59:38+00:00","description":"Estas tendencias de temporada fusionan brillo, color y sofisticaci\u00f3n para transformar cualquier look en un triunfo festivo atemporal.","breadcrumb":{"@id":"https:\/\/graziamagazine.com\/mx\/articles\/estilo-festivo-las-cinco-claves\/#breadcrumb"},"inLanguage":"es-MX","potentialAction":[{"@type":"ReadAction","target":["https:\/\/graziamagazine.com\/mx\/articles\/estilo-festivo-las-cinco-claves\/"]}]},{"@type":"BreadcrumbList","@id":"https:\/\/graziamagazine.com\/mx\/articles\/estilo-festivo-las-cinco-claves\/#breadcrumb","itemListElement":[{"@type":"ListItem","position":1,"name":"Home","item":"https:\/\/graziamagazine.com\/mx\/"},{"@type":"ListItem","position":2,"name":"Estilo Festivo: Las Cinco Claves"}]},{"@type":"WebSite","@id":"https:\/\/graziamagazine.com\/mx\/#website","url":"https:\/\/graziamagazine.com\/mx\/","name":"Grazia M\u00e9xico y Latinoam\u00e9rica","description":"Grazia es moda, belleza y noticias  de actualidad ","potentialAction":[{"@type":"SearchAction","target":{"@type":"EntryPoint","urlTemplate":"https:\/\/graziamagazine.com\/mx\/?s={search_term_string}"},"query-input":"required name=search_term_string"}],"inLanguage":"es-MX"}]}},"jetpack_sharing_enabled":true,"distributor_meta":false,"distributor_terms":false,"distributor_media":false,"distributor_original_site_name":"Grazia M\u00e9xico y Latinoam\u00e9rica","distributor_original_site_url":"https:\/\/graziamagazine.com\/mx","push-errors":false,"_links":{"self":[{"href":"https:\/\/graziamagazine.com\/mx\/wp-json\/wp\/v2\/articles\/143874"}],"collection":[{"href":"https:\/\/graziamagazine.com\/mx\/wp-json\/wp\/v2\/articles"}],"about":[{"href":"https:\/\/graziamagazine.com\/mx\/wp-json\/wp\/v2\/types\/articles"}],"author":[{"embeddable":true,"href":"https:\/\/graziamagazine.com\/mx\/wp-json\/wp\/v2\/users\/28953"}],"wp:featuredmedia":[{"embeddable":true,"href":"https:\/\/graziamagazine.com\/mx\/wp-json\/wp\/v2\/media\/143880"}],"wp:attachment":[{"href":"https:\/\/graziamagazine.com\/mx\/wp-json\/wp\/v2\/media?parent=143874"}],"wp:term":[{"taxonomy":"category","embeddable":true,"href":"https:\/\/graziamagazine.com\/mx\/wp-json\/wp\/v2\/categories?post=143874"}],"curies":[{"name":"wp","href":"https:\/\/api.w.org\/{rel}","templated":true}]}}