{"id":143842,"date":"2024-11-20T08:33:03","date_gmt":"2024-11-20T13:33:03","guid":{"rendered":"https:\/\/graziamagazine.com\/mx\/?post_type=articles&#038;p=143842"},"modified":"2024-11-20T11:11:14","modified_gmt":"2024-11-20T16:11:14","slug":"el-legado-de-grace-kelly-revive","status":"publish","type":"articles","link":"https:\/\/graziamagazine.com\/mx\/articles\/el-legado-de-grace-kelly-revive\/","title":{"rendered":"El Legado de Grace Kelly Revive"},"content":{"rendered":"<p>La joven Alexandra de Hanover ha dejado claro que su legado va m\u00e1s all\u00e1 de t\u00edtulos nobiliarios. Aunque oficialmente es princesa de una regi\u00f3n alemana y no de M\u00f3naco, en la reciente celebraci\u00f3n del D\u00eda Nacional del Principado se mostr\u00f3 m\u00e1s monegasca que nunca, acompa\u00f1ada por su madre, la princesa Carolina, y sus t\u00edos, con un look cargado de historia y elegancia.<\/p>\n<p>Para este evento, Alexandra eligi\u00f3 un atuendo verdaderamente especial: un conjunto de chaqueta y falda que perteneci\u00f3 a su abuela, la ic\u00f3nica Grace Kelly.<\/p>\n<figure id=\"attachment_143844\" aria-describedby=\"caption-attachment-143844\" style=\"width: 389px\" class=\"wp-caption alignnone\"><img loading=\"lazy\" decoding=\"async\" class=\"size-large wp-image-143844\" src=\"https:\/\/graziamagazine.com\/mx\/wp-content\/uploads\/sites\/13\/2024\/11\/Captura-de-Pantalla-2024-11-19-a-las-20.36.16-389x1024.png\" alt=\"El Legado de Grace Kelly Revive\" width=\"389\" height=\"1024\" srcset=\"https:\/\/graziamagazine.com\/mx\/wp-content\/uploads\/sites\/13\/2024\/11\/Captura-de-Pantalla-2024-11-19-a-las-20.36.16-389x1024.png 389w, https:\/\/graziamagazine.com\/mx\/wp-content\/uploads\/sites\/13\/2024\/11\/Captura-de-Pantalla-2024-11-19-a-las-20.36.16-171x450.png 171w, https:\/\/graziamagazine.com\/mx\/wp-content\/uploads\/sites\/13\/2024\/11\/Captura-de-Pantalla-2024-11-19-a-las-20.36.16-400x1053.png 400w, https:\/\/graziamagazine.com\/mx\/wp-content\/uploads\/sites\/13\/2024\/11\/Captura-de-Pantalla-2024-11-19-a-las-20.36.16-82x215.png 82w, https:\/\/graziamagazine.com\/mx\/wp-content\/uploads\/sites\/13\/2024\/11\/Captura-de-Pantalla-2024-11-19-a-las-20.36.16.png 562w\" sizes=\"(max-width: 389px) 100vw, 389px\" \/><figcaption id=\"caption-attachment-143844\" class=\"wp-caption-text\">El Legado de Grace Kelly Revive<\/figcaption><\/figure>\n<p>Esta elecci\u00f3n no solo evoc\u00f3 la nostalgia por una de las princesas m\u00e1s amadas del siglo pasado, sino que tambi\u00e9n fue un gui\u00f1o a la atemporalidad del estilo cl\u00e1sico de Grace.<\/p>\n<p>El traje en cuesti\u00f3n, de tejido satinado en tono marr\u00f3n, representa el sofisticado corte New Look, caracterizado por una cintura entallada y una falda amplia que estiliza la figura femenina con elegancia y naturalidad.<\/p>\n<p>Grace Kelly, quien hab\u00eda convertido este tipo de prendas en su firma de estilo incluso antes de convertirse en princesa de M\u00f3naco, ten\u00eda una colecci\u00f3n variada en diversos colores y patrones.<\/p>\n<figure id=\"attachment_143843\" aria-describedby=\"caption-attachment-143843\" style=\"width: 617px\" class=\"wp-caption alignnone\"><img loading=\"lazy\" decoding=\"async\" class=\"size-large wp-image-143843\" src=\"https:\/\/graziamagazine.com\/mx\/wp-content\/uploads\/sites\/13\/2024\/11\/Captura-de-Pantalla-2024-11-19-a-las-20.36.36-617x1024.png\" alt=\"El Legado de Grace Kelly Revive\" width=\"617\" height=\"1024\" srcset=\"https:\/\/graziamagazine.com\/mx\/wp-content\/uploads\/sites\/13\/2024\/11\/Captura-de-Pantalla-2024-11-19-a-las-20.36.36-617x1024.png 617w, https:\/\/graziamagazine.com\/mx\/wp-content\/uploads\/sites\/13\/2024\/11\/Captura-de-Pantalla-2024-11-19-a-las-20.36.36-271x450.png 271w, https:\/\/graziamagazine.com\/mx\/wp-content\/uploads\/sites\/13\/2024\/11\/Captura-de-Pantalla-2024-11-19-a-las-20.36.36-768x1275.png 768w, https:\/\/graziamagazine.com\/mx\/wp-content\/uploads\/sites\/13\/2024\/11\/Captura-de-Pantalla-2024-11-19-a-las-20.36.36-400x664.png 400w, https:\/\/graziamagazine.com\/mx\/wp-content\/uploads\/sites\/13\/2024\/11\/Captura-de-Pantalla-2024-11-19-a-las-20.36.36-130x215.png 130w, https:\/\/graziamagazine.com\/mx\/wp-content\/uploads\/sites\/13\/2024\/11\/Captura-de-Pantalla-2024-11-19-a-las-20.36.36.png 894w\" sizes=\"(max-width: 617px) 100vw, 617px\" \/><figcaption id=\"caption-attachment-143843\" class=\"wp-caption-text\">El Legado de Grace Kelly Revive<\/figcaption><\/figure>\n<p>Alexandra no se limit\u00f3 a reproducir el look tal cual. A\u00f1adi\u00f3 un toque contempor\u00e1neo con un lazo en un tono marr\u00f3n casi id\u00e9ntico, que decor\u00f3 su peinado: un sencillo mo\u00f1o bajo que complementaba a la perfecci\u00f3n el conjunto. Este detalle, coqueto y muy <em>royal<\/em>, permiti\u00f3 que la joven trajera el esp\u00edritu de mediados del siglo XX a la actualidad, demostrando c\u00f3mo un cl\u00e1sico puede reinventarse y seguir siendo relevante.<\/p>\n<p>El gui\u00f1o de Alexandra al legado de su abuela es un testimonio de la fuerte conexi\u00f3n entre generaciones y la elegancia perdurable de la familia Grimaldi.<\/p>\n<figure id=\"attachment_143845\" aria-describedby=\"caption-attachment-143845\" style=\"width: 742px\" class=\"wp-caption alignnone\"><img loading=\"lazy\" decoding=\"async\" class=\"size-large wp-image-143845\" src=\"https:\/\/graziamagazine.com\/mx\/wp-content\/uploads\/sites\/13\/2024\/11\/Captura-de-Pantalla-2024-11-19-a-las-20.36.27-742x1024.png\" alt=\"El Legado de Grace Kelly Revive\" width=\"742\" height=\"1024\" srcset=\"https:\/\/graziamagazine.com\/mx\/wp-content\/uploads\/sites\/13\/2024\/11\/Captura-de-Pantalla-2024-11-19-a-las-20.36.27-742x1024.png 742w, https:\/\/graziamagazine.com\/mx\/wp-content\/uploads\/sites\/13\/2024\/11\/Captura-de-Pantalla-2024-11-19-a-las-20.36.27-326x450.png 326w, https:\/\/graziamagazine.com\/mx\/wp-content\/uploads\/sites\/13\/2024\/11\/Captura-de-Pantalla-2024-11-19-a-las-20.36.27-768x1060.png 768w, https:\/\/graziamagazine.com\/mx\/wp-content\/uploads\/sites\/13\/2024\/11\/Captura-de-Pantalla-2024-11-19-a-las-20.36.27-400x552.png 400w, https:\/\/graziamagazine.com\/mx\/wp-content\/uploads\/sites\/13\/2024\/11\/Captura-de-Pantalla-2024-11-19-a-las-20.36.27-155x215.png 155w, https:\/\/graziamagazine.com\/mx\/wp-content\/uploads\/sites\/13\/2024\/11\/Captura-de-Pantalla-2024-11-19-a-las-20.36.27.png 956w\" sizes=\"(max-width: 742px) 100vw, 742px\" \/><figcaption id=\"caption-attachment-143845\" class=\"wp-caption-text\">El Legado de Grace Kelly Revive<\/figcaption><\/figure>\n<p>Revisando im\u00e1genes hist\u00f3ricas de Grace Kelly, es f\u00e1cil ver c\u00f3mo el estilo de la princesa, sencillo y exquisito, sigue marcando la pauta.<\/p>\n<p>Si bien es dif\u00edcil determinar el evento exacto en el que Grace pudo haber lucido este traje en particular, la aparici\u00f3n de su nieta con una prenda tan significativa subraya que la moda es un puente entre pasado y presente, y que las memorias se llevan no solo en el coraz\u00f3n, sino tambi\u00e9n en la elegancia de un conjunto vintage.<\/p>\n<p><em><strong>*IMAGEN: Google Images<\/strong><\/em><\/p>\n","protected":false},"author":28953,"featured_media":143846,"template":"","format":"standard","categories":[4],"acf":[],"yoast_head":"<!-- This site is optimized with the Yoast SEO Premium plugin v18.5 (Yoast SEO v20.4) - https:\/\/yoast.com\/wordpress\/plugins\/seo\/ -->\n<title>El Legado de Grace Kelly Revive<\/title>\n<meta name=\"description\" content=\"Alexandra de Hanover honra a su abuela luciendo un traje vintage con un toque moderno en el D\u00eda Nacional de M\u00f3naco.\" \/>\n<meta name=\"robots\" content=\"index, follow, max-snippet:-1, max-image-preview:large, max-video-preview:-1\" \/>\n<link rel=\"canonical\" href=\"https:\/\/graziamagazine.com\/mx\/articles\/el-legado-de-grace-kelly-revive\/\" \/>\n<meta property=\"og:locale\" content=\"es_MX\" \/>\n<meta property=\"og:type\" content=\"article\" \/>\n<meta property=\"og:title\" content=\"El Legado de Grace Kelly Revive\" \/>\n<meta property=\"og:description\" content=\"Alexandra de Hanover honra a su abuela luciendo un traje vintage con un toque moderno en el D\u00eda Nacional de M\u00f3naco.\" \/>\n<meta property=\"og:url\" content=\"https:\/\/graziamagazine.com\/mx\/articles\/el-legado-de-grace-kelly-revive\/\" \/>\n<meta property=\"og:site_name\" content=\"Grazia M\u00e9xico y Latinoam\u00e9rica\" \/>\n<meta property=\"article:modified_time\" content=\"2024-11-20T16:11:14+00:00\" \/>\n<meta property=\"og:image\" content=\"https:\/\/graziamagazine.com\/mx\/wp-content\/uploads\/sites\/13\/2024\/11\/alexandra-portada-ksjF-U23053382015kgH-1248x1248@MujerHoy-e1732070282939.jpg\" \/>\n\t<meta property=\"og:image:width\" content=\"1248\" \/>\n\t<meta property=\"og:image:height\" content=\"886\" \/>\n\t<meta property=\"og:image:type\" content=\"image\/jpeg\" \/>\n<meta name=\"twitter:card\" content=\"summary_large_image\" \/>\n<meta name=\"twitter:label1\" content=\"Est. reading time\" \/>\n\t<meta name=\"twitter:data1\" content=\"3 minutos\" \/>\n<script type=\"application\/ld+json\" class=\"yoast-schema-graph\">{\"@context\":\"https:\/\/schema.org\",\"@graph\":[{\"@type\":\"WebPage\",\"@id\":\"https:\/\/graziamagazine.com\/mx\/articles\/el-legado-de-grace-kelly-revive\/\",\"url\":\"https:\/\/graziamagazine.com\/mx\/articles\/el-legado-de-grace-kelly-revive\/\",\"name\":\"El Legado de Grace Kelly Revive\",\"isPartOf\":{\"@id\":\"https:\/\/graziamagazine.com\/mx\/#website\"},\"datePublished\":\"2024-11-20T13:33:03+00:00\",\"dateModified\":\"2024-11-20T16:11:14+00:00\",\"description\":\"Alexandra de Hanover honra a su abuela luciendo un traje vintage con un toque moderno en el D\u00eda Nacional de M\u00f3naco.\",\"breadcrumb\":{\"@id\":\"https:\/\/graziamagazine.com\/mx\/articles\/el-legado-de-grace-kelly-revive\/#breadcrumb\"},\"inLanguage\":\"es-MX\",\"potentialAction\":[{\"@type\":\"ReadAction\",\"target\":[\"https:\/\/graziamagazine.com\/mx\/articles\/el-legado-de-grace-kelly-revive\/\"]}]},{\"@type\":\"BreadcrumbList\",\"@id\":\"https:\/\/graziamagazine.com\/mx\/articles\/el-legado-de-grace-kelly-revive\/#breadcrumb\",\"itemListElement\":[{\"@type\":\"ListItem\",\"position\":1,\"name\":\"Home\",\"item\":\"https:\/\/graziamagazine.com\/mx\/\"},{\"@type\":\"ListItem\",\"position\":2,\"name\":\"El Legado de Grace Kelly Revive\"}]},{\"@type\":\"WebSite\",\"@id\":\"https:\/\/graziamagazine.com\/mx\/#website\",\"url\":\"https:\/\/graziamagazine.com\/mx\/\",\"name\":\"Grazia M\u00e9xico y Latinoam\u00e9rica\",\"description\":\"Grazia es moda, belleza y noticias  de actualidad \",\"potentialAction\":[{\"@type\":\"SearchAction\",\"target\":{\"@type\":\"EntryPoint\",\"urlTemplate\":\"https:\/\/graziamagazine.com\/mx\/?s={search_term_string}\"},\"query-input\":\"required name=search_term_string\"}],\"inLanguage\":\"es-MX\"}]}<\/script>\n<!-- \/ Yoast SEO Premium plugin. -->","yoast_head_json":{"title":"El Legado de Grace Kelly Revive","description":"Alexandra de Hanover honra a su abuela luciendo un traje vintage con un toque moderno en el D\u00eda Nacional de M\u00f3naco.","robots":{"index":"index","follow":"follow","max-snippet":"max-snippet:-1","max-image-preview":"max-image-preview:large","max-video-preview":"max-video-preview:-1"},"canonical":"https:\/\/graziamagazine.com\/mx\/articles\/el-legado-de-grace-kelly-revive\/","og_locale":"es_MX","og_type":"article","og_title":"El Legado de Grace Kelly Revive","og_description":"Alexandra de Hanover honra a su abuela luciendo un traje vintage con un toque moderno en el D\u00eda Nacional de M\u00f3naco.","og_url":"https:\/\/graziamagazine.com\/mx\/articles\/el-legado-de-grace-kelly-revive\/","og_site_name":"Grazia M\u00e9xico y Latinoam\u00e9rica","article_modified_time":"2024-11-20T16:11:14+00:00","og_image":[{"width":1248,"height":886,"url":"https:\/\/graziamagazine.com\/mx\/wp-content\/uploads\/sites\/13\/2024\/11\/alexandra-portada-ksjF-U23053382015kgH-1248x1248@MujerHoy-e1732070282939.jpg","type":"image\/jpeg"}],"twitter_card":"summary_large_image","twitter_misc":{"Est. reading time":"3 minutos"},"schema":{"@context":"https:\/\/schema.org","@graph":[{"@type":"WebPage","@id":"https:\/\/graziamagazine.com\/mx\/articles\/el-legado-de-grace-kelly-revive\/","url":"https:\/\/graziamagazine.com\/mx\/articles\/el-legado-de-grace-kelly-revive\/","name":"El Legado de Grace Kelly Revive","isPartOf":{"@id":"https:\/\/graziamagazine.com\/mx\/#website"},"datePublished":"2024-11-20T13:33:03+00:00","dateModified":"2024-11-20T16:11:14+00:00","description":"Alexandra de Hanover honra a su abuela luciendo un traje vintage con un toque moderno en el D\u00eda Nacional de M\u00f3naco.","breadcrumb":{"@id":"https:\/\/graziamagazine.com\/mx\/articles\/el-legado-de-grace-kelly-revive\/#breadcrumb"},"inLanguage":"es-MX","potentialAction":[{"@type":"ReadAction","target":["https:\/\/graziamagazine.com\/mx\/articles\/el-legado-de-grace-kelly-revive\/"]}]},{"@type":"BreadcrumbList","@id":"https:\/\/graziamagazine.com\/mx\/articles\/el-legado-de-grace-kelly-revive\/#breadcrumb","itemListElement":[{"@type":"ListItem","position":1,"name":"Home","item":"https:\/\/graziamagazine.com\/mx\/"},{"@type":"ListItem","position":2,"name":"El Legado de Grace Kelly Revive"}]},{"@type":"WebSite","@id":"https:\/\/graziamagazine.com\/mx\/#website","url":"https:\/\/graziamagazine.com\/mx\/","name":"Grazia M\u00e9xico y Latinoam\u00e9rica","description":"Grazia es moda, belleza y noticias  de actualidad ","potentialAction":[{"@type":"SearchAction","target":{"@type":"EntryPoint","urlTemplate":"https:\/\/graziamagazine.com\/mx\/?s={search_term_string}"},"query-input":"required name=search_term_string"}],"inLanguage":"es-MX"}]}},"jetpack_sharing_enabled":true,"distributor_meta":false,"distributor_terms":false,"distributor_media":false,"distributor_original_site_name":"Grazia M\u00e9xico y Latinoam\u00e9rica","distributor_original_site_url":"https:\/\/graziamagazine.com\/mx","push-errors":false,"_links":{"self":[{"href":"https:\/\/graziamagazine.com\/mx\/wp-json\/wp\/v2\/articles\/143842"}],"collection":[{"href":"https:\/\/graziamagazine.com\/mx\/wp-json\/wp\/v2\/articles"}],"about":[{"href":"https:\/\/graziamagazine.com\/mx\/wp-json\/wp\/v2\/types\/articles"}],"author":[{"embeddable":true,"href":"https:\/\/graziamagazine.com\/mx\/wp-json\/wp\/v2\/users\/28953"}],"wp:featuredmedia":[{"embeddable":true,"href":"https:\/\/graziamagazine.com\/mx\/wp-json\/wp\/v2\/media\/143846"}],"wp:attachment":[{"href":"https:\/\/graziamagazine.com\/mx\/wp-json\/wp\/v2\/media?parent=143842"}],"wp:term":[{"taxonomy":"category","embeddable":true,"href":"https:\/\/graziamagazine.com\/mx\/wp-json\/wp\/v2\/categories?post=143842"}],"curies":[{"name":"wp","href":"https:\/\/api.w.org\/{rel}","templated":true}]}}