{"id":143715,"date":"2024-11-14T23:14:02","date_gmt":"2024-11-15T04:14:02","guid":{"rendered":"https:\/\/graziamagazine.com\/mx\/?post_type=articles&#038;p=143715"},"modified":"2024-11-14T23:34:23","modified_gmt":"2024-11-15T04:34:23","slug":"ganadores-mejores-momentos-latin-grammy-2024","status":"publish","type":"articles","link":"https:\/\/graziamagazine.com\/mx\/articles\/ganadores-mejores-momentos-latin-grammy-2024\/","title":{"rendered":"Los ganadores y mejores momentos de los Latin Grammy 2024"},"content":{"rendered":"<p>Los <strong>Latin Grammy 2024<\/strong> son los premios m\u00e1s esperados de la <strong>m\u00fasica latina<\/strong>. Esta noche se dieron los premios a los mejores exponentes de la industria y aunque hubo muchas sorpresas, tambi\u00e9n pudimos disfrutar de comentos ic\u00f3nicos. Te damos todos los detalles.<\/p>\n<figure id=\"attachment_143717\" aria-describedby=\"caption-attachment-143717\" style=\"width: 450px\" class=\"wp-caption alignnone\"><img loading=\"lazy\" decoding=\"async\" class=\"size-medium wp-image-143717\" src=\"https:\/\/graziamagazine.com\/mx\/wp-content\/uploads\/sites\/13\/2024\/11\/WhatsApp-Image-2024-11-14-at-10.24.33-PM-450x376.jpeg\" alt=\"\" width=\"450\" height=\"376\" srcset=\"https:\/\/graziamagazine.com\/mx\/wp-content\/uploads\/sites\/13\/2024\/11\/WhatsApp-Image-2024-11-14-at-10.24.33-PM-450x376.jpeg 450w, https:\/\/graziamagazine.com\/mx\/wp-content\/uploads\/sites\/13\/2024\/11\/WhatsApp-Image-2024-11-14-at-10.24.33-PM-1024x856.jpeg 1024w, https:\/\/graziamagazine.com\/mx\/wp-content\/uploads\/sites\/13\/2024\/11\/WhatsApp-Image-2024-11-14-at-10.24.33-PM-768x642.jpeg 768w, https:\/\/graziamagazine.com\/mx\/wp-content\/uploads\/sites\/13\/2024\/11\/WhatsApp-Image-2024-11-14-at-10.24.33-PM-400x334.jpeg 400w, https:\/\/graziamagazine.com\/mx\/wp-content\/uploads\/sites\/13\/2024\/11\/WhatsApp-Image-2024-11-14-at-10.24.33-PM-155x130.jpeg 155w, https:\/\/graziamagazine.com\/mx\/wp-content\/uploads\/sites\/13\/2024\/11\/WhatsApp-Image-2024-11-14-at-10.24.33-PM.jpeg 1125w\" sizes=\"(max-width: 450px) 100vw, 450px\" \/><figcaption id=\"caption-attachment-143717\" class=\"wp-caption-text\">Instagram<\/figcaption><\/figure>\n<h3>Los ganadores<\/h3>\n<p>Las principales categor\u00edas de la noche se fueron para los mejores artistas de la industria y estos fueron los ganadores.<\/p>\n<p>Mejor Canci\u00f3n Pop \u2018Feriado\u2019 \u2013 Rawayana<br \/>\nMejor Canci\u00f3n Urbana \u2018Bonita\u2019 \u2013 Daddy Yankee<br \/>\n\u00c1lbum del a\u00f1o \u2013 Radio G\u00fcira Juan Luis Guerra 4.40<br \/>\nCanci\u00f3n del A\u00f1o \u2013 \u2018Derrumbe\u2019 Jorge Drexler<br \/>\nGrabaci\u00f3n del A\u00f1o \u2018Mambo 23\u2019 \u2013 Juan Luis Guerra 4.40<br \/>\nProductor del A\u00f1o \u2013 Edgar Barrera<\/p>\n<h3>Carlos Vives<\/h3>\n<figure id=\"attachment_143718\" aria-describedby=\"caption-attachment-143718\" style=\"width: 307px\" class=\"wp-caption alignnone\"><img loading=\"lazy\" decoding=\"async\" class=\"size-medium wp-image-143718\" src=\"https:\/\/graziamagazine.com\/mx\/wp-content\/uploads\/sites\/13\/2024\/11\/WhatsApp-Image-2024-11-14-at-10.24.34-PM-1-307x450.jpeg\" alt=\"\" width=\"307\" height=\"450\" srcset=\"https:\/\/graziamagazine.com\/mx\/wp-content\/uploads\/sites\/13\/2024\/11\/WhatsApp-Image-2024-11-14-at-10.24.34-PM-1-307x450.jpeg 307w, https:\/\/graziamagazine.com\/mx\/wp-content\/uploads\/sites\/13\/2024\/11\/WhatsApp-Image-2024-11-14-at-10.24.34-PM-1-698x1024.jpeg 698w, https:\/\/graziamagazine.com\/mx\/wp-content\/uploads\/sites\/13\/2024\/11\/WhatsApp-Image-2024-11-14-at-10.24.34-PM-1-768x1127.jpeg 768w, https:\/\/graziamagazine.com\/mx\/wp-content\/uploads\/sites\/13\/2024\/11\/WhatsApp-Image-2024-11-14-at-10.24.34-PM-1-1046x1536.jpeg 1046w, https:\/\/graziamagazine.com\/mx\/wp-content\/uploads\/sites\/13\/2024\/11\/WhatsApp-Image-2024-11-14-at-10.24.34-PM-1-400x587.jpeg 400w, https:\/\/graziamagazine.com\/mx\/wp-content\/uploads\/sites\/13\/2024\/11\/WhatsApp-Image-2024-11-14-at-10.24.34-PM-1-146x215.jpeg 146w, https:\/\/graziamagazine.com\/mx\/wp-content\/uploads\/sites\/13\/2024\/11\/WhatsApp-Image-2024-11-14-at-10.24.34-PM-1.jpeg 1090w\" sizes=\"(max-width: 307px) 100vw, 307px\" \/><figcaption id=\"caption-attachment-143718\" class=\"wp-caption-text\">Instagram<\/figcaption><\/figure>\n<p>El cantante colombiano <strong>Carlos Vives<\/strong> nos emocion\u00f3 a todos cuando fue nombrado <strong>Persona del a\u00f1o<\/strong>, al ser uno de los artistas latinos m\u00e1s importantes de la industria, por ser pionero en el vallenato fusionado con el pop y el rock.<\/p>\n<h3>Artistas rinden homenaje a Juan Gabriel, Jos\u00e9 Jos\u00e9 y Vicente Fern\u00e1ndez<\/h3>\n<figure id=\"attachment_143719\" aria-describedby=\"caption-attachment-143719\" style=\"width: 341px\" class=\"wp-caption alignnone\"><img loading=\"lazy\" decoding=\"async\" class=\"size-medium wp-image-143719\" src=\"https:\/\/graziamagazine.com\/mx\/wp-content\/uploads\/sites\/13\/2024\/11\/WhatsApp-Image-2024-11-14-at-10.24.34-PM-341x450.jpeg\" alt=\"\" width=\"341\" height=\"450\" srcset=\"https:\/\/graziamagazine.com\/mx\/wp-content\/uploads\/sites\/13\/2024\/11\/WhatsApp-Image-2024-11-14-at-10.24.34-PM-341x450.jpeg 341w, https:\/\/graziamagazine.com\/mx\/wp-content\/uploads\/sites\/13\/2024\/11\/WhatsApp-Image-2024-11-14-at-10.24.34-PM-775x1024.jpeg 775w, https:\/\/graziamagazine.com\/mx\/wp-content\/uploads\/sites\/13\/2024\/11\/WhatsApp-Image-2024-11-14-at-10.24.34-PM-768x1015.jpeg 768w, https:\/\/graziamagazine.com\/mx\/wp-content\/uploads\/sites\/13\/2024\/11\/WhatsApp-Image-2024-11-14-at-10.24.34-PM-400x528.jpeg 400w, https:\/\/graziamagazine.com\/mx\/wp-content\/uploads\/sites\/13\/2024\/11\/WhatsApp-Image-2024-11-14-at-10.24.34-PM-155x205.jpeg 155w, https:\/\/graziamagazine.com\/mx\/wp-content\/uploads\/sites\/13\/2024\/11\/WhatsApp-Image-2024-11-14-at-10.24.34-PM.jpeg 869w\" sizes=\"(max-width: 341px) 100vw, 341px\" \/><figcaption id=\"caption-attachment-143719\" class=\"wp-caption-text\">Instagram<\/figcaption><\/figure>\n<p>Los artistas <strong>Carlos Rivera<\/strong>, <strong>David Bisbal<\/strong>, <strong>Reik<\/strong>, <strong>Leonel Garc\u00eda<\/strong> y <strong>Alejandro Fern\u00e1ndez<\/strong> rindieron un homenaje a los cantantes <strong>Juan Gabriel<\/strong>, <strong>Jos\u00e9 Jos\u00e9<\/strong> y <strong>Vicente Fern\u00e1ndez<\/strong> e interpretaron las canciones <em><strong>Hasta Que Te Conoc\u00ed<\/strong><\/em>, <em><strong>El Triste<\/strong><\/em> y <em><strong>No Me S\u00e9 Rajar<\/strong><\/em>.<\/p>\n<h3>Ela Taubert y Joe Jonas conquistan el escenario<\/h3>\n<figure id=\"attachment_143716\" aria-describedby=\"caption-attachment-143716\" style=\"width: 450px\" class=\"wp-caption alignnone\"><img loading=\"lazy\" decoding=\"async\" class=\"size-medium wp-image-143716\" src=\"https:\/\/graziamagazine.com\/mx\/wp-content\/uploads\/sites\/13\/2024\/11\/WhatsApp-Image-2024-11-14-at-10.24.32-PM-450x428.jpeg\" alt=\"\" width=\"450\" height=\"428\" srcset=\"https:\/\/graziamagazine.com\/mx\/wp-content\/uploads\/sites\/13\/2024\/11\/WhatsApp-Image-2024-11-14-at-10.24.32-PM-450x428.jpeg 450w, https:\/\/graziamagazine.com\/mx\/wp-content\/uploads\/sites\/13\/2024\/11\/WhatsApp-Image-2024-11-14-at-10.24.32-PM-1024x975.jpeg 1024w, https:\/\/graziamagazine.com\/mx\/wp-content\/uploads\/sites\/13\/2024\/11\/WhatsApp-Image-2024-11-14-at-10.24.32-PM-768x731.jpeg 768w, https:\/\/graziamagazine.com\/mx\/wp-content\/uploads\/sites\/13\/2024\/11\/WhatsApp-Image-2024-11-14-at-10.24.32-PM-400x381.jpeg 400w, https:\/\/graziamagazine.com\/mx\/wp-content\/uploads\/sites\/13\/2024\/11\/WhatsApp-Image-2024-11-14-at-10.24.32-PM-155x148.jpeg 155w, https:\/\/graziamagazine.com\/mx\/wp-content\/uploads\/sites\/13\/2024\/11\/WhatsApp-Image-2024-11-14-at-10.24.32-PM.jpeg 1125w\" sizes=\"(max-width: 450px) 100vw, 450px\" \/><figcaption id=\"caption-attachment-143716\" class=\"wp-caption-text\">Instagram<\/figcaption><\/figure>\n<p><strong>Ela Taubert<\/strong> y <strong>Joe Jonas<\/strong> cantaron el \u00e9xito de la colombiana <em><strong>\u00bfC\u00f3mo pas\u00f3?<\/strong><\/em> durante la premiaci\u00f3n, adem\u00e1s, Ela gan\u00f3 el Latin Grammy a <strong>Mejor Nuevo Artista<\/strong> marcando un hito en su creciente carrera.<\/p>\n<h3>Amigos que se re\u00fanen<\/h3>\n<p><strong>Marc Anthony<\/strong> y <strong>Nadia Ferreira<\/strong> se reencontraron con <strong>Christian Nodal<\/strong> y <strong>\u00c1ngela Aguilar<\/strong> en la alfombra roja de la premiaci\u00f3n. Las dos parejas son amigos \u00edntimos, pues Marc y Nadia estuvieron en la reciente boda de los mexicanos.<\/p>\n<p>Fue un momento ic\u00f3nico y divertido de la entrega de premios.<\/p>\n","protected":false},"author":36289,"featured_media":143720,"template":"","format":"standard","categories":[2],"acf":[],"yoast_head":"<!-- This site is optimized with the Yoast SEO Premium plugin v18.5 (Yoast SEO v20.4) - https:\/\/yoast.com\/wordpress\/plugins\/seo\/ -->\n<title>Los ganadores y mejores momentos de los Latin Grammy 2024 | Grazia M\u00e9xico y Latinoam\u00e9rica<\/title>\n<meta name=\"description\" content=\"Los Latin Grammy 2024 son los premios m\u00e1s esperados de la m\u00fasica latina. Esta noche se dieron los premios a los mejores exponentes de la industria y\" \/>\n<meta name=\"robots\" content=\"index, follow, max-snippet:-1, max-image-preview:large, max-video-preview:-1\" \/>\n<link rel=\"canonical\" href=\"https:\/\/graziamagazine.com\/mx\/articles\/ganadores-mejores-momentos-latin-grammy-2024\/\" \/>\n<meta property=\"og:locale\" content=\"es_MX\" \/>\n<meta property=\"og:type\" content=\"article\" \/>\n<meta property=\"og:title\" content=\"Los ganadores y mejores momentos de los Latin Grammy 2024\" \/>\n<meta property=\"og:description\" content=\"Los Latin Grammy 2024 son los premios m\u00e1s esperados de la m\u00fasica latina. Esta noche se dieron los premios a los mejores exponentes de la industria y\" \/>\n<meta property=\"og:url\" content=\"https:\/\/graziamagazine.com\/mx\/articles\/ganadores-mejores-momentos-latin-grammy-2024\/\" \/>\n<meta property=\"og:site_name\" content=\"Grazia M\u00e9xico y Latinoam\u00e9rica\" \/>\n<meta property=\"article:modified_time\" content=\"2024-11-15T04:34:23+00:00\" \/>\n<meta property=\"og:image\" content=\"https:\/\/graziamagazine.com\/mx\/wp-content\/uploads\/sites\/13\/2024\/11\/WhatsApp-Image-2024-11-14-at-10.29.17-PM-e1731644996323.jpeg\" \/>\n\t<meta property=\"og:image:width\" content=\"1125\" \/>\n\t<meta property=\"og:image:height\" content=\"716\" \/>\n\t<meta property=\"og:image:type\" content=\"image\/jpeg\" \/>\n<meta name=\"twitter:card\" content=\"summary_large_image\" \/>\n<meta name=\"twitter:label1\" content=\"Est. reading time\" \/>\n\t<meta name=\"twitter:data1\" content=\"3 minutos\" \/>\n<script type=\"application\/ld+json\" class=\"yoast-schema-graph\">{\"@context\":\"https:\/\/schema.org\",\"@graph\":[{\"@type\":\"WebPage\",\"@id\":\"https:\/\/graziamagazine.com\/mx\/articles\/ganadores-mejores-momentos-latin-grammy-2024\/\",\"url\":\"https:\/\/graziamagazine.com\/mx\/articles\/ganadores-mejores-momentos-latin-grammy-2024\/\",\"name\":\"Los ganadores y mejores momentos de los Latin Grammy 2024 | Grazia M\u00e9xico y Latinoam\u00e9rica\",\"isPartOf\":{\"@id\":\"https:\/\/graziamagazine.com\/mx\/#website\"},\"datePublished\":\"2024-11-15T04:14:02+00:00\",\"dateModified\":\"2024-11-15T04:34:23+00:00\",\"description\":\"Los Latin Grammy 2024 son los premios m\u00e1s esperados de la m\u00fasica latina. Esta noche se dieron los premios a los mejores exponentes de la industria y\",\"breadcrumb\":{\"@id\":\"https:\/\/graziamagazine.com\/mx\/articles\/ganadores-mejores-momentos-latin-grammy-2024\/#breadcrumb\"},\"inLanguage\":\"es-MX\",\"potentialAction\":[{\"@type\":\"ReadAction\",\"target\":[\"https:\/\/graziamagazine.com\/mx\/articles\/ganadores-mejores-momentos-latin-grammy-2024\/\"]}]},{\"@type\":\"BreadcrumbList\",\"@id\":\"https:\/\/graziamagazine.com\/mx\/articles\/ganadores-mejores-momentos-latin-grammy-2024\/#breadcrumb\",\"itemListElement\":[{\"@type\":\"ListItem\",\"position\":1,\"name\":\"Home\",\"item\":\"https:\/\/graziamagazine.com\/mx\/\"},{\"@type\":\"ListItem\",\"position\":2,\"name\":\"Los ganadores y mejores momentos de los Latin Grammy 2024\"}]},{\"@type\":\"WebSite\",\"@id\":\"https:\/\/graziamagazine.com\/mx\/#website\",\"url\":\"https:\/\/graziamagazine.com\/mx\/\",\"name\":\"Grazia M\u00e9xico y Latinoam\u00e9rica\",\"description\":\"Grazia es moda, belleza y noticias  de actualidad \",\"potentialAction\":[{\"@type\":\"SearchAction\",\"target\":{\"@type\":\"EntryPoint\",\"urlTemplate\":\"https:\/\/graziamagazine.com\/mx\/?s={search_term_string}\"},\"query-input\":\"required name=search_term_string\"}],\"inLanguage\":\"es-MX\"}]}<\/script>\n<!-- \/ Yoast SEO Premium plugin. -->","yoast_head_json":{"title":"Los ganadores y mejores momentos de los Latin Grammy 2024 | Grazia M\u00e9xico y Latinoam\u00e9rica","description":"Los Latin Grammy 2024 son los premios m\u00e1s esperados de la m\u00fasica latina. Esta noche se dieron los premios a los mejores exponentes de la industria y","robots":{"index":"index","follow":"follow","max-snippet":"max-snippet:-1","max-image-preview":"max-image-preview:large","max-video-preview":"max-video-preview:-1"},"canonical":"https:\/\/graziamagazine.com\/mx\/articles\/ganadores-mejores-momentos-latin-grammy-2024\/","og_locale":"es_MX","og_type":"article","og_title":"Los ganadores y mejores momentos de los Latin Grammy 2024","og_description":"Los Latin Grammy 2024 son los premios m\u00e1s esperados de la m\u00fasica latina. Esta noche se dieron los premios a los mejores exponentes de la industria y","og_url":"https:\/\/graziamagazine.com\/mx\/articles\/ganadores-mejores-momentos-latin-grammy-2024\/","og_site_name":"Grazia M\u00e9xico y Latinoam\u00e9rica","article_modified_time":"2024-11-15T04:34:23+00:00","og_image":[{"width":1125,"height":716,"url":"https:\/\/graziamagazine.com\/mx\/wp-content\/uploads\/sites\/13\/2024\/11\/WhatsApp-Image-2024-11-14-at-10.29.17-PM-e1731644996323.jpeg","type":"image\/jpeg"}],"twitter_card":"summary_large_image","twitter_misc":{"Est. reading time":"3 minutos"},"schema":{"@context":"https:\/\/schema.org","@graph":[{"@type":"WebPage","@id":"https:\/\/graziamagazine.com\/mx\/articles\/ganadores-mejores-momentos-latin-grammy-2024\/","url":"https:\/\/graziamagazine.com\/mx\/articles\/ganadores-mejores-momentos-latin-grammy-2024\/","name":"Los ganadores y mejores momentos de los Latin Grammy 2024 | Grazia M\u00e9xico y Latinoam\u00e9rica","isPartOf":{"@id":"https:\/\/graziamagazine.com\/mx\/#website"},"datePublished":"2024-11-15T04:14:02+00:00","dateModified":"2024-11-15T04:34:23+00:00","description":"Los Latin Grammy 2024 son los premios m\u00e1s esperados de la m\u00fasica latina. Esta noche se dieron los premios a los mejores exponentes de la industria y","breadcrumb":{"@id":"https:\/\/graziamagazine.com\/mx\/articles\/ganadores-mejores-momentos-latin-grammy-2024\/#breadcrumb"},"inLanguage":"es-MX","potentialAction":[{"@type":"ReadAction","target":["https:\/\/graziamagazine.com\/mx\/articles\/ganadores-mejores-momentos-latin-grammy-2024\/"]}]},{"@type":"BreadcrumbList","@id":"https:\/\/graziamagazine.com\/mx\/articles\/ganadores-mejores-momentos-latin-grammy-2024\/#breadcrumb","itemListElement":[{"@type":"ListItem","position":1,"name":"Home","item":"https:\/\/graziamagazine.com\/mx\/"},{"@type":"ListItem","position":2,"name":"Los ganadores y mejores momentos de los Latin Grammy 2024"}]},{"@type":"WebSite","@id":"https:\/\/graziamagazine.com\/mx\/#website","url":"https:\/\/graziamagazine.com\/mx\/","name":"Grazia M\u00e9xico y Latinoam\u00e9rica","description":"Grazia es moda, belleza y noticias  de actualidad ","potentialAction":[{"@type":"SearchAction","target":{"@type":"EntryPoint","urlTemplate":"https:\/\/graziamagazine.com\/mx\/?s={search_term_string}"},"query-input":"required name=search_term_string"}],"inLanguage":"es-MX"}]}},"jetpack_sharing_enabled":true,"distributor_meta":false,"distributor_terms":false,"distributor_media":false,"distributor_original_site_name":"Grazia M\u00e9xico y Latinoam\u00e9rica","distributor_original_site_url":"https:\/\/graziamagazine.com\/mx","push-errors":false,"_links":{"self":[{"href":"https:\/\/graziamagazine.com\/mx\/wp-json\/wp\/v2\/articles\/143715"}],"collection":[{"href":"https:\/\/graziamagazine.com\/mx\/wp-json\/wp\/v2\/articles"}],"about":[{"href":"https:\/\/graziamagazine.com\/mx\/wp-json\/wp\/v2\/types\/articles"}],"author":[{"embeddable":true,"href":"https:\/\/graziamagazine.com\/mx\/wp-json\/wp\/v2\/users\/36289"}],"wp:featuredmedia":[{"embeddable":true,"href":"https:\/\/graziamagazine.com\/mx\/wp-json\/wp\/v2\/media\/143720"}],"wp:attachment":[{"href":"https:\/\/graziamagazine.com\/mx\/wp-json\/wp\/v2\/media?parent=143715"}],"wp:term":[{"taxonomy":"category","embeddable":true,"href":"https:\/\/graziamagazine.com\/mx\/wp-json\/wp\/v2\/categories?post=143715"}],"curies":[{"name":"wp","href":"https:\/\/api.w.org\/{rel}","templated":true}]}}