{"id":143709,"date":"2024-11-14T23:48:37","date_gmt":"2024-11-15T04:48:37","guid":{"rendered":"https:\/\/graziamagazine.com\/mx\/?post_type=articles&#038;p=143709"},"modified":"2024-11-14T23:57:34","modified_gmt":"2024-11-15T04:57:34","slug":"carolina-herrera-celebracion-y-artesania-mexicana","status":"publish","type":"articles","link":"https:\/\/graziamagazine.com\/mx\/articles\/carolina-herrera-celebracion-y-artesania-mexicana\/","title":{"rendered":"Carolina Herrera: Celebraci\u00f3n y Artesan\u00eda Mexicana"},"content":{"rendered":"<p>El 14 de noviembre de 2024, la moda internacional se detuvo para admirar el desfile de la colecci\u00f3n<strong> Resort 2025 de Carolina Herrera,<\/strong> celebrado en el ic\u00f3nico <strong>Museo Anahuacalli de la Ciudad de M\u00e9xico.<\/strong><\/p>\n<p>Este evento, dirigido por <strong>Wes Gordon<\/strong>, director creativo de la firma, marc\u00f3 un momento especial al unir la elegancia de la alta costura con la rica tradici\u00f3n artesanal de M\u00e9xico.<\/p>\n<p>La colecci\u00f3n fue un homenaje a los lazos profundos que unen a Carolina Herrera con la cultura y la artesan\u00eda mexicana. Inspirado por las vibrantes puestas de sol de la ciudad y la herencia art\u00edstica de M\u00e9xico, Gordon colabor\u00f3 con cuatro destacadas artesanas: la Maestra Mar\u00eda de los \u00c1ngeles Licona San Juan, Virginia Ver\u00f3nica Arce Arce, Jacqueline Espa\u00f1a Capilla y Araceli Nibra Matadamas.<\/p>\n<blockquote class=\"tiktok-embed\" cite=\"https:\/\/www.tiktok.com\/@carolinaherreraofficial\/video\/7437320666732432673\" data-video-id=\"7437320666732432673\" data-embed-from=\"oembed\" style=\"max-width:605px; min-width:325px;\">\n<section> <a href=\"https:\/\/www.tiktok.com\/@carolinaherreraofficial?refer=embed\"target=\"_blank\" title=\"@carolinaherreraofficial\"  target=\"_blank\">@carolinaherreraofficial<\/a> <\/p>\n<p>\ud83c\udf80 About to hit the Carolina Herrera Resort 25 runway in Mexico City <a href=\"https:\/\/www.tiktok.com\/tag\/herreraincdmx?refer=embed\"title=\"herreraincdmx\" target=\"_blank\"  target=\"_blank\">#HerreraInCDMX<\/a> <\/p>\n<p> <a href=\"https:\/\/www.tiktok.com\/music\/original-sound-7437321019574061857?refer=embed\"target=\"_blank\" title=\"\u266c original sound - Carolina Herrera\"  target=\"_blank\">\u266c original sound &#8211; Carolina Herrera<\/a> <\/section>\n<\/blockquote>\n<p> <script async src=\"https:\/\/www.tiktok.com\/embed.js\"><\/script><\/p>\n<p>Juntas, estas creadoras aportaron su conocimiento y maestr\u00eda para elaborar piezas \u00fanicas que reflejan tanto la excelencia de su trabajo como la identidad cultural de sus comunidades.<\/p>\n<p>El Museo Anahuacalli, conocido por su impresionante colecci\u00f3n de arte prehisp\u00e1nico, se convirti\u00f3 en un escenario perfecto para el desfile, destacando la fusi\u00f3n entre modernidad y tradici\u00f3n. Con sus cerca de dos mil figuras teotihuacanas, olmecas, toltecas, y otras culturas mesoamericanas, el recinto a\u00f1adi\u00f3 una atm\u00f3sfera de profunda conexi\u00f3n con las ra\u00edces de M\u00e9xico.<\/p>\n<p>El evento atrajo a una distinguida lista de invitados, entre los que se encontraban Yalitza Aparicio, Fernanda Castillo, Meghann Fahy, Najwa Nimri y Karolina Kurkova, quienes celebraron la uni\u00f3n entre la moda contempor\u00e1nea y el patrimonio cultural.<\/p>\n<blockquote class=\"tiktok-embed\" cite=\"https:\/\/www.tiktok.com\/@carolinaherreraofficial\/video\/7437319572786515232\" data-video-id=\"7437319572786515232\" data-embed-from=\"oembed\" style=\"max-width:605px; min-width:325px;\">\n<section> <a href=\"https:\/\/www.tiktok.com\/@carolinaherreraofficial?refer=embed\"target=\"_blank\" title=\"@carolinaherreraofficial\"  target=\"_blank\">@carolinaherreraofficial<\/a> <\/p>\n<p>The Resort 25 runway show venue. Red and pink against Anahuacalli Museum in Coyoac\u00e1n, Mexico City <a href=\"https:\/\/www.tiktok.com\/tag\/herreraincdmx?refer=embed\"title=\"herreraincdmx\" target=\"_blank\"  target=\"_blank\">#HerreraInCDMX<\/a><\/p>\n<p> <a href=\"https:\/\/www.tiktok.com\/music\/original-sound-7437319817957477153?refer=embed\"target=\"_blank\" title=\"\u266c original sound - Carolina Herrera\"  target=\"_blank\">\u266c original sound &#8211; Carolina Herrera<\/a> <\/section>\n<\/blockquote>\n<p> <script async src=\"https:\/\/www.tiktok.com\/embed.js\"><\/script><\/p>\n<p>Adem\u00e1s, la colecci\u00f3n Resort 2025 es especial no solo por su belleza, sino por su accesibilidad: fue dise\u00f1ada para ser puesta a la venta poco despu\u00e9s de su presentaci\u00f3n, adapt\u00e1ndose a las nuevas expectativas de las clientas modernas que buscan autenticidad y rapidez en la moda.<\/p>\n<p>Esta colaboraci\u00f3n entre Carolina Herrera y las artesanas mexicanas no solo resalt\u00f3 la habilidad y creatividad del talento local, sino que tambi\u00e9n subray\u00f3 el compromiso de la casa de moda con la sostenibilidad y el reconocimiento de la artesan\u00eda como un arte valioso.<\/p>\n<p>La esencia de la colecci\u00f3n es un testimonio del poder de la colaboraci\u00f3n entre la moda de lujo y las tradiciones que la inspiran, convirtiendo el desfile en un momento inolvidable que celebra el pasado y el presente de M\u00e9xico en un di\u00e1logo exquisito de colores y texturas.<\/p>\n<p><em><strong>*IMAGEN: Google Images<\/strong><\/em><\/p>\n","protected":false},"author":28953,"featured_media":143721,"template":"","format":"standard","categories":[4],"acf":[],"yoast_head":"<!-- This site is optimized with the Yoast SEO Premium plugin v18.5 (Yoast SEO v20.4) - https:\/\/yoast.com\/wordpress\/plugins\/seo\/ -->\n<title>Carolina Herrera: Celebraci\u00f3n y Artesan\u00eda Mexicana<\/title>\n<meta name=\"description\" content=\"La nueva colecci\u00f3n Resort 2025 homenajea la cultura mexicana con piezas exclusivas creadas en colaboraci\u00f3n con artesanas locales.\" \/>\n<meta name=\"robots\" content=\"index, follow, max-snippet:-1, max-image-preview:large, max-video-preview:-1\" \/>\n<link rel=\"canonical\" href=\"https:\/\/graziamagazine.com\/mx\/articles\/carolina-herrera-celebracion-y-artesania-mexicana\/\" \/>\n<meta property=\"og:locale\" content=\"es_MX\" \/>\n<meta property=\"og:type\" content=\"article\" \/>\n<meta property=\"og:title\" content=\"Carolina Herrera: Celebraci\u00f3n y Artesan\u00eda Mexicana\" \/>\n<meta property=\"og:description\" content=\"La nueva colecci\u00f3n Resort 2025 homenajea la cultura mexicana con piezas exclusivas creadas en colaboraci\u00f3n con artesanas locales.\" \/>\n<meta property=\"og:url\" content=\"https:\/\/graziamagazine.com\/mx\/articles\/carolina-herrera-celebracion-y-artesania-mexicana\/\" \/>\n<meta property=\"og:site_name\" content=\"Grazia M\u00e9xico y Latinoam\u00e9rica\" \/>\n<meta property=\"article:modified_time\" content=\"2024-11-15T04:57:34+00:00\" \/>\n<meta property=\"og:image\" content=\"https:\/\/graziamagazine.com\/mx\/wp-content\/uploads\/sites\/13\/2024\/11\/Captura-de-Pantalla-2024-11-14-a-las-22.55.01-1024x646.png\" \/>\n\t<meta property=\"og:image:width\" content=\"1024\" \/>\n\t<meta property=\"og:image:height\" content=\"646\" \/>\n\t<meta property=\"og:image:type\" content=\"image\/png\" \/>\n<meta name=\"twitter:card\" content=\"summary_large_image\" \/>\n<meta name=\"twitter:label1\" content=\"Est. reading time\" \/>\n\t<meta name=\"twitter:data1\" content=\"2 minutos\" \/>\n<script type=\"application\/ld+json\" class=\"yoast-schema-graph\">{\"@context\":\"https:\/\/schema.org\",\"@graph\":[{\"@type\":\"WebPage\",\"@id\":\"https:\/\/graziamagazine.com\/mx\/articles\/carolina-herrera-celebracion-y-artesania-mexicana\/\",\"url\":\"https:\/\/graziamagazine.com\/mx\/articles\/carolina-herrera-celebracion-y-artesania-mexicana\/\",\"name\":\"Carolina Herrera: Celebraci\u00f3n y Artesan\u00eda Mexicana\",\"isPartOf\":{\"@id\":\"https:\/\/graziamagazine.com\/mx\/#website\"},\"datePublished\":\"2024-11-15T04:48:37+00:00\",\"dateModified\":\"2024-11-15T04:57:34+00:00\",\"description\":\"La nueva colecci\u00f3n Resort 2025 homenajea la cultura mexicana con piezas exclusivas creadas en colaboraci\u00f3n con artesanas locales.\",\"breadcrumb\":{\"@id\":\"https:\/\/graziamagazine.com\/mx\/articles\/carolina-herrera-celebracion-y-artesania-mexicana\/#breadcrumb\"},\"inLanguage\":\"es-MX\",\"potentialAction\":[{\"@type\":\"ReadAction\",\"target\":[\"https:\/\/graziamagazine.com\/mx\/articles\/carolina-herrera-celebracion-y-artesania-mexicana\/\"]}]},{\"@type\":\"BreadcrumbList\",\"@id\":\"https:\/\/graziamagazine.com\/mx\/articles\/carolina-herrera-celebracion-y-artesania-mexicana\/#breadcrumb\",\"itemListElement\":[{\"@type\":\"ListItem\",\"position\":1,\"name\":\"Home\",\"item\":\"https:\/\/graziamagazine.com\/mx\/\"},{\"@type\":\"ListItem\",\"position\":2,\"name\":\"Carolina Herrera: Celebraci\u00f3n y Artesan\u00eda Mexicana\"}]},{\"@type\":\"WebSite\",\"@id\":\"https:\/\/graziamagazine.com\/mx\/#website\",\"url\":\"https:\/\/graziamagazine.com\/mx\/\",\"name\":\"Grazia M\u00e9xico y Latinoam\u00e9rica\",\"description\":\"Grazia es moda, belleza y noticias  de actualidad \",\"potentialAction\":[{\"@type\":\"SearchAction\",\"target\":{\"@type\":\"EntryPoint\",\"urlTemplate\":\"https:\/\/graziamagazine.com\/mx\/?s={search_term_string}\"},\"query-input\":\"required name=search_term_string\"}],\"inLanguage\":\"es-MX\"}]}<\/script>\n<!-- \/ Yoast SEO Premium plugin. -->","yoast_head_json":{"title":"Carolina Herrera: Celebraci\u00f3n y Artesan\u00eda Mexicana","description":"La nueva colecci\u00f3n Resort 2025 homenajea la cultura mexicana con piezas exclusivas creadas en colaboraci\u00f3n con artesanas locales.","robots":{"index":"index","follow":"follow","max-snippet":"max-snippet:-1","max-image-preview":"max-image-preview:large","max-video-preview":"max-video-preview:-1"},"canonical":"https:\/\/graziamagazine.com\/mx\/articles\/carolina-herrera-celebracion-y-artesania-mexicana\/","og_locale":"es_MX","og_type":"article","og_title":"Carolina Herrera: Celebraci\u00f3n y Artesan\u00eda Mexicana","og_description":"La nueva colecci\u00f3n Resort 2025 homenajea la cultura mexicana con piezas exclusivas creadas en colaboraci\u00f3n con artesanas locales.","og_url":"https:\/\/graziamagazine.com\/mx\/articles\/carolina-herrera-celebracion-y-artesania-mexicana\/","og_site_name":"Grazia M\u00e9xico y Latinoam\u00e9rica","article_modified_time":"2024-11-15T04:57:34+00:00","og_image":[{"width":1024,"height":646,"url":"https:\/\/graziamagazine.com\/mx\/wp-content\/uploads\/sites\/13\/2024\/11\/Captura-de-Pantalla-2024-11-14-a-las-22.55.01-1024x646.png","type":"image\/png"}],"twitter_card":"summary_large_image","twitter_misc":{"Est. reading time":"2 minutos"},"schema":{"@context":"https:\/\/schema.org","@graph":[{"@type":"WebPage","@id":"https:\/\/graziamagazine.com\/mx\/articles\/carolina-herrera-celebracion-y-artesania-mexicana\/","url":"https:\/\/graziamagazine.com\/mx\/articles\/carolina-herrera-celebracion-y-artesania-mexicana\/","name":"Carolina Herrera: Celebraci\u00f3n y Artesan\u00eda Mexicana","isPartOf":{"@id":"https:\/\/graziamagazine.com\/mx\/#website"},"datePublished":"2024-11-15T04:48:37+00:00","dateModified":"2024-11-15T04:57:34+00:00","description":"La nueva colecci\u00f3n Resort 2025 homenajea la cultura mexicana con piezas exclusivas creadas en colaboraci\u00f3n con artesanas locales.","breadcrumb":{"@id":"https:\/\/graziamagazine.com\/mx\/articles\/carolina-herrera-celebracion-y-artesania-mexicana\/#breadcrumb"},"inLanguage":"es-MX","potentialAction":[{"@type":"ReadAction","target":["https:\/\/graziamagazine.com\/mx\/articles\/carolina-herrera-celebracion-y-artesania-mexicana\/"]}]},{"@type":"BreadcrumbList","@id":"https:\/\/graziamagazine.com\/mx\/articles\/carolina-herrera-celebracion-y-artesania-mexicana\/#breadcrumb","itemListElement":[{"@type":"ListItem","position":1,"name":"Home","item":"https:\/\/graziamagazine.com\/mx\/"},{"@type":"ListItem","position":2,"name":"Carolina Herrera: Celebraci\u00f3n y Artesan\u00eda Mexicana"}]},{"@type":"WebSite","@id":"https:\/\/graziamagazine.com\/mx\/#website","url":"https:\/\/graziamagazine.com\/mx\/","name":"Grazia M\u00e9xico y Latinoam\u00e9rica","description":"Grazia es moda, belleza y noticias  de actualidad ","potentialAction":[{"@type":"SearchAction","target":{"@type":"EntryPoint","urlTemplate":"https:\/\/graziamagazine.com\/mx\/?s={search_term_string}"},"query-input":"required name=search_term_string"}],"inLanguage":"es-MX"}]}},"jetpack_sharing_enabled":true,"distributor_meta":false,"distributor_terms":false,"distributor_media":false,"distributor_original_site_name":"Grazia M\u00e9xico y Latinoam\u00e9rica","distributor_original_site_url":"https:\/\/graziamagazine.com\/mx","push-errors":false,"_links":{"self":[{"href":"https:\/\/graziamagazine.com\/mx\/wp-json\/wp\/v2\/articles\/143709"}],"collection":[{"href":"https:\/\/graziamagazine.com\/mx\/wp-json\/wp\/v2\/articles"}],"about":[{"href":"https:\/\/graziamagazine.com\/mx\/wp-json\/wp\/v2\/types\/articles"}],"author":[{"embeddable":true,"href":"https:\/\/graziamagazine.com\/mx\/wp-json\/wp\/v2\/users\/28953"}],"wp:featuredmedia":[{"embeddable":true,"href":"https:\/\/graziamagazine.com\/mx\/wp-json\/wp\/v2\/media\/143721"}],"wp:attachment":[{"href":"https:\/\/graziamagazine.com\/mx\/wp-json\/wp\/v2\/media?parent=143709"}],"wp:term":[{"taxonomy":"category","embeddable":true,"href":"https:\/\/graziamagazine.com\/mx\/wp-json\/wp\/v2\/categories?post=143709"}],"curies":[{"name":"wp","href":"https:\/\/api.w.org\/{rel}","templated":true}]}}