{"id":143672,"date":"2024-11-14T08:00:48","date_gmt":"2024-11-14T13:00:48","guid":{"rendered":"https:\/\/graziamagazine.com\/mx\/?post_type=articles&#038;p=143672"},"modified":"2024-11-14T07:30:08","modified_gmt":"2024-11-14T12:30:08","slug":"latin-grammy-2024-nominados-hora-y-donde-verlos","status":"publish","type":"articles","link":"https:\/\/graziamagazine.com\/mx\/articles\/latin-grammy-2024-nominados-hora-y-donde-verlos\/","title":{"rendered":"Latin Grammy 2024: nominados, hora y d\u00f3nde verlos"},"content":{"rendered":"<p>Despu\u00e9s de su paso por Sevilla en la edici\u00f3n pasada, la primera fuera de territorio estadounidense, los Grammy Latinos regresan a Miami para celebrar una edici\u00f3n m\u00e1s que enaltece la m\u00fasica en espa\u00f1ol. La 25\u00aa edici\u00f3n de los Latin Grammy 2024 tendr\u00e1n lugar el 14 de noviembre y reconocer\u00e1n los lanzamientos que hayan llegado al mercado entre el 1 de junio del 2023 y el 31 de mayo del 2024.<\/p>\n<p>Sabemos tambi\u00e9n que esta edici\u00f3n va a otorgar uno de sus grandes premios, el de Persona del A\u00f1o a Carlos Vives, un reconocimiento a la larga carrera al colombiana que nos ha dejado durante varias d\u00e9cadas grandes canciones como la mundialmente conocida \u2018La gota fr\u00eda\u2019.<\/p>\n<h3>\u00bfD\u00f3nde y c\u00f3mo verlos?<\/h3>\n<p>El recinto deportivo <strong>Kayesa Center de Miami, en Florida,<\/strong> ser\u00e1 el escenario de esta edici\u00f3n que regresa a la ciudad y donde ya est\u00e1n todos los artistas esperando a la gran noche de la m\u00fasica hispanoablante. La ceremonia comenzar\u00e1 a las 8 p.m. (hora del Este y Pac\u00edfico) o<strong>\u00a07 p.m.<\/strong> (hora del centro de M\u00e9xico). Antes de la<strong>\u00a0c<\/strong>eremonia oficial de los Latin Grammy 2024 se podr\u00e1 ver el pre-show\u00a0que\u00a0comenzar\u00e1 a las 7 p.m.\u00a0(hora del Este y Pac\u00edfico).<\/p>\n<p>Todav\u00eda no se sabe con seguridad qui\u00e9n ser\u00e1n los presentadores de esta edici\u00f3n, aunque se sabe que mar\u00eda Becerra, Lu\u00edsa Sonza y Juliana Velasquez ser\u00e1n las encargadas de conducir la <em>premiere<\/em> que cada a\u00f1o tiene lugar previo a los Grammy Latinos. <strong>Lo que s\u00ed sabemos es qui\u00e9n actuar\u00e1 sobre el escenario<\/strong>: Joe Jonas, Jon Bon Jovi, Carlos Vives, Anitta, Becky G, \u00c1ngela Aguilar, Quevedo, Residente, David Bisbal, Carlos Rivera, Trueno y Danny Ocean entre otros.<\/p>\n<p>La gala s\u00a0se podr\u00e1 ver a trav\u00e9s de los canales Univision, UniM\u00e1s, Galavisi\u00f3n y en la\u00a0plataforma de streaming ViX. Tambi\u00e9n se puede seguir la cobertura en las Redes Sociales oficiales del evento y en el canal oficial de YouTube, Latin GRAMMY Premiere.<\/p>\n<h3>Nominados<\/h3>\n<p><strong>Grabaci\u00f3n del A\u00f1o<\/strong><\/p>\n<ul>\n<li><em>Mil veces<\/em>\u00a0\u2013 Anitta<\/li>\n<li><em>Monaco<\/em>\u00a0\u2013 Bad Bunny<\/li>\n<li><em>Una vida pasada<\/em>\u00a0\u2013 Camilo &amp; Car\u00edn Le\u00f3n<\/li>\n<li><em>Catalina<\/em>\u00a0\u2013 Cimafunk &amp; Monsieur Perine\u0301<\/li>\n<li><em>Derrumbe<\/em>\u00a0\u2013 Jorge Drexler<\/li>\n<li><em>Con dinero y sin dinero<\/em>\u00a0\u2013 Fonseca &amp; Grupo Niche<\/li>\n<li><em>Mi ex ten\u00eda raz\u00f3n<\/em>\u00a0\u2013 Karol G<\/li>\n<li><em>Mambo 23<\/em>\u00a0\u2013 Juan Luis Guerra 4.40<\/li>\n<li><em>Tenochtitla\u0301n<\/em>\u00a0\u2013 Mon Laferte<\/li>\n<li><em>Igual que un \u00e1ngel<\/em>\u00a0\u2013 Kali Uchis &amp; Peso Pluma<\/li>\n<\/ul>\n<div class=\"heading-h3\" role=\"heading\"><strong>\u00c1lbum del A\u00f1o<\/strong><\/div>\n<div role=\"heading\"><\/div>\n<ul>\n<li><em>Bolero<\/em>\u00a0\u2013 \u00c1ngela Aguilar<\/li>\n<li><em>Cuatro<\/em>\u00a0\u2013 Camilo<\/li>\n<li><em>Xande canta Caetano<\/em>\u00a0\u2013 Xande de Pilares<\/li>\n<li><em>Man\u0303ana sera\u0301 bonito (Bichota Season)<\/em>\u00a0\u2013 Karol G<\/li>\n<li><em>Garc\u00eda<\/em>\u00a0\u2013 Kany Garc\u00eda<\/li>\n<li><em>Radio g\u00fcira<\/em>\u00a0\u2013 Juan Luis Guerra 4.40<\/li>\n<li><em>Autopoie\u0301tica<\/em>\u00a0\u2013 Mon Laferte<\/li>\n<li><em>Boca chueca, vol. 1<\/em>\u00a0\u2013 Car\u00edn Le\u00f3n<\/li>\n<li><em>Las letras ya no importan<\/em>\u00a0\u2013 Residente<\/li>\n<li><em>Las mujeres ya no lloran<\/em>\u00a0\u2013 Shakira<\/li>\n<\/ul>\n<div class=\"heading-h3\" role=\"heading\"><strong>Canci\u00f3n del A\u00f1o<\/strong><\/div>\n<div role=\"heading\"><\/div>\n<ul>\n<li><em>A fuego lento<\/em>\u00a0\u2013 Dayme\u0301 Arocena &amp; Vicente Garci\u0301a<\/li>\n<li><em>A la mitad<\/em>\u00a0(Banda Sonora Original de la serie Zorro) \u2013 Maura Nava<\/li>\n<li><em>Au\u0301n me sigo encontrando<\/em>\u00a0\u2013 Gian Marco &amp; Rube\u0301n Blades<\/li>\n<li><em>Caracas en el 2000<\/em>\u00a0\u2013 Elena Rose, Danny Ocean &amp; Jerry Di<\/li>\n<li><em>Derrumbe<\/em>\u00a0\u2013 Jorge Drexler<\/li>\n<li><em>(Entre pare\u0301ntesis)<\/em>\u00a0\u2013 Shakira, Grupo Frontera<\/li>\n<li><em>Mi ex teni\u0301a razo\u0301n<\/em>\u00a0\u2013 Karol G<\/li>\n<li><em>Segu\u0301n quie\u0301n<\/em>\u00a0\u2013 Maluma &amp; Car\u00edn Leo\u0301n<\/li>\n<li><em>Te lo agradezco<\/em>\u00a0\u2013 Kany Garci\u0301a &amp; Cari\u0301n Leo\u0301n<\/li>\n<li><em>313<\/em>\u00a0\u2013 Residente, Silvia Pe\u0301rez Cruz &amp; Pene\u0301lope Cruz<\/li>\n<\/ul>\n<div class=\"heading-h3\" role=\"heading\"><strong>Mejor Artista Revelaci\u00f3n<\/strong><\/div>\n<div role=\"heading\"><\/div>\n<ul>\n<li>Agris<\/li>\n<li>Kevin Aguilar<\/li>\n<li>Darumas<\/li>\n<li>Nicolle Horbath<\/li>\n<li>Latin Mafia<\/li>\n<li>Caca\u0301 Magalha\u0303es<\/li>\n<li>Os Garotin<\/li>\n<li>In\u0303igo Quintero<\/li>\n<li>Sofi Saar<\/li>\n<li>Ela Taubert<\/li>\n<\/ul>\n<div class=\"heading-h3\" role=\"heading\"><strong>Mejor \u00c1lbum Pop<\/strong><\/div>\n<div role=\"heading\"><\/div>\n<ul>\n<li><em>Tofu<\/em>\u00a0\u2013 Caloncho<\/li>\n<li><em>mp3 \u2013<\/em>\u00a0Emilia<\/li>\n<li><em>El Viaje<\/em>\u00a0\u2013 Luis Fonsi<\/li>\n<li><em>Hotel Caracas<\/em>\u00a0\u2013 Mau y Ricky<\/li>\n<li><em>Orqu\u00eddeas (AOP)<\/em>\u00a0\u2013 Kali Uchis<\/li>\n<li><em>Escrita Nicole<\/em>\u00a0\u2013 Zignago<\/li>\n<\/ul>\n<div class=\"heading-h3\" role=\"heading\"><strong>Mejor \u00c1lbum de M\u00fasica Urbana<\/strong><\/div>\n<div role=\"heading\"><\/div>\n<ul>\n<li><em>Nadie Sabe Lo Que Va A Pasar Ma\u00f1ana<\/em>\u00a0\u2013 Bad Bunny<\/li>\n<li><em>Sol Mar\u00eda<\/em>\u00a0\u2013 Eladio Carrion<\/li>\n<li><em>Sayonara<\/em>\u00a0\u2013 Alvaro Diaz<\/li>\n<li><em>Ferxxocalipsis<\/em>\u00a0\u2013 Feid<\/li>\n<li><em>Ma\u00f1ana Ser\u00e1 Bonito (Bichota Season)<\/em>\u00a0\u2013 Karol G<\/li>\n<li><em>El \u00daltimo Baile<\/em>\u00a0\u2013 Trueno<\/li>\n<\/ul>\n<div class=\"heading-h3\" role=\"heading\"><strong>Mejor Canci\u00f3n Urbana<\/strong><\/div>\n<div role=\"heading\"><\/div>\n<ul>\n<li><em>Bonita<\/em>\u00a0\u2013 Daddy Yankee<\/li>\n<li><em>Columbia<\/em>\u00a0\u2013 Quevedo<\/li>\n<li><em>El Cielo<\/em>\u00a0\u2013 Sky Rompiendo, Feid y Myke Towers<\/li>\n<li><em>La Falda<\/em>\u00a0\u2013 Myke Towers<\/li>\n<li><em>Luna<\/em>\u00a0\u2013 Feid ft. Atl Jacob<\/li>\n<li><em>Qlona<\/em>\u00a0\u2013 Karol G Featuring Peso Pluma<\/li>\n<\/ul>\n<p><b>Mejor \u00e1lbum de rock<\/b><\/p>\n<ul>\n<li><em>El Dorado<\/em> (En Vivo)- Aterciopelados<\/li>\n<li><em>Di\u00e1spora<\/em> Live Vol.1- La Vida Boheme<\/li>\n<li><em>Herencia Leb\u00f3n<\/em>\u2013 David Leb\u00f3n<\/li>\n<li><em>Alicia En El Metalverso<\/em>\u2013 M\u00e4go De Oz<\/li>\n<li><em>Mi Mejor Enemigo<\/em>\u2013 Viniloversus<\/li>\n<\/ul>\n<p><b>Mejor \u00e1lbum de salsa<\/b><\/p>\n<ul>\n<li class=\"story-contents__font-paragraph\" data-mrf-recirculation=\"Enlaces P\u00e1rrafos\"><em>Yo Deluxe<\/em>\u2013 Christian Alicea<\/li>\n<li class=\"story-contents__font-paragraph\" data-mrf-recirculation=\"Enlaces P\u00e1rrafos\"><em>Muevense<\/em>\u2013 Marc Anthony<\/li>\n<li class=\"story-contents__font-paragraph\" data-mrf-recirculation=\"Enlaces P\u00e1rrafos\"><em>Siembra: 45\u00b0 Aniversario<\/em> (En Vivo en el Coliseo de Puerto Rico, 14 de Mayo 2022)- Rub\u00e9n Blades and Roberto Delgado &amp; Orquesta<\/li>\n<li class=\"story-contents__font-paragraph\" data-mrf-recirculation=\"Enlaces P\u00e1rrafos\"><em>Joyas Que Bailan<\/em>\u2013 Ronald Borjas<\/li>\n<li class=\"story-contents__font-paragraph\" data-mrf-recirculation=\"Enlaces P\u00e1rrafos\"><em>Coexistencia<\/em>\u2013 Luis Figueroa<\/li>\n<\/ul>\n<p><b>Mejor compositor<\/b><\/p>\n<ul>\n<li>Edgar Barrera<\/li>\n<li>Yoel Henr\u00edquez<\/li>\n<li>Manuel Lorente Freire<\/li>\n<li>Horacio Palencia<\/li>\n<li>Pablo Preciado<\/li>\n<\/ul>\n<p><em>*Imagen: Getty Images<\/em><\/p>\n","protected":false},"author":11653,"featured_media":143676,"template":"","format":"standard","categories":[114,12483,12517],"acf":[],"yoast_head":"<!-- This site is optimized with the Yoast SEO Premium plugin v18.5 (Yoast SEO v20.4) - https:\/\/yoast.com\/wordpress\/plugins\/seo\/ -->\n<title>Latin Grammy 2024: nominados, hora y d\u00f3nde verlos<\/title>\n<meta name=\"description\" content=\"La 25\u00aa edici\u00f3n de estos galardones reconocer\u00e1, una vez m\u00e1s, a las grandes figuras de la m\u00fasica en espa\u00f1ol desde Miami.\" \/>\n<meta name=\"robots\" content=\"index, follow, max-snippet:-1, max-image-preview:large, max-video-preview:-1\" \/>\n<link rel=\"canonical\" href=\"https:\/\/graziamagazine.com\/mx\/articles\/latin-grammy-2024-nominados-hora-y-donde-verlos\/\" \/>\n<meta property=\"og:locale\" content=\"es_MX\" \/>\n<meta property=\"og:type\" content=\"article\" \/>\n<meta property=\"og:title\" content=\"Latin Grammy 2024: nominados, hora y d\u00f3nde verlos\" \/>\n<meta property=\"og:description\" content=\"La 25\u00aa edici\u00f3n de estos galardones reconocer\u00e1, una vez m\u00e1s, a las grandes figuras de la m\u00fasica en espa\u00f1ol desde Miami.\" \/>\n<meta property=\"og:url\" content=\"https:\/\/graziamagazine.com\/mx\/articles\/latin-grammy-2024-nominados-hora-y-donde-verlos\/\" \/>\n<meta property=\"og:site_name\" content=\"Grazia M\u00e9xico y Latinoam\u00e9rica\" \/>\n<meta property=\"article:modified_time\" content=\"2024-11-14T12:30:08+00:00\" \/>\n<meta property=\"og:image\" content=\"https:\/\/graziamagazine.com\/mx\/wp-content\/uploads\/sites\/13\/2024\/11\/Karol-G-Grammys-2024-020424-2-c3864ccb612746749d01828c21fa6b18.jpg\" \/>\n\t<meta property=\"og:image:width\" content=\"1500\" \/>\n\t<meta property=\"og:image:height\" content=\"1000\" \/>\n\t<meta property=\"og:image:type\" content=\"image\/jpeg\" \/>\n<meta name=\"twitter:card\" content=\"summary_large_image\" \/>\n<meta name=\"twitter:label1\" content=\"Est. reading time\" \/>\n\t<meta name=\"twitter:data1\" content=\"4 minutos\" \/>\n<script type=\"application\/ld+json\" class=\"yoast-schema-graph\">{\"@context\":\"https:\/\/schema.org\",\"@graph\":[{\"@type\":\"WebPage\",\"@id\":\"https:\/\/graziamagazine.com\/mx\/articles\/latin-grammy-2024-nominados-hora-y-donde-verlos\/\",\"url\":\"https:\/\/graziamagazine.com\/mx\/articles\/latin-grammy-2024-nominados-hora-y-donde-verlos\/\",\"name\":\"Latin Grammy 2024: nominados, hora y d\u00f3nde verlos\",\"isPartOf\":{\"@id\":\"https:\/\/graziamagazine.com\/mx\/#website\"},\"datePublished\":\"2024-11-14T13:00:48+00:00\",\"dateModified\":\"2024-11-14T12:30:08+00:00\",\"description\":\"La 25\u00aa edici\u00f3n de estos galardones reconocer\u00e1, una vez m\u00e1s, a las grandes figuras de la m\u00fasica en espa\u00f1ol desde Miami.\",\"breadcrumb\":{\"@id\":\"https:\/\/graziamagazine.com\/mx\/articles\/latin-grammy-2024-nominados-hora-y-donde-verlos\/#breadcrumb\"},\"inLanguage\":\"es-MX\",\"potentialAction\":[{\"@type\":\"ReadAction\",\"target\":[\"https:\/\/graziamagazine.com\/mx\/articles\/latin-grammy-2024-nominados-hora-y-donde-verlos\/\"]}]},{\"@type\":\"BreadcrumbList\",\"@id\":\"https:\/\/graziamagazine.com\/mx\/articles\/latin-grammy-2024-nominados-hora-y-donde-verlos\/#breadcrumb\",\"itemListElement\":[{\"@type\":\"ListItem\",\"position\":1,\"name\":\"Home\",\"item\":\"https:\/\/graziamagazine.com\/mx\/\"},{\"@type\":\"ListItem\",\"position\":2,\"name\":\"Latin Grammy 2024: nominados, hora y d\u00f3nde verlos\"}]},{\"@type\":\"WebSite\",\"@id\":\"https:\/\/graziamagazine.com\/mx\/#website\",\"url\":\"https:\/\/graziamagazine.com\/mx\/\",\"name\":\"Grazia M\u00e9xico y Latinoam\u00e9rica\",\"description\":\"Grazia es moda, belleza y noticias  de actualidad \",\"potentialAction\":[{\"@type\":\"SearchAction\",\"target\":{\"@type\":\"EntryPoint\",\"urlTemplate\":\"https:\/\/graziamagazine.com\/mx\/?s={search_term_string}\"},\"query-input\":\"required name=search_term_string\"}],\"inLanguage\":\"es-MX\"}]}<\/script>\n<!-- \/ Yoast SEO Premium plugin. -->","yoast_head_json":{"title":"Latin Grammy 2024: nominados, hora y d\u00f3nde verlos","description":"La 25\u00aa edici\u00f3n de estos galardones reconocer\u00e1, una vez m\u00e1s, a las grandes figuras de la m\u00fasica en espa\u00f1ol desde Miami.","robots":{"index":"index","follow":"follow","max-snippet":"max-snippet:-1","max-image-preview":"max-image-preview:large","max-video-preview":"max-video-preview:-1"},"canonical":"https:\/\/graziamagazine.com\/mx\/articles\/latin-grammy-2024-nominados-hora-y-donde-verlos\/","og_locale":"es_MX","og_type":"article","og_title":"Latin Grammy 2024: nominados, hora y d\u00f3nde verlos","og_description":"La 25\u00aa edici\u00f3n de estos galardones reconocer\u00e1, una vez m\u00e1s, a las grandes figuras de la m\u00fasica en espa\u00f1ol desde Miami.","og_url":"https:\/\/graziamagazine.com\/mx\/articles\/latin-grammy-2024-nominados-hora-y-donde-verlos\/","og_site_name":"Grazia M\u00e9xico y Latinoam\u00e9rica","article_modified_time":"2024-11-14T12:30:08+00:00","og_image":[{"width":1500,"height":1000,"url":"https:\/\/graziamagazine.com\/mx\/wp-content\/uploads\/sites\/13\/2024\/11\/Karol-G-Grammys-2024-020424-2-c3864ccb612746749d01828c21fa6b18.jpg","type":"image\/jpeg"}],"twitter_card":"summary_large_image","twitter_misc":{"Est. reading time":"4 minutos"},"schema":{"@context":"https:\/\/schema.org","@graph":[{"@type":"WebPage","@id":"https:\/\/graziamagazine.com\/mx\/articles\/latin-grammy-2024-nominados-hora-y-donde-verlos\/","url":"https:\/\/graziamagazine.com\/mx\/articles\/latin-grammy-2024-nominados-hora-y-donde-verlos\/","name":"Latin Grammy 2024: nominados, hora y d\u00f3nde verlos","isPartOf":{"@id":"https:\/\/graziamagazine.com\/mx\/#website"},"datePublished":"2024-11-14T13:00:48+00:00","dateModified":"2024-11-14T12:30:08+00:00","description":"La 25\u00aa edici\u00f3n de estos galardones reconocer\u00e1, una vez m\u00e1s, a las grandes figuras de la m\u00fasica en espa\u00f1ol desde Miami.","breadcrumb":{"@id":"https:\/\/graziamagazine.com\/mx\/articles\/latin-grammy-2024-nominados-hora-y-donde-verlos\/#breadcrumb"},"inLanguage":"es-MX","potentialAction":[{"@type":"ReadAction","target":["https:\/\/graziamagazine.com\/mx\/articles\/latin-grammy-2024-nominados-hora-y-donde-verlos\/"]}]},{"@type":"BreadcrumbList","@id":"https:\/\/graziamagazine.com\/mx\/articles\/latin-grammy-2024-nominados-hora-y-donde-verlos\/#breadcrumb","itemListElement":[{"@type":"ListItem","position":1,"name":"Home","item":"https:\/\/graziamagazine.com\/mx\/"},{"@type":"ListItem","position":2,"name":"Latin Grammy 2024: nominados, hora y d\u00f3nde verlos"}]},{"@type":"WebSite","@id":"https:\/\/graziamagazine.com\/mx\/#website","url":"https:\/\/graziamagazine.com\/mx\/","name":"Grazia M\u00e9xico y Latinoam\u00e9rica","description":"Grazia es moda, belleza y noticias  de actualidad ","potentialAction":[{"@type":"SearchAction","target":{"@type":"EntryPoint","urlTemplate":"https:\/\/graziamagazine.com\/mx\/?s={search_term_string}"},"query-input":"required name=search_term_string"}],"inLanguage":"es-MX"}]}},"jetpack_sharing_enabled":true,"distributor_meta":false,"distributor_terms":false,"distributor_media":false,"distributor_original_site_name":"Grazia M\u00e9xico y Latinoam\u00e9rica","distributor_original_site_url":"https:\/\/graziamagazine.com\/mx","push-errors":false,"_links":{"self":[{"href":"https:\/\/graziamagazine.com\/mx\/wp-json\/wp\/v2\/articles\/143672"}],"collection":[{"href":"https:\/\/graziamagazine.com\/mx\/wp-json\/wp\/v2\/articles"}],"about":[{"href":"https:\/\/graziamagazine.com\/mx\/wp-json\/wp\/v2\/types\/articles"}],"author":[{"embeddable":true,"href":"https:\/\/graziamagazine.com\/mx\/wp-json\/wp\/v2\/users\/11653"}],"wp:featuredmedia":[{"embeddable":true,"href":"https:\/\/graziamagazine.com\/mx\/wp-json\/wp\/v2\/media\/143676"}],"wp:attachment":[{"href":"https:\/\/graziamagazine.com\/mx\/wp-json\/wp\/v2\/media?parent=143672"}],"wp:term":[{"taxonomy":"category","embeddable":true,"href":"https:\/\/graziamagazine.com\/mx\/wp-json\/wp\/v2\/categories?post=143672"}],"curies":[{"name":"wp","href":"https:\/\/api.w.org\/{rel}","templated":true}]}}