{"id":143648,"date":"2024-11-13T13:29:26","date_gmt":"2024-11-13T18:29:26","guid":{"rendered":"https:\/\/graziamagazine.com\/mx\/?post_type=articles&#038;p=143648"},"modified":"2024-11-13T13:32:35","modified_gmt":"2024-11-13T18:32:35","slug":"carolina-herrera-y-su-pop-up-mexicana","status":"publish","type":"articles","link":"https:\/\/graziamagazine.com\/mx\/articles\/carolina-herrera-y-su-pop-up-mexicana\/","title":{"rendered":"Carolina Herrera y su Pop-Up Mexicana"},"content":{"rendered":"<p>Carolina Herrera ha intensificado la expectativa de su pr\u00f3ximo desfile <strong>Resort 2025 en Ciudad de M\u00e9xico<\/strong> con la apertura de una pop-up store en <strong>El Palacio de Hierro, Polanco.<\/strong> Esta boutique ef\u00edmera refleja la elegancia atemporal y vibrante de la marca, capturando la esencia de la reconocida boutique de <strong>Madison Avenue en Nueva York. <\/strong><\/p>\n<p>La decoraci\u00f3n de 53 metros cuadrados destaca con un llamativo mosaico de hex\u00e1gonos blancos y negros, los ic\u00f3nicos colores rojo y rosa de la marca, y un retrato de la fundadora, Carolina Herrera, realizado por Andy Warhol, que imprime un toque art\u00edstico e hist\u00f3rico al espacio.<\/p>\n<p>La tienda no solo es un espacio de lujo, sino una celebraci\u00f3n de la moda en su m\u00e1ximo esplendor. Ofrece una selecci\u00f3n curada de ropa, accesorios y perfumes. Sin embargo, lo m\u00e1s emocionante es que por primera vez en M\u00e9xico, los visitantes podr\u00e1n adquirir piezas de la colecci\u00f3n del desfile en formato &#8220;see now, buy now&#8221;, marcando un hito en la experiencia de compra de lujo en el pa\u00eds.<\/p>\n<figure id=\"attachment_143650\" aria-describedby=\"caption-attachment-143650\" style=\"width: 1024px\" class=\"wp-caption alignnone\"><img loading=\"lazy\" decoding=\"async\" class=\"size-large wp-image-143650\" src=\"https:\/\/graziamagazine.com\/mx\/wp-content\/uploads\/sites\/13\/2024\/11\/Captura-de-Pantalla-2024-11-13-a-las-12.31.00-1024x585.png\" alt=\"Carolina Herrera y su Pop-Up Mexicana\" width=\"1024\" height=\"585\" srcset=\"https:\/\/graziamagazine.com\/mx\/wp-content\/uploads\/sites\/13\/2024\/11\/Captura-de-Pantalla-2024-11-13-a-las-12.31.00-1024x585.png 1024w, https:\/\/graziamagazine.com\/mx\/wp-content\/uploads\/sites\/13\/2024\/11\/Captura-de-Pantalla-2024-11-13-a-las-12.31.00-450x257.png 450w, https:\/\/graziamagazine.com\/mx\/wp-content\/uploads\/sites\/13\/2024\/11\/Captura-de-Pantalla-2024-11-13-a-las-12.31.00-768x439.png 768w, https:\/\/graziamagazine.com\/mx\/wp-content\/uploads\/sites\/13\/2024\/11\/Captura-de-Pantalla-2024-11-13-a-las-12.31.00-1536x878.png 1536w, https:\/\/graziamagazine.com\/mx\/wp-content\/uploads\/sites\/13\/2024\/11\/Captura-de-Pantalla-2024-11-13-a-las-12.31.00-2048x1170.png 2048w, https:\/\/graziamagazine.com\/mx\/wp-content\/uploads\/sites\/13\/2024\/11\/Captura-de-Pantalla-2024-11-13-a-las-12.31.00-400x229.png 400w, https:\/\/graziamagazine.com\/mx\/wp-content\/uploads\/sites\/13\/2024\/11\/Captura-de-Pantalla-2024-11-13-a-las-12.31.00-155x89.png 155w\" sizes=\"(max-width: 1024px) 100vw, 1024px\" \/><figcaption id=\"caption-attachment-143650\" class=\"wp-caption-text\">Carolina Herrera y su Pop-Up Mexicana<\/figcaption><\/figure>\n<p>Este enfoque innovador permite que la moda de pasarela est\u00e9 al alcance de los clientes al instante, un movimiento que resuena con la tendencia global de consumo inmediato.<\/p>\n<p>La relaci\u00f3n de Carolina Herrera con M\u00e9xico no es nueva. La marca ha estado presente en el pa\u00eds desde los a\u00f1os 90, cuando El Palacio de Hierro comenz\u00f3 a vender sus perfumes y productos de belleza.<\/p>\n<p>Las tiendas CH Carolina Herrera, que ofrecen la l\u00ednea m\u00e1s casual y accesible de la marca, han sido un pilar desde principios de los 2000. No obstante, esta pop-up representa un paso m\u00e1s en la estrategia de la firma para acercar la alta moda directamente a sus seguidores mexicanos.<\/p>\n<figure id=\"attachment_143651\" aria-describedby=\"caption-attachment-143651\" style=\"width: 1024px\" class=\"wp-caption alignnone\"><img loading=\"lazy\" decoding=\"async\" class=\"size-large wp-image-143651\" src=\"https:\/\/graziamagazine.com\/mx\/wp-content\/uploads\/sites\/13\/2024\/11\/Captura-de-Pantalla-2024-11-13-a-las-12.30.53-1024x671.png\" alt=\"Carolina Herrera y su Pop-Up Mexicana\" width=\"1024\" height=\"671\" srcset=\"https:\/\/graziamagazine.com\/mx\/wp-content\/uploads\/sites\/13\/2024\/11\/Captura-de-Pantalla-2024-11-13-a-las-12.30.53-1024x671.png 1024w, https:\/\/graziamagazine.com\/mx\/wp-content\/uploads\/sites\/13\/2024\/11\/Captura-de-Pantalla-2024-11-13-a-las-12.30.53-450x295.png 450w, https:\/\/graziamagazine.com\/mx\/wp-content\/uploads\/sites\/13\/2024\/11\/Captura-de-Pantalla-2024-11-13-a-las-12.30.53-768x503.png 768w, https:\/\/graziamagazine.com\/mx\/wp-content\/uploads\/sites\/13\/2024\/11\/Captura-de-Pantalla-2024-11-13-a-las-12.30.53-1536x1006.png 1536w, https:\/\/graziamagazine.com\/mx\/wp-content\/uploads\/sites\/13\/2024\/11\/Captura-de-Pantalla-2024-11-13-a-las-12.30.53-2048x1342.png 2048w, https:\/\/graziamagazine.com\/mx\/wp-content\/uploads\/sites\/13\/2024\/11\/Captura-de-Pantalla-2024-11-13-a-las-12.30.53-400x262.png 400w, https:\/\/graziamagazine.com\/mx\/wp-content\/uploads\/sites\/13\/2024\/11\/Captura-de-Pantalla-2024-11-13-a-las-12.30.53-155x102.png 155w\" sizes=\"(max-width: 1024px) 100vw, 1024px\" \/><figcaption id=\"caption-attachment-143651\" class=\"wp-caption-text\">Carolina Herrera y su Pop-Up Mexicana<\/figcaption><\/figure>\n<p>La apertura de la pop-up store se alinea con la visi\u00f3n de Wes Gordon, director creativo de la marca desde 2018, de expandir la huella de Carolina Herrera y ofrecer experiencias \u00fanicas.<\/p>\n<p>Este espacio de lujo es el preludio perfecto para el desfile que se celebrar\u00e1 en el emblem\u00e1tico Museo Anahuacalli el 14 de noviembre, una oda a la cultura y la moda que promete ser tan impresionante como el entorno que la acoger\u00e1.<\/p>\n<p><em><strong>*IMAGEN: Google Images<\/strong><\/em><\/p>\n","protected":false},"author":28953,"featured_media":143649,"template":"","format":"standard","categories":[4],"acf":[],"yoast_head":"<!-- This site is optimized with the Yoast SEO Premium plugin v18.5 (Yoast SEO v20.4) - https:\/\/yoast.com\/wordpress\/plugins\/seo\/ -->\n<title>Carolina Herrera y su Pop-Up Mexicana<\/title>\n<meta name=\"description\" content=\"Una exclusiva pop-up store en Polanco ofrece un adelanto de la colecci\u00f3n resort 2025 antes del desfile en CDMX.\" \/>\n<meta name=\"robots\" content=\"index, follow, max-snippet:-1, max-image-preview:large, max-video-preview:-1\" \/>\n<link rel=\"canonical\" href=\"https:\/\/graziamagazine.com\/mx\/articles\/carolina-herrera-y-su-pop-up-mexicana\/\" \/>\n<meta property=\"og:locale\" content=\"es_MX\" \/>\n<meta property=\"og:type\" content=\"article\" \/>\n<meta property=\"og:title\" content=\"Carolina Herrera y su Pop-Up Mexicana\" \/>\n<meta property=\"og:description\" content=\"Una exclusiva pop-up store en Polanco ofrece un adelanto de la colecci\u00f3n resort 2025 antes del desfile en CDMX.\" \/>\n<meta property=\"og:url\" content=\"https:\/\/graziamagazine.com\/mx\/articles\/carolina-herrera-y-su-pop-up-mexicana\/\" \/>\n<meta property=\"og:site_name\" content=\"Grazia M\u00e9xico y Latinoam\u00e9rica\" \/>\n<meta property=\"article:modified_time\" content=\"2024-11-13T18:32:35+00:00\" \/>\n<meta property=\"og:image\" content=\"https:\/\/graziamagazine.com\/mx\/wp-content\/uploads\/sites\/13\/2024\/11\/Captura-de-Pantalla-2024-11-13-a-las-12.31.07-1024x591.png\" \/>\n\t<meta property=\"og:image:width\" content=\"1024\" \/>\n\t<meta property=\"og:image:height\" content=\"591\" \/>\n\t<meta property=\"og:image:type\" content=\"image\/png\" \/>\n<meta name=\"twitter:card\" content=\"summary_large_image\" \/>\n<meta name=\"twitter:label1\" content=\"Est. reading time\" \/>\n\t<meta name=\"twitter:data1\" content=\"3 minutos\" \/>\n<script type=\"application\/ld+json\" class=\"yoast-schema-graph\">{\"@context\":\"https:\/\/schema.org\",\"@graph\":[{\"@type\":\"WebPage\",\"@id\":\"https:\/\/graziamagazine.com\/mx\/articles\/carolina-herrera-y-su-pop-up-mexicana\/\",\"url\":\"https:\/\/graziamagazine.com\/mx\/articles\/carolina-herrera-y-su-pop-up-mexicana\/\",\"name\":\"Carolina Herrera y su Pop-Up Mexicana\",\"isPartOf\":{\"@id\":\"https:\/\/graziamagazine.com\/mx\/#website\"},\"datePublished\":\"2024-11-13T18:29:26+00:00\",\"dateModified\":\"2024-11-13T18:32:35+00:00\",\"description\":\"Una exclusiva pop-up store en Polanco ofrece un adelanto de la colecci\u00f3n resort 2025 antes del desfile en CDMX.\",\"breadcrumb\":{\"@id\":\"https:\/\/graziamagazine.com\/mx\/articles\/carolina-herrera-y-su-pop-up-mexicana\/#breadcrumb\"},\"inLanguage\":\"es-MX\",\"potentialAction\":[{\"@type\":\"ReadAction\",\"target\":[\"https:\/\/graziamagazine.com\/mx\/articles\/carolina-herrera-y-su-pop-up-mexicana\/\"]}]},{\"@type\":\"BreadcrumbList\",\"@id\":\"https:\/\/graziamagazine.com\/mx\/articles\/carolina-herrera-y-su-pop-up-mexicana\/#breadcrumb\",\"itemListElement\":[{\"@type\":\"ListItem\",\"position\":1,\"name\":\"Home\",\"item\":\"https:\/\/graziamagazine.com\/mx\/\"},{\"@type\":\"ListItem\",\"position\":2,\"name\":\"Carolina Herrera y su Pop-Up Mexicana\"}]},{\"@type\":\"WebSite\",\"@id\":\"https:\/\/graziamagazine.com\/mx\/#website\",\"url\":\"https:\/\/graziamagazine.com\/mx\/\",\"name\":\"Grazia M\u00e9xico y Latinoam\u00e9rica\",\"description\":\"Grazia es moda, belleza y noticias  de actualidad \",\"potentialAction\":[{\"@type\":\"SearchAction\",\"target\":{\"@type\":\"EntryPoint\",\"urlTemplate\":\"https:\/\/graziamagazine.com\/mx\/?s={search_term_string}\"},\"query-input\":\"required name=search_term_string\"}],\"inLanguage\":\"es-MX\"}]}<\/script>\n<!-- \/ Yoast SEO Premium plugin. -->","yoast_head_json":{"title":"Carolina Herrera y su Pop-Up Mexicana","description":"Una exclusiva pop-up store en Polanco ofrece un adelanto de la colecci\u00f3n resort 2025 antes del desfile en CDMX.","robots":{"index":"index","follow":"follow","max-snippet":"max-snippet:-1","max-image-preview":"max-image-preview:large","max-video-preview":"max-video-preview:-1"},"canonical":"https:\/\/graziamagazine.com\/mx\/articles\/carolina-herrera-y-su-pop-up-mexicana\/","og_locale":"es_MX","og_type":"article","og_title":"Carolina Herrera y su Pop-Up Mexicana","og_description":"Una exclusiva pop-up store en Polanco ofrece un adelanto de la colecci\u00f3n resort 2025 antes del desfile en CDMX.","og_url":"https:\/\/graziamagazine.com\/mx\/articles\/carolina-herrera-y-su-pop-up-mexicana\/","og_site_name":"Grazia M\u00e9xico y Latinoam\u00e9rica","article_modified_time":"2024-11-13T18:32:35+00:00","og_image":[{"width":1024,"height":591,"url":"https:\/\/graziamagazine.com\/mx\/wp-content\/uploads\/sites\/13\/2024\/11\/Captura-de-Pantalla-2024-11-13-a-las-12.31.07-1024x591.png","type":"image\/png"}],"twitter_card":"summary_large_image","twitter_misc":{"Est. reading time":"3 minutos"},"schema":{"@context":"https:\/\/schema.org","@graph":[{"@type":"WebPage","@id":"https:\/\/graziamagazine.com\/mx\/articles\/carolina-herrera-y-su-pop-up-mexicana\/","url":"https:\/\/graziamagazine.com\/mx\/articles\/carolina-herrera-y-su-pop-up-mexicana\/","name":"Carolina Herrera y su Pop-Up Mexicana","isPartOf":{"@id":"https:\/\/graziamagazine.com\/mx\/#website"},"datePublished":"2024-11-13T18:29:26+00:00","dateModified":"2024-11-13T18:32:35+00:00","description":"Una exclusiva pop-up store en Polanco ofrece un adelanto de la colecci\u00f3n resort 2025 antes del desfile en CDMX.","breadcrumb":{"@id":"https:\/\/graziamagazine.com\/mx\/articles\/carolina-herrera-y-su-pop-up-mexicana\/#breadcrumb"},"inLanguage":"es-MX","potentialAction":[{"@type":"ReadAction","target":["https:\/\/graziamagazine.com\/mx\/articles\/carolina-herrera-y-su-pop-up-mexicana\/"]}]},{"@type":"BreadcrumbList","@id":"https:\/\/graziamagazine.com\/mx\/articles\/carolina-herrera-y-su-pop-up-mexicana\/#breadcrumb","itemListElement":[{"@type":"ListItem","position":1,"name":"Home","item":"https:\/\/graziamagazine.com\/mx\/"},{"@type":"ListItem","position":2,"name":"Carolina Herrera y su Pop-Up Mexicana"}]},{"@type":"WebSite","@id":"https:\/\/graziamagazine.com\/mx\/#website","url":"https:\/\/graziamagazine.com\/mx\/","name":"Grazia M\u00e9xico y Latinoam\u00e9rica","description":"Grazia es moda, belleza y noticias  de actualidad ","potentialAction":[{"@type":"SearchAction","target":{"@type":"EntryPoint","urlTemplate":"https:\/\/graziamagazine.com\/mx\/?s={search_term_string}"},"query-input":"required name=search_term_string"}],"inLanguage":"es-MX"}]}},"jetpack_sharing_enabled":true,"distributor_meta":false,"distributor_terms":false,"distributor_media":false,"distributor_original_site_name":"Grazia M\u00e9xico y Latinoam\u00e9rica","distributor_original_site_url":"https:\/\/graziamagazine.com\/mx","push-errors":false,"_links":{"self":[{"href":"https:\/\/graziamagazine.com\/mx\/wp-json\/wp\/v2\/articles\/143648"}],"collection":[{"href":"https:\/\/graziamagazine.com\/mx\/wp-json\/wp\/v2\/articles"}],"about":[{"href":"https:\/\/graziamagazine.com\/mx\/wp-json\/wp\/v2\/types\/articles"}],"author":[{"embeddable":true,"href":"https:\/\/graziamagazine.com\/mx\/wp-json\/wp\/v2\/users\/28953"}],"wp:featuredmedia":[{"embeddable":true,"href":"https:\/\/graziamagazine.com\/mx\/wp-json\/wp\/v2\/media\/143649"}],"wp:attachment":[{"href":"https:\/\/graziamagazine.com\/mx\/wp-json\/wp\/v2\/media?parent=143648"}],"wp:term":[{"taxonomy":"category","embeddable":true,"href":"https:\/\/graziamagazine.com\/mx\/wp-json\/wp\/v2\/categories?post=143648"}],"curies":[{"name":"wp","href":"https:\/\/api.w.org\/{rel}","templated":true}]}}