{"id":143643,"date":"2024-11-13T13:18:32","date_gmt":"2024-11-13T18:18:32","guid":{"rendered":"https:\/\/graziamagazine.com\/mx\/?post_type=articles&#038;p=143643"},"modified":"2024-11-13T13:27:19","modified_gmt":"2024-11-13T18:27:19","slug":"carolina-herrera-y-wes-gordon-oda-a-mexico","status":"publish","type":"articles","link":"https:\/\/graziamagazine.com\/mx\/articles\/carolina-herrera-y-wes-gordon-oda-a-mexico\/","title":{"rendered":"Carolina Herrera y Wes Gordon: Oda a M\u00e9xico"},"content":{"rendered":"<p>Ciudad de M\u00e9xico se prepara para recibir la m\u00e1s reciente colecci\u00f3n <strong>Resort 2025 de Carolina Herrera<\/strong>, una de las marcas m\u00e1s emblem\u00e1ticas del mundo de la moda.<\/p>\n<p>Este esperado evento, que tendr\u00e1 lugar el 14 de noviembre en el <strong>Museo Anahuacalli<\/strong>, promete ser un despliegue sin igual de elegancia y arte, en perfecta sinton\u00eda con la riqueza cultural de la ciudad. Platicamos con Wes Gordon, director creativo de la marca, quien comparti\u00f3 su entusiasmo y la inspiraci\u00f3n detr\u00e1s de esta colecci\u00f3n.<\/p>\n<p>Desde que asumi\u00f3 el liderazgo creativo en 2018, Gordon ha mantenido un enfoque fresco que honra el legado de Carolina Herrera, combinando la sofisticaci\u00f3n cl\u00e1sica con un toque contempor\u00e1neo. En la entrevista, mencion\u00f3 que la <strong>Ciudad de M\u00e9xico<\/strong> es un destino perfecto por su energ\u00eda vibrante y su mezcla de historia y modernidad.<\/p>\n<figure id=\"attachment_143644\" aria-describedby=\"caption-attachment-143644\" style=\"width: 749px\" class=\"wp-caption alignnone\"><img loading=\"lazy\" decoding=\"async\" class=\"size-large wp-image-143644\" src=\"https:\/\/graziamagazine.com\/mx\/wp-content\/uploads\/sites\/13\/2024\/11\/Captura-de-Pantalla-2024-11-13-a-las-12.25.44-749x1024.png\" alt=\"Carolina Herrera y Wes Gordon: Oda a M\u00e9xico\" width=\"749\" height=\"1024\" srcset=\"https:\/\/graziamagazine.com\/mx\/wp-content\/uploads\/sites\/13\/2024\/11\/Captura-de-Pantalla-2024-11-13-a-las-12.25.44-749x1024.png 749w, https:\/\/graziamagazine.com\/mx\/wp-content\/uploads\/sites\/13\/2024\/11\/Captura-de-Pantalla-2024-11-13-a-las-12.25.44-329x450.png 329w, https:\/\/graziamagazine.com\/mx\/wp-content\/uploads\/sites\/13\/2024\/11\/Captura-de-Pantalla-2024-11-13-a-las-12.25.44-768x1050.png 768w, https:\/\/graziamagazine.com\/mx\/wp-content\/uploads\/sites\/13\/2024\/11\/Captura-de-Pantalla-2024-11-13-a-las-12.25.44-400x547.png 400w, https:\/\/graziamagazine.com\/mx\/wp-content\/uploads\/sites\/13\/2024\/11\/Captura-de-Pantalla-2024-11-13-a-las-12.25.44-155x212.png 155w, https:\/\/graziamagazine.com\/mx\/wp-content\/uploads\/sites\/13\/2024\/11\/Captura-de-Pantalla-2024-11-13-a-las-12.25.44.png 1034w\" sizes=\"(max-width: 749px) 100vw, 749px\" \/><figcaption id=\"caption-attachment-143644\" class=\"wp-caption-text\">Carolina Herrera y Wes Gordon: Oda a M\u00e9xico<\/figcaption><\/figure>\n<blockquote><p>\u201cEsta ciudad es un crisol de creatividad y tradici\u00f3n, lo que la hace un escenario inmejorable para presentar nuestra visi\u00f3n\u201d, coment\u00f3 Gordon.<\/p><\/blockquote>\n<p>El desfile no solo mostrar\u00e1 la nueva colecci\u00f3n, sino que tambi\u00e9n ser\u00e1 una carta de amor a M\u00e9xico. Wes Gordon resalt\u00f3 que esta colecci\u00f3n fue creada pensando en la riqueza cultural y el dinamismo del pa\u00eds.<\/p>\n<blockquote><p>\u201cNos inspiramos en la arquitectura, en los textiles, en los colores que vemos en los mercados y en la moda de las calles de la ciudad\u201d, a\u00f1adi\u00f3.\u00a0<img loading=\"lazy\" decoding=\"async\" class=\"alignnone size-large wp-image-143647\" src=\"https:\/\/graziamagazine.com\/mx\/wp-content\/uploads\/sites\/13\/2024\/11\/vista-aerea-de-costado-dron_5_320011-162250734231083.jpg\" alt=\"\" width=\"960\" height=\"640\" srcset=\"https:\/\/graziamagazine.com\/mx\/wp-content\/uploads\/sites\/13\/2024\/11\/vista-aerea-de-costado-dron_5_320011-162250734231083.jpg 960w, https:\/\/graziamagazine.com\/mx\/wp-content\/uploads\/sites\/13\/2024\/11\/vista-aerea-de-costado-dron_5_320011-162250734231083-450x300.jpg 450w, https:\/\/graziamagazine.com\/mx\/wp-content\/uploads\/sites\/13\/2024\/11\/vista-aerea-de-costado-dron_5_320011-162250734231083-768x512.jpg 768w, https:\/\/graziamagazine.com\/mx\/wp-content\/uploads\/sites\/13\/2024\/11\/vista-aerea-de-costado-dron_5_320011-162250734231083-400x267.jpg 400w, https:\/\/graziamagazine.com\/mx\/wp-content\/uploads\/sites\/13\/2024\/11\/vista-aerea-de-costado-dron_5_320011-162250734231083-155x103.jpg 155w\" sizes=\"(max-width: 960px) 100vw, 960px\" \/><\/p><\/blockquote>\n<p>La elecci\u00f3n del Museo Anahuacalli como sede subraya esta intenci\u00f3n, pues su estructura monumental y su historia conectan con el esp\u00edritu de la colecci\u00f3n.<\/p>\n<p>Esta no es la primera vez que Gordon lleva la moda de Carolina Herrera m\u00e1s all\u00e1 de Nueva York. Tras el \u00e9xito del desfile Resort 2024 en R\u00edo de Janeiro, decidi\u00f3 continuar la tradici\u00f3n de presentar colecciones en escenarios ic\u00f3nicos que resalten la esencia de la marca y su v\u00ednculo con distintas culturas.<\/p>\n<p>M\u00e9xico, con su vibrante panorama art\u00edstico y su relevancia global en la moda, se convirti\u00f3 en la opci\u00f3n natural para esta ambiciosa presentaci\u00f3n.<\/p>\n<p>Con la llegada de esta colecci\u00f3n, la casa Herrera reafirma su compromiso de honrar tanto su herencia neoyorquina como sus ra\u00edces latinas, ofreciendo una celebraci\u00f3n que promete mezclar lo mejor de ambos mundos y, sin duda, dejar una huella imborrable en el escenario de la moda internacional.<\/p>\n<p><em><strong>*IMAGEN: Google Images<\/strong><\/em><\/p>\n","protected":false},"author":28953,"featured_media":143645,"template":"","format":"standard","categories":[4],"acf":[],"yoast_head":"<!-- This site is optimized with the Yoast SEO Premium plugin v18.5 (Yoast SEO v20.4) - https:\/\/yoast.com\/wordpress\/plugins\/seo\/ -->\n<title>Carolina Herrera y Wes Gordon: Oda a M\u00e9xico<\/title>\n<meta name=\"description\" content=\"Wes Gordon revela detalles sobre el pr\u00f3ximo desfile en el ic\u00f3nico Museo Anahuacalli, una celebraci\u00f3n de lujo y cultura.\" \/>\n<meta name=\"robots\" content=\"index, follow, max-snippet:-1, max-image-preview:large, max-video-preview:-1\" \/>\n<link rel=\"canonical\" href=\"https:\/\/graziamagazine.com\/mx\/articles\/carolina-herrera-y-wes-gordon-oda-a-mexico\/\" \/>\n<meta property=\"og:locale\" content=\"es_MX\" \/>\n<meta property=\"og:type\" content=\"article\" \/>\n<meta property=\"og:title\" content=\"Carolina Herrera y Wes Gordon: Oda a M\u00e9xico\" \/>\n<meta property=\"og:description\" content=\"Wes Gordon revela detalles sobre el pr\u00f3ximo desfile en el ic\u00f3nico Museo Anahuacalli, una celebraci\u00f3n de lujo y cultura.\" \/>\n<meta property=\"og:url\" content=\"https:\/\/graziamagazine.com\/mx\/articles\/carolina-herrera-y-wes-gordon-oda-a-mexico\/\" \/>\n<meta property=\"og:site_name\" content=\"Grazia M\u00e9xico y Latinoam\u00e9rica\" \/>\n<meta property=\"article:modified_time\" content=\"2024-11-13T18:27:19+00:00\" \/>\n<meta property=\"og:image\" content=\"https:\/\/graziamagazine.com\/mx\/wp-content\/uploads\/sites\/13\/2024\/11\/editorialtelevisa.brightspotcdn-2.jpg\" \/>\n\t<meta property=\"og:image:width\" content=\"1000\" \/>\n\t<meta property=\"og:image:height\" content=\"563\" \/>\n\t<meta property=\"og:image:type\" content=\"image\/jpeg\" \/>\n<meta name=\"twitter:card\" content=\"summary_large_image\" \/>\n<meta name=\"twitter:label1\" content=\"Est. reading time\" \/>\n\t<meta name=\"twitter:data1\" content=\"3 minutos\" \/>\n<script type=\"application\/ld+json\" class=\"yoast-schema-graph\">{\"@context\":\"https:\/\/schema.org\",\"@graph\":[{\"@type\":\"WebPage\",\"@id\":\"https:\/\/graziamagazine.com\/mx\/articles\/carolina-herrera-y-wes-gordon-oda-a-mexico\/\",\"url\":\"https:\/\/graziamagazine.com\/mx\/articles\/carolina-herrera-y-wes-gordon-oda-a-mexico\/\",\"name\":\"Carolina Herrera y Wes Gordon: Oda a M\u00e9xico\",\"isPartOf\":{\"@id\":\"https:\/\/graziamagazine.com\/mx\/#website\"},\"datePublished\":\"2024-11-13T18:18:32+00:00\",\"dateModified\":\"2024-11-13T18:27:19+00:00\",\"description\":\"Wes Gordon revela detalles sobre el pr\u00f3ximo desfile en el ic\u00f3nico Museo Anahuacalli, una celebraci\u00f3n de lujo y cultura.\",\"breadcrumb\":{\"@id\":\"https:\/\/graziamagazine.com\/mx\/articles\/carolina-herrera-y-wes-gordon-oda-a-mexico\/#breadcrumb\"},\"inLanguage\":\"es-MX\",\"potentialAction\":[{\"@type\":\"ReadAction\",\"target\":[\"https:\/\/graziamagazine.com\/mx\/articles\/carolina-herrera-y-wes-gordon-oda-a-mexico\/\"]}]},{\"@type\":\"BreadcrumbList\",\"@id\":\"https:\/\/graziamagazine.com\/mx\/articles\/carolina-herrera-y-wes-gordon-oda-a-mexico\/#breadcrumb\",\"itemListElement\":[{\"@type\":\"ListItem\",\"position\":1,\"name\":\"Home\",\"item\":\"https:\/\/graziamagazine.com\/mx\/\"},{\"@type\":\"ListItem\",\"position\":2,\"name\":\"Carolina Herrera y Wes Gordon: Oda a M\u00e9xico\"}]},{\"@type\":\"WebSite\",\"@id\":\"https:\/\/graziamagazine.com\/mx\/#website\",\"url\":\"https:\/\/graziamagazine.com\/mx\/\",\"name\":\"Grazia M\u00e9xico y Latinoam\u00e9rica\",\"description\":\"Grazia es moda, belleza y noticias  de actualidad \",\"potentialAction\":[{\"@type\":\"SearchAction\",\"target\":{\"@type\":\"EntryPoint\",\"urlTemplate\":\"https:\/\/graziamagazine.com\/mx\/?s={search_term_string}\"},\"query-input\":\"required name=search_term_string\"}],\"inLanguage\":\"es-MX\"}]}<\/script>\n<!-- \/ Yoast SEO Premium plugin. -->","yoast_head_json":{"title":"Carolina Herrera y Wes Gordon: Oda a M\u00e9xico","description":"Wes Gordon revela detalles sobre el pr\u00f3ximo desfile en el ic\u00f3nico Museo Anahuacalli, una celebraci\u00f3n de lujo y cultura.","robots":{"index":"index","follow":"follow","max-snippet":"max-snippet:-1","max-image-preview":"max-image-preview:large","max-video-preview":"max-video-preview:-1"},"canonical":"https:\/\/graziamagazine.com\/mx\/articles\/carolina-herrera-y-wes-gordon-oda-a-mexico\/","og_locale":"es_MX","og_type":"article","og_title":"Carolina Herrera y Wes Gordon: Oda a M\u00e9xico","og_description":"Wes Gordon revela detalles sobre el pr\u00f3ximo desfile en el ic\u00f3nico Museo Anahuacalli, una celebraci\u00f3n de lujo y cultura.","og_url":"https:\/\/graziamagazine.com\/mx\/articles\/carolina-herrera-y-wes-gordon-oda-a-mexico\/","og_site_name":"Grazia M\u00e9xico y Latinoam\u00e9rica","article_modified_time":"2024-11-13T18:27:19+00:00","og_image":[{"width":1000,"height":563,"url":"https:\/\/graziamagazine.com\/mx\/wp-content\/uploads\/sites\/13\/2024\/11\/editorialtelevisa.brightspotcdn-2.jpg","type":"image\/jpeg"}],"twitter_card":"summary_large_image","twitter_misc":{"Est. reading time":"3 minutos"},"schema":{"@context":"https:\/\/schema.org","@graph":[{"@type":"WebPage","@id":"https:\/\/graziamagazine.com\/mx\/articles\/carolina-herrera-y-wes-gordon-oda-a-mexico\/","url":"https:\/\/graziamagazine.com\/mx\/articles\/carolina-herrera-y-wes-gordon-oda-a-mexico\/","name":"Carolina Herrera y Wes Gordon: Oda a M\u00e9xico","isPartOf":{"@id":"https:\/\/graziamagazine.com\/mx\/#website"},"datePublished":"2024-11-13T18:18:32+00:00","dateModified":"2024-11-13T18:27:19+00:00","description":"Wes Gordon revela detalles sobre el pr\u00f3ximo desfile en el ic\u00f3nico Museo Anahuacalli, una celebraci\u00f3n de lujo y cultura.","breadcrumb":{"@id":"https:\/\/graziamagazine.com\/mx\/articles\/carolina-herrera-y-wes-gordon-oda-a-mexico\/#breadcrumb"},"inLanguage":"es-MX","potentialAction":[{"@type":"ReadAction","target":["https:\/\/graziamagazine.com\/mx\/articles\/carolina-herrera-y-wes-gordon-oda-a-mexico\/"]}]},{"@type":"BreadcrumbList","@id":"https:\/\/graziamagazine.com\/mx\/articles\/carolina-herrera-y-wes-gordon-oda-a-mexico\/#breadcrumb","itemListElement":[{"@type":"ListItem","position":1,"name":"Home","item":"https:\/\/graziamagazine.com\/mx\/"},{"@type":"ListItem","position":2,"name":"Carolina Herrera y Wes Gordon: Oda a M\u00e9xico"}]},{"@type":"WebSite","@id":"https:\/\/graziamagazine.com\/mx\/#website","url":"https:\/\/graziamagazine.com\/mx\/","name":"Grazia M\u00e9xico y Latinoam\u00e9rica","description":"Grazia es moda, belleza y noticias  de actualidad ","potentialAction":[{"@type":"SearchAction","target":{"@type":"EntryPoint","urlTemplate":"https:\/\/graziamagazine.com\/mx\/?s={search_term_string}"},"query-input":"required name=search_term_string"}],"inLanguage":"es-MX"}]}},"jetpack_sharing_enabled":true,"distributor_meta":false,"distributor_terms":false,"distributor_media":false,"distributor_original_site_name":"Grazia M\u00e9xico y Latinoam\u00e9rica","distributor_original_site_url":"https:\/\/graziamagazine.com\/mx","push-errors":false,"_links":{"self":[{"href":"https:\/\/graziamagazine.com\/mx\/wp-json\/wp\/v2\/articles\/143643"}],"collection":[{"href":"https:\/\/graziamagazine.com\/mx\/wp-json\/wp\/v2\/articles"}],"about":[{"href":"https:\/\/graziamagazine.com\/mx\/wp-json\/wp\/v2\/types\/articles"}],"author":[{"embeddable":true,"href":"https:\/\/graziamagazine.com\/mx\/wp-json\/wp\/v2\/users\/28953"}],"wp:featuredmedia":[{"embeddable":true,"href":"https:\/\/graziamagazine.com\/mx\/wp-json\/wp\/v2\/media\/143645"}],"wp:attachment":[{"href":"https:\/\/graziamagazine.com\/mx\/wp-json\/wp\/v2\/media?parent=143643"}],"wp:term":[{"taxonomy":"category","embeddable":true,"href":"https:\/\/graziamagazine.com\/mx\/wp-json\/wp\/v2\/categories?post=143643"}],"curies":[{"name":"wp","href":"https:\/\/api.w.org\/{rel}","templated":true}]}}