{"id":143537,"date":"2024-11-08T15:09:31","date_gmt":"2024-11-08T20:09:31","guid":{"rendered":"https:\/\/graziamagazine.com\/mx\/?post_type=articles&#038;p=143537"},"modified":"2024-11-08T15:13:50","modified_gmt":"2024-11-08T20:13:50","slug":"cirque-du-soleil-y-su-vistoso-regreso","status":"publish","type":"articles","link":"https:\/\/graziamagazine.com\/mx\/articles\/cirque-du-soleil-y-su-vistoso-regreso\/","title":{"rendered":"Cirque du Soleil y su Vistoso Regreso"},"content":{"rendered":"<p>Cirque du Soleil regresa a M\u00e9xico con su espect\u00e1culo <em>Kurios \u2013 Gabinete de Curiosidades<\/em>, una obra que promete transportar al p\u00fablico a un mundo de asombro y fantas\u00eda.<\/p>\n<p>Este espect\u00e1culo, liderado por el personaje de Chercher, <em>El Buscador<\/em>, cuenta la historia de un inventor que cree que dentro de su gabinete existe un universo paralelo donde las ideas m\u00e1s inveros\u00edmiles cobran vida. La temporada de <em>Kurios<\/em> comenzar\u00e1 en La Carpa Santa Fe el 7 de noviembre, en lo que se anticipa como uno de los eventos culturales m\u00e1s esperados del a\u00f1o.<\/p>\n<p>David Garc\u00eda Croll, quien encarna a Chercher, asumi\u00f3 el papel tras el retiro del actor anterior, Antonio. Seg\u00fan Garc\u00eda, el personaje refleja su esencia de so\u00f1ador:<\/p>\n<blockquote><p>\u201cNo quise hacer un estereotipo de cient\u00edfico loco, puse todo mi coraz\u00f3n\u201d, afirm\u00f3. Este enfoque aporta autenticidad a la historia, donde la b\u00fasqueda de lo desconocido y el deseo de trascender la realidad son los ejes centrales.<\/p>\n<figure id=\"attachment_143539\" aria-describedby=\"caption-attachment-143539\" style=\"width: 1024px\" class=\"wp-caption alignnone\"><img loading=\"lazy\" decoding=\"async\" class=\"size-large wp-image-143539\" src=\"https:\/\/graziamagazine.com\/mx\/wp-content\/uploads\/sites\/13\/2024\/11\/Captura-de-Pantalla-2024-11-08-a-las-14.11.59-1024x658.png\" alt=\"Cirque du Soleil y su Vistoso Regreso\" width=\"1024\" height=\"658\" srcset=\"https:\/\/graziamagazine.com\/mx\/wp-content\/uploads\/sites\/13\/2024\/11\/Captura-de-Pantalla-2024-11-08-a-las-14.11.59-1024x658.png 1024w, https:\/\/graziamagazine.com\/mx\/wp-content\/uploads\/sites\/13\/2024\/11\/Captura-de-Pantalla-2024-11-08-a-las-14.11.59-450x289.png 450w, https:\/\/graziamagazine.com\/mx\/wp-content\/uploads\/sites\/13\/2024\/11\/Captura-de-Pantalla-2024-11-08-a-las-14.11.59-768x493.png 768w, https:\/\/graziamagazine.com\/mx\/wp-content\/uploads\/sites\/13\/2024\/11\/Captura-de-Pantalla-2024-11-08-a-las-14.11.59-1536x986.png 1536w, https:\/\/graziamagazine.com\/mx\/wp-content\/uploads\/sites\/13\/2024\/11\/Captura-de-Pantalla-2024-11-08-a-las-14.11.59-400x257.png 400w, https:\/\/graziamagazine.com\/mx\/wp-content\/uploads\/sites\/13\/2024\/11\/Captura-de-Pantalla-2024-11-08-a-las-14.11.59-155x100.png 155w, https:\/\/graziamagazine.com\/mx\/wp-content\/uploads\/sites\/13\/2024\/11\/Captura-de-Pantalla-2024-11-08-a-las-14.11.59.png 1688w\" sizes=\"(max-width: 1024px) 100vw, 1024px\" \/><figcaption id=\"caption-attachment-143539\" class=\"wp-caption-text\">Cirque du Soleil y su Vistoso Regreso<\/figcaption><\/figure><\/blockquote>\n<p>El espect\u00e1culo re\u00fane un elenco de 50 artistas y un equipo t\u00e9cnico de 25 personas, destac\u00e1ndose por su minuciosa coreograf\u00eda y el trabajo detr\u00e1s de bambalinas.<\/p>\n<p><strong>Becky Williams<\/strong>, publicista de la compa\u00f1\u00eda, explic\u00f3 c\u00f3mo el creador del show, Michel Laprise, se inspir\u00f3 en la est\u00e9tica de las antenas de radio de la carpa y explor\u00f3 la era de las grandes invenciones del siglo XIX para dar vida al concepto. Esta mezcla de historia y fantas\u00eda crea una atm\u00f3sfera que desaf\u00eda los l\u00edmites entre lo real y lo imaginario.<\/p>\n<p>El vestuario es otro elemento clave que contribuye al encanto de <em>Kurios<\/em>. Se dise\u00f1aron m\u00e1s de 100 trajes, y su mantenimiento es un proceso detallado que incluye lavar las prendas diariamente y preparar pelucas, sombreros y postizos para cada presentaci\u00f3n. Federico Br\u00fa, asistente de vestuario, enfatiz\u00f3 el orgullo de ser parte de este riguroso equipo: \u201cLlevo m\u00e1s de un a\u00f1o y me siento orgulloso de ser latinoamericano y de estar en esta compa\u00f1\u00eda\u201d.<\/p>\n<figure id=\"attachment_143538\" aria-describedby=\"caption-attachment-143538\" style=\"width: 1024px\" class=\"wp-caption alignnone\"><img loading=\"lazy\" decoding=\"async\" class=\"size-large wp-image-143538\" src=\"https:\/\/graziamagazine.com\/mx\/wp-content\/uploads\/sites\/13\/2024\/11\/Captura-de-Pantalla-2024-11-08-a-las-14.11.18-1024x646.png\" alt=\"Cirque du Soleil y su Vistoso Regreso\" width=\"1024\" height=\"646\" srcset=\"https:\/\/graziamagazine.com\/mx\/wp-content\/uploads\/sites\/13\/2024\/11\/Captura-de-Pantalla-2024-11-08-a-las-14.11.18-1024x646.png 1024w, https:\/\/graziamagazine.com\/mx\/wp-content\/uploads\/sites\/13\/2024\/11\/Captura-de-Pantalla-2024-11-08-a-las-14.11.18-450x284.png 450w, https:\/\/graziamagazine.com\/mx\/wp-content\/uploads\/sites\/13\/2024\/11\/Captura-de-Pantalla-2024-11-08-a-las-14.11.18-768x485.png 768w, https:\/\/graziamagazine.com\/mx\/wp-content\/uploads\/sites\/13\/2024\/11\/Captura-de-Pantalla-2024-11-08-a-las-14.11.18-1536x969.png 1536w, https:\/\/graziamagazine.com\/mx\/wp-content\/uploads\/sites\/13\/2024\/11\/Captura-de-Pantalla-2024-11-08-a-las-14.11.18-2048x1292.png 2048w, https:\/\/graziamagazine.com\/mx\/wp-content\/uploads\/sites\/13\/2024\/11\/Captura-de-Pantalla-2024-11-08-a-las-14.11.18-400x252.png 400w, https:\/\/graziamagazine.com\/mx\/wp-content\/uploads\/sites\/13\/2024\/11\/Captura-de-Pantalla-2024-11-08-a-las-14.11.18-155x98.png 155w\" sizes=\"(max-width: 1024px) 100vw, 1024px\" \/><figcaption id=\"caption-attachment-143538\" class=\"wp-caption-text\">Cirque du Soleil y su Vistoso Regreso<\/figcaption><\/figure>\n<p>La complejidad t\u00e9cnica de <em>Kurios<\/em> tambi\u00e9n impresiona, con piezas destacadas como una mano mec\u00e1nica de 340 kilos y m\u00e1s de seis metros de largo, operada por dos artistas.<\/p>\n<p>Adem\u00e1s, el montaje requiere de un transporte masivo, utilizando cerca de 65 camiones para mover aproximadamente 2 mil toneladas de equipo.<\/p>\n<p>Con una cuidada combinaci\u00f3n de arte, tecnolog\u00eda e imaginaci\u00f3n, <em>Kurios<\/em> promete ser una experiencia inmersiva, un tributo a la creatividad y un recordatorio de que, a veces, lo extraordinario puede estar oculto en los rincones m\u00e1s insospechados.<\/p>\n<p><em><strong>*IMAGEN: Google Images<\/strong><\/em><\/p>\n","protected":false},"author":28953,"featured_media":143540,"template":"","format":"standard","categories":[114],"acf":[],"yoast_head":"<!-- This site is optimized with the Yoast SEO Premium plugin v18.5 (Yoast SEO v20.4) - https:\/\/yoast.com\/wordpress\/plugins\/seo\/ -->\n<title>Cirque du Soleil y su Vistoso Regreso<\/title>\n<meta name=\"description\" content=\"El espect\u00e1culo \u201cKurios\u201d llega a M\u00e9xico, con una historia fascinante y un despliegue art\u00edstico sin igual para sorprender.\" \/>\n<meta name=\"robots\" content=\"index, follow, max-snippet:-1, max-image-preview:large, max-video-preview:-1\" \/>\n<link rel=\"canonical\" href=\"https:\/\/graziamagazine.com\/mx\/articles\/cirque-du-soleil-y-su-vistoso-regreso\/\" \/>\n<meta property=\"og:locale\" content=\"es_MX\" \/>\n<meta property=\"og:type\" content=\"article\" \/>\n<meta property=\"og:title\" content=\"Cirque du Soleil y su Vistoso Regreso\" \/>\n<meta property=\"og:description\" content=\"El espect\u00e1culo \u201cKurios\u201d llega a M\u00e9xico, con una historia fascinante y un despliegue art\u00edstico sin igual para sorprender.\" \/>\n<meta property=\"og:url\" content=\"https:\/\/graziamagazine.com\/mx\/articles\/cirque-du-soleil-y-su-vistoso-regreso\/\" \/>\n<meta property=\"og:site_name\" content=\"Grazia M\u00e9xico y Latinoam\u00e9rica\" \/>\n<meta property=\"article:modified_time\" content=\"2024-11-08T20:13:50+00:00\" \/>\n<meta property=\"og:image\" content=\"https:\/\/graziamagazine.com\/mx\/wp-content\/uploads\/sites\/13\/2024\/11\/Captura-de-Pantalla-2024-11-08-a-las-14.12.08-1024x675.png\" \/>\n\t<meta property=\"og:image:width\" content=\"1024\" \/>\n\t<meta property=\"og:image:height\" content=\"675\" \/>\n\t<meta property=\"og:image:type\" content=\"image\/png\" \/>\n<meta name=\"twitter:card\" content=\"summary_large_image\" \/>\n<meta name=\"twitter:label1\" content=\"Est. reading time\" \/>\n\t<meta name=\"twitter:data1\" content=\"3 minutos\" \/>\n<script type=\"application\/ld+json\" class=\"yoast-schema-graph\">{\"@context\":\"https:\/\/schema.org\",\"@graph\":[{\"@type\":\"WebPage\",\"@id\":\"https:\/\/graziamagazine.com\/mx\/articles\/cirque-du-soleil-y-su-vistoso-regreso\/\",\"url\":\"https:\/\/graziamagazine.com\/mx\/articles\/cirque-du-soleil-y-su-vistoso-regreso\/\",\"name\":\"Cirque du Soleil y su Vistoso Regreso\",\"isPartOf\":{\"@id\":\"https:\/\/graziamagazine.com\/mx\/#website\"},\"datePublished\":\"2024-11-08T20:09:31+00:00\",\"dateModified\":\"2024-11-08T20:13:50+00:00\",\"description\":\"El espect\u00e1culo \u201cKurios\u201d llega a M\u00e9xico, con una historia fascinante y un despliegue art\u00edstico sin igual para sorprender.\",\"breadcrumb\":{\"@id\":\"https:\/\/graziamagazine.com\/mx\/articles\/cirque-du-soleil-y-su-vistoso-regreso\/#breadcrumb\"},\"inLanguage\":\"es-MX\",\"potentialAction\":[{\"@type\":\"ReadAction\",\"target\":[\"https:\/\/graziamagazine.com\/mx\/articles\/cirque-du-soleil-y-su-vistoso-regreso\/\"]}]},{\"@type\":\"BreadcrumbList\",\"@id\":\"https:\/\/graziamagazine.com\/mx\/articles\/cirque-du-soleil-y-su-vistoso-regreso\/#breadcrumb\",\"itemListElement\":[{\"@type\":\"ListItem\",\"position\":1,\"name\":\"Home\",\"item\":\"https:\/\/graziamagazine.com\/mx\/\"},{\"@type\":\"ListItem\",\"position\":2,\"name\":\"Cirque du Soleil y su Vistoso Regreso\"}]},{\"@type\":\"WebSite\",\"@id\":\"https:\/\/graziamagazine.com\/mx\/#website\",\"url\":\"https:\/\/graziamagazine.com\/mx\/\",\"name\":\"Grazia M\u00e9xico y Latinoam\u00e9rica\",\"description\":\"Grazia es moda, belleza y noticias  de actualidad \",\"potentialAction\":[{\"@type\":\"SearchAction\",\"target\":{\"@type\":\"EntryPoint\",\"urlTemplate\":\"https:\/\/graziamagazine.com\/mx\/?s={search_term_string}\"},\"query-input\":\"required name=search_term_string\"}],\"inLanguage\":\"es-MX\"}]}<\/script>\n<!-- \/ Yoast SEO Premium plugin. -->","yoast_head_json":{"title":"Cirque du Soleil y su Vistoso Regreso","description":"El espect\u00e1culo \u201cKurios\u201d llega a M\u00e9xico, con una historia fascinante y un despliegue art\u00edstico sin igual para sorprender.","robots":{"index":"index","follow":"follow","max-snippet":"max-snippet:-1","max-image-preview":"max-image-preview:large","max-video-preview":"max-video-preview:-1"},"canonical":"https:\/\/graziamagazine.com\/mx\/articles\/cirque-du-soleil-y-su-vistoso-regreso\/","og_locale":"es_MX","og_type":"article","og_title":"Cirque du Soleil y su Vistoso Regreso","og_description":"El espect\u00e1culo \u201cKurios\u201d llega a M\u00e9xico, con una historia fascinante y un despliegue art\u00edstico sin igual para sorprender.","og_url":"https:\/\/graziamagazine.com\/mx\/articles\/cirque-du-soleil-y-su-vistoso-regreso\/","og_site_name":"Grazia M\u00e9xico y Latinoam\u00e9rica","article_modified_time":"2024-11-08T20:13:50+00:00","og_image":[{"width":1024,"height":675,"url":"https:\/\/graziamagazine.com\/mx\/wp-content\/uploads\/sites\/13\/2024\/11\/Captura-de-Pantalla-2024-11-08-a-las-14.12.08-1024x675.png","type":"image\/png"}],"twitter_card":"summary_large_image","twitter_misc":{"Est. reading time":"3 minutos"},"schema":{"@context":"https:\/\/schema.org","@graph":[{"@type":"WebPage","@id":"https:\/\/graziamagazine.com\/mx\/articles\/cirque-du-soleil-y-su-vistoso-regreso\/","url":"https:\/\/graziamagazine.com\/mx\/articles\/cirque-du-soleil-y-su-vistoso-regreso\/","name":"Cirque du Soleil y su Vistoso Regreso","isPartOf":{"@id":"https:\/\/graziamagazine.com\/mx\/#website"},"datePublished":"2024-11-08T20:09:31+00:00","dateModified":"2024-11-08T20:13:50+00:00","description":"El espect\u00e1culo \u201cKurios\u201d llega a M\u00e9xico, con una historia fascinante y un despliegue art\u00edstico sin igual para sorprender.","breadcrumb":{"@id":"https:\/\/graziamagazine.com\/mx\/articles\/cirque-du-soleil-y-su-vistoso-regreso\/#breadcrumb"},"inLanguage":"es-MX","potentialAction":[{"@type":"ReadAction","target":["https:\/\/graziamagazine.com\/mx\/articles\/cirque-du-soleil-y-su-vistoso-regreso\/"]}]},{"@type":"BreadcrumbList","@id":"https:\/\/graziamagazine.com\/mx\/articles\/cirque-du-soleil-y-su-vistoso-regreso\/#breadcrumb","itemListElement":[{"@type":"ListItem","position":1,"name":"Home","item":"https:\/\/graziamagazine.com\/mx\/"},{"@type":"ListItem","position":2,"name":"Cirque du Soleil y su Vistoso Regreso"}]},{"@type":"WebSite","@id":"https:\/\/graziamagazine.com\/mx\/#website","url":"https:\/\/graziamagazine.com\/mx\/","name":"Grazia M\u00e9xico y Latinoam\u00e9rica","description":"Grazia es moda, belleza y noticias  de actualidad ","potentialAction":[{"@type":"SearchAction","target":{"@type":"EntryPoint","urlTemplate":"https:\/\/graziamagazine.com\/mx\/?s={search_term_string}"},"query-input":"required name=search_term_string"}],"inLanguage":"es-MX"}]}},"jetpack_sharing_enabled":true,"distributor_meta":false,"distributor_terms":false,"distributor_media":false,"distributor_original_site_name":"Grazia M\u00e9xico y Latinoam\u00e9rica","distributor_original_site_url":"https:\/\/graziamagazine.com\/mx","push-errors":false,"_links":{"self":[{"href":"https:\/\/graziamagazine.com\/mx\/wp-json\/wp\/v2\/articles\/143537"}],"collection":[{"href":"https:\/\/graziamagazine.com\/mx\/wp-json\/wp\/v2\/articles"}],"about":[{"href":"https:\/\/graziamagazine.com\/mx\/wp-json\/wp\/v2\/types\/articles"}],"author":[{"embeddable":true,"href":"https:\/\/graziamagazine.com\/mx\/wp-json\/wp\/v2\/users\/28953"}],"wp:featuredmedia":[{"embeddable":true,"href":"https:\/\/graziamagazine.com\/mx\/wp-json\/wp\/v2\/media\/143540"}],"wp:attachment":[{"href":"https:\/\/graziamagazine.com\/mx\/wp-json\/wp\/v2\/media?parent=143537"}],"wp:term":[{"taxonomy":"category","embeddable":true,"href":"https:\/\/graziamagazine.com\/mx\/wp-json\/wp\/v2\/categories?post=143537"}],"curies":[{"name":"wp","href":"https:\/\/api.w.org\/{rel}","templated":true}]}}