{"id":143395,"date":"2024-11-05T08:00:05","date_gmt":"2024-11-05T13:00:05","guid":{"rendered":"https:\/\/graziamagazine.com\/mx\/?post_type=articles&#038;p=143395"},"modified":"2024-11-05T05:32:22","modified_gmt":"2024-11-05T10:32:22","slug":"elie-saab-nombra-a-marina-raphael-directora-artistica-de-bolsos","status":"publish","type":"articles","link":"https:\/\/graziamagazine.com\/mx\/articles\/elie-saab-nombra-a-marina-raphael-directora-artistica-de-bolsos\/","title":{"rendered":"Elie Saab nombra a Marina Raphael directora art\u00edstica de bolsos"},"content":{"rendered":"<p>Marina Raphael ha sido nombrada directora de la divisi\u00f3n de bolsos de la mundialmente conocida casa de moda ELIE SAAB. La asociaci\u00f3n creativa introduce un nuevo enfoque en la categor\u00eda de bolsos impulsado por la experiencia y la direcci\u00f3n de dise\u00f1o de Marina.<\/p>\n<p>En este nuevo y emocionante cap\u00edtulo, Marina se centrar\u00e1 en poner en primer plano los valores fundamentales de la marca, al tiempo que refuerza la identidad de la l\u00ednea de bolsos. Con un \u00e9nfasis en los dise\u00f1os atemporales y la artesan\u00eda excepcional, inherentes al ADN de ELIE SAAB, Marina desempe\u00f1ar\u00e1 un papel fundamental en la expansi\u00f3n de esta categor\u00eda.<\/p>\n<p>A trav\u00e9s de su propia marca hom\u00f3nima de bolsos de lujo, la dise\u00f1adora greco-austriaca ha ganado reconocimiento mundial por sus siluetas ic\u00f3nicas y sus piezas de declaraci\u00f3n con cristales, forjando un camino \u00fanico en la industria de la moda a trav\u00e9s de un compromiso con la autoexpresi\u00f3n audaz y poderosa. Como miembro de la familia Swarovski, los ideales y valores familiares compartidos han permitido una alineaci\u00f3n sin esfuerzo con la casa. En sinton\u00eda con las necesidades de la mujer moderna, la perspectiva de Marina enfatizar\u00e1 a\u00fan m\u00e1s el empoderamiento y la individualidad femenina.<\/p>\n<p>\u201c<em>Estamos entusiasmados de seguir con la categor\u00eda de bolsos de mano de Marina, cuya impresionante trayectoria y capacidad demostrada para traducir la visi\u00f3n de la marca mejorar\u00e1 nuestro potencial de \u00e9xito. Sus logros pasados \u200b\u200by su dedicaci\u00f3n a la excelencia nos aseguran que es la socia perfecta para este proyecto. Marina ha demostrado constantemente su capacidad para innovar y generar resultados, aline\u00e1ndose perfectamente con los objetivos y valores de nuestra marca<\/em>\u201d, Elie Saab Jr, CEO de ELIE SAAB Group.<\/p>\n<p><img loading=\"lazy\" decoding=\"async\" class=\"aligncenter size-full wp-image-180071\" src=\"https:\/\/graziamagazine.com\/es\/wp-content\/uploads\/sites\/12\/2024\/11\/descarga-1-1.png\" alt=\"\" width=\"938\" height=\"1180\" \/><\/p>\n<blockquote><p>En su nuevo rol en ELIE SAAB, Marina dise\u00f1ar\u00e1 y presentar\u00e1 cuatro colecciones de pr\u00eat-\u00e0-porter y dos colecciones de alta costura anualmente. La primera colecci\u00f3n debutar\u00e1 en el ELIE SAAB Haute Couture Show en Par\u00eds, programado para enero de 2025.<\/p><\/blockquote>\n<p>\u201c<em>Me siento profundamente honrada de unirme a la marca ELIE SAAB como directora art\u00edstica y de dise\u00f1o de bolsos. Trabajar con el Sr. Elie Saab, quien ha desempe\u00f1ado un papel fundamental en el cultivo de mi pasi\u00f3n por la calidad y la artesan\u00eda excepcionales, es una experiencia verdaderamente aleccionadora. Ha sido un revolucionario en el mundo de la alta costura y la moda, y su creatividad y atenci\u00f3n al detalle incomparables siempre me han dejado asombrada. La oportunidad de contribuir a esta marca din\u00e1mica y duradera, bajo la direcci\u00f3n creativa del Sr. Elie Saab y el liderazgo del CEO Elie Saab Jr., representa un hito importante en mi carrera<\/em>\u00ab, Marina Raphael, directora art\u00edstica y de dise\u00f1o de bolsos en ELIE SAAB y directora creativa de MARINA RAPHAEL<\/p>\n<p><em>*Imagen: Cortes\u00eda<\/em><\/p>\n","protected":false},"author":11653,"featured_media":143399,"template":"","format":"standard","categories":[4],"acf":[],"yoast_head":"<!-- This site is optimized with the Yoast SEO Premium plugin v18.5 (Yoast SEO v20.4) - https:\/\/yoast.com\/wordpress\/plugins\/seo\/ -->\n<title>Elie Saab nombra a Marina Raphael directora art\u00edstica de bolsos | Grazia M\u00e9xico y Latinoam\u00e9rica<\/title>\n<meta name=\"description\" content=\"Marina Raphael ha sido nombrada directora de la divisi\u00f3n de bolsos de la mundialmente conocida casa de moda ELIE SAAB. La asociaci\u00f3n creativa introduce un\" \/>\n<meta name=\"robots\" content=\"index, follow, max-snippet:-1, max-image-preview:large, max-video-preview:-1\" \/>\n<link rel=\"canonical\" href=\"https:\/\/graziamagazine.com\/mx\/articles\/elie-saab-nombra-a-marina-raphael-directora-artistica-de-bolsos\/\" \/>\n<meta property=\"og:locale\" content=\"es_MX\" \/>\n<meta property=\"og:type\" content=\"article\" \/>\n<meta property=\"og:title\" content=\"Elie Saab nombra a Marina Raphael directora art\u00edstica de bolsos\" \/>\n<meta property=\"og:description\" content=\"Marina Raphael ha sido nombrada directora de la divisi\u00f3n de bolsos de la mundialmente conocida casa de moda ELIE SAAB. La asociaci\u00f3n creativa introduce un\" \/>\n<meta property=\"og:url\" content=\"https:\/\/graziamagazine.com\/mx\/articles\/elie-saab-nombra-a-marina-raphael-directora-artistica-de-bolsos\/\" \/>\n<meta property=\"og:site_name\" content=\"Grazia M\u00e9xico y Latinoam\u00e9rica\" \/>\n<meta property=\"article:modified_time\" content=\"2024-11-05T10:32:22+00:00\" \/>\n<meta property=\"og:image\" content=\"https:\/\/graziamagazine.com\/mx\/wp-content\/uploads\/sites\/13\/2024\/11\/descarga-1-e1730756339806.png\" \/>\n\t<meta property=\"og:image:width\" content=\"902\" \/>\n\t<meta property=\"og:image:height\" content=\"686\" \/>\n\t<meta property=\"og:image:type\" content=\"image\/png\" \/>\n<meta name=\"twitter:card\" content=\"summary_large_image\" \/>\n<meta name=\"twitter:label1\" content=\"Est. reading time\" \/>\n\t<meta name=\"twitter:data1\" content=\"3 minutos\" \/>\n<script type=\"application\/ld+json\" class=\"yoast-schema-graph\">{\"@context\":\"https:\/\/schema.org\",\"@graph\":[{\"@type\":\"WebPage\",\"@id\":\"https:\/\/graziamagazine.com\/mx\/articles\/elie-saab-nombra-a-marina-raphael-directora-artistica-de-bolsos\/\",\"url\":\"https:\/\/graziamagazine.com\/mx\/articles\/elie-saab-nombra-a-marina-raphael-directora-artistica-de-bolsos\/\",\"name\":\"Elie Saab nombra a Marina Raphael directora art\u00edstica de bolsos | Grazia M\u00e9xico y Latinoam\u00e9rica\",\"isPartOf\":{\"@id\":\"https:\/\/graziamagazine.com\/mx\/#website\"},\"datePublished\":\"2024-11-05T13:00:05+00:00\",\"dateModified\":\"2024-11-05T10:32:22+00:00\",\"description\":\"Marina Raphael ha sido nombrada directora de la divisi\u00f3n de bolsos de la mundialmente conocida casa de moda ELIE SAAB. La asociaci\u00f3n creativa introduce un\",\"breadcrumb\":{\"@id\":\"https:\/\/graziamagazine.com\/mx\/articles\/elie-saab-nombra-a-marina-raphael-directora-artistica-de-bolsos\/#breadcrumb\"},\"inLanguage\":\"es-MX\",\"potentialAction\":[{\"@type\":\"ReadAction\",\"target\":[\"https:\/\/graziamagazine.com\/mx\/articles\/elie-saab-nombra-a-marina-raphael-directora-artistica-de-bolsos\/\"]}]},{\"@type\":\"BreadcrumbList\",\"@id\":\"https:\/\/graziamagazine.com\/mx\/articles\/elie-saab-nombra-a-marina-raphael-directora-artistica-de-bolsos\/#breadcrumb\",\"itemListElement\":[{\"@type\":\"ListItem\",\"position\":1,\"name\":\"Home\",\"item\":\"https:\/\/graziamagazine.com\/mx\/\"},{\"@type\":\"ListItem\",\"position\":2,\"name\":\"Elie Saab nombra a Marina Raphael directora art\u00edstica de bolsos\"}]},{\"@type\":\"WebSite\",\"@id\":\"https:\/\/graziamagazine.com\/mx\/#website\",\"url\":\"https:\/\/graziamagazine.com\/mx\/\",\"name\":\"Grazia M\u00e9xico y Latinoam\u00e9rica\",\"description\":\"Grazia es moda, belleza y noticias  de actualidad \",\"potentialAction\":[{\"@type\":\"SearchAction\",\"target\":{\"@type\":\"EntryPoint\",\"urlTemplate\":\"https:\/\/graziamagazine.com\/mx\/?s={search_term_string}\"},\"query-input\":\"required name=search_term_string\"}],\"inLanguage\":\"es-MX\"}]}<\/script>\n<!-- \/ Yoast SEO Premium plugin. -->","yoast_head_json":{"title":"Elie Saab nombra a Marina Raphael directora art\u00edstica de bolsos | Grazia M\u00e9xico y Latinoam\u00e9rica","description":"Marina Raphael ha sido nombrada directora de la divisi\u00f3n de bolsos de la mundialmente conocida casa de moda ELIE SAAB. La asociaci\u00f3n creativa introduce un","robots":{"index":"index","follow":"follow","max-snippet":"max-snippet:-1","max-image-preview":"max-image-preview:large","max-video-preview":"max-video-preview:-1"},"canonical":"https:\/\/graziamagazine.com\/mx\/articles\/elie-saab-nombra-a-marina-raphael-directora-artistica-de-bolsos\/","og_locale":"es_MX","og_type":"article","og_title":"Elie Saab nombra a Marina Raphael directora art\u00edstica de bolsos","og_description":"Marina Raphael ha sido nombrada directora de la divisi\u00f3n de bolsos de la mundialmente conocida casa de moda ELIE SAAB. La asociaci\u00f3n creativa introduce un","og_url":"https:\/\/graziamagazine.com\/mx\/articles\/elie-saab-nombra-a-marina-raphael-directora-artistica-de-bolsos\/","og_site_name":"Grazia M\u00e9xico y Latinoam\u00e9rica","article_modified_time":"2024-11-05T10:32:22+00:00","og_image":[{"width":902,"height":686,"url":"https:\/\/graziamagazine.com\/mx\/wp-content\/uploads\/sites\/13\/2024\/11\/descarga-1-e1730756339806.png","type":"image\/png"}],"twitter_card":"summary_large_image","twitter_misc":{"Est. reading time":"3 minutos"},"schema":{"@context":"https:\/\/schema.org","@graph":[{"@type":"WebPage","@id":"https:\/\/graziamagazine.com\/mx\/articles\/elie-saab-nombra-a-marina-raphael-directora-artistica-de-bolsos\/","url":"https:\/\/graziamagazine.com\/mx\/articles\/elie-saab-nombra-a-marina-raphael-directora-artistica-de-bolsos\/","name":"Elie Saab nombra a Marina Raphael directora art\u00edstica de bolsos | Grazia M\u00e9xico y Latinoam\u00e9rica","isPartOf":{"@id":"https:\/\/graziamagazine.com\/mx\/#website"},"datePublished":"2024-11-05T13:00:05+00:00","dateModified":"2024-11-05T10:32:22+00:00","description":"Marina Raphael ha sido nombrada directora de la divisi\u00f3n de bolsos de la mundialmente conocida casa de moda ELIE SAAB. La asociaci\u00f3n creativa introduce un","breadcrumb":{"@id":"https:\/\/graziamagazine.com\/mx\/articles\/elie-saab-nombra-a-marina-raphael-directora-artistica-de-bolsos\/#breadcrumb"},"inLanguage":"es-MX","potentialAction":[{"@type":"ReadAction","target":["https:\/\/graziamagazine.com\/mx\/articles\/elie-saab-nombra-a-marina-raphael-directora-artistica-de-bolsos\/"]}]},{"@type":"BreadcrumbList","@id":"https:\/\/graziamagazine.com\/mx\/articles\/elie-saab-nombra-a-marina-raphael-directora-artistica-de-bolsos\/#breadcrumb","itemListElement":[{"@type":"ListItem","position":1,"name":"Home","item":"https:\/\/graziamagazine.com\/mx\/"},{"@type":"ListItem","position":2,"name":"Elie Saab nombra a Marina Raphael directora art\u00edstica de bolsos"}]},{"@type":"WebSite","@id":"https:\/\/graziamagazine.com\/mx\/#website","url":"https:\/\/graziamagazine.com\/mx\/","name":"Grazia M\u00e9xico y Latinoam\u00e9rica","description":"Grazia es moda, belleza y noticias  de actualidad ","potentialAction":[{"@type":"SearchAction","target":{"@type":"EntryPoint","urlTemplate":"https:\/\/graziamagazine.com\/mx\/?s={search_term_string}"},"query-input":"required name=search_term_string"}],"inLanguage":"es-MX"}]}},"jetpack_sharing_enabled":true,"distributor_meta":false,"distributor_terms":false,"distributor_media":false,"distributor_original_site_name":"Grazia M\u00e9xico y Latinoam\u00e9rica","distributor_original_site_url":"https:\/\/graziamagazine.com\/mx","push-errors":false,"_links":{"self":[{"href":"https:\/\/graziamagazine.com\/mx\/wp-json\/wp\/v2\/articles\/143395"}],"collection":[{"href":"https:\/\/graziamagazine.com\/mx\/wp-json\/wp\/v2\/articles"}],"about":[{"href":"https:\/\/graziamagazine.com\/mx\/wp-json\/wp\/v2\/types\/articles"}],"author":[{"embeddable":true,"href":"https:\/\/graziamagazine.com\/mx\/wp-json\/wp\/v2\/users\/11653"}],"wp:featuredmedia":[{"embeddable":true,"href":"https:\/\/graziamagazine.com\/mx\/wp-json\/wp\/v2\/media\/143399"}],"wp:attachment":[{"href":"https:\/\/graziamagazine.com\/mx\/wp-json\/wp\/v2\/media?parent=143395"}],"wp:term":[{"taxonomy":"category","embeddable":true,"href":"https:\/\/graziamagazine.com\/mx\/wp-json\/wp\/v2\/categories?post=143395"}],"curies":[{"name":"wp","href":"https:\/\/api.w.org\/{rel}","templated":true}]}}