{"id":143237,"date":"2024-10-30T18:54:45","date_gmt":"2024-10-30T23:54:45","guid":{"rendered":"https:\/\/graziamagazine.com\/mx\/?post_type=articles&#038;p=143237"},"modified":"2024-10-31T04:26:15","modified_gmt":"2024-10-31T09:26:15","slug":"giselle-bundchen-embarazada-asi-reacciono-tom-brady-enterarse","status":"publish","type":"articles","link":"https:\/\/graziamagazine.com\/mx\/articles\/giselle-bundchen-embarazada-asi-reacciono-tom-brady-enterarse\/","title":{"rendered":"Giselle B\u00fcndchen est\u00e1 embarazada y as\u00ed reaccion\u00f3 Tom Brady al enterarse"},"content":{"rendered":"<p><strong>Giselle B\u00fcndchen<\/strong> est\u00e1 embarazada y Tom Brady, su exesposo y padre de sus dos hijos, tuvo lo que algunos consideraron una reacci\u00f3n al embarazo de la modelo brasile\u00f1a.<\/p>\n<p>Giselle actualmente est\u00e1 en una relaci\u00f3n con el entrenador de artes marciales <strong>Joaquim Valente<\/strong>. Iniciaron en junio del a\u00f1o pasado, unos meses despu\u00e9s de su divorcio con la estrella de la NFL.<\/p>\n<p>Fue el medio <em>TMZ<\/em> quien asegur\u00f3 que la modelo de 44 a\u00f1os <strong>tiene cinco o seis meses de embarazo<\/strong>, sin embargo, <em>Page Six<\/em> asegur\u00f3 que Tom se enter\u00f3 del embarazo de su exesposa hace unos d\u00edas.<\/p>\n<figure id=\"attachment_143239\" aria-describedby=\"caption-attachment-143239\" style=\"width: 450px\" class=\"wp-caption alignnone\"><img loading=\"lazy\" decoding=\"async\" class=\"size-medium wp-image-143239\" src=\"https:\/\/graziamagazine.com\/mx\/wp-content\/uploads\/sites\/13\/2024\/10\/WhatsApp-Image-2024-10-30-at-5.52.07-PM-450x450.jpeg\" alt=\"\" width=\"450\" height=\"450\" srcset=\"https:\/\/graziamagazine.com\/mx\/wp-content\/uploads\/sites\/13\/2024\/10\/WhatsApp-Image-2024-10-30-at-5.52.07-PM-450x450.jpeg 450w, https:\/\/graziamagazine.com\/mx\/wp-content\/uploads\/sites\/13\/2024\/10\/WhatsApp-Image-2024-10-30-at-5.52.07-PM-1024x1024.jpeg 1024w, https:\/\/graziamagazine.com\/mx\/wp-content\/uploads\/sites\/13\/2024\/10\/WhatsApp-Image-2024-10-30-at-5.52.07-PM-150x150.jpeg 150w, https:\/\/graziamagazine.com\/mx\/wp-content\/uploads\/sites\/13\/2024\/10\/WhatsApp-Image-2024-10-30-at-5.52.07-PM-768x768.jpeg 768w, https:\/\/graziamagazine.com\/mx\/wp-content\/uploads\/sites\/13\/2024\/10\/WhatsApp-Image-2024-10-30-at-5.52.07-PM-400x400.jpeg 400w, https:\/\/graziamagazine.com\/mx\/wp-content\/uploads\/sites\/13\/2024\/10\/WhatsApp-Image-2024-10-30-at-5.52.07-PM-155x155.jpeg 155w, https:\/\/graziamagazine.com\/mx\/wp-content\/uploads\/sites\/13\/2024\/10\/WhatsApp-Image-2024-10-30-at-5.52.07-PM.jpeg 1200w\" sizes=\"(max-width: 450px) 100vw, 450px\" \/><figcaption id=\"caption-attachment-143239\" class=\"wp-caption-text\">Instagram<\/figcaption><\/figure>\n<p>Con la imagen de un atardecer, Tom public\u00f3 en sus redes sociales un fragmento de la canci\u00f3n <strong><em>Landslide\u00a0<\/em>de Fleetwood Mac<\/strong>, en la versi\u00f3n de Dixie Chicks.<\/p>\n<p>\u201cOh, espejo en el cielo, \u00bfqu\u00e9 es el amor?\/ \u00bfPuede <strong>el ni\u00f1o que llevo dentro<\/strong> el coraz\u00f3n elevarse?\/\u00bfPuedo navegar a trav\u00e9s de las cambiantes mareas del oc\u00e9ano?\/ \u00bfPuedo manejar las estaciones de mi vida?\u201d, escribi\u00f3 el exjugador de americano.<\/p>\n<p>Algunos fan\u00e1ticos de Tom y Giselle creen que podr\u00eda tratarse de una <strong>referencia<\/strong> el reciente embarazo de la modelo.<\/p>\n<figure id=\"attachment_143240\" aria-describedby=\"caption-attachment-143240\" style=\"width: 450px\" class=\"wp-caption alignnone\"><img loading=\"lazy\" decoding=\"async\" class=\"size-medium wp-image-143240\" src=\"https:\/\/graziamagazine.com\/mx\/wp-content\/uploads\/sites\/13\/2024\/10\/WhatsApp-Image-2024-10-30-at-5.52.02-PM-450x270.jpeg\" alt=\"\" width=\"450\" height=\"270\" srcset=\"https:\/\/graziamagazine.com\/mx\/wp-content\/uploads\/sites\/13\/2024\/10\/WhatsApp-Image-2024-10-30-at-5.52.02-PM-450x270.jpeg 450w, https:\/\/graziamagazine.com\/mx\/wp-content\/uploads\/sites\/13\/2024\/10\/WhatsApp-Image-2024-10-30-at-5.52.02-PM-400x240.jpeg 400w, https:\/\/graziamagazine.com\/mx\/wp-content\/uploads\/sites\/13\/2024\/10\/WhatsApp-Image-2024-10-30-at-5.52.02-PM-155x93.jpeg 155w, https:\/\/graziamagazine.com\/mx\/wp-content\/uploads\/sites\/13\/2024\/10\/WhatsApp-Image-2024-10-30-at-5.52.02-PM.jpeg 640w\" sizes=\"(max-width: 450px) 100vw, 450px\" \/><figcaption id=\"caption-attachment-143240\" class=\"wp-caption-text\">Instagram<\/figcaption><\/figure>\n<p>&#8220;Tom se enter\u00f3 de que Gisele estaba embarazada <strong>hace muy poco tiempo<\/strong>&#8220;, dijo la fuente an\u00f3mima de Page Six.<\/p>\n<p>Tom y Giselle tuvieron dos hijos, <strong>Ben, de 14 a\u00f1os, y Vivian, de 11<\/strong> y estuvieron casados por 16 a\u00f1os.<\/p>\n<p>En 2022 la entonces pareja <strong>anunci\u00f3 su separaci\u00f3n en buenos t\u00e9rminos<\/strong> asegurando que su matrimonio estaba irremediablemente roto.<\/p>\n<p>&nbsp;<\/p>\n","protected":false},"author":36289,"featured_media":143238,"template":"","format":"standard","categories":[12483,12517,114],"acf":[],"yoast_head":"<!-- This site is optimized with the Yoast SEO Premium plugin v18.5 (Yoast SEO v20.4) - https:\/\/yoast.com\/wordpress\/plugins\/seo\/ -->\n<title>Giselle B\u00fcndchen est\u00e1 embarazada y as\u00ed reaccion\u00f3 Tom Brady al enterarse | Grazia M\u00e9xico y Latinoam\u00e9rica<\/title>\n<meta name=\"description\" content=\"Giselle B\u00fcndchen est\u00e1 embarazada y Tom Brady, su exesposo y padre de sus dos hijos, tuvo lo que algunos consideraron una reacci\u00f3n al embarazo de la modelo\" \/>\n<meta name=\"robots\" content=\"index, follow, max-snippet:-1, max-image-preview:large, max-video-preview:-1\" \/>\n<link rel=\"canonical\" href=\"https:\/\/graziamagazine.com\/mx\/articles\/giselle-bundchen-embarazada-asi-reacciono-tom-brady-enterarse\/\" \/>\n<meta property=\"og:locale\" content=\"es_MX\" \/>\n<meta property=\"og:type\" content=\"article\" \/>\n<meta property=\"og:title\" content=\"Giselle B\u00fcndchen est\u00e1 embarazada y as\u00ed reaccion\u00f3 Tom Brady al enterarse\" \/>\n<meta property=\"og:description\" content=\"Giselle B\u00fcndchen est\u00e1 embarazada y Tom Brady, su exesposo y padre de sus dos hijos, tuvo lo que algunos consideraron una reacci\u00f3n al embarazo de la modelo\" \/>\n<meta property=\"og:url\" content=\"https:\/\/graziamagazine.com\/mx\/articles\/giselle-bundchen-embarazada-asi-reacciono-tom-brady-enterarse\/\" \/>\n<meta property=\"og:site_name\" content=\"Grazia M\u00e9xico y Latinoam\u00e9rica\" \/>\n<meta property=\"article:modified_time\" content=\"2024-10-31T09:26:15+00:00\" \/>\n<meta property=\"og:image\" content=\"https:\/\/graziamagazine.com\/mx\/wp-content\/uploads\/sites\/13\/2024\/10\/WhatsApp-Image-2024-10-30-at-5.53.58-PM-e1730332595697.jpeg\" \/>\n\t<meta property=\"og:image:width\" content=\"1280\" \/>\n\t<meta property=\"og:image:height\" content=\"720\" \/>\n\t<meta property=\"og:image:type\" content=\"image\/jpeg\" \/>\n<meta name=\"twitter:card\" content=\"summary_large_image\" \/>\n<meta name=\"twitter:label1\" content=\"Est. reading time\" \/>\n\t<meta name=\"twitter:data1\" content=\"2 minutos\" \/>\n<script type=\"application\/ld+json\" class=\"yoast-schema-graph\">{\"@context\":\"https:\/\/schema.org\",\"@graph\":[{\"@type\":\"WebPage\",\"@id\":\"https:\/\/graziamagazine.com\/mx\/articles\/giselle-bundchen-embarazada-asi-reacciono-tom-brady-enterarse\/\",\"url\":\"https:\/\/graziamagazine.com\/mx\/articles\/giselle-bundchen-embarazada-asi-reacciono-tom-brady-enterarse\/\",\"name\":\"Giselle B\u00fcndchen est\u00e1 embarazada y as\u00ed reaccion\u00f3 Tom Brady al enterarse | Grazia M\u00e9xico y Latinoam\u00e9rica\",\"isPartOf\":{\"@id\":\"https:\/\/graziamagazine.com\/mx\/#website\"},\"datePublished\":\"2024-10-30T23:54:45+00:00\",\"dateModified\":\"2024-10-31T09:26:15+00:00\",\"description\":\"Giselle B\u00fcndchen est\u00e1 embarazada y Tom Brady, su exesposo y padre de sus dos hijos, tuvo lo que algunos consideraron una reacci\u00f3n al embarazo de la modelo\",\"breadcrumb\":{\"@id\":\"https:\/\/graziamagazine.com\/mx\/articles\/giselle-bundchen-embarazada-asi-reacciono-tom-brady-enterarse\/#breadcrumb\"},\"inLanguage\":\"es-MX\",\"potentialAction\":[{\"@type\":\"ReadAction\",\"target\":[\"https:\/\/graziamagazine.com\/mx\/articles\/giselle-bundchen-embarazada-asi-reacciono-tom-brady-enterarse\/\"]}]},{\"@type\":\"BreadcrumbList\",\"@id\":\"https:\/\/graziamagazine.com\/mx\/articles\/giselle-bundchen-embarazada-asi-reacciono-tom-brady-enterarse\/#breadcrumb\",\"itemListElement\":[{\"@type\":\"ListItem\",\"position\":1,\"name\":\"Home\",\"item\":\"https:\/\/graziamagazine.com\/mx\/\"},{\"@type\":\"ListItem\",\"position\":2,\"name\":\"Giselle B\u00fcndchen est\u00e1 embarazada y as\u00ed reaccion\u00f3 Tom Brady al enterarse\"}]},{\"@type\":\"WebSite\",\"@id\":\"https:\/\/graziamagazine.com\/mx\/#website\",\"url\":\"https:\/\/graziamagazine.com\/mx\/\",\"name\":\"Grazia M\u00e9xico y Latinoam\u00e9rica\",\"description\":\"Grazia es moda, belleza y noticias  de actualidad \",\"potentialAction\":[{\"@type\":\"SearchAction\",\"target\":{\"@type\":\"EntryPoint\",\"urlTemplate\":\"https:\/\/graziamagazine.com\/mx\/?s={search_term_string}\"},\"query-input\":\"required name=search_term_string\"}],\"inLanguage\":\"es-MX\"}]}<\/script>\n<!-- \/ Yoast SEO Premium plugin. -->","yoast_head_json":{"title":"Giselle B\u00fcndchen est\u00e1 embarazada y as\u00ed reaccion\u00f3 Tom Brady al enterarse | Grazia M\u00e9xico y Latinoam\u00e9rica","description":"Giselle B\u00fcndchen est\u00e1 embarazada y Tom Brady, su exesposo y padre de sus dos hijos, tuvo lo que algunos consideraron una reacci\u00f3n al embarazo de la modelo","robots":{"index":"index","follow":"follow","max-snippet":"max-snippet:-1","max-image-preview":"max-image-preview:large","max-video-preview":"max-video-preview:-1"},"canonical":"https:\/\/graziamagazine.com\/mx\/articles\/giselle-bundchen-embarazada-asi-reacciono-tom-brady-enterarse\/","og_locale":"es_MX","og_type":"article","og_title":"Giselle B\u00fcndchen est\u00e1 embarazada y as\u00ed reaccion\u00f3 Tom Brady al enterarse","og_description":"Giselle B\u00fcndchen est\u00e1 embarazada y Tom Brady, su exesposo y padre de sus dos hijos, tuvo lo que algunos consideraron una reacci\u00f3n al embarazo de la modelo","og_url":"https:\/\/graziamagazine.com\/mx\/articles\/giselle-bundchen-embarazada-asi-reacciono-tom-brady-enterarse\/","og_site_name":"Grazia M\u00e9xico y Latinoam\u00e9rica","article_modified_time":"2024-10-31T09:26:15+00:00","og_image":[{"width":1280,"height":720,"url":"https:\/\/graziamagazine.com\/mx\/wp-content\/uploads\/sites\/13\/2024\/10\/WhatsApp-Image-2024-10-30-at-5.53.58-PM-e1730332595697.jpeg","type":"image\/jpeg"}],"twitter_card":"summary_large_image","twitter_misc":{"Est. reading time":"2 minutos"},"schema":{"@context":"https:\/\/schema.org","@graph":[{"@type":"WebPage","@id":"https:\/\/graziamagazine.com\/mx\/articles\/giselle-bundchen-embarazada-asi-reacciono-tom-brady-enterarse\/","url":"https:\/\/graziamagazine.com\/mx\/articles\/giselle-bundchen-embarazada-asi-reacciono-tom-brady-enterarse\/","name":"Giselle B\u00fcndchen est\u00e1 embarazada y as\u00ed reaccion\u00f3 Tom Brady al enterarse | Grazia M\u00e9xico y Latinoam\u00e9rica","isPartOf":{"@id":"https:\/\/graziamagazine.com\/mx\/#website"},"datePublished":"2024-10-30T23:54:45+00:00","dateModified":"2024-10-31T09:26:15+00:00","description":"Giselle B\u00fcndchen est\u00e1 embarazada y Tom Brady, su exesposo y padre de sus dos hijos, tuvo lo que algunos consideraron una reacci\u00f3n al embarazo de la modelo","breadcrumb":{"@id":"https:\/\/graziamagazine.com\/mx\/articles\/giselle-bundchen-embarazada-asi-reacciono-tom-brady-enterarse\/#breadcrumb"},"inLanguage":"es-MX","potentialAction":[{"@type":"ReadAction","target":["https:\/\/graziamagazine.com\/mx\/articles\/giselle-bundchen-embarazada-asi-reacciono-tom-brady-enterarse\/"]}]},{"@type":"BreadcrumbList","@id":"https:\/\/graziamagazine.com\/mx\/articles\/giselle-bundchen-embarazada-asi-reacciono-tom-brady-enterarse\/#breadcrumb","itemListElement":[{"@type":"ListItem","position":1,"name":"Home","item":"https:\/\/graziamagazine.com\/mx\/"},{"@type":"ListItem","position":2,"name":"Giselle B\u00fcndchen est\u00e1 embarazada y as\u00ed reaccion\u00f3 Tom Brady al enterarse"}]},{"@type":"WebSite","@id":"https:\/\/graziamagazine.com\/mx\/#website","url":"https:\/\/graziamagazine.com\/mx\/","name":"Grazia M\u00e9xico y Latinoam\u00e9rica","description":"Grazia es moda, belleza y noticias  de actualidad ","potentialAction":[{"@type":"SearchAction","target":{"@type":"EntryPoint","urlTemplate":"https:\/\/graziamagazine.com\/mx\/?s={search_term_string}"},"query-input":"required name=search_term_string"}],"inLanguage":"es-MX"}]}},"jetpack_sharing_enabled":true,"distributor_meta":false,"distributor_terms":false,"distributor_media":false,"distributor_original_site_name":"Grazia M\u00e9xico y Latinoam\u00e9rica","distributor_original_site_url":"https:\/\/graziamagazine.com\/mx","push-errors":false,"_links":{"self":[{"href":"https:\/\/graziamagazine.com\/mx\/wp-json\/wp\/v2\/articles\/143237"}],"collection":[{"href":"https:\/\/graziamagazine.com\/mx\/wp-json\/wp\/v2\/articles"}],"about":[{"href":"https:\/\/graziamagazine.com\/mx\/wp-json\/wp\/v2\/types\/articles"}],"author":[{"embeddable":true,"href":"https:\/\/graziamagazine.com\/mx\/wp-json\/wp\/v2\/users\/36289"}],"wp:featuredmedia":[{"embeddable":true,"href":"https:\/\/graziamagazine.com\/mx\/wp-json\/wp\/v2\/media\/143238"}],"wp:attachment":[{"href":"https:\/\/graziamagazine.com\/mx\/wp-json\/wp\/v2\/media?parent=143237"}],"wp:term":[{"taxonomy":"category","embeddable":true,"href":"https:\/\/graziamagazine.com\/mx\/wp-json\/wp\/v2\/categories?post=143237"}],"curies":[{"name":"wp","href":"https:\/\/api.w.org\/{rel}","templated":true}]}}