{"id":143191,"date":"2024-10-30T11:58:51","date_gmt":"2024-10-30T16:58:51","guid":{"rendered":"https:\/\/graziamagazine.com\/mx\/?post_type=articles&#038;p=143191"},"modified":"2024-10-30T12:02:37","modified_gmt":"2024-10-30T17:02:37","slug":"el-principe-william-rompe-el-silencio-y-habla-del-principe-harry-en-un-documental","status":"publish","type":"articles","link":"https:\/\/graziamagazine.com\/mx\/articles\/el-principe-william-rompe-el-silencio-y-habla-del-principe-harry-en-un-documental\/","title":{"rendered":"El pr\u00edncipe William rompe el silencio y habla del pr\u00edncipe Harry en un documental"},"content":{"rendered":"<p><span style=\"font-weight: 400\">En un inesperado giro de los hechos, el <strong>pr\u00edncipe William<\/strong> habla sobre su <strong>hermano Harry<\/strong> por primera vez desde que comenz\u00f3 su distanciamiento. Despu\u00e9s de cuatro a\u00f1os de tensiones y separaci\u00f3n p\u00fablica, el heredero al trono ingl\u00e9s habl\u00f3 de \u00e9l en el documental <\/span><strong><i>Prince William: We Can End Homelessness.<\/i><\/strong><\/p>\n<p><span style=\"font-weight: 400\">En esa producci\u00f3n el futuro rey aborda un tema crucial: la crisis de personas sin hogar en el Reino Unido. Y en un gesto inesperado, abre una ventana hacia un recuerdo de su infancia, un momento especial que comparti\u00f3 con Harry cuando eran ni\u00f1os.<\/span><\/p>\n<p><span style=\"font-weight: 400\">Durante el documental, que se estrena en dos partes el <strong>mi\u00e9rcoles 30 de octubre y el jueves 31 en la cadena ITV,<\/strong> William recuerda una visita que su madre, la <strong>princesa Diana<\/strong>, organiz\u00f3 al refugio Pasaje cuando ten\u00eda apenas una d\u00e9cada de vida.<\/span><\/p>\n<p><span style=\"font-weight: 400\">\u201cMi madre me llev\u00f3 al Pasaje, nos llev\u00f3 a Harry y a m\u00ed all\u00ed. Deb\u00eda tener unos 11 a\u00f1os, creo que probablemente en ese momento, tal vez 10. Nunca hab\u00eda estado en algo as\u00ed antes, y estaba un poco ansioso por saber qu\u00e9 esperar\u201d, cont\u00f3.<\/span><\/p>\n<p><span style=\"font-weight: 400\">\u201cRecuerdo que tuve algunas buenas conversaciones mientras jugaba ajedrez y charlaba. Fue entonces cuando me di cuenta de que hay otras personas que no tienen la misma vida que t\u00fa. En ese momento pens\u00e9: \u2018Bueno, si todos no tienen un hogar, todos estar\u00e1n muy tristes\u2019. Pero era incre\u00edble lo feliz que era el ambiente\u201d, agreg\u00f3.<\/span><\/p>\n<p><span style=\"font-weight: 400\">La \u00faltima vez que los hermanos estuvieron en el mismo lugar fue durante el funeral de la <strong>reina Elizabeth II<\/strong> en septiembre de 2022, donde tuvieron un encuentro distante y sin reconciliaci\u00f3n. Sin embargo, los fans de la realeza brit\u00e1nica ven estos comentarios como una b\u00fasqueda de reconciliaci\u00f3n por parte del pr\u00edncipe de Gales. \u00bfSer\u00e1?<\/span><\/p>\n","protected":false},"author":11628,"featured_media":86684,"template":"","format":"standard","categories":[12655],"acf":[],"yoast_head":"<!-- This site is optimized with the Yoast SEO Premium plugin v18.5 (Yoast SEO v20.4) - https:\/\/yoast.com\/wordpress\/plugins\/seo\/ -->\n<title>El pr\u00edncipe William rompe el silencio y habla del pr\u00edncipe Harry en un documental | Grazia M\u00e9xico y Latinoam\u00e9rica<\/title>\n<meta name=\"description\" content=\"En un inesperado giro de los hechos, el pr\u00edncipe William habla sobre su hermano Harry por primera vez desde que comenz\u00f3 su distanciamiento. Despu\u00e9s de\" \/>\n<meta name=\"robots\" content=\"index, follow, max-snippet:-1, max-image-preview:large, max-video-preview:-1\" \/>\n<link rel=\"canonical\" href=\"https:\/\/graziamagazine.com\/mx\/articles\/el-principe-william-rompe-el-silencio-y-habla-del-principe-harry-en-un-documental\/\" \/>\n<meta property=\"og:locale\" content=\"es_MX\" \/>\n<meta property=\"og:type\" content=\"article\" \/>\n<meta property=\"og:title\" content=\"El pr\u00edncipe William rompe el silencio y habla del pr\u00edncipe Harry en un documental\" \/>\n<meta property=\"og:description\" content=\"En un inesperado giro de los hechos, el pr\u00edncipe William habla sobre su hermano Harry por primera vez desde que comenz\u00f3 su distanciamiento. Despu\u00e9s de\" \/>\n<meta property=\"og:url\" content=\"https:\/\/graziamagazine.com\/mx\/articles\/el-principe-william-rompe-el-silencio-y-habla-del-principe-harry-en-un-documental\/\" \/>\n<meta property=\"og:site_name\" content=\"Grazia M\u00e9xico y Latinoam\u00e9rica\" \/>\n<meta property=\"article:modified_time\" content=\"2024-10-30T17:02:37+00:00\" \/>\n<meta property=\"og:image\" content=\"https:\/\/graziamagazine.com\/mx\/wp-content\/uploads\/sites\/13\/2020\/06\/un-nuevo-libro-abordara-lo-afectada-que-esta-la-relacion-de-prince-william-y-prince-harry-destacada.jpg\" \/>\n\t<meta property=\"og:image:width\" content=\"3200\" \/>\n\t<meta property=\"og:image:height\" content=\"2128\" \/>\n\t<meta property=\"og:image:type\" content=\"image\/jpeg\" \/>\n<meta name=\"twitter:card\" content=\"summary_large_image\" \/>\n<meta name=\"twitter:label1\" content=\"Est. reading time\" \/>\n\t<meta name=\"twitter:data1\" content=\"2 minutos\" \/>\n<script type=\"application\/ld+json\" class=\"yoast-schema-graph\">{\"@context\":\"https:\/\/schema.org\",\"@graph\":[{\"@type\":\"WebPage\",\"@id\":\"https:\/\/graziamagazine.com\/mx\/articles\/el-principe-william-rompe-el-silencio-y-habla-del-principe-harry-en-un-documental\/\",\"url\":\"https:\/\/graziamagazine.com\/mx\/articles\/el-principe-william-rompe-el-silencio-y-habla-del-principe-harry-en-un-documental\/\",\"name\":\"El pr\u00edncipe William rompe el silencio y habla del pr\u00edncipe Harry en un documental | Grazia M\u00e9xico y Latinoam\u00e9rica\",\"isPartOf\":{\"@id\":\"https:\/\/graziamagazine.com\/mx\/#website\"},\"datePublished\":\"2024-10-30T16:58:51+00:00\",\"dateModified\":\"2024-10-30T17:02:37+00:00\",\"description\":\"En un inesperado giro de los hechos, el pr\u00edncipe William habla sobre su hermano Harry por primera vez desde que comenz\u00f3 su distanciamiento. Despu\u00e9s de\",\"breadcrumb\":{\"@id\":\"https:\/\/graziamagazine.com\/mx\/articles\/el-principe-william-rompe-el-silencio-y-habla-del-principe-harry-en-un-documental\/#breadcrumb\"},\"inLanguage\":\"es-MX\",\"potentialAction\":[{\"@type\":\"ReadAction\",\"target\":[\"https:\/\/graziamagazine.com\/mx\/articles\/el-principe-william-rompe-el-silencio-y-habla-del-principe-harry-en-un-documental\/\"]}]},{\"@type\":\"BreadcrumbList\",\"@id\":\"https:\/\/graziamagazine.com\/mx\/articles\/el-principe-william-rompe-el-silencio-y-habla-del-principe-harry-en-un-documental\/#breadcrumb\",\"itemListElement\":[{\"@type\":\"ListItem\",\"position\":1,\"name\":\"Home\",\"item\":\"https:\/\/graziamagazine.com\/mx\/\"},{\"@type\":\"ListItem\",\"position\":2,\"name\":\"El pr\u00edncipe William rompe el silencio y habla del pr\u00edncipe Harry en un documental\"}]},{\"@type\":\"WebSite\",\"@id\":\"https:\/\/graziamagazine.com\/mx\/#website\",\"url\":\"https:\/\/graziamagazine.com\/mx\/\",\"name\":\"Grazia M\u00e9xico y Latinoam\u00e9rica\",\"description\":\"Grazia es moda, belleza y noticias  de actualidad \",\"potentialAction\":[{\"@type\":\"SearchAction\",\"target\":{\"@type\":\"EntryPoint\",\"urlTemplate\":\"https:\/\/graziamagazine.com\/mx\/?s={search_term_string}\"},\"query-input\":\"required name=search_term_string\"}],\"inLanguage\":\"es-MX\"}]}<\/script>\n<!-- \/ Yoast SEO Premium plugin. -->","yoast_head_json":{"title":"El pr\u00edncipe William rompe el silencio y habla del pr\u00edncipe Harry en un documental | Grazia M\u00e9xico y Latinoam\u00e9rica","description":"En un inesperado giro de los hechos, el pr\u00edncipe William habla sobre su hermano Harry por primera vez desde que comenz\u00f3 su distanciamiento. Despu\u00e9s de","robots":{"index":"index","follow":"follow","max-snippet":"max-snippet:-1","max-image-preview":"max-image-preview:large","max-video-preview":"max-video-preview:-1"},"canonical":"https:\/\/graziamagazine.com\/mx\/articles\/el-principe-william-rompe-el-silencio-y-habla-del-principe-harry-en-un-documental\/","og_locale":"es_MX","og_type":"article","og_title":"El pr\u00edncipe William rompe el silencio y habla del pr\u00edncipe Harry en un documental","og_description":"En un inesperado giro de los hechos, el pr\u00edncipe William habla sobre su hermano Harry por primera vez desde que comenz\u00f3 su distanciamiento. Despu\u00e9s de","og_url":"https:\/\/graziamagazine.com\/mx\/articles\/el-principe-william-rompe-el-silencio-y-habla-del-principe-harry-en-un-documental\/","og_site_name":"Grazia M\u00e9xico y Latinoam\u00e9rica","article_modified_time":"2024-10-30T17:02:37+00:00","og_image":[{"width":3200,"height":2128,"url":"https:\/\/graziamagazine.com\/mx\/wp-content\/uploads\/sites\/13\/2020\/06\/un-nuevo-libro-abordara-lo-afectada-que-esta-la-relacion-de-prince-william-y-prince-harry-destacada.jpg","type":"image\/jpeg"}],"twitter_card":"summary_large_image","twitter_misc":{"Est. reading time":"2 minutos"},"schema":{"@context":"https:\/\/schema.org","@graph":[{"@type":"WebPage","@id":"https:\/\/graziamagazine.com\/mx\/articles\/el-principe-william-rompe-el-silencio-y-habla-del-principe-harry-en-un-documental\/","url":"https:\/\/graziamagazine.com\/mx\/articles\/el-principe-william-rompe-el-silencio-y-habla-del-principe-harry-en-un-documental\/","name":"El pr\u00edncipe William rompe el silencio y habla del pr\u00edncipe Harry en un documental | Grazia M\u00e9xico y Latinoam\u00e9rica","isPartOf":{"@id":"https:\/\/graziamagazine.com\/mx\/#website"},"datePublished":"2024-10-30T16:58:51+00:00","dateModified":"2024-10-30T17:02:37+00:00","description":"En un inesperado giro de los hechos, el pr\u00edncipe William habla sobre su hermano Harry por primera vez desde que comenz\u00f3 su distanciamiento. Despu\u00e9s de","breadcrumb":{"@id":"https:\/\/graziamagazine.com\/mx\/articles\/el-principe-william-rompe-el-silencio-y-habla-del-principe-harry-en-un-documental\/#breadcrumb"},"inLanguage":"es-MX","potentialAction":[{"@type":"ReadAction","target":["https:\/\/graziamagazine.com\/mx\/articles\/el-principe-william-rompe-el-silencio-y-habla-del-principe-harry-en-un-documental\/"]}]},{"@type":"BreadcrumbList","@id":"https:\/\/graziamagazine.com\/mx\/articles\/el-principe-william-rompe-el-silencio-y-habla-del-principe-harry-en-un-documental\/#breadcrumb","itemListElement":[{"@type":"ListItem","position":1,"name":"Home","item":"https:\/\/graziamagazine.com\/mx\/"},{"@type":"ListItem","position":2,"name":"El pr\u00edncipe William rompe el silencio y habla del pr\u00edncipe Harry en un documental"}]},{"@type":"WebSite","@id":"https:\/\/graziamagazine.com\/mx\/#website","url":"https:\/\/graziamagazine.com\/mx\/","name":"Grazia M\u00e9xico y Latinoam\u00e9rica","description":"Grazia es moda, belleza y noticias  de actualidad ","potentialAction":[{"@type":"SearchAction","target":{"@type":"EntryPoint","urlTemplate":"https:\/\/graziamagazine.com\/mx\/?s={search_term_string}"},"query-input":"required name=search_term_string"}],"inLanguage":"es-MX"}]}},"jetpack_sharing_enabled":true,"distributor_meta":false,"distributor_terms":false,"distributor_media":false,"distributor_original_site_name":"Grazia M\u00e9xico y Latinoam\u00e9rica","distributor_original_site_url":"https:\/\/graziamagazine.com\/mx","push-errors":false,"_links":{"self":[{"href":"https:\/\/graziamagazine.com\/mx\/wp-json\/wp\/v2\/articles\/143191"}],"collection":[{"href":"https:\/\/graziamagazine.com\/mx\/wp-json\/wp\/v2\/articles"}],"about":[{"href":"https:\/\/graziamagazine.com\/mx\/wp-json\/wp\/v2\/types\/articles"}],"author":[{"embeddable":true,"href":"https:\/\/graziamagazine.com\/mx\/wp-json\/wp\/v2\/users\/11628"}],"wp:featuredmedia":[{"embeddable":true,"href":"https:\/\/graziamagazine.com\/mx\/wp-json\/wp\/v2\/media\/86684"}],"wp:attachment":[{"href":"https:\/\/graziamagazine.com\/mx\/wp-json\/wp\/v2\/media?parent=143191"}],"wp:term":[{"taxonomy":"category","embeddable":true,"href":"https:\/\/graziamagazine.com\/mx\/wp-json\/wp\/v2\/categories?post=143191"}],"curies":[{"name":"wp","href":"https:\/\/api.w.org\/{rel}","templated":true}]}}