{"id":143083,"date":"2024-10-25T14:42:46","date_gmt":"2024-10-25T19:42:46","guid":{"rendered":"https:\/\/graziamagazine.com\/mx\/?post_type=articles&#038;p=143083"},"modified":"2024-10-25T14:45:42","modified_gmt":"2024-10-25T19:45:42","slug":"asi-fue-la-pijamada-magica-de-las-kardashian-jenner-por-el-estreno-de-wicked","status":"publish","type":"articles","link":"https:\/\/graziamagazine.com\/mx\/articles\/asi-fue-la-pijamada-magica-de-las-kardashian-jenner-por-el-estreno-de-wicked\/","title":{"rendered":"As\u00ed fue la pijamada m\u00e1gica de las Kardashian-Jenner por el estreno de \u2018Wicked\u2019"},"content":{"rendered":"<p><span style=\"font-weight: 400\">En una velada que solo las hermanas <strong>Kardashian-Jenner<\/strong> podr\u00edan convertir en un evento \u00e9pico, la familia m\u00e1s famosa de la televisi\u00f3n fue invitada a una m\u00e1gica fiesta de pijamas con tem\u00e1tica de <em><strong>Wicked<\/strong><\/em>, organizada nada menos que por las protagonistas de la esperada adaptaci\u00f3n musical: <strong>Ariana Grande y Cynthia Erivo.\u00a0<\/strong><\/span><\/p>\n<p><span style=\"font-weight: 400\">Desde la entrada con globos rosas y serpentinas hasta la alfombra verde que anunciaba una noche de brujas memorable, la casa de <strong>Kim Kardashian<\/strong> se transform\u00f3 en un rinc\u00f3n de <strong>Oz<\/strong> para recibir el hechizo.<\/span><\/p>\n<p><span style=\"font-weight: 400\">Kim, la reina de los detalles y las Instagram Stories, comparti\u00f3 cada momento del evento, mostrando con emoci\u00f3n la decoraci\u00f3n cuidada y tem\u00e1tica de Wicked. \u201cNunca he estado m\u00e1s emocionada\u201d, coment\u00f3 la fundadora de <strong>SKIMS<\/strong> mientras revelaba la sorpresa que Ariana y Cynthia, quienes interpretan a Glinda y Elphaba, hab\u00edan preparado con ayuda de Edgar Hay Events.\u00a0<\/span><\/p>\n<p><span style=\"font-weight: 400\">Desde mu\u00f1ecas de las actrices hasta pijamas en tonos verdes y rosas de la l\u00ednea SKIMS, todo ten\u00eda impreso el esp\u00edritu de Oz.<\/span><\/p>\n<p><span style=\"font-weight: 400\">Al evento asistieron <strong>Kim, Khlo\u00e9, Kourtney y Kylie<\/strong>, con sus hijos, as\u00ed como <strong>Kris<\/strong>, la matriarca. Con bebidas verdes y rosadas, una pantalla gigante y hasta golosinas tem\u00e1ticas, la noche tuvo momentos de risa y l\u00e1grimas mientras la familia se sumerg\u00eda en el mundo de Glinda y Elphaba.\u00a0<\/span><\/p>\n<p><span style=\"font-weight: 400\">Esta noche de brujas marca el inicio de la fiebre <em>Wicked,<\/em> cuya primera parte llegar\u00e1 a cines el <strong>22 de noviembre<\/strong>. La segunda entrega, <em>Wicked: Part Two<\/em>, llegar\u00e1 en 2025.\u00a0<\/span><\/p>\n","protected":false},"author":11628,"featured_media":143084,"template":"","format":"standard","categories":[2],"acf":[],"yoast_head":"<!-- This site is optimized with the Yoast SEO Premium plugin v18.5 (Yoast SEO v20.4) - https:\/\/yoast.com\/wordpress\/plugins\/seo\/ -->\n<title>As\u00ed fue la pijamada m\u00e1gica de las Kardashian-Jenner por el estreno de \u2018Wicked\u2019 | Grazia M\u00e9xico y Latinoam\u00e9rica<\/title>\n<meta name=\"description\" content=\"En una velada que solo las hermanas Kardashian-Jenner podr\u00edan convertir en un evento \u00e9pico, la familia m\u00e1s famosa de la televisi\u00f3n fue invitada a una\" \/>\n<meta name=\"robots\" content=\"index, follow, max-snippet:-1, max-image-preview:large, max-video-preview:-1\" \/>\n<link rel=\"canonical\" href=\"https:\/\/graziamagazine.com\/mx\/articles\/asi-fue-la-pijamada-magica-de-las-kardashian-jenner-por-el-estreno-de-wicked\/\" \/>\n<meta property=\"og:locale\" content=\"es_MX\" \/>\n<meta property=\"og:type\" content=\"article\" \/>\n<meta property=\"og:title\" content=\"As\u00ed fue la pijamada m\u00e1gica de las Kardashian-Jenner por el estreno de \u2018Wicked\u2019\" \/>\n<meta property=\"og:description\" content=\"En una velada que solo las hermanas Kardashian-Jenner podr\u00edan convertir en un evento \u00e9pico, la familia m\u00e1s famosa de la televisi\u00f3n fue invitada a una\" \/>\n<meta property=\"og:url\" content=\"https:\/\/graziamagazine.com\/mx\/articles\/asi-fue-la-pijamada-magica-de-las-kardashian-jenner-por-el-estreno-de-wicked\/\" \/>\n<meta property=\"og:site_name\" content=\"Grazia M\u00e9xico y Latinoam\u00e9rica\" \/>\n<meta property=\"article:modified_time\" content=\"2024-10-25T19:45:42+00:00\" \/>\n<meta property=\"og:image\" content=\"https:\/\/graziamagazine.com\/mx\/wp-content\/uploads\/sites\/13\/2024\/10\/Captura-de-Pantalla-2024-10-25-a-las-13.20.50.png\" \/>\n\t<meta property=\"og:image:width\" content=\"442\" \/>\n\t<meta property=\"og:image:height\" content=\"289\" \/>\n\t<meta property=\"og:image:type\" content=\"image\/png\" \/>\n<meta name=\"twitter:card\" content=\"summary_large_image\" \/>\n<meta name=\"twitter:label1\" content=\"Est. reading time\" \/>\n\t<meta name=\"twitter:data1\" content=\"2 minutos\" \/>\n<script type=\"application\/ld+json\" class=\"yoast-schema-graph\">{\"@context\":\"https:\/\/schema.org\",\"@graph\":[{\"@type\":\"WebPage\",\"@id\":\"https:\/\/graziamagazine.com\/mx\/articles\/asi-fue-la-pijamada-magica-de-las-kardashian-jenner-por-el-estreno-de-wicked\/\",\"url\":\"https:\/\/graziamagazine.com\/mx\/articles\/asi-fue-la-pijamada-magica-de-las-kardashian-jenner-por-el-estreno-de-wicked\/\",\"name\":\"As\u00ed fue la pijamada m\u00e1gica de las Kardashian-Jenner por el estreno de \u2018Wicked\u2019 | Grazia M\u00e9xico y Latinoam\u00e9rica\",\"isPartOf\":{\"@id\":\"https:\/\/graziamagazine.com\/mx\/#website\"},\"datePublished\":\"2024-10-25T19:42:46+00:00\",\"dateModified\":\"2024-10-25T19:45:42+00:00\",\"description\":\"En una velada que solo las hermanas Kardashian-Jenner podr\u00edan convertir en un evento \u00e9pico, la familia m\u00e1s famosa de la televisi\u00f3n fue invitada a una\",\"breadcrumb\":{\"@id\":\"https:\/\/graziamagazine.com\/mx\/articles\/asi-fue-la-pijamada-magica-de-las-kardashian-jenner-por-el-estreno-de-wicked\/#breadcrumb\"},\"inLanguage\":\"es-MX\",\"potentialAction\":[{\"@type\":\"ReadAction\",\"target\":[\"https:\/\/graziamagazine.com\/mx\/articles\/asi-fue-la-pijamada-magica-de-las-kardashian-jenner-por-el-estreno-de-wicked\/\"]}]},{\"@type\":\"BreadcrumbList\",\"@id\":\"https:\/\/graziamagazine.com\/mx\/articles\/asi-fue-la-pijamada-magica-de-las-kardashian-jenner-por-el-estreno-de-wicked\/#breadcrumb\",\"itemListElement\":[{\"@type\":\"ListItem\",\"position\":1,\"name\":\"Home\",\"item\":\"https:\/\/graziamagazine.com\/mx\/\"},{\"@type\":\"ListItem\",\"position\":2,\"name\":\"As\u00ed fue la pijamada m\u00e1gica de las Kardashian-Jenner por el estreno de \u2018Wicked\u2019\"}]},{\"@type\":\"WebSite\",\"@id\":\"https:\/\/graziamagazine.com\/mx\/#website\",\"url\":\"https:\/\/graziamagazine.com\/mx\/\",\"name\":\"Grazia M\u00e9xico y Latinoam\u00e9rica\",\"description\":\"Grazia es moda, belleza y noticias  de actualidad \",\"potentialAction\":[{\"@type\":\"SearchAction\",\"target\":{\"@type\":\"EntryPoint\",\"urlTemplate\":\"https:\/\/graziamagazine.com\/mx\/?s={search_term_string}\"},\"query-input\":\"required name=search_term_string\"}],\"inLanguage\":\"es-MX\"}]}<\/script>\n<!-- \/ Yoast SEO Premium plugin. -->","yoast_head_json":{"title":"As\u00ed fue la pijamada m\u00e1gica de las Kardashian-Jenner por el estreno de \u2018Wicked\u2019 | Grazia M\u00e9xico y Latinoam\u00e9rica","description":"En una velada que solo las hermanas Kardashian-Jenner podr\u00edan convertir en un evento \u00e9pico, la familia m\u00e1s famosa de la televisi\u00f3n fue invitada a una","robots":{"index":"index","follow":"follow","max-snippet":"max-snippet:-1","max-image-preview":"max-image-preview:large","max-video-preview":"max-video-preview:-1"},"canonical":"https:\/\/graziamagazine.com\/mx\/articles\/asi-fue-la-pijamada-magica-de-las-kardashian-jenner-por-el-estreno-de-wicked\/","og_locale":"es_MX","og_type":"article","og_title":"As\u00ed fue la pijamada m\u00e1gica de las Kardashian-Jenner por el estreno de \u2018Wicked\u2019","og_description":"En una velada que solo las hermanas Kardashian-Jenner podr\u00edan convertir en un evento \u00e9pico, la familia m\u00e1s famosa de la televisi\u00f3n fue invitada a una","og_url":"https:\/\/graziamagazine.com\/mx\/articles\/asi-fue-la-pijamada-magica-de-las-kardashian-jenner-por-el-estreno-de-wicked\/","og_site_name":"Grazia M\u00e9xico y Latinoam\u00e9rica","article_modified_time":"2024-10-25T19:45:42+00:00","og_image":[{"width":442,"height":289,"url":"https:\/\/graziamagazine.com\/mx\/wp-content\/uploads\/sites\/13\/2024\/10\/Captura-de-Pantalla-2024-10-25-a-las-13.20.50.png","type":"image\/png"}],"twitter_card":"summary_large_image","twitter_misc":{"Est. reading time":"2 minutos"},"schema":{"@context":"https:\/\/schema.org","@graph":[{"@type":"WebPage","@id":"https:\/\/graziamagazine.com\/mx\/articles\/asi-fue-la-pijamada-magica-de-las-kardashian-jenner-por-el-estreno-de-wicked\/","url":"https:\/\/graziamagazine.com\/mx\/articles\/asi-fue-la-pijamada-magica-de-las-kardashian-jenner-por-el-estreno-de-wicked\/","name":"As\u00ed fue la pijamada m\u00e1gica de las Kardashian-Jenner por el estreno de \u2018Wicked\u2019 | Grazia M\u00e9xico y Latinoam\u00e9rica","isPartOf":{"@id":"https:\/\/graziamagazine.com\/mx\/#website"},"datePublished":"2024-10-25T19:42:46+00:00","dateModified":"2024-10-25T19:45:42+00:00","description":"En una velada que solo las hermanas Kardashian-Jenner podr\u00edan convertir en un evento \u00e9pico, la familia m\u00e1s famosa de la televisi\u00f3n fue invitada a una","breadcrumb":{"@id":"https:\/\/graziamagazine.com\/mx\/articles\/asi-fue-la-pijamada-magica-de-las-kardashian-jenner-por-el-estreno-de-wicked\/#breadcrumb"},"inLanguage":"es-MX","potentialAction":[{"@type":"ReadAction","target":["https:\/\/graziamagazine.com\/mx\/articles\/asi-fue-la-pijamada-magica-de-las-kardashian-jenner-por-el-estreno-de-wicked\/"]}]},{"@type":"BreadcrumbList","@id":"https:\/\/graziamagazine.com\/mx\/articles\/asi-fue-la-pijamada-magica-de-las-kardashian-jenner-por-el-estreno-de-wicked\/#breadcrumb","itemListElement":[{"@type":"ListItem","position":1,"name":"Home","item":"https:\/\/graziamagazine.com\/mx\/"},{"@type":"ListItem","position":2,"name":"As\u00ed fue la pijamada m\u00e1gica de las Kardashian-Jenner por el estreno de \u2018Wicked\u2019"}]},{"@type":"WebSite","@id":"https:\/\/graziamagazine.com\/mx\/#website","url":"https:\/\/graziamagazine.com\/mx\/","name":"Grazia M\u00e9xico y Latinoam\u00e9rica","description":"Grazia es moda, belleza y noticias  de actualidad ","potentialAction":[{"@type":"SearchAction","target":{"@type":"EntryPoint","urlTemplate":"https:\/\/graziamagazine.com\/mx\/?s={search_term_string}"},"query-input":"required name=search_term_string"}],"inLanguage":"es-MX"}]}},"jetpack_sharing_enabled":true,"distributor_meta":false,"distributor_terms":false,"distributor_media":false,"distributor_original_site_name":"Grazia M\u00e9xico y Latinoam\u00e9rica","distributor_original_site_url":"https:\/\/graziamagazine.com\/mx","push-errors":false,"_links":{"self":[{"href":"https:\/\/graziamagazine.com\/mx\/wp-json\/wp\/v2\/articles\/143083"}],"collection":[{"href":"https:\/\/graziamagazine.com\/mx\/wp-json\/wp\/v2\/articles"}],"about":[{"href":"https:\/\/graziamagazine.com\/mx\/wp-json\/wp\/v2\/types\/articles"}],"author":[{"embeddable":true,"href":"https:\/\/graziamagazine.com\/mx\/wp-json\/wp\/v2\/users\/11628"}],"wp:featuredmedia":[{"embeddable":true,"href":"https:\/\/graziamagazine.com\/mx\/wp-json\/wp\/v2\/media\/143084"}],"wp:attachment":[{"href":"https:\/\/graziamagazine.com\/mx\/wp-json\/wp\/v2\/media?parent=143083"}],"wp:term":[{"taxonomy":"category","embeddable":true,"href":"https:\/\/graziamagazine.com\/mx\/wp-json\/wp\/v2\/categories?post=143083"}],"curies":[{"name":"wp","href":"https:\/\/api.w.org\/{rel}","templated":true}]}}