{"id":1430,"date":"2016-04-28T15:24:03","date_gmt":"2016-04-28T21:24:03","guid":{"rendered":"https:\/\/graziamagazine.com\/mx\/?p=1430"},"modified":"2016-04-28T15:24:03","modified_gmt":"2016-04-28T21:24:03","slug":"los-vladimirovich-y-pineda-covalin","status":"publish","type":"articles","link":"https:\/\/graziamagazine.com\/mx\/articles\/los-vladimirovich-y-pineda-covalin\/","title":{"rendered":"LOS VLADIMIROVICH Y PINEDA COVAL\u00cdN"},"content":{"rendered":"<p>Ambas marcas se unen en una colaboraci\u00f3n para el pr\u00f3ximo oto\u00f1o.<\/p>\n<p><!--more--><\/p>\n<p><em>Los Vladimirovich \u0432\u043b\u0430\u0434\u0438\u043c\u0438\u0440\u043e\u0432\u0438\u0447 Marath &amp; Yurik Menswear Collective <\/em><em>(LVM&amp;Y.MC) <\/em>son un colectivo formado en 2010, se trata de un grupo de individuos que se unieron como una familia extendida para crear ropa basada en la funcionalidad, comodidad, simplicidad y calidad pero sin llamar la atenci\u00f3n. \u2028Todos como ciudadanos del mundo, un mundo sin territorio f\u00edsico.<\/p>\n<p>&nbsp;<\/p>\n<p><img loading=\"lazy\" decoding=\"async\" class=\"size-full wp-image-1432 aligncenter\" src=\"https:\/\/graziamagazine.com\/mx\/wp-content\/uploads\/sites\/13\/2016\/04\/pineda-2.jpg\" alt=\"pineda 2\" width=\"620\" height=\"930\" srcset=\"https:\/\/graziamagazine.com\/mx\/wp-content\/uploads\/sites\/13\/2016\/04\/pineda-2.jpg 620w, https:\/\/graziamagazine.com\/mx\/wp-content\/uploads\/sites\/13\/2016\/04\/pineda-2.jpg?resize=300,450 300w, https:\/\/graziamagazine.com\/mx\/wp-content\/uploads\/sites\/13\/2016\/04\/pineda-2.jpg?resize=143,215 143w\" sizes=\"(max-width: 620px) 100vw, 620px\" \/><\/p>\n<p>&nbsp;<\/p>\n<p>Los Vladimirovich es un colectivo, sin un rostro. Nadie tiene el t\u00edtulo de \u201cdise\u00f1ador\u201d; sin embargo, todos, desde los costureros, abogados, internos, <em>webmasters<\/em> y dise\u00f1adores gr\u00e1ficos son considerados igualmente responsables de cada colecci\u00f3n.<\/p>\n<p>Para la pr\u00f3xima temporada, este colectivo reflexiona sobre el hombre mexicano actual, ser mexicano en\u00a0un M\u00e9xico multicultural, moderno y se unen a Pineda Coval\u00edn para dar vida a una colaboraci\u00f3n compuesta mayormente por abrigos, chamarras\u00a0y gabardinas basados en las texturas, sentimientos e impresiones que despierta la inspiraci\u00f3n plasmada por Pineda Covalin M\u00e9xico en los lienzos titulados \u00a0\u201cAmuletos\u201c &amp; \u201cHaramara\u201c.<\/p>\n<p>&nbsp;<\/p>\n<p><img loading=\"lazy\" decoding=\"async\" class=\"size-full wp-image-1433 aligncenter\" src=\"https:\/\/graziamagazine.com\/mx\/wp-content\/uploads\/sites\/13\/2016\/04\/pineda1.jpg\" alt=\"pineda1\" width=\"620\" height=\"413\" srcset=\"https:\/\/graziamagazine.com\/mx\/wp-content\/uploads\/sites\/13\/2016\/04\/pineda1.jpg 620w, https:\/\/graziamagazine.com\/mx\/wp-content\/uploads\/sites\/13\/2016\/04\/pineda1.jpg?resize=450,300 450w, https:\/\/graziamagazine.com\/mx\/wp-content\/uploads\/sites\/13\/2016\/04\/pineda1.jpg?resize=155,103 155w\" sizes=\"(max-width: 620px) 100vw, 620px\" \/><\/p>\n<p>&nbsp;<\/p>\n<p>El colectivo presenta una colecci\u00f3n basada en el hombre taciturno y contempor\u00e1neo, destacando su ya conocida herencia Sartorial que se fusiona con el streetwear, dando como resultado un perfecto balance entre libertar, comodidad\u00a0y lujo.<\/p>\n<p>En esta ocasi\u00f3n especial el colectivo fusiona su visi\u00f3n con la tradici\u00f3n de Pineda\u00a0Covalin M\u00e9xico, mostrando el orgullo de su parte mexicana como colectivo basado en el mundo.<\/p>\n","protected":false},"author":11636,"featured_media":1431,"template":"","format":"standard","categories":[4],"acf":[],"yoast_head":"<!-- This site is optimized with the Yoast SEO Premium plugin v18.5 (Yoast SEO v20.4) - https:\/\/yoast.com\/wordpress\/plugins\/seo\/ -->\n<title>LOS VLADIMIROVICH Y PINEDA COVAL\u00cdN | Grazia M\u00e9xico y Latinoam\u00e9rica<\/title>\n<meta name=\"description\" content=\"Ambas marcas se unen en una colaboraci\u00f3n para el pr\u00f3ximo oto\u00f1o. Los Vladimirovich \u0432\u043b\u0430\u0434\u0438\u043c\u0438\u0440\u043e\u0432\u0438\u0447 Marath &amp; Yurik Menswear Collective (LVM&amp;Y.MC) son\" \/>\n<meta name=\"robots\" content=\"index, follow, max-snippet:-1, max-image-preview:large, max-video-preview:-1\" \/>\n<link rel=\"canonical\" href=\"https:\/\/graziamagazine.com\/mx\/articles\/los-vladimirovich-y-pineda-covalin\/\" \/>\n<meta property=\"og:locale\" content=\"es_MX\" \/>\n<meta property=\"og:type\" content=\"article\" \/>\n<meta property=\"og:title\" content=\"LOS VLADIMIROVICH Y PINEDA COVAL\u00cdN\" \/>\n<meta property=\"og:description\" content=\"Ambas marcas se unen en una colaboraci\u00f3n para el pr\u00f3ximo oto\u00f1o. Los Vladimirovich \u0432\u043b\u0430\u0434\u0438\u043c\u0438\u0440\u043e\u0432\u0438\u0447 Marath &amp; Yurik Menswear Collective (LVM&amp;Y.MC) son\" \/>\n<meta property=\"og:url\" content=\"https:\/\/graziamagazine.com\/mx\/articles\/los-vladimirovich-y-pineda-covalin\/\" \/>\n<meta property=\"og:site_name\" content=\"Grazia M\u00e9xico y Latinoam\u00e9rica\" \/>\n<meta property=\"og:image\" content=\"https:\/\/graziamagazine.com\/mx\/wp-content\/uploads\/sites\/13\/2016\/04\/pineda-home.jpg?fit=835%2C341\" \/>\n\t<meta property=\"og:image:width\" content=\"835\" \/>\n\t<meta property=\"og:image:height\" content=\"341\" \/>\n\t<meta property=\"og:image:type\" content=\"image\/jpeg\" \/>\n<meta name=\"twitter:card\" content=\"summary_large_image\" \/>\n<meta name=\"twitter:label1\" content=\"Est. reading time\" \/>\n\t<meta name=\"twitter:data1\" content=\"1 minuto\" \/>\n<script type=\"application\/ld+json\" class=\"yoast-schema-graph\">{\"@context\":\"https:\/\/schema.org\",\"@graph\":[{\"@type\":\"WebPage\",\"@id\":\"https:\/\/graziamagazine.com\/mx\/articles\/los-vladimirovich-y-pineda-covalin\/\",\"url\":\"https:\/\/graziamagazine.com\/mx\/articles\/los-vladimirovich-y-pineda-covalin\/\",\"name\":\"LOS VLADIMIROVICH Y PINEDA COVAL\u00cdN | Grazia M\u00e9xico y Latinoam\u00e9rica\",\"isPartOf\":{\"@id\":\"https:\/\/graziamagazine.com\/mx\/#website\"},\"datePublished\":\"2016-04-28T21:24:03+00:00\",\"dateModified\":\"2016-04-28T21:24:03+00:00\",\"description\":\"Ambas marcas se unen en una colaboraci\u00f3n para el pr\u00f3ximo oto\u00f1o. Los Vladimirovich \u0432\u043b\u0430\u0434\u0438\u043c\u0438\u0440\u043e\u0432\u0438\u0447 Marath &amp; Yurik Menswear Collective (LVM&amp;Y.MC) son\",\"breadcrumb\":{\"@id\":\"https:\/\/graziamagazine.com\/mx\/articles\/los-vladimirovich-y-pineda-covalin\/#breadcrumb\"},\"inLanguage\":\"es-MX\",\"potentialAction\":[{\"@type\":\"ReadAction\",\"target\":[\"https:\/\/graziamagazine.com\/mx\/articles\/los-vladimirovich-y-pineda-covalin\/\"]}]},{\"@type\":\"BreadcrumbList\",\"@id\":\"https:\/\/graziamagazine.com\/mx\/articles\/los-vladimirovich-y-pineda-covalin\/#breadcrumb\",\"itemListElement\":[{\"@type\":\"ListItem\",\"position\":1,\"name\":\"Home\",\"item\":\"https:\/\/graziamagazine.com\/mx\/\"},{\"@type\":\"ListItem\",\"position\":2,\"name\":\"LOS VLADIMIROVICH Y PINEDA COVAL\u00cdN\"}]},{\"@type\":\"WebSite\",\"@id\":\"https:\/\/graziamagazine.com\/mx\/#website\",\"url\":\"https:\/\/graziamagazine.com\/mx\/\",\"name\":\"Grazia M\u00e9xico y Latinoam\u00e9rica\",\"description\":\"Grazia es moda, belleza y noticias  de actualidad \",\"potentialAction\":[{\"@type\":\"SearchAction\",\"target\":{\"@type\":\"EntryPoint\",\"urlTemplate\":\"https:\/\/graziamagazine.com\/mx\/?s={search_term_string}\"},\"query-input\":\"required name=search_term_string\"}],\"inLanguage\":\"es-MX\"}]}<\/script>\n<!-- \/ Yoast SEO Premium plugin. -->","yoast_head_json":{"title":"LOS VLADIMIROVICH Y PINEDA COVAL\u00cdN | Grazia M\u00e9xico y Latinoam\u00e9rica","description":"Ambas marcas se unen en una colaboraci\u00f3n para el pr\u00f3ximo oto\u00f1o. Los Vladimirovich \u0432\u043b\u0430\u0434\u0438\u043c\u0438\u0440\u043e\u0432\u0438\u0447 Marath &amp; Yurik Menswear Collective (LVM&amp;Y.MC) son","robots":{"index":"index","follow":"follow","max-snippet":"max-snippet:-1","max-image-preview":"max-image-preview:large","max-video-preview":"max-video-preview:-1"},"canonical":"https:\/\/graziamagazine.com\/mx\/articles\/los-vladimirovich-y-pineda-covalin\/","og_locale":"es_MX","og_type":"article","og_title":"LOS VLADIMIROVICH Y PINEDA COVAL\u00cdN","og_description":"Ambas marcas se unen en una colaboraci\u00f3n para el pr\u00f3ximo oto\u00f1o. Los Vladimirovich \u0432\u043b\u0430\u0434\u0438\u043c\u0438\u0440\u043e\u0432\u0438\u0447 Marath &amp; Yurik Menswear Collective (LVM&amp;Y.MC) son","og_url":"https:\/\/graziamagazine.com\/mx\/articles\/los-vladimirovich-y-pineda-covalin\/","og_site_name":"Grazia M\u00e9xico y Latinoam\u00e9rica","og_image":[{"width":835,"height":341,"url":"https:\/\/graziamagazine.com\/mx\/wp-content\/uploads\/sites\/13\/2016\/04\/pineda-home.jpg?fit=835%2C341","type":"image\/jpeg"}],"twitter_card":"summary_large_image","twitter_misc":{"Est. reading time":"1 minuto"},"schema":{"@context":"https:\/\/schema.org","@graph":[{"@type":"WebPage","@id":"https:\/\/graziamagazine.com\/mx\/articles\/los-vladimirovich-y-pineda-covalin\/","url":"https:\/\/graziamagazine.com\/mx\/articles\/los-vladimirovich-y-pineda-covalin\/","name":"LOS VLADIMIROVICH Y PINEDA COVAL\u00cdN | Grazia M\u00e9xico y Latinoam\u00e9rica","isPartOf":{"@id":"https:\/\/graziamagazine.com\/mx\/#website"},"datePublished":"2016-04-28T21:24:03+00:00","dateModified":"2016-04-28T21:24:03+00:00","description":"Ambas marcas se unen en una colaboraci\u00f3n para el pr\u00f3ximo oto\u00f1o. Los Vladimirovich \u0432\u043b\u0430\u0434\u0438\u043c\u0438\u0440\u043e\u0432\u0438\u0447 Marath &amp; Yurik Menswear Collective (LVM&amp;Y.MC) son","breadcrumb":{"@id":"https:\/\/graziamagazine.com\/mx\/articles\/los-vladimirovich-y-pineda-covalin\/#breadcrumb"},"inLanguage":"es-MX","potentialAction":[{"@type":"ReadAction","target":["https:\/\/graziamagazine.com\/mx\/articles\/los-vladimirovich-y-pineda-covalin\/"]}]},{"@type":"BreadcrumbList","@id":"https:\/\/graziamagazine.com\/mx\/articles\/los-vladimirovich-y-pineda-covalin\/#breadcrumb","itemListElement":[{"@type":"ListItem","position":1,"name":"Home","item":"https:\/\/graziamagazine.com\/mx\/"},{"@type":"ListItem","position":2,"name":"LOS VLADIMIROVICH Y PINEDA COVAL\u00cdN"}]},{"@type":"WebSite","@id":"https:\/\/graziamagazine.com\/mx\/#website","url":"https:\/\/graziamagazine.com\/mx\/","name":"Grazia M\u00e9xico y Latinoam\u00e9rica","description":"Grazia es moda, belleza y noticias  de actualidad ","potentialAction":[{"@type":"SearchAction","target":{"@type":"EntryPoint","urlTemplate":"https:\/\/graziamagazine.com\/mx\/?s={search_term_string}"},"query-input":"required name=search_term_string"}],"inLanguage":"es-MX"}]}},"jetpack_sharing_enabled":true,"distributor_meta":false,"distributor_terms":false,"distributor_media":false,"distributor_original_site_name":"Grazia M\u00e9xico y Latinoam\u00e9rica","distributor_original_site_url":"https:\/\/graziamagazine.com\/mx","push-errors":false,"_links":{"self":[{"href":"https:\/\/graziamagazine.com\/mx\/wp-json\/wp\/v2\/articles\/1430"}],"collection":[{"href":"https:\/\/graziamagazine.com\/mx\/wp-json\/wp\/v2\/articles"}],"about":[{"href":"https:\/\/graziamagazine.com\/mx\/wp-json\/wp\/v2\/types\/articles"}],"author":[{"embeddable":true,"href":"https:\/\/graziamagazine.com\/mx\/wp-json\/wp\/v2\/users\/11636"}],"wp:featuredmedia":[{"embeddable":true,"href":"https:\/\/graziamagazine.com\/mx\/wp-json\/wp\/v2\/media\/1431"}],"wp:attachment":[{"href":"https:\/\/graziamagazine.com\/mx\/wp-json\/wp\/v2\/media?parent=1430"}],"wp:term":[{"taxonomy":"category","embeddable":true,"href":"https:\/\/graziamagazine.com\/mx\/wp-json\/wp\/v2\/categories?post=1430"}],"curies":[{"name":"wp","href":"https:\/\/api.w.org\/{rel}","templated":true}]}}