{"id":142410,"date":"2024-10-09T16:54:24","date_gmt":"2024-10-09T21:54:24","guid":{"rendered":"https:\/\/graziamagazine.com\/mx\/?post_type=articles&#038;p=142410"},"modified":"2024-10-10T09:31:04","modified_gmt":"2024-10-10T14:31:04","slug":"adam-brody-celebrado-regreso-nadie-quiere-eso","status":"publish","type":"articles","link":"https:\/\/graziamagazine.com\/mx\/articles\/adam-brody-celebrado-regreso-nadie-quiere-eso\/","title":{"rendered":"Adam Brody y su celebrado regreso en &#8216;Nadie quiere eso&#8217;"},"content":{"rendered":"<p><strong>Adam Brody<\/strong> ha logrado conquistar al publico con su celebrada y aplaudida participaci\u00f3n en <em><strong>Nadie quiere eso<\/strong><\/em>, la serie rom\u00e1ntica que ya tiene m\u00e1s de 10 millones de reproducciones en <strong>Netflix<\/strong>, tras varios a\u00f1os de no protagonizar grandes producciones.<\/p>\n<p><strong>Erin Foster<\/strong>, creadora de la serie, se inspir\u00f3 en su historia matrimonial para realizar el gui\u00f3n, y a pesar de haber realizado un extenso casting a cada &#8220;jud\u00edo guapo de la ciudad&#8221;, solamente uno no sal\u00eda de su mente: Adam Brody, quien adem\u00e1s viene de una familia jud\u00eda.<\/p>\n<figure id=\"attachment_142416\" aria-describedby=\"caption-attachment-142416\" style=\"width: 1022px\" class=\"wp-caption alignnone\"><img loading=\"lazy\" decoding=\"async\" class=\"wp-image-142416 size-full\" src=\"https:\/\/graziamagazine.com\/mx\/wp-content\/uploads\/sites\/13\/2024\/10\/Captura-de-Pantalla-2024-10-09-a-las-14.26.34.png\" alt=\"\" width=\"1022\" height=\"1200\" srcset=\"https:\/\/graziamagazine.com\/mx\/wp-content\/uploads\/sites\/13\/2024\/10\/Captura-de-Pantalla-2024-10-09-a-las-14.26.34.png 1022w, https:\/\/graziamagazine.com\/mx\/wp-content\/uploads\/sites\/13\/2024\/10\/Captura-de-Pantalla-2024-10-09-a-las-14.26.34-383x450.png 383w, https:\/\/graziamagazine.com\/mx\/wp-content\/uploads\/sites\/13\/2024\/10\/Captura-de-Pantalla-2024-10-09-a-las-14.26.34-872x1024.png 872w, https:\/\/graziamagazine.com\/mx\/wp-content\/uploads\/sites\/13\/2024\/10\/Captura-de-Pantalla-2024-10-09-a-las-14.26.34-768x902.png 768w, https:\/\/graziamagazine.com\/mx\/wp-content\/uploads\/sites\/13\/2024\/10\/Captura-de-Pantalla-2024-10-09-a-las-14.26.34-400x470.png 400w, https:\/\/graziamagazine.com\/mx\/wp-content\/uploads\/sites\/13\/2024\/10\/Captura-de-Pantalla-2024-10-09-a-las-14.26.34-155x182.png 155w\" sizes=\"(max-width: 1022px) 100vw, 1022px\" \/><figcaption id=\"caption-attachment-142416\" class=\"wp-caption-text\">Getty<\/figcaption><\/figure>\n<p>A pesar de su ascendencia, el actor ha comentado que tuvo que prepararse mucho sobre el tema del juda\u00edsmo, pues \u00e9l mismo se describe como &#8220;no religioso y no creyente&#8221;.<\/p>\n<p>&#8220;He querido hacer feliz al mayor n\u00famero de personas posibles. Consegu\u00ed el trabajo antes de la huelga (de actores) y cuando lleg\u00f3 el par\u00f3n tuve un mont\u00f3n de tiempo que me permiti\u00f3 bucear y aprender mucho de la historia del juda\u00edsmo&#8221;, coment\u00f3.<\/p>\n<p>Erin Foster dio una peque\u00f1a esperanza de una posible segunda temporada, pues est\u00e1 sorprendida por la respuesta favorable por parte del p\u00fablico.<\/p>\n<p>&#8220;Estamos teniendo una respuesta muy positiva. Definitivamente, han comenzado las conversaciones sobre una posible segunda temporada&#8221;, dijo.<\/p>\n<p>A los 19 a\u00f1os, Adam Brody decidi\u00f3 ponerle una pausa a sus estudios universitarios para enfocarse y aventurarse como actor en <strong>Hollywood<\/strong>.<\/p>\n<p>El actor comenz\u00f3 sus primeros pasos en el universo de la actuaci\u00f3n con participaciones poco trascendentales, sin embargo, todo fue sumando para que en 2002 tuviera un papel secundario en la serie <em><strong>Las chicas Gilmore<\/strong><\/em>.<\/p>\n<p>En 2003, ya con 23 a\u00f1os, fue seleccionado junto con Mischa Barton, Rachel Bilson y Benjamin McKenzie, para participar en la exitosa serie <strong>The O.C.<\/strong> en donde dio vida a Seth Cohen.<\/p>\n<figure id=\"attachment_142417\" aria-describedby=\"caption-attachment-142417\" style=\"width: 1200px\" class=\"wp-caption alignnone\"><img loading=\"lazy\" decoding=\"async\" class=\"wp-image-142417 size-full\" src=\"https:\/\/graziamagazine.com\/mx\/wp-content\/uploads\/sites\/13\/2024\/10\/Captura-de-Pantalla-2024-10-09-a-las-14.25.51.png\" alt=\"\" width=\"1200\" height=\"860\" srcset=\"https:\/\/graziamagazine.com\/mx\/wp-content\/uploads\/sites\/13\/2024\/10\/Captura-de-Pantalla-2024-10-09-a-las-14.25.51.png 1200w, https:\/\/graziamagazine.com\/mx\/wp-content\/uploads\/sites\/13\/2024\/10\/Captura-de-Pantalla-2024-10-09-a-las-14.25.51-450x323.png 450w, https:\/\/graziamagazine.com\/mx\/wp-content\/uploads\/sites\/13\/2024\/10\/Captura-de-Pantalla-2024-10-09-a-las-14.25.51-1024x734.png 1024w, https:\/\/graziamagazine.com\/mx\/wp-content\/uploads\/sites\/13\/2024\/10\/Captura-de-Pantalla-2024-10-09-a-las-14.25.51-768x550.png 768w, https:\/\/graziamagazine.com\/mx\/wp-content\/uploads\/sites\/13\/2024\/10\/Captura-de-Pantalla-2024-10-09-a-las-14.25.51-400x287.png 400w, https:\/\/graziamagazine.com\/mx\/wp-content\/uploads\/sites\/13\/2024\/10\/Captura-de-Pantalla-2024-10-09-a-las-14.25.51-155x111.png 155w\" sizes=\"(max-width: 1200px) 100vw, 1200px\" \/><figcaption id=\"caption-attachment-142417\" class=\"wp-caption-text\">Getty<\/figcaption><\/figure>\n<p>A pesar de haberse convertido en una de las celebridades m\u00e1s famosas del momento, en 2007, cuando la serie The O.C. llegaba a su final, parec\u00eda ser que su carrera tambi\u00e9n estaba terminando, aunque continu\u00f3 teniendo distintas participaciones en producciones sin tanta trascendencia.<\/p>\n<p>En ese a\u00f1o, Adam comenz\u00f3 su relaci\u00f3n con <strong>Leighton Meester<\/strong>, protagonista en la serie <em><strong>Gossip Girl<\/strong><\/em>, con quien se cas\u00f3 en 2014 y tiene dos hijos.<\/p>\n<p>El actor es conocido por algunos de sus compa\u00f1eros como alguien &#8220;quisquilloso&#8221; en cuanto a elegir proyectos para participar, sin embargo, no se arrepiente de haber dicho no a muchos de ellos.<\/p>\n<p>&#8220;Al principio de mi carrera s\u00ed era m\u00e1s consciente de m\u00ed mismo, pero al mismo tiempo no miro atr\u00e1s y pienso: &#8216;Wow, perd\u00ed ese tren&#8217; o &#8216;deber\u00eda haber hecho eso&#8217;. Soy lo suficientemente afortunado de estar en el camino que yo mismo he creado. Es mi camino. Tengo claro que no tengo arrepentimientos&#8221;, comparti\u00f3 en una entrevista para <em>The Hollywood Reporter<\/em>.<\/p>\n","protected":false},"author":36289,"featured_media":142415,"template":"","format":"standard","categories":[2],"acf":[],"yoast_head":"<!-- This site is optimized with the Yoast SEO Premium plugin v18.5 (Yoast SEO v20.4) - https:\/\/yoast.com\/wordpress\/plugins\/seo\/ -->\n<title>Adam Brody y su celebrado regreso en &#039;Nadie quiere eso&#039; | Grazia M\u00e9xico y Latinoam\u00e9rica<\/title>\n<meta name=\"description\" content=\"Adam Brody ha logrado conquistar al publico con su celebrada y aplaudida participaci\u00f3n en Nadie quiere eso, la serie rom\u00e1ntica que ya tiene m\u00e1s de 10\" \/>\n<meta name=\"robots\" content=\"index, follow, max-snippet:-1, max-image-preview:large, max-video-preview:-1\" \/>\n<link rel=\"canonical\" href=\"https:\/\/graziamagazine.com\/mx\/articles\/adam-brody-celebrado-regreso-nadie-quiere-eso\/\" \/>\n<meta property=\"og:locale\" content=\"es_MX\" \/>\n<meta property=\"og:type\" content=\"article\" \/>\n<meta property=\"og:title\" content=\"Adam Brody y su celebrado regreso en &#039;Nadie quiere eso&#039;\" \/>\n<meta property=\"og:description\" content=\"Adam Brody ha logrado conquistar al publico con su celebrada y aplaudida participaci\u00f3n en Nadie quiere eso, la serie rom\u00e1ntica que ya tiene m\u00e1s de 10\" \/>\n<meta property=\"og:url\" content=\"https:\/\/graziamagazine.com\/mx\/articles\/adam-brody-celebrado-regreso-nadie-quiere-eso\/\" \/>\n<meta property=\"og:site_name\" content=\"Grazia M\u00e9xico y Latinoam\u00e9rica\" \/>\n<meta property=\"article:modified_time\" content=\"2024-10-10T14:31:04+00:00\" \/>\n<meta property=\"og:image\" content=\"https:\/\/graziamagazine.com\/mx\/wp-content\/uploads\/sites\/13\/2024\/10\/Captura-de-Pantalla-2024-10-09-a-las-14.26.12-e1728570572940.png\" \/>\n\t<meta property=\"og:image:width\" content=\"1279\" \/>\n\t<meta property=\"og:image:height\" content=\"716\" \/>\n\t<meta property=\"og:image:type\" content=\"image\/png\" \/>\n<meta name=\"twitter:card\" content=\"summary_large_image\" \/>\n<meta name=\"twitter:label1\" content=\"Est. reading time\" \/>\n\t<meta name=\"twitter:data1\" content=\"3 minutos\" \/>\n<script type=\"application\/ld+json\" class=\"yoast-schema-graph\">{\"@context\":\"https:\/\/schema.org\",\"@graph\":[{\"@type\":\"WebPage\",\"@id\":\"https:\/\/graziamagazine.com\/mx\/articles\/adam-brody-celebrado-regreso-nadie-quiere-eso\/\",\"url\":\"https:\/\/graziamagazine.com\/mx\/articles\/adam-brody-celebrado-regreso-nadie-quiere-eso\/\",\"name\":\"Adam Brody y su celebrado regreso en 'Nadie quiere eso' | Grazia M\u00e9xico y Latinoam\u00e9rica\",\"isPartOf\":{\"@id\":\"https:\/\/graziamagazine.com\/mx\/#website\"},\"datePublished\":\"2024-10-09T21:54:24+00:00\",\"dateModified\":\"2024-10-10T14:31:04+00:00\",\"description\":\"Adam Brody ha logrado conquistar al publico con su celebrada y aplaudida participaci\u00f3n en Nadie quiere eso, la serie rom\u00e1ntica que ya tiene m\u00e1s de 10\",\"breadcrumb\":{\"@id\":\"https:\/\/graziamagazine.com\/mx\/articles\/adam-brody-celebrado-regreso-nadie-quiere-eso\/#breadcrumb\"},\"inLanguage\":\"es-MX\",\"potentialAction\":[{\"@type\":\"ReadAction\",\"target\":[\"https:\/\/graziamagazine.com\/mx\/articles\/adam-brody-celebrado-regreso-nadie-quiere-eso\/\"]}]},{\"@type\":\"BreadcrumbList\",\"@id\":\"https:\/\/graziamagazine.com\/mx\/articles\/adam-brody-celebrado-regreso-nadie-quiere-eso\/#breadcrumb\",\"itemListElement\":[{\"@type\":\"ListItem\",\"position\":1,\"name\":\"Home\",\"item\":\"https:\/\/graziamagazine.com\/mx\/\"},{\"@type\":\"ListItem\",\"position\":2,\"name\":\"Adam Brody y su celebrado regreso en &#8216;Nadie quiere eso&#8217;\"}]},{\"@type\":\"WebSite\",\"@id\":\"https:\/\/graziamagazine.com\/mx\/#website\",\"url\":\"https:\/\/graziamagazine.com\/mx\/\",\"name\":\"Grazia M\u00e9xico y Latinoam\u00e9rica\",\"description\":\"Grazia es moda, belleza y noticias  de actualidad \",\"potentialAction\":[{\"@type\":\"SearchAction\",\"target\":{\"@type\":\"EntryPoint\",\"urlTemplate\":\"https:\/\/graziamagazine.com\/mx\/?s={search_term_string}\"},\"query-input\":\"required name=search_term_string\"}],\"inLanguage\":\"es-MX\"}]}<\/script>\n<!-- \/ Yoast SEO Premium plugin. -->","yoast_head_json":{"title":"Adam Brody y su celebrado regreso en 'Nadie quiere eso' | Grazia M\u00e9xico y Latinoam\u00e9rica","description":"Adam Brody ha logrado conquistar al publico con su celebrada y aplaudida participaci\u00f3n en Nadie quiere eso, la serie rom\u00e1ntica que ya tiene m\u00e1s de 10","robots":{"index":"index","follow":"follow","max-snippet":"max-snippet:-1","max-image-preview":"max-image-preview:large","max-video-preview":"max-video-preview:-1"},"canonical":"https:\/\/graziamagazine.com\/mx\/articles\/adam-brody-celebrado-regreso-nadie-quiere-eso\/","og_locale":"es_MX","og_type":"article","og_title":"Adam Brody y su celebrado regreso en 'Nadie quiere eso'","og_description":"Adam Brody ha logrado conquistar al publico con su celebrada y aplaudida participaci\u00f3n en Nadie quiere eso, la serie rom\u00e1ntica que ya tiene m\u00e1s de 10","og_url":"https:\/\/graziamagazine.com\/mx\/articles\/adam-brody-celebrado-regreso-nadie-quiere-eso\/","og_site_name":"Grazia M\u00e9xico y Latinoam\u00e9rica","article_modified_time":"2024-10-10T14:31:04+00:00","og_image":[{"width":1279,"height":716,"url":"https:\/\/graziamagazine.com\/mx\/wp-content\/uploads\/sites\/13\/2024\/10\/Captura-de-Pantalla-2024-10-09-a-las-14.26.12-e1728570572940.png","type":"image\/png"}],"twitter_card":"summary_large_image","twitter_misc":{"Est. reading time":"3 minutos"},"schema":{"@context":"https:\/\/schema.org","@graph":[{"@type":"WebPage","@id":"https:\/\/graziamagazine.com\/mx\/articles\/adam-brody-celebrado-regreso-nadie-quiere-eso\/","url":"https:\/\/graziamagazine.com\/mx\/articles\/adam-brody-celebrado-regreso-nadie-quiere-eso\/","name":"Adam Brody y su celebrado regreso en 'Nadie quiere eso' | Grazia M\u00e9xico y Latinoam\u00e9rica","isPartOf":{"@id":"https:\/\/graziamagazine.com\/mx\/#website"},"datePublished":"2024-10-09T21:54:24+00:00","dateModified":"2024-10-10T14:31:04+00:00","description":"Adam Brody ha logrado conquistar al publico con su celebrada y aplaudida participaci\u00f3n en Nadie quiere eso, la serie rom\u00e1ntica que ya tiene m\u00e1s de 10","breadcrumb":{"@id":"https:\/\/graziamagazine.com\/mx\/articles\/adam-brody-celebrado-regreso-nadie-quiere-eso\/#breadcrumb"},"inLanguage":"es-MX","potentialAction":[{"@type":"ReadAction","target":["https:\/\/graziamagazine.com\/mx\/articles\/adam-brody-celebrado-regreso-nadie-quiere-eso\/"]}]},{"@type":"BreadcrumbList","@id":"https:\/\/graziamagazine.com\/mx\/articles\/adam-brody-celebrado-regreso-nadie-quiere-eso\/#breadcrumb","itemListElement":[{"@type":"ListItem","position":1,"name":"Home","item":"https:\/\/graziamagazine.com\/mx\/"},{"@type":"ListItem","position":2,"name":"Adam Brody y su celebrado regreso en &#8216;Nadie quiere eso&#8217;"}]},{"@type":"WebSite","@id":"https:\/\/graziamagazine.com\/mx\/#website","url":"https:\/\/graziamagazine.com\/mx\/","name":"Grazia M\u00e9xico y Latinoam\u00e9rica","description":"Grazia es moda, belleza y noticias  de actualidad ","potentialAction":[{"@type":"SearchAction","target":{"@type":"EntryPoint","urlTemplate":"https:\/\/graziamagazine.com\/mx\/?s={search_term_string}"},"query-input":"required name=search_term_string"}],"inLanguage":"es-MX"}]}},"jetpack_sharing_enabled":true,"distributor_meta":false,"distributor_terms":false,"distributor_media":false,"distributor_original_site_name":"Grazia M\u00e9xico y Latinoam\u00e9rica","distributor_original_site_url":"https:\/\/graziamagazine.com\/mx","push-errors":false,"_links":{"self":[{"href":"https:\/\/graziamagazine.com\/mx\/wp-json\/wp\/v2\/articles\/142410"}],"collection":[{"href":"https:\/\/graziamagazine.com\/mx\/wp-json\/wp\/v2\/articles"}],"about":[{"href":"https:\/\/graziamagazine.com\/mx\/wp-json\/wp\/v2\/types\/articles"}],"author":[{"embeddable":true,"href":"https:\/\/graziamagazine.com\/mx\/wp-json\/wp\/v2\/users\/36289"}],"wp:featuredmedia":[{"embeddable":true,"href":"https:\/\/graziamagazine.com\/mx\/wp-json\/wp\/v2\/media\/142415"}],"wp:attachment":[{"href":"https:\/\/graziamagazine.com\/mx\/wp-json\/wp\/v2\/media?parent=142410"}],"wp:term":[{"taxonomy":"category","embeddable":true,"href":"https:\/\/graziamagazine.com\/mx\/wp-json\/wp\/v2\/categories?post=142410"}],"curies":[{"name":"wp","href":"https:\/\/api.w.org\/{rel}","templated":true}]}}