{"id":142409,"date":"2024-10-09T19:34:16","date_gmt":"2024-10-10T00:34:16","guid":{"rendered":"https:\/\/graziamagazine.com\/mx\/?post_type=articles&#038;p=142409"},"modified":"2024-10-10T09:44:39","modified_gmt":"2024-10-10T14:44:39","slug":"fendi-siesta-bag-estilo-versatil-y-sofisticado","status":"publish","type":"articles","link":"https:\/\/graziamagazine.com\/mx\/articles\/fendi-siesta-bag-estilo-versatil-y-sofisticado\/","title":{"rendered":"FENDI Siesta Bag: Estilo Vers\u00e1til y Sofisticado"},"content":{"rendered":"<p>Presentada en la pasarela de <strong>FENDI Men\u2019s Fall\/Winter 2024-25<\/strong>, la <strong>FENDI Siesta bag<\/strong> redefine el lujo contempor\u00e1neo con un toque l\u00fadico. Este bolso tipo duffle se transforma en una almohada gracias a los cierres en los cuatro rincones, brindando una soluci\u00f3n pr\u00e1ctica y sofisticada.<\/p>\n<p>La <strong>Siesta bag<\/strong> no es solo un accesorio, sino una expresi\u00f3n de dise\u00f1o innovador que mezcla comodidad y funcionalidad, perfecta para el hombre moderno en constante movimiento.<\/p>\n<figure id=\"attachment_142426\" aria-describedby=\"caption-attachment-142426\" style=\"width: 683px\" class=\"wp-caption alignnone\"><img loading=\"lazy\" decoding=\"async\" class=\"size-large wp-image-142426\" src=\"https:\/\/graziamagazine.com\/mx\/wp-content\/uploads\/sites\/13\/2024\/10\/33-A-683x1024.jpg\" alt=\"FENDI Siesta Bag: Estilo Vers\u00e1til y Sofisticado\" width=\"683\" height=\"1024\" srcset=\"https:\/\/graziamagazine.com\/mx\/wp-content\/uploads\/sites\/13\/2024\/10\/33-A-683x1024.jpg 683w, https:\/\/graziamagazine.com\/mx\/wp-content\/uploads\/sites\/13\/2024\/10\/33-A-300x450.jpg 300w, https:\/\/graziamagazine.com\/mx\/wp-content\/uploads\/sites\/13\/2024\/10\/33-A-768x1152.jpg 768w, https:\/\/graziamagazine.com\/mx\/wp-content\/uploads\/sites\/13\/2024\/10\/33-A-1024x1536.jpg 1024w, https:\/\/graziamagazine.com\/mx\/wp-content\/uploads\/sites\/13\/2024\/10\/33-A-1365x2048.jpg 1365w, https:\/\/graziamagazine.com\/mx\/wp-content\/uploads\/sites\/13\/2024\/10\/33-A-400x600.jpg 400w, https:\/\/graziamagazine.com\/mx\/wp-content\/uploads\/sites\/13\/2024\/10\/33-A-143x215.jpg 143w, https:\/\/graziamagazine.com\/mx\/wp-content\/uploads\/sites\/13\/2024\/10\/33-A.jpg 1535w\" sizes=\"(max-width: 683px) 100vw, 683px\" \/><figcaption id=\"caption-attachment-142426\" class=\"wp-caption-text\">FENDI Siesta Bag: Estilo Vers\u00e1til y Sofisticado<\/figcaption><\/figure>\n<p>Disponible en\u00a0grande, mediano y peque\u00f1o, la <strong>Siesta bag<\/strong> encarna la versatilidad sin sacrificar estilo. Cada tama\u00f1o est\u00e1 cuidadosamente dise\u00f1ado para ofrecer practicidad sin perder el sentido de refinamiento que caracteriza a la marca.<\/p>\n<p>La silueta suave y su dise\u00f1o esencial, pero funcional, hacen de esta bolsa una opci\u00f3n ideal tanto para los d\u00edas de trabajo como para momentos de ocio, proporcionando espacio suficiente para todo lo necesario.<\/p>\n<p>Una de las versiones m\u00e1s destacadas de la <strong>FENDI Siesta<\/strong> es la de la l\u00ednea <strong>Selleria<\/strong>, una celebraci\u00f3n de la <strong>artesan\u00eda hecha a mano<\/strong> que FENDI ha perfeccionado desde 1925.<\/p>\n<figure id=\"attachment_142423\" aria-describedby=\"caption-attachment-142423\" style=\"width: 683px\" class=\"wp-caption alignnone\"><img loading=\"lazy\" decoding=\"async\" class=\"size-large wp-image-142423\" src=\"https:\/\/graziamagazine.com\/mx\/wp-content\/uploads\/sites\/13\/2024\/10\/19-A-683x1024.jpg\" alt=\"FENDI Siesta Bag: Estilo Vers\u00e1til y Sofisticado\" width=\"683\" height=\"1024\" srcset=\"https:\/\/graziamagazine.com\/mx\/wp-content\/uploads\/sites\/13\/2024\/10\/19-A-683x1024.jpg 683w, https:\/\/graziamagazine.com\/mx\/wp-content\/uploads\/sites\/13\/2024\/10\/19-A-300x450.jpg 300w, https:\/\/graziamagazine.com\/mx\/wp-content\/uploads\/sites\/13\/2024\/10\/19-A-768x1152.jpg 768w, https:\/\/graziamagazine.com\/mx\/wp-content\/uploads\/sites\/13\/2024\/10\/19-A-1024x1536.jpg 1024w, https:\/\/graziamagazine.com\/mx\/wp-content\/uploads\/sites\/13\/2024\/10\/19-A-1365x2048.jpg 1365w, https:\/\/graziamagazine.com\/mx\/wp-content\/uploads\/sites\/13\/2024\/10\/19-A-400x600.jpg 400w, https:\/\/graziamagazine.com\/mx\/wp-content\/uploads\/sites\/13\/2024\/10\/19-A-143x215.jpg 143w, https:\/\/graziamagazine.com\/mx\/wp-content\/uploads\/sites\/13\/2024\/10\/19-A.jpg 1535w\" sizes=\"(max-width: 683px) 100vw, 683px\" \/><figcaption id=\"caption-attachment-142423\" class=\"wp-caption-text\">FENDI Siesta Bag: Estilo Vers\u00e1til y Sofisticado<\/figcaption><\/figure>\n<p>Con detalles de <strong>macro costuras<\/strong> que rodean el cuerpo del bolso, este modelo emplea hasta <strong>570 puntadas<\/strong> en el tama\u00f1o grande, realzando el valor artesanal de cada pieza.<br \/>\nEl bolso <strong>Selleria<\/strong> est\u00e1 adornado con una placa de plata que incluye un <strong>n\u00famero de serie<\/strong> y la inscripci\u00f3n &#8220;FENDI Selleria &#8211; Lavorazione a mano &#8211; Serie numerata&#8221;, resaltando su exclusividad.<\/p>\n<p>Los colores presentados en tonos naturales como carb\u00f3n, verde bosque y beige c\u00e1lido \u2013 acent\u00faan la textura del cuero, evocando una sofisticaci\u00f3n org\u00e1nica y atemporal.<\/p>\n<p>Otro modelo impresionante est\u00e1 confeccionado con el ic\u00f3nico <strong>FENDI Eclissi<\/strong>. Este bolso de jacquard en color tabaco, con un degradado artesanal y detalles en cuero negro, es un homenaje a la tradici\u00f3n visual de la casa italiana.<\/p>\n<figure id=\"attachment_142424\" aria-describedby=\"caption-attachment-142424\" style=\"width: 683px\" class=\"wp-caption alignnone\"><img loading=\"lazy\" decoding=\"async\" class=\"size-large wp-image-142424\" src=\"https:\/\/graziamagazine.com\/mx\/wp-content\/uploads\/sites\/13\/2024\/10\/24-A-683x1024.jpg\" alt=\"FENDI Siesta Bag: Estilo Vers\u00e1til y Sofisticado\" width=\"683\" height=\"1024\" srcset=\"https:\/\/graziamagazine.com\/mx\/wp-content\/uploads\/sites\/13\/2024\/10\/24-A-683x1024.jpg 683w, https:\/\/graziamagazine.com\/mx\/wp-content\/uploads\/sites\/13\/2024\/10\/24-A-300x450.jpg 300w, https:\/\/graziamagazine.com\/mx\/wp-content\/uploads\/sites\/13\/2024\/10\/24-A-768x1152.jpg 768w, https:\/\/graziamagazine.com\/mx\/wp-content\/uploads\/sites\/13\/2024\/10\/24-A-1024x1536.jpg 1024w, https:\/\/graziamagazine.com\/mx\/wp-content\/uploads\/sites\/13\/2024\/10\/24-A-1365x2048.jpg 1365w, https:\/\/graziamagazine.com\/mx\/wp-content\/uploads\/sites\/13\/2024\/10\/24-A-400x600.jpg 400w, https:\/\/graziamagazine.com\/mx\/wp-content\/uploads\/sites\/13\/2024\/10\/24-A-143x215.jpg 143w, https:\/\/graziamagazine.com\/mx\/wp-content\/uploads\/sites\/13\/2024\/10\/24-A.jpg 1535w\" sizes=\"(max-width: 683px) 100vw, 683px\" \/><figcaption id=\"caption-attachment-142424\" class=\"wp-caption-text\">FENDI Siesta Bag: Estilo Vers\u00e1til y Sofisticado<\/figcaption><\/figure>\n<p>El contraste entre el estampado <strong>FF<\/strong> y el cuero refuerza el car\u00e1cter distintivo de esta versi\u00f3n, manteniendo su esencia de elegancia cl\u00e1sica.<\/p>\n<p>La <strong>Siesta bag<\/strong> tambi\u00e9n destaca por su <strong>interior espacioso<\/strong> y su versatilidad pr\u00e1ctica. Equipada con dos asas y una correa larga de cuero, puede llevarse al hombro como un bolso tradicional o plana como una almohada, tal como se vio en la pasarela.<\/p>\n<p>Este equilibrio entre lo funcional y lo lujoso asegura que la Siesta bag sea una opci\u00f3n ideal para cualquier ocasi\u00f3n.<\/p>\n<p><em><strong>*IMAGEN: Cortes\u00eda<\/strong><\/em><\/p>\n","protected":false},"author":28953,"featured_media":142422,"template":"","format":"standard","categories":[4],"acf":[],"yoast_head":"<!-- This site is optimized with the Yoast SEO Premium plugin v18.5 (Yoast SEO v20.4) - https:\/\/yoast.com\/wordpress\/plugins\/seo\/ -->\n<title>FENDI Siesta Bag: Estilo Vers\u00e1til y Sofisticado<\/title>\n<meta name=\"description\" content=\"La nueva FENDI Siesta bag combina artesan\u00eda italiana y funcionalidad, transform\u00e1ndose entre bolso y almohada con elegancia moderna.\" \/>\n<meta name=\"robots\" content=\"index, follow, max-snippet:-1, max-image-preview:large, max-video-preview:-1\" \/>\n<link rel=\"canonical\" href=\"https:\/\/graziamagazine.com\/mx\/articles\/fendi-siesta-bag-estilo-versatil-y-sofisticado\/\" \/>\n<meta property=\"og:locale\" content=\"es_MX\" \/>\n<meta property=\"og:type\" content=\"article\" \/>\n<meta property=\"og:title\" content=\"FENDI Siesta Bag: Estilo Vers\u00e1til y Sofisticado\" \/>\n<meta property=\"og:description\" content=\"La nueva FENDI Siesta bag combina artesan\u00eda italiana y funcionalidad, transform\u00e1ndose entre bolso y almohada con elegancia moderna.\" \/>\n<meta property=\"og:url\" content=\"https:\/\/graziamagazine.com\/mx\/articles\/fendi-siesta-bag-estilo-versatil-y-sofisticado\/\" \/>\n<meta property=\"og:site_name\" content=\"Grazia M\u00e9xico y Latinoam\u00e9rica\" \/>\n<meta property=\"article:modified_time\" content=\"2024-10-10T14:44:39+00:00\" \/>\n<meta property=\"og:image\" content=\"https:\/\/graziamagazine.com\/mx\/wp-content\/uploads\/sites\/13\/2024\/10\/04-A-e1728520547909.jpg\" \/>\n\t<meta property=\"og:image:width\" content=\"1535\" \/>\n\t<meta property=\"og:image:height\" content=\"1124\" \/>\n\t<meta property=\"og:image:type\" content=\"image\/jpeg\" \/>\n<meta name=\"twitter:card\" content=\"summary_large_image\" \/>\n<meta name=\"twitter:label1\" content=\"Est. reading time\" \/>\n\t<meta name=\"twitter:data1\" content=\"3 minutos\" \/>\n<script type=\"application\/ld+json\" class=\"yoast-schema-graph\">{\"@context\":\"https:\/\/schema.org\",\"@graph\":[{\"@type\":\"WebPage\",\"@id\":\"https:\/\/graziamagazine.com\/mx\/articles\/fendi-siesta-bag-estilo-versatil-y-sofisticado\/\",\"url\":\"https:\/\/graziamagazine.com\/mx\/articles\/fendi-siesta-bag-estilo-versatil-y-sofisticado\/\",\"name\":\"FENDI Siesta Bag: Estilo Vers\u00e1til y Sofisticado\",\"isPartOf\":{\"@id\":\"https:\/\/graziamagazine.com\/mx\/#website\"},\"datePublished\":\"2024-10-10T00:34:16+00:00\",\"dateModified\":\"2024-10-10T14:44:39+00:00\",\"description\":\"La nueva FENDI Siesta bag combina artesan\u00eda italiana y funcionalidad, transform\u00e1ndose entre bolso y almohada con elegancia moderna.\",\"breadcrumb\":{\"@id\":\"https:\/\/graziamagazine.com\/mx\/articles\/fendi-siesta-bag-estilo-versatil-y-sofisticado\/#breadcrumb\"},\"inLanguage\":\"es-MX\",\"potentialAction\":[{\"@type\":\"ReadAction\",\"target\":[\"https:\/\/graziamagazine.com\/mx\/articles\/fendi-siesta-bag-estilo-versatil-y-sofisticado\/\"]}]},{\"@type\":\"BreadcrumbList\",\"@id\":\"https:\/\/graziamagazine.com\/mx\/articles\/fendi-siesta-bag-estilo-versatil-y-sofisticado\/#breadcrumb\",\"itemListElement\":[{\"@type\":\"ListItem\",\"position\":1,\"name\":\"Home\",\"item\":\"https:\/\/graziamagazine.com\/mx\/\"},{\"@type\":\"ListItem\",\"position\":2,\"name\":\"FENDI Siesta Bag: Estilo Vers\u00e1til y Sofisticado\"}]},{\"@type\":\"WebSite\",\"@id\":\"https:\/\/graziamagazine.com\/mx\/#website\",\"url\":\"https:\/\/graziamagazine.com\/mx\/\",\"name\":\"Grazia M\u00e9xico y Latinoam\u00e9rica\",\"description\":\"Grazia es moda, belleza y noticias  de actualidad \",\"potentialAction\":[{\"@type\":\"SearchAction\",\"target\":{\"@type\":\"EntryPoint\",\"urlTemplate\":\"https:\/\/graziamagazine.com\/mx\/?s={search_term_string}\"},\"query-input\":\"required name=search_term_string\"}],\"inLanguage\":\"es-MX\"}]}<\/script>\n<!-- \/ Yoast SEO Premium plugin. -->","yoast_head_json":{"title":"FENDI Siesta Bag: Estilo Vers\u00e1til y Sofisticado","description":"La nueva FENDI Siesta bag combina artesan\u00eda italiana y funcionalidad, transform\u00e1ndose entre bolso y almohada con elegancia moderna.","robots":{"index":"index","follow":"follow","max-snippet":"max-snippet:-1","max-image-preview":"max-image-preview:large","max-video-preview":"max-video-preview:-1"},"canonical":"https:\/\/graziamagazine.com\/mx\/articles\/fendi-siesta-bag-estilo-versatil-y-sofisticado\/","og_locale":"es_MX","og_type":"article","og_title":"FENDI Siesta Bag: Estilo Vers\u00e1til y Sofisticado","og_description":"La nueva FENDI Siesta bag combina artesan\u00eda italiana y funcionalidad, transform\u00e1ndose entre bolso y almohada con elegancia moderna.","og_url":"https:\/\/graziamagazine.com\/mx\/articles\/fendi-siesta-bag-estilo-versatil-y-sofisticado\/","og_site_name":"Grazia M\u00e9xico y Latinoam\u00e9rica","article_modified_time":"2024-10-10T14:44:39+00:00","og_image":[{"width":1535,"height":1124,"url":"https:\/\/graziamagazine.com\/mx\/wp-content\/uploads\/sites\/13\/2024\/10\/04-A-e1728520547909.jpg","type":"image\/jpeg"}],"twitter_card":"summary_large_image","twitter_misc":{"Est. reading time":"3 minutos"},"schema":{"@context":"https:\/\/schema.org","@graph":[{"@type":"WebPage","@id":"https:\/\/graziamagazine.com\/mx\/articles\/fendi-siesta-bag-estilo-versatil-y-sofisticado\/","url":"https:\/\/graziamagazine.com\/mx\/articles\/fendi-siesta-bag-estilo-versatil-y-sofisticado\/","name":"FENDI Siesta Bag: Estilo Vers\u00e1til y Sofisticado","isPartOf":{"@id":"https:\/\/graziamagazine.com\/mx\/#website"},"datePublished":"2024-10-10T00:34:16+00:00","dateModified":"2024-10-10T14:44:39+00:00","description":"La nueva FENDI Siesta bag combina artesan\u00eda italiana y funcionalidad, transform\u00e1ndose entre bolso y almohada con elegancia moderna.","breadcrumb":{"@id":"https:\/\/graziamagazine.com\/mx\/articles\/fendi-siesta-bag-estilo-versatil-y-sofisticado\/#breadcrumb"},"inLanguage":"es-MX","potentialAction":[{"@type":"ReadAction","target":["https:\/\/graziamagazine.com\/mx\/articles\/fendi-siesta-bag-estilo-versatil-y-sofisticado\/"]}]},{"@type":"BreadcrumbList","@id":"https:\/\/graziamagazine.com\/mx\/articles\/fendi-siesta-bag-estilo-versatil-y-sofisticado\/#breadcrumb","itemListElement":[{"@type":"ListItem","position":1,"name":"Home","item":"https:\/\/graziamagazine.com\/mx\/"},{"@type":"ListItem","position":2,"name":"FENDI Siesta Bag: Estilo Vers\u00e1til y Sofisticado"}]},{"@type":"WebSite","@id":"https:\/\/graziamagazine.com\/mx\/#website","url":"https:\/\/graziamagazine.com\/mx\/","name":"Grazia M\u00e9xico y Latinoam\u00e9rica","description":"Grazia es moda, belleza y noticias  de actualidad ","potentialAction":[{"@type":"SearchAction","target":{"@type":"EntryPoint","urlTemplate":"https:\/\/graziamagazine.com\/mx\/?s={search_term_string}"},"query-input":"required name=search_term_string"}],"inLanguage":"es-MX"}]}},"jetpack_sharing_enabled":true,"distributor_meta":false,"distributor_terms":false,"distributor_media":false,"distributor_original_site_name":"Grazia M\u00e9xico y Latinoam\u00e9rica","distributor_original_site_url":"https:\/\/graziamagazine.com\/mx","push-errors":false,"_links":{"self":[{"href":"https:\/\/graziamagazine.com\/mx\/wp-json\/wp\/v2\/articles\/142409"}],"collection":[{"href":"https:\/\/graziamagazine.com\/mx\/wp-json\/wp\/v2\/articles"}],"about":[{"href":"https:\/\/graziamagazine.com\/mx\/wp-json\/wp\/v2\/types\/articles"}],"author":[{"embeddable":true,"href":"https:\/\/graziamagazine.com\/mx\/wp-json\/wp\/v2\/users\/28953"}],"wp:featuredmedia":[{"embeddable":true,"href":"https:\/\/graziamagazine.com\/mx\/wp-json\/wp\/v2\/media\/142422"}],"wp:attachment":[{"href":"https:\/\/graziamagazine.com\/mx\/wp-json\/wp\/v2\/media?parent=142409"}],"wp:term":[{"taxonomy":"category","embeddable":true,"href":"https:\/\/graziamagazine.com\/mx\/wp-json\/wp\/v2\/categories?post=142409"}],"curies":[{"name":"wp","href":"https:\/\/api.w.org\/{rel}","templated":true}]}}