{"id":142380,"date":"2024-10-08T11:50:58","date_gmt":"2024-10-08T16:50:58","guid":{"rendered":"https:\/\/graziamagazine.com\/mx\/?post_type=articles&#038;p=142380"},"modified":"2024-10-09T09:46:21","modified_gmt":"2024-10-09T14:46:21","slug":"kanue-reeves-se-estrena-como-piloto-de-carreras","status":"publish","type":"articles","link":"https:\/\/graziamagazine.com\/mx\/articles\/kanue-reeves-se-estrena-como-piloto-de-carreras\/","title":{"rendered":"Kanue Reeves se estrena como piloto de carreras"},"content":{"rendered":"<p><span style=\"font-weight: 400\"><strong>Keanu Reeves<\/strong> dej\u00f3 los escenarios por un momento e hizo su debut en las carreras de autos profesionales durante un evento el s\u00e1bado 5 de octubre en el que el actor hizo un trompo en el famoso <strong>Indianapolis Motor Speedway.<\/strong><\/span><\/p>\n<p><span style=\"font-weight: 400\">Reeves realiz\u00f3 los giros en el pasto sin chocar a la salida de la curva nueve, un poco m\u00e1s de la mitad de la carrera de 45 minutos. Volvi\u00f3 a entrar y continu\u00f3 conduciendo, indicando que no estaba herido.<\/span><\/p>\n<p><span style=\"font-weight: 400\">El actor, que inici\u00f3 en el puesto 31 de los 35 autos, lleg\u00f3 al puesto 21 y evit\u00f3 con \u00e9xito un choque en la primera vuelta en la curva 14; al final <strong>termin\u00f3 en el puesto 25.<\/strong><\/span><\/p>\n<p><img loading=\"lazy\" decoding=\"async\" class=\"alignnone size-medium wp-image-142388\" src=\"https:\/\/graziamagazine.com\/mx\/wp-content\/uploads\/sites\/13\/2024\/10\/Captura-de-Pantalla-2024-10-08-a-las-10.32.05-450x291.png\" alt=\"\" width=\"450\" height=\"291\" srcset=\"https:\/\/graziamagazine.com\/mx\/wp-content\/uploads\/sites\/13\/2024\/10\/Captura-de-Pantalla-2024-10-08-a-las-10.32.05-450x291.png 450w, https:\/\/graziamagazine.com\/mx\/wp-content\/uploads\/sites\/13\/2024\/10\/Captura-de-Pantalla-2024-10-08-a-las-10.32.05-400x259.png 400w, https:\/\/graziamagazine.com\/mx\/wp-content\/uploads\/sites\/13\/2024\/10\/Captura-de-Pantalla-2024-10-08-a-las-10.32.05-155x100.png 155w, https:\/\/graziamagazine.com\/mx\/wp-content\/uploads\/sites\/13\/2024\/10\/Captura-de-Pantalla-2024-10-08-a-las-10.32.05.png 485w\" sizes=\"(max-width: 450px) 100vw, 450px\" \/><\/p>\n<p><span style=\"font-weight: 400\">Keanu Reeves, de 60 a\u00f1os, est\u00e1 compitiendo en Indian\u00e1polis en la <strong>Toyota GR Cup<\/strong>, una serie de carreras espec\u00edficas de Toyota y una serie de apoyo para el evento de autos deportivos <strong>Indy 8 Hour<\/strong> de ese fin de semana.\u00a0<\/span><\/p>\n<p><span style=\"font-weight: 400\">El actor, que tendr\u00e1 una segunda carrera el domingo, conduce el coche <strong>BRZRKR n\u00ba 92<\/strong> (una referencia al personaje de la novela gr\u00e1fica que cre\u00f3) y est\u00e1 promocionando una novela derivada,<em> <strong>The Book of Elsewhere.<\/strong><\/em> Es compa\u00f1ero de equipo de <strong>Cody Jones<\/strong>, de <strong>Dude Perfect.<\/strong><\/span><\/p>\n<p><span style=\"font-weight: 400\">Keanu tiene experiencia previa en carreras, ya que particip\u00f3 en el <strong>Toyota Grand Prix<\/strong> de Long Beach en la carrera de celebridades, ganando el evento en 2009.<\/span><\/p>\n<p><span style=\"font-weight: 400\">Finalmente, Keanu Reeves asistir\u00e1 a una proyecci\u00f3n del 30\u00ba aniversario de <em><strong>Speed<\/strong><\/em> \u200ben Los \u00c1ngeles junto con su coprotagonista <strong>Sandra Bullock.<\/strong><\/span><\/p>\n","protected":false},"author":11628,"featured_media":142389,"template":"","format":"standard","categories":[2],"acf":[],"yoast_head":"<!-- This site is optimized with the Yoast SEO Premium plugin v18.5 (Yoast SEO v20.4) - https:\/\/yoast.com\/wordpress\/plugins\/seo\/ -->\n<title>Kanue Reeves se estrena como piloto de carreras | Grazia M\u00e9xico y Latinoam\u00e9rica<\/title>\n<meta name=\"description\" content=\"Keanu Reeves dej\u00f3 los escenarios por un momento e hizo su debut en las carreras de autos profesionales durante un evento el s\u00e1bado 5 de octubre en el que\" \/>\n<meta name=\"robots\" content=\"index, follow, max-snippet:-1, max-image-preview:large, max-video-preview:-1\" \/>\n<link rel=\"canonical\" href=\"https:\/\/graziamagazine.com\/mx\/articles\/kanue-reeves-se-estrena-como-piloto-de-carreras\/\" \/>\n<meta property=\"og:locale\" content=\"es_MX\" \/>\n<meta property=\"og:type\" content=\"article\" \/>\n<meta property=\"og:title\" content=\"Kanue Reeves se estrena como piloto de carreras\" \/>\n<meta property=\"og:description\" content=\"Keanu Reeves dej\u00f3 los escenarios por un momento e hizo su debut en las carreras de autos profesionales durante un evento el s\u00e1bado 5 de octubre en el que\" \/>\n<meta property=\"og:url\" content=\"https:\/\/graziamagazine.com\/mx\/articles\/kanue-reeves-se-estrena-como-piloto-de-carreras\/\" \/>\n<meta property=\"og:site_name\" content=\"Grazia M\u00e9xico y Latinoam\u00e9rica\" \/>\n<meta property=\"article:modified_time\" content=\"2024-10-09T14:46:21+00:00\" \/>\n<meta property=\"og:image\" content=\"https:\/\/graziamagazine.com\/mx\/wp-content\/uploads\/sites\/13\/2024\/10\/Captura-de-Pantalla-2024-10-08-a-las-10.32.44.png\" \/>\n\t<meta property=\"og:image:width\" content=\"560\" \/>\n\t<meta property=\"og:image:height\" content=\"273\" \/>\n\t<meta property=\"og:image:type\" content=\"image\/png\" \/>\n<meta name=\"twitter:card\" content=\"summary_large_image\" \/>\n<meta name=\"twitter:label1\" content=\"Est. reading time\" \/>\n\t<meta name=\"twitter:data1\" content=\"2 minutos\" \/>\n<script type=\"application\/ld+json\" class=\"yoast-schema-graph\">{\"@context\":\"https:\/\/schema.org\",\"@graph\":[{\"@type\":\"WebPage\",\"@id\":\"https:\/\/graziamagazine.com\/mx\/articles\/kanue-reeves-se-estrena-como-piloto-de-carreras\/\",\"url\":\"https:\/\/graziamagazine.com\/mx\/articles\/kanue-reeves-se-estrena-como-piloto-de-carreras\/\",\"name\":\"Kanue Reeves se estrena como piloto de carreras | Grazia M\u00e9xico y Latinoam\u00e9rica\",\"isPartOf\":{\"@id\":\"https:\/\/graziamagazine.com\/mx\/#website\"},\"datePublished\":\"2024-10-08T16:50:58+00:00\",\"dateModified\":\"2024-10-09T14:46:21+00:00\",\"description\":\"Keanu Reeves dej\u00f3 los escenarios por un momento e hizo su debut en las carreras de autos profesionales durante un evento el s\u00e1bado 5 de octubre en el que\",\"breadcrumb\":{\"@id\":\"https:\/\/graziamagazine.com\/mx\/articles\/kanue-reeves-se-estrena-como-piloto-de-carreras\/#breadcrumb\"},\"inLanguage\":\"es-MX\",\"potentialAction\":[{\"@type\":\"ReadAction\",\"target\":[\"https:\/\/graziamagazine.com\/mx\/articles\/kanue-reeves-se-estrena-como-piloto-de-carreras\/\"]}]},{\"@type\":\"BreadcrumbList\",\"@id\":\"https:\/\/graziamagazine.com\/mx\/articles\/kanue-reeves-se-estrena-como-piloto-de-carreras\/#breadcrumb\",\"itemListElement\":[{\"@type\":\"ListItem\",\"position\":1,\"name\":\"Home\",\"item\":\"https:\/\/graziamagazine.com\/mx\/\"},{\"@type\":\"ListItem\",\"position\":2,\"name\":\"Kanue Reeves se estrena como piloto de carreras\"}]},{\"@type\":\"WebSite\",\"@id\":\"https:\/\/graziamagazine.com\/mx\/#website\",\"url\":\"https:\/\/graziamagazine.com\/mx\/\",\"name\":\"Grazia M\u00e9xico y Latinoam\u00e9rica\",\"description\":\"Grazia es moda, belleza y noticias  de actualidad \",\"potentialAction\":[{\"@type\":\"SearchAction\",\"target\":{\"@type\":\"EntryPoint\",\"urlTemplate\":\"https:\/\/graziamagazine.com\/mx\/?s={search_term_string}\"},\"query-input\":\"required name=search_term_string\"}],\"inLanguage\":\"es-MX\"}]}<\/script>\n<!-- \/ Yoast SEO Premium plugin. -->","yoast_head_json":{"title":"Kanue Reeves se estrena como piloto de carreras | Grazia M\u00e9xico y Latinoam\u00e9rica","description":"Keanu Reeves dej\u00f3 los escenarios por un momento e hizo su debut en las carreras de autos profesionales durante un evento el s\u00e1bado 5 de octubre en el que","robots":{"index":"index","follow":"follow","max-snippet":"max-snippet:-1","max-image-preview":"max-image-preview:large","max-video-preview":"max-video-preview:-1"},"canonical":"https:\/\/graziamagazine.com\/mx\/articles\/kanue-reeves-se-estrena-como-piloto-de-carreras\/","og_locale":"es_MX","og_type":"article","og_title":"Kanue Reeves se estrena como piloto de carreras","og_description":"Keanu Reeves dej\u00f3 los escenarios por un momento e hizo su debut en las carreras de autos profesionales durante un evento el s\u00e1bado 5 de octubre en el que","og_url":"https:\/\/graziamagazine.com\/mx\/articles\/kanue-reeves-se-estrena-como-piloto-de-carreras\/","og_site_name":"Grazia M\u00e9xico y Latinoam\u00e9rica","article_modified_time":"2024-10-09T14:46:21+00:00","og_image":[{"width":560,"height":273,"url":"https:\/\/graziamagazine.com\/mx\/wp-content\/uploads\/sites\/13\/2024\/10\/Captura-de-Pantalla-2024-10-08-a-las-10.32.44.png","type":"image\/png"}],"twitter_card":"summary_large_image","twitter_misc":{"Est. reading time":"2 minutos"},"schema":{"@context":"https:\/\/schema.org","@graph":[{"@type":"WebPage","@id":"https:\/\/graziamagazine.com\/mx\/articles\/kanue-reeves-se-estrena-como-piloto-de-carreras\/","url":"https:\/\/graziamagazine.com\/mx\/articles\/kanue-reeves-se-estrena-como-piloto-de-carreras\/","name":"Kanue Reeves se estrena como piloto de carreras | Grazia M\u00e9xico y Latinoam\u00e9rica","isPartOf":{"@id":"https:\/\/graziamagazine.com\/mx\/#website"},"datePublished":"2024-10-08T16:50:58+00:00","dateModified":"2024-10-09T14:46:21+00:00","description":"Keanu Reeves dej\u00f3 los escenarios por un momento e hizo su debut en las carreras de autos profesionales durante un evento el s\u00e1bado 5 de octubre en el que","breadcrumb":{"@id":"https:\/\/graziamagazine.com\/mx\/articles\/kanue-reeves-se-estrena-como-piloto-de-carreras\/#breadcrumb"},"inLanguage":"es-MX","potentialAction":[{"@type":"ReadAction","target":["https:\/\/graziamagazine.com\/mx\/articles\/kanue-reeves-se-estrena-como-piloto-de-carreras\/"]}]},{"@type":"BreadcrumbList","@id":"https:\/\/graziamagazine.com\/mx\/articles\/kanue-reeves-se-estrena-como-piloto-de-carreras\/#breadcrumb","itemListElement":[{"@type":"ListItem","position":1,"name":"Home","item":"https:\/\/graziamagazine.com\/mx\/"},{"@type":"ListItem","position":2,"name":"Kanue Reeves se estrena como piloto de carreras"}]},{"@type":"WebSite","@id":"https:\/\/graziamagazine.com\/mx\/#website","url":"https:\/\/graziamagazine.com\/mx\/","name":"Grazia M\u00e9xico y Latinoam\u00e9rica","description":"Grazia es moda, belleza y noticias  de actualidad ","potentialAction":[{"@type":"SearchAction","target":{"@type":"EntryPoint","urlTemplate":"https:\/\/graziamagazine.com\/mx\/?s={search_term_string}"},"query-input":"required name=search_term_string"}],"inLanguage":"es-MX"}]}},"jetpack_sharing_enabled":true,"distributor_meta":false,"distributor_terms":false,"distributor_media":false,"distributor_original_site_name":"Grazia M\u00e9xico y Latinoam\u00e9rica","distributor_original_site_url":"https:\/\/graziamagazine.com\/mx","push-errors":false,"_links":{"self":[{"href":"https:\/\/graziamagazine.com\/mx\/wp-json\/wp\/v2\/articles\/142380"}],"collection":[{"href":"https:\/\/graziamagazine.com\/mx\/wp-json\/wp\/v2\/articles"}],"about":[{"href":"https:\/\/graziamagazine.com\/mx\/wp-json\/wp\/v2\/types\/articles"}],"author":[{"embeddable":true,"href":"https:\/\/graziamagazine.com\/mx\/wp-json\/wp\/v2\/users\/11628"}],"wp:featuredmedia":[{"embeddable":true,"href":"https:\/\/graziamagazine.com\/mx\/wp-json\/wp\/v2\/media\/142389"}],"wp:attachment":[{"href":"https:\/\/graziamagazine.com\/mx\/wp-json\/wp\/v2\/media?parent=142380"}],"wp:term":[{"taxonomy":"category","embeddable":true,"href":"https:\/\/graziamagazine.com\/mx\/wp-json\/wp\/v2\/categories?post=142380"}],"curies":[{"name":"wp","href":"https:\/\/api.w.org\/{rel}","templated":true}]}}