{"id":142293,"date":"2024-10-04T17:55:56","date_gmt":"2024-10-04T22:55:56","guid":{"rendered":"https:\/\/graziamagazine.com\/mx\/?post_type=articles&#038;p=142293"},"modified":"2024-10-06T13:18:44","modified_gmt":"2024-10-06T18:18:44","slug":"sesenta-anos-60-fotos-homenaje-al-museo-de-antropologia","status":"publish","type":"articles","link":"https:\/\/graziamagazine.com\/mx\/articles\/sesenta-anos-60-fotos-homenaje-al-museo-de-antropologia\/","title":{"rendered":"\u201cSesenta A\u00f1os, 60 Fotos\u201d: Homenaje al Museo de Antropolog\u00eda"},"content":{"rendered":"<p>La Galer\u00eda Abierta de las Rejas del Bosque de Chapultepec se convierte en el escenario de una impresionante exposici\u00f3n que rinde homenaje al <strong>Museo Nacional de Antropolog\u00eda<\/strong> en su 60 aniversario. <strong>\u201cSesenta A\u00f1os, 60 Fotos\u201d<\/strong>, curada por <strong>Rudy F. Weissenberg<\/strong>, re\u00fane el trabajo de <strong>seis fot\u00f3grafos mexicanos<\/strong> que, a trav\u00e9s de im\u00e1genes capturadas con el iPhone 16 Pro Max, nos invitan a reflexionar sobre el M\u00e9xico antiguo y el M\u00e9xico actual.<\/p>\n<p>Los fot\u00f3grafos <strong>Tania Franco Klein, Gustavo Garc\u00eda-Villa, Luvia Lazo, Enrique Leyva, Karla Lisker y Manuel Z\u00fa\u00f1iga<\/strong> han creado series fotogr\u00e1ficas que examinan qui\u00e9nes somos como mexicanos, qui\u00e9nes fuimos y qu\u00e9 nos espera en el futuro.<\/p>\n<figure id=\"attachment_142294\" aria-describedby=\"caption-attachment-142294\" style=\"width: 822px\" class=\"wp-caption alignnone\"><img loading=\"lazy\" decoding=\"async\" class=\"size-large wp-image-142294\" src=\"https:\/\/graziamagazine.com\/mx\/wp-content\/uploads\/sites\/13\/2024\/10\/IMG_0232_GG-822x1024.jpg\" alt=\"\u201cSesenta A\u00f1os, 60 Fotos\u201d: Homenaje al Museo de Antropolog\u00eda\" width=\"822\" height=\"1024\" srcset=\"https:\/\/graziamagazine.com\/mx\/wp-content\/uploads\/sites\/13\/2024\/10\/IMG_0232_GG-822x1024.jpg 822w, https:\/\/graziamagazine.com\/mx\/wp-content\/uploads\/sites\/13\/2024\/10\/IMG_0232_GG-361x450.jpg 361w, https:\/\/graziamagazine.com\/mx\/wp-content\/uploads\/sites\/13\/2024\/10\/IMG_0232_GG-768x957.jpg 768w, https:\/\/graziamagazine.com\/mx\/wp-content\/uploads\/sites\/13\/2024\/10\/IMG_0232_GG-1232x1536.jpg 1232w, https:\/\/graziamagazine.com\/mx\/wp-content\/uploads\/sites\/13\/2024\/10\/IMG_0232_GG-1643x2048.jpg 1643w, https:\/\/graziamagazine.com\/mx\/wp-content\/uploads\/sites\/13\/2024\/10\/IMG_0232_GG-400x499.jpg 400w, https:\/\/graziamagazine.com\/mx\/wp-content\/uploads\/sites\/13\/2024\/10\/IMG_0232_GG-155x193.jpg 155w\" sizes=\"(max-width: 822px) 100vw, 822px\" \/><figcaption id=\"caption-attachment-142294\" class=\"wp-caption-text\">\u201cSesenta A\u00f1os, 60 Fotos\u201d: Homenaje al Museo de Antropolog\u00eda<\/figcaption><\/figure>\n<p>Inspirados por las majestuosas salas del Museo Nacional de Antropolog\u00eda, sus im\u00e1genes establecen un di\u00e1logo entre el patrimonio cultural que se exhibe en el museo y la vida cotidiana que palpita en las calles de M\u00e9xico.<\/p>\n<p>Cada una de estas fotograf\u00edas destaca por su est\u00e9tica \u00fanica y profunda. En el proceso creativo, los artistas utilizaron las innovadoras caracter\u00edsticas del iPhone 16 Pro Max, que permiti\u00f3 capturar cada detalle con una calidad excepcional.<\/p>\n<p>El <strong>Control de C\u00e1mara<\/strong>, con su interfaz din\u00e1mica y sensible a la presi\u00f3n, facilit\u00f3 una experiencia intuitiva para los fot\u00f3grafos. <strong>Gustavo Garc\u00eda-Villa y Karla Lisker<\/strong> elogiaron esta funcionalidad, que les permiti\u00f3 concentrarse en el encuadre sin distracciones.<\/p>\n<figure id=\"attachment_142297\" aria-describedby=\"caption-attachment-142297\" style=\"width: 768px\" class=\"wp-caption alignnone\"><img loading=\"lazy\" decoding=\"async\" class=\"size-large wp-image-142297\" src=\"https:\/\/graziamagazine.com\/mx\/wp-content\/uploads\/sites\/13\/2024\/10\/IMG_1101_MZ-768x1024.jpg\" alt=\"\u201cSesenta A\u00f1os, 60 Fotos\u201d: Homenaje al Museo de Antropolog\u00eda\" width=\"768\" height=\"1024\" srcset=\"https:\/\/graziamagazine.com\/mx\/wp-content\/uploads\/sites\/13\/2024\/10\/IMG_1101_MZ-768x1024.jpg 768w, https:\/\/graziamagazine.com\/mx\/wp-content\/uploads\/sites\/13\/2024\/10\/IMG_1101_MZ-338x450.jpg 338w, https:\/\/graziamagazine.com\/mx\/wp-content\/uploads\/sites\/13\/2024\/10\/IMG_1101_MZ-1152x1536.jpg 1152w, https:\/\/graziamagazine.com\/mx\/wp-content\/uploads\/sites\/13\/2024\/10\/IMG_1101_MZ-1536x2048.jpg 1536w, https:\/\/graziamagazine.com\/mx\/wp-content\/uploads\/sites\/13\/2024\/10\/IMG_1101_MZ-400x533.jpg 400w, https:\/\/graziamagazine.com\/mx\/wp-content\/uploads\/sites\/13\/2024\/10\/IMG_1101_MZ-155x207.jpg 155w, https:\/\/graziamagazine.com\/mx\/wp-content\/uploads\/sites\/13\/2024\/10\/IMG_1101_MZ-scaled.jpg 1920w\" sizes=\"(max-width: 768px) 100vw, 768px\" \/><figcaption id=\"caption-attachment-142297\" class=\"wp-caption-text\">\u201cSesenta A\u00f1os, 60 Fotos\u201d: Homenaje al Museo de Antropolog\u00eda<\/figcaption><\/figure>\n<p>Adem\u00e1s, la <strong>c\u00e1mara de 48 MP<\/strong> y el chip <strong>A18 Pro<\/strong> llevaron las im\u00e1genes a un nivel t\u00e9cnico superior. <strong>Tania Franco Klein<\/strong>, por ejemplo, aprovech\u00f3 la resoluci\u00f3n para producir fotograf\u00edas de gran formato, ideales para las dimensiones de la Galer\u00eda Abierta.<\/p>\n<p>Las tomas de <strong>Manuel Z\u00fa\u00f1iga<\/strong>, por su parte, capturan la esencia de la cultura mexicana a trav\u00e9s de \u00e1ngulos amplios y un enfoque detallado en las danzas tradicionales.<\/p>\n<figure id=\"attachment_142295\" aria-describedby=\"caption-attachment-142295\" style=\"width: 768px\" class=\"wp-caption alignnone\"><img loading=\"lazy\" decoding=\"async\" class=\"size-large wp-image-142295\" src=\"https:\/\/graziamagazine.com\/mx\/wp-content\/uploads\/sites\/13\/2024\/10\/IMG_0317_GG-768x1024.jpg\" alt=\"\u201cSesenta A\u00f1os, 60 Fotos\u201d: Homenaje al Museo de Antropolog\u00eda\" width=\"768\" height=\"1024\" srcset=\"https:\/\/graziamagazine.com\/mx\/wp-content\/uploads\/sites\/13\/2024\/10\/IMG_0317_GG-768x1024.jpg 768w, https:\/\/graziamagazine.com\/mx\/wp-content\/uploads\/sites\/13\/2024\/10\/IMG_0317_GG-338x450.jpg 338w, https:\/\/graziamagazine.com\/mx\/wp-content\/uploads\/sites\/13\/2024\/10\/IMG_0317_GG-1152x1536.jpg 1152w, https:\/\/graziamagazine.com\/mx\/wp-content\/uploads\/sites\/13\/2024\/10\/IMG_0317_GG-1536x2048.jpg 1536w, https:\/\/graziamagazine.com\/mx\/wp-content\/uploads\/sites\/13\/2024\/10\/IMG_0317_GG-400x533.jpg 400w, https:\/\/graziamagazine.com\/mx\/wp-content\/uploads\/sites\/13\/2024\/10\/IMG_0317_GG-155x207.jpg 155w, https:\/\/graziamagazine.com\/mx\/wp-content\/uploads\/sites\/13\/2024\/10\/IMG_0317_GG-scaled.jpg 1920w\" sizes=\"(max-width: 768px) 100vw, 768px\" \/><figcaption id=\"caption-attachment-142295\" class=\"wp-caption-text\">\u201cSesenta A\u00f1os, 60 Fotos\u201d: Homenaje al Museo de Antropolog\u00eda<\/figcaption><\/figure>\n<p>Los <strong>estilos fotogr\u00e1ficos personalizados<\/strong> del <strong>iPhone 16 Pro Max<\/strong> permitieron a los artistas ajustar en tiempo real la iluminaci\u00f3n y el color, logrando un control preciso sobre los tonos y matices.<\/p>\n<p><strong>Enrique Leyva y Luvia Lazo<\/strong> utilizaron estas herramientas para crear retratos profundamente expresivos, ajustando cada imagen hasta alcanzar el balance perfecto entre lo moderno y lo hist\u00f3rico.<\/p>\n<p><strong>\u201cSesenta A\u00f1os, 60 Fotos\u201d<\/strong> estar\u00e1 abierta al p\u00fablico a partir del 4 de octubre, brindando a los visitantes la oportunidad de conectarse con el pasado y el presente de M\u00e9xico a trav\u00e9s del lente contempor\u00e1neo de estos talentosos fot\u00f3grafos.<\/p>\n<p><em><strong>*IMAGEN: Cortes\u00eda<\/strong><\/em><\/p>\n","protected":false},"author":28953,"featured_media":142296,"template":"","format":"standard","categories":[114],"acf":[],"yoast_head":"<!-- This site is optimized with the Yoast SEO Premium plugin v18.5 (Yoast SEO v20.4) - https:\/\/yoast.com\/wordpress\/plugins\/seo\/ -->\n<title>\u201cSesenta A\u00f1os, 60 Fotos\u201d: Homenaje al Museo de Antropolog\u00eda<\/title>\n<meta name=\"description\" content=\"La nueva exposici\u00f3n fotogr\u00e1fica en Chapultepec celebra el 60 aniversario del Museo Nacional de Antropolog\u00eda con una mirada etnol\u00f3gica contempor\u00e1nea.\" \/>\n<meta name=\"robots\" content=\"index, follow, max-snippet:-1, max-image-preview:large, max-video-preview:-1\" \/>\n<link rel=\"canonical\" href=\"https:\/\/graziamagazine.com\/mx\/articles\/sesenta-anos-60-fotos-homenaje-al-museo-de-antropologia\/\" \/>\n<meta property=\"og:locale\" content=\"es_MX\" \/>\n<meta property=\"og:type\" content=\"article\" \/>\n<meta property=\"og:title\" content=\"\u201cSesenta A\u00f1os, 60 Fotos\u201d: Homenaje al Museo de Antropolog\u00eda\" \/>\n<meta property=\"og:description\" content=\"La nueva exposici\u00f3n fotogr\u00e1fica en Chapultepec celebra el 60 aniversario del Museo Nacional de Antropolog\u00eda con una mirada etnol\u00f3gica contempor\u00e1nea.\" \/>\n<meta property=\"og:url\" content=\"https:\/\/graziamagazine.com\/mx\/articles\/sesenta-anos-60-fotos-homenaje-al-museo-de-antropologia\/\" \/>\n<meta property=\"og:site_name\" content=\"Grazia M\u00e9xico y Latinoam\u00e9rica\" \/>\n<meta property=\"article:modified_time\" content=\"2024-10-06T18:18:44+00:00\" \/>\n<meta property=\"og:image\" content=\"https:\/\/graziamagazine.com\/mx\/wp-content\/uploads\/sites\/13\/2024\/10\/IMG_0396_TF-scaled.jpg\" \/>\n\t<meta property=\"og:image:width\" content=\"2560\" \/>\n\t<meta property=\"og:image:height\" content=\"1920\" \/>\n\t<meta property=\"og:image:type\" content=\"image\/jpeg\" \/>\n<meta name=\"twitter:card\" content=\"summary_large_image\" \/>\n<meta name=\"twitter:label1\" content=\"Est. reading time\" \/>\n\t<meta name=\"twitter:data1\" content=\"3 minutos\" \/>\n<script type=\"application\/ld+json\" class=\"yoast-schema-graph\">{\"@context\":\"https:\/\/schema.org\",\"@graph\":[{\"@type\":\"WebPage\",\"@id\":\"https:\/\/graziamagazine.com\/mx\/articles\/sesenta-anos-60-fotos-homenaje-al-museo-de-antropologia\/\",\"url\":\"https:\/\/graziamagazine.com\/mx\/articles\/sesenta-anos-60-fotos-homenaje-al-museo-de-antropologia\/\",\"name\":\"\u201cSesenta A\u00f1os, 60 Fotos\u201d: Homenaje al Museo de Antropolog\u00eda\",\"isPartOf\":{\"@id\":\"https:\/\/graziamagazine.com\/mx\/#website\"},\"datePublished\":\"2024-10-04T22:55:56+00:00\",\"dateModified\":\"2024-10-06T18:18:44+00:00\",\"description\":\"La nueva exposici\u00f3n fotogr\u00e1fica en Chapultepec celebra el 60 aniversario del Museo Nacional de Antropolog\u00eda con una mirada etnol\u00f3gica contempor\u00e1nea.\",\"breadcrumb\":{\"@id\":\"https:\/\/graziamagazine.com\/mx\/articles\/sesenta-anos-60-fotos-homenaje-al-museo-de-antropologia\/#breadcrumb\"},\"inLanguage\":\"es-MX\",\"potentialAction\":[{\"@type\":\"ReadAction\",\"target\":[\"https:\/\/graziamagazine.com\/mx\/articles\/sesenta-anos-60-fotos-homenaje-al-museo-de-antropologia\/\"]}]},{\"@type\":\"BreadcrumbList\",\"@id\":\"https:\/\/graziamagazine.com\/mx\/articles\/sesenta-anos-60-fotos-homenaje-al-museo-de-antropologia\/#breadcrumb\",\"itemListElement\":[{\"@type\":\"ListItem\",\"position\":1,\"name\":\"Home\",\"item\":\"https:\/\/graziamagazine.com\/mx\/\"},{\"@type\":\"ListItem\",\"position\":2,\"name\":\"\u201cSesenta A\u00f1os, 60 Fotos\u201d: Homenaje al Museo de Antropolog\u00eda\"}]},{\"@type\":\"WebSite\",\"@id\":\"https:\/\/graziamagazine.com\/mx\/#website\",\"url\":\"https:\/\/graziamagazine.com\/mx\/\",\"name\":\"Grazia M\u00e9xico y Latinoam\u00e9rica\",\"description\":\"Grazia es moda, belleza y noticias  de actualidad \",\"potentialAction\":[{\"@type\":\"SearchAction\",\"target\":{\"@type\":\"EntryPoint\",\"urlTemplate\":\"https:\/\/graziamagazine.com\/mx\/?s={search_term_string}\"},\"query-input\":\"required name=search_term_string\"}],\"inLanguage\":\"es-MX\"}]}<\/script>\n<!-- \/ Yoast SEO Premium plugin. -->","yoast_head_json":{"title":"\u201cSesenta A\u00f1os, 60 Fotos\u201d: Homenaje al Museo de Antropolog\u00eda","description":"La nueva exposici\u00f3n fotogr\u00e1fica en Chapultepec celebra el 60 aniversario del Museo Nacional de Antropolog\u00eda con una mirada etnol\u00f3gica contempor\u00e1nea.","robots":{"index":"index","follow":"follow","max-snippet":"max-snippet:-1","max-image-preview":"max-image-preview:large","max-video-preview":"max-video-preview:-1"},"canonical":"https:\/\/graziamagazine.com\/mx\/articles\/sesenta-anos-60-fotos-homenaje-al-museo-de-antropologia\/","og_locale":"es_MX","og_type":"article","og_title":"\u201cSesenta A\u00f1os, 60 Fotos\u201d: Homenaje al Museo de Antropolog\u00eda","og_description":"La nueva exposici\u00f3n fotogr\u00e1fica en Chapultepec celebra el 60 aniversario del Museo Nacional de Antropolog\u00eda con una mirada etnol\u00f3gica contempor\u00e1nea.","og_url":"https:\/\/graziamagazine.com\/mx\/articles\/sesenta-anos-60-fotos-homenaje-al-museo-de-antropologia\/","og_site_name":"Grazia M\u00e9xico y Latinoam\u00e9rica","article_modified_time":"2024-10-06T18:18:44+00:00","og_image":[{"width":2560,"height":1920,"url":"https:\/\/graziamagazine.com\/mx\/wp-content\/uploads\/sites\/13\/2024\/10\/IMG_0396_TF-scaled.jpg","type":"image\/jpeg"}],"twitter_card":"summary_large_image","twitter_misc":{"Est. reading time":"3 minutos"},"schema":{"@context":"https:\/\/schema.org","@graph":[{"@type":"WebPage","@id":"https:\/\/graziamagazine.com\/mx\/articles\/sesenta-anos-60-fotos-homenaje-al-museo-de-antropologia\/","url":"https:\/\/graziamagazine.com\/mx\/articles\/sesenta-anos-60-fotos-homenaje-al-museo-de-antropologia\/","name":"\u201cSesenta A\u00f1os, 60 Fotos\u201d: Homenaje al Museo de Antropolog\u00eda","isPartOf":{"@id":"https:\/\/graziamagazine.com\/mx\/#website"},"datePublished":"2024-10-04T22:55:56+00:00","dateModified":"2024-10-06T18:18:44+00:00","description":"La nueva exposici\u00f3n fotogr\u00e1fica en Chapultepec celebra el 60 aniversario del Museo Nacional de Antropolog\u00eda con una mirada etnol\u00f3gica contempor\u00e1nea.","breadcrumb":{"@id":"https:\/\/graziamagazine.com\/mx\/articles\/sesenta-anos-60-fotos-homenaje-al-museo-de-antropologia\/#breadcrumb"},"inLanguage":"es-MX","potentialAction":[{"@type":"ReadAction","target":["https:\/\/graziamagazine.com\/mx\/articles\/sesenta-anos-60-fotos-homenaje-al-museo-de-antropologia\/"]}]},{"@type":"BreadcrumbList","@id":"https:\/\/graziamagazine.com\/mx\/articles\/sesenta-anos-60-fotos-homenaje-al-museo-de-antropologia\/#breadcrumb","itemListElement":[{"@type":"ListItem","position":1,"name":"Home","item":"https:\/\/graziamagazine.com\/mx\/"},{"@type":"ListItem","position":2,"name":"\u201cSesenta A\u00f1os, 60 Fotos\u201d: Homenaje al Museo de Antropolog\u00eda"}]},{"@type":"WebSite","@id":"https:\/\/graziamagazine.com\/mx\/#website","url":"https:\/\/graziamagazine.com\/mx\/","name":"Grazia M\u00e9xico y Latinoam\u00e9rica","description":"Grazia es moda, belleza y noticias  de actualidad ","potentialAction":[{"@type":"SearchAction","target":{"@type":"EntryPoint","urlTemplate":"https:\/\/graziamagazine.com\/mx\/?s={search_term_string}"},"query-input":"required name=search_term_string"}],"inLanguage":"es-MX"}]}},"jetpack_sharing_enabled":true,"distributor_meta":false,"distributor_terms":false,"distributor_media":false,"distributor_original_site_name":"Grazia M\u00e9xico y Latinoam\u00e9rica","distributor_original_site_url":"https:\/\/graziamagazine.com\/mx","push-errors":false,"_links":{"self":[{"href":"https:\/\/graziamagazine.com\/mx\/wp-json\/wp\/v2\/articles\/142293"}],"collection":[{"href":"https:\/\/graziamagazine.com\/mx\/wp-json\/wp\/v2\/articles"}],"about":[{"href":"https:\/\/graziamagazine.com\/mx\/wp-json\/wp\/v2\/types\/articles"}],"author":[{"embeddable":true,"href":"https:\/\/graziamagazine.com\/mx\/wp-json\/wp\/v2\/users\/28953"}],"wp:featuredmedia":[{"embeddable":true,"href":"https:\/\/graziamagazine.com\/mx\/wp-json\/wp\/v2\/media\/142296"}],"wp:attachment":[{"href":"https:\/\/graziamagazine.com\/mx\/wp-json\/wp\/v2\/media?parent=142293"}],"wp:term":[{"taxonomy":"category","embeddable":true,"href":"https:\/\/graziamagazine.com\/mx\/wp-json\/wp\/v2\/categories?post=142293"}],"curies":[{"name":"wp","href":"https:\/\/api.w.org\/{rel}","templated":true}]}}