{"id":142197,"date":"2024-10-03T08:30:56","date_gmt":"2024-10-03T13:30:56","guid":{"rendered":"https:\/\/graziamagazine.com\/mx\/?post_type=articles&#038;p=142197"},"modified":"2024-10-04T13:38:03","modified_gmt":"2024-10-04T18:38:03","slug":"festival-internacional-de-cine-de-morelia-2024-el-cine-en-su-esplendor","status":"publish","type":"articles","link":"https:\/\/graziamagazine.com\/mx\/articles\/festival-internacional-de-cine-de-morelia-2024-el-cine-en-su-esplendor\/","title":{"rendered":"Festival Internacional de Cine de Morelia 2024: El cine en su esplendor"},"content":{"rendered":"<div class=\"flex-1 overflow-hidden\">\n<div class=\"h-full\">\n<div class=\"react-scroll-to-bottom--css-ndalf-79elbk h-full\">\n<div class=\"react-scroll-to-bottom--css-ndalf-1n7m0yu\">\n<div class=\"flex flex-col text-sm md:pb-9\">\n<article class=\"w-full text-token-text-primary focus-visible:outline-2 focus-visible:outline-offset-[-4px]\" dir=\"auto\" data-testid=\"conversation-turn-49\" data-scroll-anchor=\"true\">\n<div class=\"text-base py-[18px] px-3 md:px-4 m-auto w-full md:px-5 lg:px-4 xl:px-5\">\n<div class=\"mx-auto flex flex-1 gap-4 text-base md:gap-5 lg:gap-6 md:max-w-3xl lg:max-w-[40rem] xl:max-w-[48rem]\">\n<div class=\"group\/conversation-turn relative flex w-full min-w-0 flex-col agent-turn\">\n<div class=\"flex-col gap-1 md:gap-3\">\n<div class=\"flex max-w-full flex-col flex-grow\">\n<div class=\"min-h-8 text-message flex w-full flex-col items-end gap-2 whitespace-normal break-words [.text-message+&amp;]:mt-5\" dir=\"auto\" data-message-author-role=\"assistant\" data-message-id=\"44a713ff-5990-41cc-98a4-1f631a59bf28\">\n<div class=\"flex w-full flex-col gap-1 empty:hidden first:pt-[3px]\">\n<div class=\"markdown prose w-full break-words dark:prose-invert light\">\n<p>El <strong>Festival Internacional de Cine de Morelia 2024<\/strong>, uno de los cert\u00e1menes m\u00e1s prestigiosos de M\u00e9xico y del mundo, est\u00e1 listo para sorprender a los asistentes con una programaci\u00f3n cautivadora.<\/p>\n<p>Celebr\u00e1ndose del <strong>18 al 27 de octubre<\/strong>, la ciudad de Morelia ser\u00e1 el epicentro de proyecciones, galas y encuentros con \u00edconos del cine nacional e internacional. Con una propuesta que promete trascender, este festival es ya un referente entre eventos de renombre como Venecia y Cannes.<\/p>\n<h3>Representaci\u00f3n femenina e ind\u00edgena<\/h3>\n<p><iframe loading=\"lazy\" title=\"Vientre de luna (M\u00e9xico), de Liliana K&#039;an\" width=\"500\" height=\"281\" src=\"https:\/\/www.youtube.com\/embed\/XdnKaO0jx-I?feature=oembed\" frameborder=\"0\" allow=\"accelerometer; autoplay; clipboard-write; encrypted-media; gyroscope; picture-in-picture; web-share\" referrerpolicy=\"strict-origin-when-cross-origin\" allowfullscreen><\/iframe><\/p>\n<p>Uno de los puntos destacados de esta edici\u00f3n ser\u00e1 la fuerte representaci\u00f3n femenina e ind\u00edgena. De los trabajos inscritos, el <strong>29% fueron realizados por directoras<\/strong>, y se proyectar\u00e1n 28 obras provenientes de cineastas de pueblos originarios.<\/p>\n<p>Este \u00e9nfasis en la diversidad no solo da voz a comunidades y mujeres cineastas, sino que tambi\u00e9n refleja un compromiso con la inclusi\u00f3n y la igualdad en la industria del cine.<\/p>\n<h3>Proyecciones que generan expectativa<\/h3>\n<p><iframe loading=\"lazy\" title=\"Pedro P\u00e1ramo | Avance oficial | Netflix\" width=\"500\" height=\"281\" src=\"https:\/\/www.youtube.com\/embed\/xKWEBc-df_M?feature=oembed\" frameborder=\"0\" allow=\"accelerometer; autoplay; clipboard-write; encrypted-media; gyroscope; picture-in-picture; web-share\" referrerpolicy=\"strict-origin-when-cross-origin\" allowfullscreen><\/iframe><\/p>\n<p>Entre los 93 t\u00edtulos seleccionados, destacan algunas cintas que ya han generado gran expectativa. La ceremonia de inauguraci\u00f3n estar\u00e1 marcada por la proyecci\u00f3n de <strong>&#8220;Emilia P\u00e9rez&#8221;<\/strong>, del director <strong>Jacques Audiard<\/strong>, que narra la historia de un narcotraficante en transici\u00f3n de g\u00e9nero.<\/p>\n<p>Esta pel\u00edcula, protagonizada por <strong>Karla Sof\u00eda Gasc\u00f3n<\/strong> y <strong>Edgar Ram\u00edrez<\/strong>, ser\u00e1 uno de los grandes eventos del festival.<\/p>\n<p>En la Gran Gala, se presentar\u00e1 la esperada adaptaci\u00f3n de <strong>&#8220;Pedro P\u00e1ramo&#8221;<\/strong> de <strong>Rodrigo Prieto<\/strong>, basada en la ic\u00f3nica novela de Juan Rulfo. Este filme es uno de los favoritos para competir en festivales internacionales y sin duda ser\u00e1 un momento culminante.<\/p>\n<h3>Premios y jurados de renombre<\/h3>\n<p><iframe loading=\"lazy\" title=\"EMILIA P\u00c9REZ Tr\u00e1iler Espa\u00f1ol Latino (2024) Selena Gomez\" width=\"500\" height=\"281\" src=\"https:\/\/www.youtube.com\/embed\/Nf8iPKOPyd0?feature=oembed\" frameborder=\"0\" allow=\"accelerometer; autoplay; clipboard-write; encrypted-media; gyroscope; picture-in-picture; web-share\" referrerpolicy=\"strict-origin-when-cross-origin\" allowfullscreen><\/iframe><\/p>\n<p>El festival cuenta con cuatro secciones competitivas: Michoacana, Cortometraje Mexicano, Documental Mexicano y Largometraje Mexicano. Cada una tendr\u00e1 un jurado de destacados profesionales de la industria, como <strong>Alexander Payne<\/strong>, <strong>Ira Sachs<\/strong>, y <strong>Liv Tyler<\/strong> en la Secci\u00f3n Michoacana.<\/p>\n<p>Adem\u00e1s, el ganador de la secci\u00f3n de Largometraje ser\u00e1 considerado para una nominaci\u00f3n a los <strong>Premios Oscar 2025<\/strong>, lo que a\u00f1ade una capa extra de relevancia a este evento.<\/p>\n<h3>Un futuro prometedor<\/h3>\n<p><iframe loading=\"lazy\" title=\"Dolores (M\u00e9xico), de Cecilia Andal\u00f3n Delgadillo\" width=\"500\" height=\"281\" src=\"https:\/\/www.youtube.com\/embed\/HoOz1LgqKo0?feature=oembed\" frameborder=\"0\" allow=\"accelerometer; autoplay; clipboard-write; encrypted-media; gyroscope; picture-in-picture; web-share\" referrerpolicy=\"strict-origin-when-cross-origin\" allowfullscreen><\/iframe><\/p>\n<p>El Festival Internacional de Cine de Morelia 2024 no solo celebra lo mejor del cine mexicano e internacional, sino que tambi\u00e9n impulsa a nuevos talentos y voces diversas.<\/p>\n<p>Con un programa lleno de pel\u00edculas imperdibles, este certamen se perfila como uno de los eventos cinematogr\u00e1ficos m\u00e1s emocionantes del a\u00f1o.<\/p>\n<div class=\"heading-h3\" role=\"heading\">Cortometraje<\/div>\n<ul>\n<li>Aire\u2014 Guillermo Aranda<\/li>\n<li>Andrea\u2014 D. Alexander<\/li>\n<li>D\u00eda de fiesta\u2014 Juan Carlos O\u00f1ate Chirot<\/li>\n<li>Dos o tres cosas que s\u00e9 de un acuario\u2014 Diego Cort\u00e9s<\/li>\n<li>En el umbral m\u00e1s lejano\u2014 Canek Miguel Gonz\u00e1lez Jim\u00e9nez<\/li>\n<li>El Guardi\u00e1n\u2014 Ver\u00f3nica Maciel<\/li>\n<li>Hasta que el alma baile\u2014 Karla D. Oceguera<\/li>\n<li>Impronta\u2014 Rafael Mart\u00ednez-Garc\u00eda<\/li>\n<li>Mintzita, paisajes y respiraciones interferidos\u2014 Celina Manuel<\/li>\n<li>Not Today\u2014 Juan Paul\u00edn<\/li>\n<li>Paisajes de valor\u2014 Artemisa Carvajal Barragan<\/li>\n<li>The Perfect Fit\u2014 Marianed Soria, Maeva Chalier, Pauline Petit, Nour Fennice, Ipsita Manna, Leyah Stiffler, Sasha Woolley<\/li>\n<li>Primero, sue\u00f1o\u2014 Socorro Lira, Andr\u00e9s Lira<\/li>\n<li>The Sun Is in My Eyes\u2014 Pablo Tapia Pla<\/li>\n<li>Soliloquios\u2014 Bernardo Rugama<\/li>\n<li>Solo los muertos saben\u2014 Andr\u00e9s Alonso Ayala<\/li>\n<li>Sue\u00f1os extraterrestres\u2014 Fernando Llanos<\/li>\n<\/ul>\n<div class=\"heading-h3\" role=\"heading\">Largometraje<\/div>\n<ul>\n<li>Diplodocus\u2014 Gast\u00f3n Rodr\u00edguez Hern\u00e1ndez<\/li>\n<\/ul>\n<div class=\"heading-h3\" role=\"heading\">Secci\u00f3n de Cortometraje Mexicano<\/div>\n<div class=\"heading-h3\" role=\"heading\">Animaci\u00f3n<\/div>\n<ul>\n<li>Adarmia: El idioma de otros ojos\u2014 Ruy Mascar\u00faa<\/li>\n<li>Aferrado\u2014 Esteban Azuela<\/li>\n<li>Anima natura\u2014 Andrea Gudi\u00f1o<\/li>\n<li>Cr\u00f3nicas azules\u2014 Miguel Anaya Borja<\/li>\n<li>Dolores\u2014 Cecilia Andal\u00f3n Delgadillo<\/li>\n<li>El coleccionista\u2014 Alex Pelayo<\/li>\n<li>Fulgores\u2014 Andr\u00e9s Palma<\/li>\n<li>La mancha negra\u2014 Yareni Vel\u00e1zquez Mendoza<\/li>\n<li>La pi\u00f1ata de Cen\u2014 V\u00edctor Hugo Cervantes Guzm\u00e1n<\/li>\n<li>Lo oculto\u2014 Monserrat Sold\u00fa<\/li>\n<li>Memoria de un cuerpo desplazado\u2014 Mariana Mendivil<\/li>\n<li>Miedo\u2014 \u00c1ngel Iv\u00e1n Gonz\u00e1lez de la macorra P\u00e9rez<\/li>\n<li>Nada siempre\u2014 Gabriela Anaid L\u00f3pez Ruiz<\/li>\n<li>Ser semilla\u2014 Julia Granillo Tostado<\/li>\n<\/ul>\n<div class=\"heading-h3\" role=\"heading\">Documental<\/div>\n<ul>\n<li>Amelia. Tesoros vivos del barro\u2014 Diego Mier y Ter\u00e1n Gim\u00e9nez Cacho<\/li>\n<li>Buscando un burro\u2014 Juan Vicente Manrique<\/li>\n<li>David (Por ahora)<em>\u2014<\/em>\u00a0Humberto Flores J\u00e1uregui<\/li>\n<li>Hasta encontrarlos\u2014 Jean Chapiro<\/li>\n<li>La marcha del liquen\u2014 Tania Ximena<\/li>\n<li>Territorio skate\u2014 Bel\u00e9n Guzm\u00e1n Mendoza<\/li>\n<li>Those Next to Us\u2014 Bernhard Hetzenauer<\/li>\n<li>Tzintzuntzan\u2014 Nicol\u00e1s Echeverr\u00eda<\/li>\n<li>Vientre de luna\u2014 Liliana K&#8217;an<\/li>\n<\/ul>\n<div class=\"heading-h3\" role=\"heading\">Ficci\u00f3n<\/div>\n<ul>\n<li>25\u00b0 45\u2032 32\u2033<em>\u2014<\/em>\u00a0Dahet Castro<\/li>\n<li>Aguacuario\u2014 Jose Eduardo Castilla Ponce<\/li>\n<li>Amos, Vogel\u2014 I\u00f1aki Miranda<\/li>\n<li>Cobalto\u2014 Juli\u00e1n Hern\u00e1ndez<\/li>\n<li>Correr el riesgo de la infancia\u2014 Luis Fernando Portales Ruiz<\/li>\n<li>Detr\u00e1s del velo\u2014 Valentina Santill\u00e1n<\/li>\n<li>El incre\u00edble verano de Jes\u00fas\u2014 Sebasti\u00e1n D\u00edaz Barriga<\/li>\n<li>El l\u00edmite del cuerpo\u2014 Berenice Ubeda Alzaga<\/li>\n<li>El sitio en el que tambi\u00e9n se est\u00e1\u2014 Carlos Hern\u00e1ndez V\u00e1zquez<\/li>\n<li>Elevaci\u00f3n\u2014 Gabriel Esdras<\/li>\n<li>Ella se queda\u2014 Marinthia Guti\u00e9rrez<\/li>\n<li>Hermanos\u2014 Miguel P\u00e9rez Castelazo<\/li>\n<li>Intentos fallidos para abrazarse\u2014 Sergio D\u00edaz Ochoa<\/li>\n<li>Irse a volver\u2014 Paulina Urreta<\/li>\n<li>Lejos del mar\u2014 Giovanny Garc\u00eda<\/li>\n<li>Marea\u2014 Ximena Lamadrid, Julian Lamadrid<\/li>\n<li>N\u00e1ufragos\u2014 Andrea Saavedra de la Teja<\/li>\n<li>Ni\u00f1o halc\u00f3n duerme entre visiones de un incendio\u2014 Mauricio S\u00e1enz-C\u00e1novas<\/li>\n<li>No es Jap\u00f3n\u2014 Rodolfo Rojano<\/li>\n<li>Passarinho\u2014 Natalia Garc\u00eda Agraz<\/li>\n<li>Pr\u00f3logo y ep\u00edlogo\u2014 Dinazar Urbina Mata<\/li>\n<li>Quiero estrellarme en seco contra el parabrisas del amor\u2014 Fernanda Tovar<\/li>\n<li>Repatriados\u2014 Moises Bazbaz<\/li>\n<li>Salvar a Mika del agua\u2014 Michelle Olivares<\/li>\n<li>Sof\u00eda\u2014 Ram\u00f3n Naranjo Carrillo<\/li>\n<li>Spiritum\u2014 Adolfo Margulis<\/li>\n<li>Toda la ira del mundo\u2014 Daniel Humberto Campos Ram\u00edrez<\/li>\n<li>Todos los instantes tuyos\u2014 Guillermo Reyes Campos<\/li>\n<li>Viaje de negocios\u2014 Gerardo Coello Escalante<\/li>\n<\/ul>\n<div class=\"heading-h3\" role=\"heading\">Secci\u00f3n de Documental Mexicano<\/div>\n<ul>\n<li>Ajuste de p\u00e9rdidas\u2014 Miguel Calder\u00f3n<\/li>\n<li>\u00a1Aoquic iez in Mexico! \u00a1Ya M\u00e9xico no existir\u00e1 m\u00e1s!<em>\u2014<\/em>\u00a0Annalisa D. Quagliata Blanco<\/li>\n<li>The Age of Water\u2014 Alfredo Alc\u00e1ntara, Isabel Alc\u00e1ntara<\/li>\n<li>La falla\u2014 Alana Simoes<\/li>\n<li>Formas de atravesar un territorio\u2014 Gabriela Dominguez Ruvalcaba<\/li>\n<li>Goodbye Horses: The Many Lives of Q. Lazzarus\u2014 Eva Aridjis<\/li>\n<li>Hilando sones\u2014 Ismael V\u00e1squez Bernab\u00e9<\/li>\n<li>The In Between\u2014 Robie Flores<\/li>\n<li>Lachatao\u2014 Natalia Bruschtein<\/li>\n<li>Li Cham\u2014 Ana Ts&#8217;uyeb<\/li>\n<li>La libertad de Fierro\u2014 Santiago Esteinou<\/li>\n<li>Perseverancia. Un ensayo documental sobre Tom\u00e1s S\u00e1nchez\u2014 Juan Carlos Mart\u00edn<\/li>\n<li>Tratado de invisibilidad\u2014 Luciana Kaplan<\/li>\n<li>Tzofo\u2014 Salvador Mart\u00ednez Chacruna<\/li>\n<\/ul>\n<div class=\"heading-h3\" role=\"heading\">Secci\u00f3n de Largometraje Mexicano<\/div>\n<ul>\n<li>Chicharras\u2014 Luna Mar\u00e1n<\/li>\n<li>La cocina\u2014 Alonso Ruizpalacios<\/li>\n<li>Un cuento de pescadores\u2014 Edgar Nito<\/li>\n<li>El hijo de su padre\u2014 Aar\u00f3n Fern\u00e1ndez<\/li>\n<li>Hombres \u00edntegros\u2014 Alejandro Andrade Pease<\/li>\n<li>L\u00e1zaro de noche\u2014 Nicol\u00e1s Pereda<\/li>\n<li>La raya\u2014 Yolanda Cruz<\/li>\n<li>Sujo\u2014 Fernanda Valadez, Astrid Rondero<\/li>\n<li>Violentas mariposas\u2014 Adolfo D\u00e1vila<\/li>\n<\/ul>\n<p><em><strong>*IMAGEN: Google Images<\/strong><\/em><\/p>\n<\/div>\n<\/div>\n<\/div>\n<\/div>\n<\/div>\n<\/div>\n<\/div>\n<\/div>\n<\/article>\n<\/div>\n<\/div>\n<\/div>\n<\/div>\n<\/div>\n","protected":false},"author":28953,"featured_media":142198,"template":"","format":"standard","categories":[114],"acf":[],"yoast_head":"<!-- This site is optimized with the Yoast SEO Premium plugin v18.5 (Yoast SEO v20.4) - https:\/\/yoast.com\/wordpress\/plugins\/seo\/ -->\n<title>Festival Internacional de Cine de Morelia 2024: El cine en su esplendor<\/title>\n<meta name=\"description\" content=\"La edici\u00f3n n\u00famero 22 promete sorpresas inolvidables, con grandes t\u00edtulos y representaci\u00f3n diversa e inclusiva.\" \/>\n<meta name=\"robots\" content=\"index, follow, max-snippet:-1, max-image-preview:large, max-video-preview:-1\" \/>\n<link rel=\"canonical\" href=\"https:\/\/graziamagazine.com\/mx\/articles\/festival-internacional-de-cine-de-morelia-2024-el-cine-en-su-esplendor\/\" \/>\n<meta property=\"og:locale\" content=\"es_MX\" \/>\n<meta property=\"og:type\" content=\"article\" \/>\n<meta property=\"og:title\" content=\"Festival Internacional de Cine de Morelia 2024: El cine en su esplendor\" \/>\n<meta property=\"og:description\" content=\"La edici\u00f3n n\u00famero 22 promete sorpresas inolvidables, con grandes t\u00edtulos y representaci\u00f3n diversa e inclusiva.\" \/>\n<meta property=\"og:url\" content=\"https:\/\/graziamagazine.com\/mx\/articles\/festival-internacional-de-cine-de-morelia-2024-el-cine-en-su-esplendor\/\" \/>\n<meta property=\"og:site_name\" content=\"Grazia M\u00e9xico y Latinoam\u00e9rica\" \/>\n<meta property=\"article:modified_time\" content=\"2024-10-04T18:38:03+00:00\" \/>\n<meta property=\"og:image\" content=\"https:\/\/graziamagazine.com\/mx\/wp-content\/uploads\/sites\/13\/2024\/10\/Captura-de-Pantalla-2024-10-02-a-las-7.43.33-1024x565.png\" \/>\n\t<meta property=\"og:image:width\" content=\"1024\" \/>\n\t<meta property=\"og:image:height\" content=\"565\" \/>\n\t<meta property=\"og:image:type\" content=\"image\/png\" \/>\n<meta name=\"twitter:card\" content=\"summary_large_image\" \/>\n<meta name=\"twitter:label1\" content=\"Est. reading time\" \/>\n\t<meta name=\"twitter:data1\" content=\"5 minutos\" \/>\n<script type=\"application\/ld+json\" class=\"yoast-schema-graph\">{\"@context\":\"https:\/\/schema.org\",\"@graph\":[{\"@type\":\"WebPage\",\"@id\":\"https:\/\/graziamagazine.com\/mx\/articles\/festival-internacional-de-cine-de-morelia-2024-el-cine-en-su-esplendor\/\",\"url\":\"https:\/\/graziamagazine.com\/mx\/articles\/festival-internacional-de-cine-de-morelia-2024-el-cine-en-su-esplendor\/\",\"name\":\"Festival Internacional de Cine de Morelia 2024: El cine en su esplendor\",\"isPartOf\":{\"@id\":\"https:\/\/graziamagazine.com\/mx\/#website\"},\"datePublished\":\"2024-10-03T13:30:56+00:00\",\"dateModified\":\"2024-10-04T18:38:03+00:00\",\"description\":\"La edici\u00f3n n\u00famero 22 promete sorpresas inolvidables, con grandes t\u00edtulos y representaci\u00f3n diversa e inclusiva.\",\"breadcrumb\":{\"@id\":\"https:\/\/graziamagazine.com\/mx\/articles\/festival-internacional-de-cine-de-morelia-2024-el-cine-en-su-esplendor\/#breadcrumb\"},\"inLanguage\":\"es-MX\",\"potentialAction\":[{\"@type\":\"ReadAction\",\"target\":[\"https:\/\/graziamagazine.com\/mx\/articles\/festival-internacional-de-cine-de-morelia-2024-el-cine-en-su-esplendor\/\"]}]},{\"@type\":\"BreadcrumbList\",\"@id\":\"https:\/\/graziamagazine.com\/mx\/articles\/festival-internacional-de-cine-de-morelia-2024-el-cine-en-su-esplendor\/#breadcrumb\",\"itemListElement\":[{\"@type\":\"ListItem\",\"position\":1,\"name\":\"Home\",\"item\":\"https:\/\/graziamagazine.com\/mx\/\"},{\"@type\":\"ListItem\",\"position\":2,\"name\":\"Festival Internacional de Cine de Morelia 2024: El cine en su esplendor\"}]},{\"@type\":\"WebSite\",\"@id\":\"https:\/\/graziamagazine.com\/mx\/#website\",\"url\":\"https:\/\/graziamagazine.com\/mx\/\",\"name\":\"Grazia M\u00e9xico y Latinoam\u00e9rica\",\"description\":\"Grazia es moda, belleza y noticias  de actualidad \",\"potentialAction\":[{\"@type\":\"SearchAction\",\"target\":{\"@type\":\"EntryPoint\",\"urlTemplate\":\"https:\/\/graziamagazine.com\/mx\/?s={search_term_string}\"},\"query-input\":\"required name=search_term_string\"}],\"inLanguage\":\"es-MX\"}]}<\/script>\n<!-- \/ Yoast SEO Premium plugin. -->","yoast_head_json":{"title":"Festival Internacional de Cine de Morelia 2024: El cine en su esplendor","description":"La edici\u00f3n n\u00famero 22 promete sorpresas inolvidables, con grandes t\u00edtulos y representaci\u00f3n diversa e inclusiva.","robots":{"index":"index","follow":"follow","max-snippet":"max-snippet:-1","max-image-preview":"max-image-preview:large","max-video-preview":"max-video-preview:-1"},"canonical":"https:\/\/graziamagazine.com\/mx\/articles\/festival-internacional-de-cine-de-morelia-2024-el-cine-en-su-esplendor\/","og_locale":"es_MX","og_type":"article","og_title":"Festival Internacional de Cine de Morelia 2024: El cine en su esplendor","og_description":"La edici\u00f3n n\u00famero 22 promete sorpresas inolvidables, con grandes t\u00edtulos y representaci\u00f3n diversa e inclusiva.","og_url":"https:\/\/graziamagazine.com\/mx\/articles\/festival-internacional-de-cine-de-morelia-2024-el-cine-en-su-esplendor\/","og_site_name":"Grazia M\u00e9xico y Latinoam\u00e9rica","article_modified_time":"2024-10-04T18:38:03+00:00","og_image":[{"width":1024,"height":565,"url":"https:\/\/graziamagazine.com\/mx\/wp-content\/uploads\/sites\/13\/2024\/10\/Captura-de-Pantalla-2024-10-02-a-las-7.43.33-1024x565.png","type":"image\/png"}],"twitter_card":"summary_large_image","twitter_misc":{"Est. reading time":"5 minutos"},"schema":{"@context":"https:\/\/schema.org","@graph":[{"@type":"WebPage","@id":"https:\/\/graziamagazine.com\/mx\/articles\/festival-internacional-de-cine-de-morelia-2024-el-cine-en-su-esplendor\/","url":"https:\/\/graziamagazine.com\/mx\/articles\/festival-internacional-de-cine-de-morelia-2024-el-cine-en-su-esplendor\/","name":"Festival Internacional de Cine de Morelia 2024: El cine en su esplendor","isPartOf":{"@id":"https:\/\/graziamagazine.com\/mx\/#website"},"datePublished":"2024-10-03T13:30:56+00:00","dateModified":"2024-10-04T18:38:03+00:00","description":"La edici\u00f3n n\u00famero 22 promete sorpresas inolvidables, con grandes t\u00edtulos y representaci\u00f3n diversa e inclusiva.","breadcrumb":{"@id":"https:\/\/graziamagazine.com\/mx\/articles\/festival-internacional-de-cine-de-morelia-2024-el-cine-en-su-esplendor\/#breadcrumb"},"inLanguage":"es-MX","potentialAction":[{"@type":"ReadAction","target":["https:\/\/graziamagazine.com\/mx\/articles\/festival-internacional-de-cine-de-morelia-2024-el-cine-en-su-esplendor\/"]}]},{"@type":"BreadcrumbList","@id":"https:\/\/graziamagazine.com\/mx\/articles\/festival-internacional-de-cine-de-morelia-2024-el-cine-en-su-esplendor\/#breadcrumb","itemListElement":[{"@type":"ListItem","position":1,"name":"Home","item":"https:\/\/graziamagazine.com\/mx\/"},{"@type":"ListItem","position":2,"name":"Festival Internacional de Cine de Morelia 2024: El cine en su esplendor"}]},{"@type":"WebSite","@id":"https:\/\/graziamagazine.com\/mx\/#website","url":"https:\/\/graziamagazine.com\/mx\/","name":"Grazia M\u00e9xico y Latinoam\u00e9rica","description":"Grazia es moda, belleza y noticias  de actualidad ","potentialAction":[{"@type":"SearchAction","target":{"@type":"EntryPoint","urlTemplate":"https:\/\/graziamagazine.com\/mx\/?s={search_term_string}"},"query-input":"required name=search_term_string"}],"inLanguage":"es-MX"}]}},"jetpack_sharing_enabled":true,"distributor_meta":false,"distributor_terms":false,"distributor_media":false,"distributor_original_site_name":"Grazia M\u00e9xico y Latinoam\u00e9rica","distributor_original_site_url":"https:\/\/graziamagazine.com\/mx","push-errors":false,"_links":{"self":[{"href":"https:\/\/graziamagazine.com\/mx\/wp-json\/wp\/v2\/articles\/142197"}],"collection":[{"href":"https:\/\/graziamagazine.com\/mx\/wp-json\/wp\/v2\/articles"}],"about":[{"href":"https:\/\/graziamagazine.com\/mx\/wp-json\/wp\/v2\/types\/articles"}],"author":[{"embeddable":true,"href":"https:\/\/graziamagazine.com\/mx\/wp-json\/wp\/v2\/users\/28953"}],"wp:featuredmedia":[{"embeddable":true,"href":"https:\/\/graziamagazine.com\/mx\/wp-json\/wp\/v2\/media\/142198"}],"wp:attachment":[{"href":"https:\/\/graziamagazine.com\/mx\/wp-json\/wp\/v2\/media?parent=142197"}],"wp:term":[{"taxonomy":"category","embeddable":true,"href":"https:\/\/graziamagazine.com\/mx\/wp-json\/wp\/v2\/categories?post=142197"}],"curies":[{"name":"wp","href":"https:\/\/api.w.org\/{rel}","templated":true}]}}