{"id":142037,"date":"2024-09-30T13:09:32","date_gmt":"2024-09-30T18:09:32","guid":{"rendered":"https:\/\/graziamagazine.com\/mx\/?post_type=articles&#038;p=142037"},"modified":"2024-10-02T13:32:52","modified_gmt":"2024-10-02T18:32:52","slug":"la-exposicion-de-balenciaga-en-la-catedral-de-pamplona","status":"publish","type":"articles","link":"https:\/\/graziamagazine.com\/mx\/articles\/la-exposicion-de-balenciaga-en-la-catedral-de-pamplona\/","title":{"rendered":"La exposici\u00f3n de Balenciaga en la Catedral de Pamplona"},"content":{"rendered":"<p>La figura del gran maestro Crist\u00f3bal Balenciaga Este proyecto expositivo nace con el prop\u00f3sito de transmitir y difundir la obra y las t\u00e9cnicas del modisto, que elevan su oficio a la categor\u00eda de arte. Una obra que presenta a Balenciaga como lo que siempre ha sido: un legado eterno de alta costura y un testimonio del arte y la artesan\u00eda en su m\u00e1xima expresi\u00f3n.<\/p>\n<p>La firma navarra de alta cosm\u00e9tica <strong>Massada<\/strong> se une a la exposici\u00f3n \u201c<strong><em>Balenciaga Inolvidable<\/em><\/strong>\u201d como uno de los patrocinadores del proyecto, que tendr\u00e1 <strong>lugar hasta el 13 de octubre en el refectorio de la Catedral de Pamplona<\/strong>, un escenario \u00fanico y singular para acoger esta valiosa exposici\u00f3n, que mostrar\u00e1 una cuidada selecci\u00f3n de piezas de alta costura del dise\u00f1ador.<\/p>\n<p>En la misma l\u00ednea de trabajo, valores que definen su obra y <em>savoir-faire<\/em>, Massada comparte con el dise\u00f1ador una visi\u00f3n que trasciende el tiempo y las modas pasajeras, junto a su compromiso con la excelencia en los resultados y la apuesta por la innovaci\u00f3n.<\/p>\n<p><img loading=\"lazy\" decoding=\"async\" class=\"aligncenter size-full wp-image-179306\" src=\"https:\/\/graziamagazine.com\/es\/wp-content\/uploads\/sites\/12\/2024\/09\/823fa9ef-413c-4969-9afb-d54f3cfd42ef_source-aspect-ratio_default_0.jpg\" alt=\"\" width=\"2000\" height=\"1333\" \/><\/p>\n<blockquote><p>La exposici\u00f3n presenta diez piezas de Alta Costura creadas por el maestro entre 1922 y 1966<\/p><\/blockquote>\n<p>Balenciaga evoca elegancia y singularidad. Es sin\u00f3nimo de un estilo \u00fanico, una t\u00e9cnica excepcional y una meticulosa dedicaci\u00f3n a la belleza. Del mismo modo, en Massada se crea cada producto concebido como una obra de arte en s\u00ed misma, dise\u00f1ado para realzar la esencia y la belleza natural de cada persona.<\/p>\n<p>La participaci\u00f3n de Massada en este proyecto es, por lo tanto, una extensi\u00f3n natural de su filosof\u00eda. As\u00ed como Balenciaga destac\u00f3 por su capacidad para innovar manteniendo una profunda conexi\u00f3n con las t\u00e9cnicas cl\u00e1sicas de la sastrer\u00eda, en Massada combinan naturaleza y ciencia \u2014ingredientes naturales con los activos m\u00e1s innovadores procedentes de biotecnolog\u00eda org\u00e1nica\u2014 para ofrecer productos eficaces de la m\u00e1s alta calidad.<\/p>\n<p><img loading=\"lazy\" decoding=\"async\" class=\"aligncenter size-full wp-image-179307\" src=\"https:\/\/graziamagazine.com\/es\/wp-content\/uploads\/sites\/12\/2024\/09\/LqcGLayCEqE-copia-scaled.jpeg\" alt=\"\" width=\"1920\" height=\"2560\" \/><\/p>\n<p>La alta costura, al igual que el cuidado personal, es una combinaci\u00f3n de dedicaci\u00f3n y compromiso. Como Balenciaga, Massada valora la permanencia frente a lo ef\u00edmero, cree en la importancia de lo que perdura, de lo aut\u00e9ntico y verdadero, tanto en la moda como en el cuidado personal y la belleza.<\/p>\n<p>Esta exposici\u00f3n no es solo un tributo al trabajo de un visionario, sino tambi\u00e9n una invitaci\u00f3n a reflexionar sobre la belleza en su forma m\u00e1s pura. Cada pieza expuesta es el resultado de una b\u00fasqueda incansable de la excelencia, una filosof\u00eda que tambi\u00e9n comparte la firma de alta cosm\u00e9tica natural. Al igual que un Balenciaga est\u00e1 construido con precisi\u00f3n y pasi\u00f3n, cada uno de los productos de Massada es elaborado con el mismo nivel de exigencia y profesionalismo.<\/p>\n<p>Como parte de este proyecto, desde Massada quieren difundir estos valores compartidos: \u201c<em>Nuestra participaci\u00f3n en este proyecto expositivo es una extensi\u00f3n natural de nuestra filosof\u00eda. <\/em><em>La alta costura, al igual que el cuidado personal, es una combinaci\u00f3n de dedicaci\u00f3n y compromiso que busca incesantemente lo excepcional. Queremos que cada persona que experimente nuestra cosm\u00e9tica natural sienta el privilegio de sentirse \u00fanica, como lo har\u00eda al vestir una creaci\u00f3n de Balenciaga<\/em>\u201d, comenta Mar\u00eda Ab\u00f3s, directora general de Massada.<\/p>\n<p>La muestra podr\u00e1 visitarse hasta el pr\u00f3ximo 13 de octubre y en ella podr\u00e1n contemplarse diez piezas de la colecci\u00f3n nupcial de alta costura del maestro Crist\u00f3bal Balenciaga, una oportunidad \u00fanica de disfrutar de la obra del dise\u00f1ador en un entorno incomparable como es la catedral de Pamplona.<\/p>\n<p><img loading=\"lazy\" decoding=\"async\" class=\"aligncenter size-full wp-image-179308\" src=\"https:\/\/graziamagazine.com\/es\/wp-content\/uploads\/sites\/12\/2024\/09\/e69c47c3-bded-42b8-b326-1433c391752b_source-aspect-ratio_default_0.jpg\" alt=\"\" width=\"2000\" height=\"1333\" \/><\/p>\n<p>\u00bfD\u00f3nde? Desde el 27 de septiembre al 13 de octubre de 2024, de lunes a\u00a0 s\u00e1bado de 10:30 a 19:00 horas y domingo de 11:00 a 19:00 \u2013 Museo de la Catedral de Pamplona: refectorio y cocina. Precio 9 euros.\u00a0M\u00e1s informaci\u00f3n en <a href=\"https:\/\/www.artcouture.es\/\" target=\"_blank\" rel=\"noopener\" target=\"_blank\">www.artcouture.es<\/a><\/p>\n<p><em>*Im\u00e1genes: v\u00eda Noticias de Navarra\u00a0<\/em><\/p>\n","protected":false},"author":11653,"featured_media":142038,"template":"","format":"standard","categories":[12483],"acf":[],"yoast_head":"<!-- This site is optimized with the Yoast SEO Premium plugin v18.5 (Yoast SEO v20.4) - https:\/\/yoast.com\/wordpress\/plugins\/seo\/ -->\n<title>La exposici\u00f3n de Balenciaga en la Catedral de Pamplona<\/title>\n<meta name=\"description\" content=\"La exposici\u00f3n no es solo un tributo al trabajo de un visionario, tambi\u00e9n una invitaci\u00f3n a reflexionar sobre la belleza en su forma m\u00e1s pura.\" \/>\n<meta name=\"robots\" content=\"index, follow, max-snippet:-1, max-image-preview:large, max-video-preview:-1\" \/>\n<link rel=\"canonical\" href=\"https:\/\/graziamagazine.com\/mx\/articles\/la-exposicion-de-balenciaga-en-la-catedral-de-pamplona\/\" \/>\n<meta property=\"og:locale\" content=\"es_MX\" \/>\n<meta property=\"og:type\" content=\"article\" \/>\n<meta property=\"og:title\" content=\"La exposici\u00f3n de Balenciaga en la Catedral de Pamplona\" \/>\n<meta property=\"og:description\" content=\"La exposici\u00f3n no es solo un tributo al trabajo de un visionario, tambi\u00e9n una invitaci\u00f3n a reflexionar sobre la belleza en su forma m\u00e1s pura.\" \/>\n<meta property=\"og:url\" content=\"https:\/\/graziamagazine.com\/mx\/articles\/la-exposicion-de-balenciaga-en-la-catedral-de-pamplona\/\" \/>\n<meta property=\"og:site_name\" content=\"Grazia M\u00e9xico y Latinoam\u00e9rica\" \/>\n<meta property=\"article:modified_time\" content=\"2024-10-02T18:32:52+00:00\" \/>\n<meta property=\"og:image\" content=\"https:\/\/graziamagazine.com\/mx\/wp-content\/uploads\/sites\/13\/2024\/09\/0f7ac4da-1df6-4d95-8d82-50052e22ba55_source-aspect-ratio_default_0.jpg\" \/>\n\t<meta property=\"og:image:width\" content=\"2000\" \/>\n\t<meta property=\"og:image:height\" content=\"1333\" \/>\n\t<meta property=\"og:image:type\" content=\"image\/jpeg\" \/>\n<meta name=\"twitter:card\" content=\"summary_large_image\" \/>\n<meta name=\"twitter:label1\" content=\"Est. reading time\" \/>\n\t<meta name=\"twitter:data1\" content=\"4 minutos\" \/>\n<script type=\"application\/ld+json\" class=\"yoast-schema-graph\">{\"@context\":\"https:\/\/schema.org\",\"@graph\":[{\"@type\":\"WebPage\",\"@id\":\"https:\/\/graziamagazine.com\/mx\/articles\/la-exposicion-de-balenciaga-en-la-catedral-de-pamplona\/\",\"url\":\"https:\/\/graziamagazine.com\/mx\/articles\/la-exposicion-de-balenciaga-en-la-catedral-de-pamplona\/\",\"name\":\"La exposici\u00f3n de Balenciaga en la Catedral de Pamplona\",\"isPartOf\":{\"@id\":\"https:\/\/graziamagazine.com\/mx\/#website\"},\"datePublished\":\"2024-09-30T18:09:32+00:00\",\"dateModified\":\"2024-10-02T18:32:52+00:00\",\"description\":\"La exposici\u00f3n no es solo un tributo al trabajo de un visionario, tambi\u00e9n una invitaci\u00f3n a reflexionar sobre la belleza en su forma m\u00e1s pura.\",\"breadcrumb\":{\"@id\":\"https:\/\/graziamagazine.com\/mx\/articles\/la-exposicion-de-balenciaga-en-la-catedral-de-pamplona\/#breadcrumb\"},\"inLanguage\":\"es-MX\",\"potentialAction\":[{\"@type\":\"ReadAction\",\"target\":[\"https:\/\/graziamagazine.com\/mx\/articles\/la-exposicion-de-balenciaga-en-la-catedral-de-pamplona\/\"]}]},{\"@type\":\"BreadcrumbList\",\"@id\":\"https:\/\/graziamagazine.com\/mx\/articles\/la-exposicion-de-balenciaga-en-la-catedral-de-pamplona\/#breadcrumb\",\"itemListElement\":[{\"@type\":\"ListItem\",\"position\":1,\"name\":\"Home\",\"item\":\"https:\/\/graziamagazine.com\/mx\/\"},{\"@type\":\"ListItem\",\"position\":2,\"name\":\"La exposici\u00f3n de Balenciaga en la Catedral de Pamplona\"}]},{\"@type\":\"WebSite\",\"@id\":\"https:\/\/graziamagazine.com\/mx\/#website\",\"url\":\"https:\/\/graziamagazine.com\/mx\/\",\"name\":\"Grazia M\u00e9xico y Latinoam\u00e9rica\",\"description\":\"Grazia es moda, belleza y noticias  de actualidad \",\"potentialAction\":[{\"@type\":\"SearchAction\",\"target\":{\"@type\":\"EntryPoint\",\"urlTemplate\":\"https:\/\/graziamagazine.com\/mx\/?s={search_term_string}\"},\"query-input\":\"required name=search_term_string\"}],\"inLanguage\":\"es-MX\"}]}<\/script>\n<!-- \/ Yoast SEO Premium plugin. -->","yoast_head_json":{"title":"La exposici\u00f3n de Balenciaga en la Catedral de Pamplona","description":"La exposici\u00f3n no es solo un tributo al trabajo de un visionario, tambi\u00e9n una invitaci\u00f3n a reflexionar sobre la belleza en su forma m\u00e1s pura.","robots":{"index":"index","follow":"follow","max-snippet":"max-snippet:-1","max-image-preview":"max-image-preview:large","max-video-preview":"max-video-preview:-1"},"canonical":"https:\/\/graziamagazine.com\/mx\/articles\/la-exposicion-de-balenciaga-en-la-catedral-de-pamplona\/","og_locale":"es_MX","og_type":"article","og_title":"La exposici\u00f3n de Balenciaga en la Catedral de Pamplona","og_description":"La exposici\u00f3n no es solo un tributo al trabajo de un visionario, tambi\u00e9n una invitaci\u00f3n a reflexionar sobre la belleza en su forma m\u00e1s pura.","og_url":"https:\/\/graziamagazine.com\/mx\/articles\/la-exposicion-de-balenciaga-en-la-catedral-de-pamplona\/","og_site_name":"Grazia M\u00e9xico y Latinoam\u00e9rica","article_modified_time":"2024-10-02T18:32:52+00:00","og_image":[{"width":2000,"height":1333,"url":"https:\/\/graziamagazine.com\/mx\/wp-content\/uploads\/sites\/13\/2024\/09\/0f7ac4da-1df6-4d95-8d82-50052e22ba55_source-aspect-ratio_default_0.jpg","type":"image\/jpeg"}],"twitter_card":"summary_large_image","twitter_misc":{"Est. reading time":"4 minutos"},"schema":{"@context":"https:\/\/schema.org","@graph":[{"@type":"WebPage","@id":"https:\/\/graziamagazine.com\/mx\/articles\/la-exposicion-de-balenciaga-en-la-catedral-de-pamplona\/","url":"https:\/\/graziamagazine.com\/mx\/articles\/la-exposicion-de-balenciaga-en-la-catedral-de-pamplona\/","name":"La exposici\u00f3n de Balenciaga en la Catedral de Pamplona","isPartOf":{"@id":"https:\/\/graziamagazine.com\/mx\/#website"},"datePublished":"2024-09-30T18:09:32+00:00","dateModified":"2024-10-02T18:32:52+00:00","description":"La exposici\u00f3n no es solo un tributo al trabajo de un visionario, tambi\u00e9n una invitaci\u00f3n a reflexionar sobre la belleza en su forma m\u00e1s pura.","breadcrumb":{"@id":"https:\/\/graziamagazine.com\/mx\/articles\/la-exposicion-de-balenciaga-en-la-catedral-de-pamplona\/#breadcrumb"},"inLanguage":"es-MX","potentialAction":[{"@type":"ReadAction","target":["https:\/\/graziamagazine.com\/mx\/articles\/la-exposicion-de-balenciaga-en-la-catedral-de-pamplona\/"]}]},{"@type":"BreadcrumbList","@id":"https:\/\/graziamagazine.com\/mx\/articles\/la-exposicion-de-balenciaga-en-la-catedral-de-pamplona\/#breadcrumb","itemListElement":[{"@type":"ListItem","position":1,"name":"Home","item":"https:\/\/graziamagazine.com\/mx\/"},{"@type":"ListItem","position":2,"name":"La exposici\u00f3n de Balenciaga en la Catedral de Pamplona"}]},{"@type":"WebSite","@id":"https:\/\/graziamagazine.com\/mx\/#website","url":"https:\/\/graziamagazine.com\/mx\/","name":"Grazia M\u00e9xico y Latinoam\u00e9rica","description":"Grazia es moda, belleza y noticias  de actualidad ","potentialAction":[{"@type":"SearchAction","target":{"@type":"EntryPoint","urlTemplate":"https:\/\/graziamagazine.com\/mx\/?s={search_term_string}"},"query-input":"required name=search_term_string"}],"inLanguage":"es-MX"}]}},"jetpack_sharing_enabled":true,"distributor_meta":false,"distributor_terms":false,"distributor_media":false,"distributor_original_site_name":"Grazia M\u00e9xico y Latinoam\u00e9rica","distributor_original_site_url":"https:\/\/graziamagazine.com\/mx","push-errors":false,"_links":{"self":[{"href":"https:\/\/graziamagazine.com\/mx\/wp-json\/wp\/v2\/articles\/142037"}],"collection":[{"href":"https:\/\/graziamagazine.com\/mx\/wp-json\/wp\/v2\/articles"}],"about":[{"href":"https:\/\/graziamagazine.com\/mx\/wp-json\/wp\/v2\/types\/articles"}],"author":[{"embeddable":true,"href":"https:\/\/graziamagazine.com\/mx\/wp-json\/wp\/v2\/users\/11653"}],"wp:featuredmedia":[{"embeddable":true,"href":"https:\/\/graziamagazine.com\/mx\/wp-json\/wp\/v2\/media\/142038"}],"wp:attachment":[{"href":"https:\/\/graziamagazine.com\/mx\/wp-json\/wp\/v2\/media?parent=142037"}],"wp:term":[{"taxonomy":"category","embeddable":true,"href":"https:\/\/graziamagazine.com\/mx\/wp-json\/wp\/v2\/categories?post=142037"}],"curies":[{"name":"wp","href":"https:\/\/api.w.org\/{rel}","templated":true}]}}