{"id":141873,"date":"2024-09-27T12:34:30","date_gmt":"2024-09-27T17:34:30","guid":{"rendered":"https:\/\/graziamagazine.com\/mx\/?post_type=articles&#038;p=141873"},"modified":"2024-10-02T13:40:30","modified_gmt":"2024-10-02T18:40:30","slug":"el-principe-harry-participo-con-jimmy-fallon-para-un-especial-de-halloween","status":"publish","type":"articles","link":"https:\/\/graziamagazine.com\/mx\/articles\/el-principe-harry-participo-con-jimmy-fallon-para-un-especial-de-halloween\/","title":{"rendered":"El pr\u00edncipe Harry particip\u00f3 con Jimmy Fallon para un especial de Halloween"},"content":{"rendered":"<p><span style=\"font-weight: 400\">El <strong>pr\u00edncipe Harry<\/strong> hizo una aparici\u00f3n especial en el episodio del jueves 26 de septiembre de <em><strong>The Tonight Show Starring Jimmy Fallon<\/strong><\/em>, durante su viaje a la ciudad de Nueva York, y esta vez hizo mucho m\u00e1s que solo hablar.<\/span><\/p>\n<p><span style=\"font-weight: 400\">Para la ocasi\u00f3n, en lugar de sentarse para una entrevista est\u00e1ndar, se abrieron paso con cuidado y en voz alta a trav\u00e9s de un laberinto embrujado en el Rockefeller Center creado por Fallon, llamado<strong> Jimmy Fallon&#8217;s Tonightmares.<\/strong><\/span><\/p>\n<p><span style=\"font-weight: 400\">Antes de ingresar al laberinto, Harry dice que &#8220;normalmente&#8221; no se asusta f\u00e1cilmente. Sin embargo, confiesa: &#8220;Hoy podr\u00eda ser diferente&#8221;.<\/span><\/p>\n<p><span style=\"font-weight: 400\">La aventura comienza cuando ambos entran a un elevador averiado que cae r\u00e1pidamente al suelo. Cuando las puertas se abren, se encuentran inmediatamente con su primer personaje aterrador que les indica a d\u00f3nde ir.\u00a0<\/span><\/p>\n<p><span style=\"font-weight: 400\">Mientras caminan lentamente por el laberinto embrujado, cada uno insiste en que el otro les gu\u00ede mientras aparecen personajes aterradores que provocan gritos y risas durante todo el v\u00eddeo.<\/span><\/p>\n<p><span style=\"font-weight: 400\">Las cosas dan un giro cuando se encuentran con un panda, un animal al que Fallon se\u00f1ala r\u00e1pidamente que Harry tiene miedo. &#8220;\u00a1No, no lo tengo!&#8221;, bromea Harry mientras sale corriendo.<\/span><\/p>\n<p><span style=\"font-weight: 400\">Su viaje contin\u00faa con Harry y Jimmy viendo una peque\u00f1a televisi\u00f3n que muestra a Fallon vestido como un personaje y sosteniendo un perro, al que describe como una &#8220;raza rara&#8221;. Harry le dice a Fallon: &#8220;Te ves genial&#8221;, y Fallon responde: &#8220;Gracias&#8221;.\u00a0<\/span><\/p>\n<p><span style=\"font-weight: 400\">Pero el estado de \u00e1nimo cambia de ligero a espeluznante unos momentos despu\u00e9s cuando el Fallon del televisor se transforma en un personaje aterrador, sus ojos se iluminan mientras parece hacer un ruido de tos y el perro desaparece.<\/span><\/p>\n<p><span style=\"font-weight: 400\">Harry, que lleva una c\u00e1mara corporal para capturar su reacci\u00f3n real, se sorprende notablemente antes de distraerse con otro elemento aterrador: un hombre lobo parecido a un zombi que emerge de una puerta cercana y que los asusta. &#8220;Est\u00e1 bien, eso realmente me atrap\u00f3, confiesa Harry.<\/span><\/p>\n<p><span style=\"font-weight: 400\">Finalmente, cuando llegan al final del laberinto, ambos posan para una foto y, por supuesto, un \u00faltimo personaje termina las cosas asust\u00e1ndolos una vez m\u00e1s.<\/span><\/p>\n<p><span style=\"font-weight: 400\">Jimmy Fallon anunci\u00f3 el laberinto del terror el 15 de agosto. Un video promocional en la p\u00e1gina oficial de YouTube del programa les dice a los espectadores: &#8220;Prep\u00e1rense para 10 habitaciones escalofriantes que dan vida a las peores pesadillas de Jimmy con personajes siniestros y sustos en cada esquina. \u00a1Entren si se atreven!&#8221;.<\/span><\/p>\n","protected":false},"author":11628,"featured_media":141874,"template":"","format":"standard","categories":[2,12655],"acf":[],"yoast_head":"<!-- This site is optimized with the Yoast SEO Premium plugin v18.5 (Yoast SEO v20.4) - https:\/\/yoast.com\/wordpress\/plugins\/seo\/ -->\n<title>El pr\u00edncipe Harry particip\u00f3 con Jimmy Fallon para un especial de Halloween | Grazia M\u00e9xico y Latinoam\u00e9rica<\/title>\n<meta name=\"description\" content=\"El pr\u00edncipe Harry hizo una aparici\u00f3n especial en el episodio del jueves 26 de septiembre de The Tonight Show Starring Jimmy Fallon, durante su viaje a la\" \/>\n<meta name=\"robots\" content=\"index, follow, max-snippet:-1, max-image-preview:large, max-video-preview:-1\" \/>\n<link rel=\"canonical\" href=\"https:\/\/graziamagazine.com\/mx\/articles\/el-principe-harry-participo-con-jimmy-fallon-para-un-especial-de-halloween\/\" \/>\n<meta property=\"og:locale\" content=\"es_MX\" \/>\n<meta property=\"og:type\" content=\"article\" \/>\n<meta property=\"og:title\" content=\"El pr\u00edncipe Harry particip\u00f3 con Jimmy Fallon para un especial de Halloween\" \/>\n<meta property=\"og:description\" content=\"El pr\u00edncipe Harry hizo una aparici\u00f3n especial en el episodio del jueves 26 de septiembre de The Tonight Show Starring Jimmy Fallon, durante su viaje a la\" \/>\n<meta property=\"og:url\" content=\"https:\/\/graziamagazine.com\/mx\/articles\/el-principe-harry-participo-con-jimmy-fallon-para-un-especial-de-halloween\/\" \/>\n<meta property=\"og:site_name\" content=\"Grazia M\u00e9xico y Latinoam\u00e9rica\" \/>\n<meta property=\"article:modified_time\" content=\"2024-10-02T18:40:30+00:00\" \/>\n<meta property=\"og:image\" content=\"https:\/\/graziamagazine.com\/mx\/wp-content\/uploads\/sites\/13\/2024\/09\/jimmy.jpg\" \/>\n\t<meta property=\"og:image:width\" content=\"587\" \/>\n\t<meta property=\"og:image:height\" content=\"339\" \/>\n\t<meta property=\"og:image:type\" content=\"image\/jpeg\" \/>\n<meta name=\"twitter:card\" content=\"summary_large_image\" \/>\n<meta name=\"twitter:label1\" content=\"Est. reading time\" \/>\n\t<meta name=\"twitter:data1\" content=\"2 minutos\" \/>\n<script type=\"application\/ld+json\" class=\"yoast-schema-graph\">{\"@context\":\"https:\/\/schema.org\",\"@graph\":[{\"@type\":\"WebPage\",\"@id\":\"https:\/\/graziamagazine.com\/mx\/articles\/el-principe-harry-participo-con-jimmy-fallon-para-un-especial-de-halloween\/\",\"url\":\"https:\/\/graziamagazine.com\/mx\/articles\/el-principe-harry-participo-con-jimmy-fallon-para-un-especial-de-halloween\/\",\"name\":\"El pr\u00edncipe Harry particip\u00f3 con Jimmy Fallon para un especial de Halloween | Grazia M\u00e9xico y Latinoam\u00e9rica\",\"isPartOf\":{\"@id\":\"https:\/\/graziamagazine.com\/mx\/#website\"},\"datePublished\":\"2024-09-27T17:34:30+00:00\",\"dateModified\":\"2024-10-02T18:40:30+00:00\",\"description\":\"El pr\u00edncipe Harry hizo una aparici\u00f3n especial en el episodio del jueves 26 de septiembre de The Tonight Show Starring Jimmy Fallon, durante su viaje a la\",\"breadcrumb\":{\"@id\":\"https:\/\/graziamagazine.com\/mx\/articles\/el-principe-harry-participo-con-jimmy-fallon-para-un-especial-de-halloween\/#breadcrumb\"},\"inLanguage\":\"es-MX\",\"potentialAction\":[{\"@type\":\"ReadAction\",\"target\":[\"https:\/\/graziamagazine.com\/mx\/articles\/el-principe-harry-participo-con-jimmy-fallon-para-un-especial-de-halloween\/\"]}]},{\"@type\":\"BreadcrumbList\",\"@id\":\"https:\/\/graziamagazine.com\/mx\/articles\/el-principe-harry-participo-con-jimmy-fallon-para-un-especial-de-halloween\/#breadcrumb\",\"itemListElement\":[{\"@type\":\"ListItem\",\"position\":1,\"name\":\"Home\",\"item\":\"https:\/\/graziamagazine.com\/mx\/\"},{\"@type\":\"ListItem\",\"position\":2,\"name\":\"El pr\u00edncipe Harry particip\u00f3 con Jimmy Fallon para un especial de Halloween\"}]},{\"@type\":\"WebSite\",\"@id\":\"https:\/\/graziamagazine.com\/mx\/#website\",\"url\":\"https:\/\/graziamagazine.com\/mx\/\",\"name\":\"Grazia M\u00e9xico y Latinoam\u00e9rica\",\"description\":\"Grazia es moda, belleza y noticias  de actualidad \",\"potentialAction\":[{\"@type\":\"SearchAction\",\"target\":{\"@type\":\"EntryPoint\",\"urlTemplate\":\"https:\/\/graziamagazine.com\/mx\/?s={search_term_string}\"},\"query-input\":\"required name=search_term_string\"}],\"inLanguage\":\"es-MX\"}]}<\/script>\n<!-- \/ Yoast SEO Premium plugin. -->","yoast_head_json":{"title":"El pr\u00edncipe Harry particip\u00f3 con Jimmy Fallon para un especial de Halloween | Grazia M\u00e9xico y Latinoam\u00e9rica","description":"El pr\u00edncipe Harry hizo una aparici\u00f3n especial en el episodio del jueves 26 de septiembre de The Tonight Show Starring Jimmy Fallon, durante su viaje a la","robots":{"index":"index","follow":"follow","max-snippet":"max-snippet:-1","max-image-preview":"max-image-preview:large","max-video-preview":"max-video-preview:-1"},"canonical":"https:\/\/graziamagazine.com\/mx\/articles\/el-principe-harry-participo-con-jimmy-fallon-para-un-especial-de-halloween\/","og_locale":"es_MX","og_type":"article","og_title":"El pr\u00edncipe Harry particip\u00f3 con Jimmy Fallon para un especial de Halloween","og_description":"El pr\u00edncipe Harry hizo una aparici\u00f3n especial en el episodio del jueves 26 de septiembre de The Tonight Show Starring Jimmy Fallon, durante su viaje a la","og_url":"https:\/\/graziamagazine.com\/mx\/articles\/el-principe-harry-participo-con-jimmy-fallon-para-un-especial-de-halloween\/","og_site_name":"Grazia M\u00e9xico y Latinoam\u00e9rica","article_modified_time":"2024-10-02T18:40:30+00:00","og_image":[{"width":587,"height":339,"url":"https:\/\/graziamagazine.com\/mx\/wp-content\/uploads\/sites\/13\/2024\/09\/jimmy.jpg","type":"image\/jpeg"}],"twitter_card":"summary_large_image","twitter_misc":{"Est. reading time":"2 minutos"},"schema":{"@context":"https:\/\/schema.org","@graph":[{"@type":"WebPage","@id":"https:\/\/graziamagazine.com\/mx\/articles\/el-principe-harry-participo-con-jimmy-fallon-para-un-especial-de-halloween\/","url":"https:\/\/graziamagazine.com\/mx\/articles\/el-principe-harry-participo-con-jimmy-fallon-para-un-especial-de-halloween\/","name":"El pr\u00edncipe Harry particip\u00f3 con Jimmy Fallon para un especial de Halloween | Grazia M\u00e9xico y Latinoam\u00e9rica","isPartOf":{"@id":"https:\/\/graziamagazine.com\/mx\/#website"},"datePublished":"2024-09-27T17:34:30+00:00","dateModified":"2024-10-02T18:40:30+00:00","description":"El pr\u00edncipe Harry hizo una aparici\u00f3n especial en el episodio del jueves 26 de septiembre de The Tonight Show Starring Jimmy Fallon, durante su viaje a la","breadcrumb":{"@id":"https:\/\/graziamagazine.com\/mx\/articles\/el-principe-harry-participo-con-jimmy-fallon-para-un-especial-de-halloween\/#breadcrumb"},"inLanguage":"es-MX","potentialAction":[{"@type":"ReadAction","target":["https:\/\/graziamagazine.com\/mx\/articles\/el-principe-harry-participo-con-jimmy-fallon-para-un-especial-de-halloween\/"]}]},{"@type":"BreadcrumbList","@id":"https:\/\/graziamagazine.com\/mx\/articles\/el-principe-harry-participo-con-jimmy-fallon-para-un-especial-de-halloween\/#breadcrumb","itemListElement":[{"@type":"ListItem","position":1,"name":"Home","item":"https:\/\/graziamagazine.com\/mx\/"},{"@type":"ListItem","position":2,"name":"El pr\u00edncipe Harry particip\u00f3 con Jimmy Fallon para un especial de Halloween"}]},{"@type":"WebSite","@id":"https:\/\/graziamagazine.com\/mx\/#website","url":"https:\/\/graziamagazine.com\/mx\/","name":"Grazia M\u00e9xico y Latinoam\u00e9rica","description":"Grazia es moda, belleza y noticias  de actualidad ","potentialAction":[{"@type":"SearchAction","target":{"@type":"EntryPoint","urlTemplate":"https:\/\/graziamagazine.com\/mx\/?s={search_term_string}"},"query-input":"required name=search_term_string"}],"inLanguage":"es-MX"}]}},"jetpack_sharing_enabled":true,"distributor_meta":false,"distributor_terms":false,"distributor_media":false,"distributor_original_site_name":"Grazia M\u00e9xico y Latinoam\u00e9rica","distributor_original_site_url":"https:\/\/graziamagazine.com\/mx","push-errors":false,"_links":{"self":[{"href":"https:\/\/graziamagazine.com\/mx\/wp-json\/wp\/v2\/articles\/141873"}],"collection":[{"href":"https:\/\/graziamagazine.com\/mx\/wp-json\/wp\/v2\/articles"}],"about":[{"href":"https:\/\/graziamagazine.com\/mx\/wp-json\/wp\/v2\/types\/articles"}],"author":[{"embeddable":true,"href":"https:\/\/graziamagazine.com\/mx\/wp-json\/wp\/v2\/users\/11628"}],"wp:featuredmedia":[{"embeddable":true,"href":"https:\/\/graziamagazine.com\/mx\/wp-json\/wp\/v2\/media\/141874"}],"wp:attachment":[{"href":"https:\/\/graziamagazine.com\/mx\/wp-json\/wp\/v2\/media?parent=141873"}],"wp:term":[{"taxonomy":"category","embeddable":true,"href":"https:\/\/graziamagazine.com\/mx\/wp-json\/wp\/v2\/categories?post=141873"}],"curies":[{"name":"wp","href":"https:\/\/api.w.org\/{rel}","templated":true}]}}