{"id":141835,"date":"2024-09-26T20:19:28","date_gmt":"2024-09-27T01:19:28","guid":{"rendered":"https:\/\/graziamagazine.com\/mx\/?post_type=articles&#038;p=141835"},"modified":"2024-09-27T13:20:28","modified_gmt":"2024-09-27T18:20:28","slug":"vintage-del-futuro-schiaparelli-primavera-verano-2025","status":"publish","type":"articles","link":"https:\/\/graziamagazine.com\/mx\/articles\/vintage-del-futuro-schiaparelli-primavera-verano-2025\/","title":{"rendered":"&#8220;Vintage del futuro&#8221;: Schiaparelli Primavera-Verano 2025"},"content":{"rendered":"<p>La colecci\u00f3n <strong>Primavera-Verano 2025 de Schiaparelli<\/strong> es un homenaje a la creatividad y la fuerza de las mujeres. Bajo el liderazgo de <strong>Daniel Roseberry<\/strong>, la casa ha presentado una propuesta \u00edntima pero impactante, donde cada prenda refleja no solo un dise\u00f1o exquisito, sino un prop\u00f3sito claro.<\/p>\n<p>Lejos de las tendencias banales, Schiaparelli se enfoca en la atemporalidad, con piezas que no solo visten a la mujer de hoy, sino que est\u00e1n dise\u00f1adas para ser el <strong>&#8220;vintage del futuro&#8221;<\/strong> y ser heredadas por las pr\u00f3ximas generaciones.<\/p>\n<p><img loading=\"lazy\" decoding=\"async\" class=\"alignnone wp-image-141845 size-full\" src=\"https:\/\/graziamagazine.com\/mx\/wp-content\/uploads\/sites\/13\/2024\/09\/mail-1.png\" alt=\"\" width=\"920\" height=\"1388\" srcset=\"https:\/\/graziamagazine.com\/mx\/wp-content\/uploads\/sites\/13\/2024\/09\/mail-1.png 920w, https:\/\/graziamagazine.com\/mx\/wp-content\/uploads\/sites\/13\/2024\/09\/mail-1-298x450.png 298w, https:\/\/graziamagazine.com\/mx\/wp-content\/uploads\/sites\/13\/2024\/09\/mail-1-679x1024.png 679w, https:\/\/graziamagazine.com\/mx\/wp-content\/uploads\/sites\/13\/2024\/09\/mail-1-768x1159.png 768w, https:\/\/graziamagazine.com\/mx\/wp-content\/uploads\/sites\/13\/2024\/09\/mail-1-400x603.png 400w, https:\/\/graziamagazine.com\/mx\/wp-content\/uploads\/sites\/13\/2024\/09\/mail-1-143x215.png 143w\" sizes=\"(max-width: 920px) 100vw, 920px\" \/><\/p>\n<p>La nueva l\u00ednea de Schiaparelli se caracteriza por su incre\u00edble precisi\u00f3n estructural. Las prendas ce\u00f1idas al cuerpo destacan la silueta femenina, con especial \u00e9nfasis en la cintura.<\/p>\n<p><img loading=\"lazy\" decoding=\"async\" class=\"alignnone wp-image-141844 size-full\" src=\"https:\/\/graziamagazine.com\/mx\/wp-content\/uploads\/sites\/13\/2024\/09\/mail-2.png\" alt=\"\" width=\"934\" height=\"1398\" srcset=\"https:\/\/graziamagazine.com\/mx\/wp-content\/uploads\/sites\/13\/2024\/09\/mail-2.png 934w, https:\/\/graziamagazine.com\/mx\/wp-content\/uploads\/sites\/13\/2024\/09\/mail-2-301x450.png 301w, https:\/\/graziamagazine.com\/mx\/wp-content\/uploads\/sites\/13\/2024\/09\/mail-2-684x1024.png 684w, https:\/\/graziamagazine.com\/mx\/wp-content\/uploads\/sites\/13\/2024\/09\/mail-2-768x1150.png 768w, https:\/\/graziamagazine.com\/mx\/wp-content\/uploads\/sites\/13\/2024\/09\/mail-2-400x599.png 400w, https:\/\/graziamagazine.com\/mx\/wp-content\/uploads\/sites\/13\/2024\/09\/mail-2-144x215.png 144w\" sizes=\"(max-width: 934px) 100vw, 934px\" \/><\/p>\n<p>Entre las piezas m\u00e1s notables, sobresalen las minifaldas, los cors\u00e9s y las chaquetas con hombros voluminosos que evocan una feminidad poderosa y moderna. Telas como el <strong>denim, la gasa y el sat\u00e9n<\/strong> aportan una rica diversidad de texturas, mientras que los tejidos de punto a\u00f1aden un toque de confort y calidez a la colecci\u00f3n.<\/p>\n<p><img loading=\"lazy\" decoding=\"async\" class=\"alignnone wp-image-141842 size-full\" src=\"https:\/\/graziamagazine.com\/mx\/wp-content\/uploads\/sites\/13\/2024\/09\/mail-4.png\" alt=\"\" width=\"912\" height=\"1392\" srcset=\"https:\/\/graziamagazine.com\/mx\/wp-content\/uploads\/sites\/13\/2024\/09\/mail-4.png 912w, https:\/\/graziamagazine.com\/mx\/wp-content\/uploads\/sites\/13\/2024\/09\/mail-4-295x450.png 295w, https:\/\/graziamagazine.com\/mx\/wp-content\/uploads\/sites\/13\/2024\/09\/mail-4-671x1024.png 671w, https:\/\/graziamagazine.com\/mx\/wp-content\/uploads\/sites\/13\/2024\/09\/mail-4-768x1172.png 768w, https:\/\/graziamagazine.com\/mx\/wp-content\/uploads\/sites\/13\/2024\/09\/mail-4-400x611.png 400w, https:\/\/graziamagazine.com\/mx\/wp-content\/uploads\/sites\/13\/2024\/09\/mail-4-141x215.png 141w\" sizes=\"(max-width: 912px) 100vw, 912px\" \/><\/p>\n<p>En t\u00e9rminos de color, Schiaparelli ofrece una gama que va desde el <strong>cl\u00e1sico negro y dorado<\/strong>, hasta vibrantes azules, naranjas, metalizados y estampados florales que aportan <strong>frescura y dinamismo.<\/strong><\/p>\n<p>La inclusi\u00f3n de detalles tridimensionales y accesorios de gran tama\u00f1o, como brazaletes y collares, subraya el enfoque maximalista de la casa.<\/p>\n<p><img loading=\"lazy\" decoding=\"async\" class=\"alignnone wp-image-141841 size-full\" src=\"https:\/\/graziamagazine.com\/mx\/wp-content\/uploads\/sites\/13\/2024\/09\/mail-5.png\" alt=\"\" width=\"922\" height=\"1404\" srcset=\"https:\/\/graziamagazine.com\/mx\/wp-content\/uploads\/sites\/13\/2024\/09\/mail-5.png 922w, https:\/\/graziamagazine.com\/mx\/wp-content\/uploads\/sites\/13\/2024\/09\/mail-5-296x450.png 296w, https:\/\/graziamagazine.com\/mx\/wp-content\/uploads\/sites\/13\/2024\/09\/mail-5-672x1024.png 672w, https:\/\/graziamagazine.com\/mx\/wp-content\/uploads\/sites\/13\/2024\/09\/mail-5-768x1169.png 768w, https:\/\/graziamagazine.com\/mx\/wp-content\/uploads\/sites\/13\/2024\/09\/mail-5-400x609.png 400w, https:\/\/graziamagazine.com\/mx\/wp-content\/uploads\/sites\/13\/2024\/09\/mail-5-141x215.png 141w\" sizes=\"(max-width: 922px) 100vw, 922px\" \/><\/p>\n<p>Los cierres ornamentales y los detalles llamativos complementan las piezas, elevando la colecci\u00f3n a un nivel de extravagancia que, sin perder elegancia, se siente moderna y audaz.<\/p>\n<p>M\u00e1s all\u00e1 de las prendas, esta colecci\u00f3n se distingue por su profundo reconocimiento a las mujeres que han sido parte del proceso creativo.<\/p>\n<p><img loading=\"lazy\" decoding=\"async\" class=\"alignnone wp-image-141843 size-full\" src=\"https:\/\/graziamagazine.com\/mx\/wp-content\/uploads\/sites\/13\/2024\/09\/mail-3.png\" alt=\"\" width=\"926\" height=\"1408\" srcset=\"https:\/\/graziamagazine.com\/mx\/wp-content\/uploads\/sites\/13\/2024\/09\/mail-3.png 926w, https:\/\/graziamagazine.com\/mx\/wp-content\/uploads\/sites\/13\/2024\/09\/mail-3-296x450.png 296w, https:\/\/graziamagazine.com\/mx\/wp-content\/uploads\/sites\/13\/2024\/09\/mail-3-673x1024.png 673w, https:\/\/graziamagazine.com\/mx\/wp-content\/uploads\/sites\/13\/2024\/09\/mail-3-768x1168.png 768w, https:\/\/graziamagazine.com\/mx\/wp-content\/uploads\/sites\/13\/2024\/09\/mail-3-400x608.png 400w, https:\/\/graziamagazine.com\/mx\/wp-content\/uploads\/sites\/13\/2024\/09\/mail-3-141x215.png 141w\" sizes=\"(max-width: 926px) 100vw, 926px\" \/><\/p>\n<p>Roseberry expres\u00f3 su gratitud hacia las <strong>modelos, las artesanas, las costureras<\/strong> y todas las involucradas en la creaci\u00f3n de estas piezas \u00fanicas.<\/p>\n<p><img loading=\"lazy\" decoding=\"async\" class=\"alignnone wp-image-141847 size-full\" src=\"https:\/\/graziamagazine.com\/mx\/wp-content\/uploads\/sites\/13\/2024\/09\/mail-7-copia.jpg\" alt=\"\" width=\"928\" height=\"1410\" srcset=\"https:\/\/graziamagazine.com\/mx\/wp-content\/uploads\/sites\/13\/2024\/09\/mail-7-copia.jpg 928w, https:\/\/graziamagazine.com\/mx\/wp-content\/uploads\/sites\/13\/2024\/09\/mail-7-copia-296x450.jpg 296w, https:\/\/graziamagazine.com\/mx\/wp-content\/uploads\/sites\/13\/2024\/09\/mail-7-copia-674x1024.jpg 674w, https:\/\/graziamagazine.com\/mx\/wp-content\/uploads\/sites\/13\/2024\/09\/mail-7-copia-768x1167.jpg 768w, https:\/\/graziamagazine.com\/mx\/wp-content\/uploads\/sites\/13\/2024\/09\/mail-7-copia-400x608.jpg 400w, https:\/\/graziamagazine.com\/mx\/wp-content\/uploads\/sites\/13\/2024\/09\/mail-7-copia-142x215.jpg 142w\" sizes=\"(max-width: 928px) 100vw, 928px\" \/><\/p>\n<p>Seg\u00fan \u00e9l, esta colecci\u00f3n no solo es para las mujeres, sino que existe gracias a ellas. Es una celebraci\u00f3n de la colaboraci\u00f3n femenina y el talento colectivo que define la esencia de Schiaparelli.<\/p>\n<p>*Im\u00e1genes: cortes\u00eda<\/p>\n","protected":false},"author":28953,"featured_media":141846,"template":"","format":"standard","categories":[4],"acf":[],"yoast_head":"<!-- This site is optimized with the Yoast SEO Premium plugin v18.5 (Yoast SEO v20.4) - https:\/\/yoast.com\/wordpress\/plugins\/seo\/ -->\n<title>&quot;Vintage del futuro&quot;: Schiaparelli Primavera-Verano 2025<\/title>\n<meta name=\"description\" content=\"Una colecci\u00f3n que redefine el futuro de la moda, con piezas pensadas para perdurar generaciones y hacer sentir a las mujeres poderosas.\" \/>\n<meta name=\"robots\" content=\"index, follow, max-snippet:-1, max-image-preview:large, max-video-preview:-1\" \/>\n<link rel=\"canonical\" href=\"https:\/\/graziamagazine.com\/mx\/articles\/vintage-del-futuro-schiaparelli-primavera-verano-2025\/\" \/>\n<meta property=\"og:locale\" content=\"es_MX\" \/>\n<meta property=\"og:type\" content=\"article\" \/>\n<meta property=\"og:title\" content=\"&quot;Vintage del futuro&quot;: Schiaparelli Primavera-Verano 2025\" \/>\n<meta property=\"og:description\" content=\"Una colecci\u00f3n que redefine el futuro de la moda, con piezas pensadas para perdurar generaciones y hacer sentir a las mujeres poderosas.\" \/>\n<meta property=\"og:url\" content=\"https:\/\/graziamagazine.com\/mx\/articles\/vintage-del-futuro-schiaparelli-primavera-verano-2025\/\" \/>\n<meta property=\"og:site_name\" content=\"Grazia M\u00e9xico y Latinoam\u00e9rica\" \/>\n<meta property=\"article:modified_time\" content=\"2024-09-27T18:20:28+00:00\" \/>\n<meta property=\"og:image\" content=\"https:\/\/graziamagazine.com\/mx\/wp-content\/uploads\/sites\/13\/2024\/09\/mail-8-688x1024.png\" \/>\n\t<meta property=\"og:image:width\" content=\"688\" \/>\n\t<meta property=\"og:image:height\" content=\"1024\" \/>\n\t<meta property=\"og:image:type\" content=\"image\/png\" \/>\n<meta name=\"twitter:card\" content=\"summary_large_image\" \/>\n<meta name=\"twitter:label1\" content=\"Est. reading time\" \/>\n\t<meta name=\"twitter:data1\" content=\"3 minutos\" \/>\n<script type=\"application\/ld+json\" class=\"yoast-schema-graph\">{\"@context\":\"https:\/\/schema.org\",\"@graph\":[{\"@type\":\"WebPage\",\"@id\":\"https:\/\/graziamagazine.com\/mx\/articles\/vintage-del-futuro-schiaparelli-primavera-verano-2025\/\",\"url\":\"https:\/\/graziamagazine.com\/mx\/articles\/vintage-del-futuro-schiaparelli-primavera-verano-2025\/\",\"name\":\"\\\"Vintage del futuro\\\": Schiaparelli Primavera-Verano 2025\",\"isPartOf\":{\"@id\":\"https:\/\/graziamagazine.com\/mx\/#website\"},\"datePublished\":\"2024-09-27T01:19:28+00:00\",\"dateModified\":\"2024-09-27T18:20:28+00:00\",\"description\":\"Una colecci\u00f3n que redefine el futuro de la moda, con piezas pensadas para perdurar generaciones y hacer sentir a las mujeres poderosas.\",\"breadcrumb\":{\"@id\":\"https:\/\/graziamagazine.com\/mx\/articles\/vintage-del-futuro-schiaparelli-primavera-verano-2025\/#breadcrumb\"},\"inLanguage\":\"es-MX\",\"potentialAction\":[{\"@type\":\"ReadAction\",\"target\":[\"https:\/\/graziamagazine.com\/mx\/articles\/vintage-del-futuro-schiaparelli-primavera-verano-2025\/\"]}]},{\"@type\":\"BreadcrumbList\",\"@id\":\"https:\/\/graziamagazine.com\/mx\/articles\/vintage-del-futuro-schiaparelli-primavera-verano-2025\/#breadcrumb\",\"itemListElement\":[{\"@type\":\"ListItem\",\"position\":1,\"name\":\"Home\",\"item\":\"https:\/\/graziamagazine.com\/mx\/\"},{\"@type\":\"ListItem\",\"position\":2,\"name\":\"&#8220;Vintage del futuro&#8221;: Schiaparelli Primavera-Verano 2025\"}]},{\"@type\":\"WebSite\",\"@id\":\"https:\/\/graziamagazine.com\/mx\/#website\",\"url\":\"https:\/\/graziamagazine.com\/mx\/\",\"name\":\"Grazia M\u00e9xico y Latinoam\u00e9rica\",\"description\":\"Grazia es moda, belleza y noticias  de actualidad \",\"potentialAction\":[{\"@type\":\"SearchAction\",\"target\":{\"@type\":\"EntryPoint\",\"urlTemplate\":\"https:\/\/graziamagazine.com\/mx\/?s={search_term_string}\"},\"query-input\":\"required name=search_term_string\"}],\"inLanguage\":\"es-MX\"}]}<\/script>\n<!-- \/ Yoast SEO Premium plugin. -->","yoast_head_json":{"title":"\"Vintage del futuro\": Schiaparelli Primavera-Verano 2025","description":"Una colecci\u00f3n que redefine el futuro de la moda, con piezas pensadas para perdurar generaciones y hacer sentir a las mujeres poderosas.","robots":{"index":"index","follow":"follow","max-snippet":"max-snippet:-1","max-image-preview":"max-image-preview:large","max-video-preview":"max-video-preview:-1"},"canonical":"https:\/\/graziamagazine.com\/mx\/articles\/vintage-del-futuro-schiaparelli-primavera-verano-2025\/","og_locale":"es_MX","og_type":"article","og_title":"\"Vintage del futuro\": Schiaparelli Primavera-Verano 2025","og_description":"Una colecci\u00f3n que redefine el futuro de la moda, con piezas pensadas para perdurar generaciones y hacer sentir a las mujeres poderosas.","og_url":"https:\/\/graziamagazine.com\/mx\/articles\/vintage-del-futuro-schiaparelli-primavera-verano-2025\/","og_site_name":"Grazia M\u00e9xico y Latinoam\u00e9rica","article_modified_time":"2024-09-27T18:20:28+00:00","og_image":[{"width":688,"height":1024,"url":"https:\/\/graziamagazine.com\/mx\/wp-content\/uploads\/sites\/13\/2024\/09\/mail-8-688x1024.png","type":"image\/png"}],"twitter_card":"summary_large_image","twitter_misc":{"Est. reading time":"3 minutos"},"schema":{"@context":"https:\/\/schema.org","@graph":[{"@type":"WebPage","@id":"https:\/\/graziamagazine.com\/mx\/articles\/vintage-del-futuro-schiaparelli-primavera-verano-2025\/","url":"https:\/\/graziamagazine.com\/mx\/articles\/vintage-del-futuro-schiaparelli-primavera-verano-2025\/","name":"\"Vintage del futuro\": Schiaparelli Primavera-Verano 2025","isPartOf":{"@id":"https:\/\/graziamagazine.com\/mx\/#website"},"datePublished":"2024-09-27T01:19:28+00:00","dateModified":"2024-09-27T18:20:28+00:00","description":"Una colecci\u00f3n que redefine el futuro de la moda, con piezas pensadas para perdurar generaciones y hacer sentir a las mujeres poderosas.","breadcrumb":{"@id":"https:\/\/graziamagazine.com\/mx\/articles\/vintage-del-futuro-schiaparelli-primavera-verano-2025\/#breadcrumb"},"inLanguage":"es-MX","potentialAction":[{"@type":"ReadAction","target":["https:\/\/graziamagazine.com\/mx\/articles\/vintage-del-futuro-schiaparelli-primavera-verano-2025\/"]}]},{"@type":"BreadcrumbList","@id":"https:\/\/graziamagazine.com\/mx\/articles\/vintage-del-futuro-schiaparelli-primavera-verano-2025\/#breadcrumb","itemListElement":[{"@type":"ListItem","position":1,"name":"Home","item":"https:\/\/graziamagazine.com\/mx\/"},{"@type":"ListItem","position":2,"name":"&#8220;Vintage del futuro&#8221;: Schiaparelli Primavera-Verano 2025"}]},{"@type":"WebSite","@id":"https:\/\/graziamagazine.com\/mx\/#website","url":"https:\/\/graziamagazine.com\/mx\/","name":"Grazia M\u00e9xico y Latinoam\u00e9rica","description":"Grazia es moda, belleza y noticias  de actualidad ","potentialAction":[{"@type":"SearchAction","target":{"@type":"EntryPoint","urlTemplate":"https:\/\/graziamagazine.com\/mx\/?s={search_term_string}"},"query-input":"required name=search_term_string"}],"inLanguage":"es-MX"}]}},"jetpack_sharing_enabled":true,"distributor_meta":false,"distributor_terms":false,"distributor_media":false,"distributor_original_site_name":"Grazia M\u00e9xico y Latinoam\u00e9rica","distributor_original_site_url":"https:\/\/graziamagazine.com\/mx","push-errors":false,"_links":{"self":[{"href":"https:\/\/graziamagazine.com\/mx\/wp-json\/wp\/v2\/articles\/141835"}],"collection":[{"href":"https:\/\/graziamagazine.com\/mx\/wp-json\/wp\/v2\/articles"}],"about":[{"href":"https:\/\/graziamagazine.com\/mx\/wp-json\/wp\/v2\/types\/articles"}],"author":[{"embeddable":true,"href":"https:\/\/graziamagazine.com\/mx\/wp-json\/wp\/v2\/users\/28953"}],"wp:featuredmedia":[{"embeddable":true,"href":"https:\/\/graziamagazine.com\/mx\/wp-json\/wp\/v2\/media\/141846"}],"wp:attachment":[{"href":"https:\/\/graziamagazine.com\/mx\/wp-json\/wp\/v2\/media?parent=141835"}],"wp:term":[{"taxonomy":"category","embeddable":true,"href":"https:\/\/graziamagazine.com\/mx\/wp-json\/wp\/v2\/categories?post=141835"}],"curies":[{"name":"wp","href":"https:\/\/api.w.org\/{rel}","templated":true}]}}