{"id":141603,"date":"2024-09-23T08:37:50","date_gmt":"2024-09-23T13:37:50","guid":{"rendered":"https:\/\/graziamagazine.com\/mx\/?post_type=articles&#038;p=141603"},"modified":"2024-09-23T21:46:15","modified_gmt":"2024-09-24T02:46:15","slug":"ludovic-de-saint-sernin-el-proximo-disenador-invitado-de-jean-paul-gaultier","status":"publish","type":"articles","link":"https:\/\/graziamagazine.com\/mx\/articles\/ludovic-de-saint-sernin-el-proximo-disenador-invitado-de-jean-paul-gaultier\/","title":{"rendered":"Ludovic de Saint-Sernin el pr\u00f3ximo dise\u00f1ador invitado de Jean-Paul Gaultier"},"content":{"rendered":"<p>Un nuevo nombre se suma a Jean-Paul Gaultier y lo hace de manera ef\u00edmera, convirti\u00e9ndose en el nuevo invitado para desarrollar al colecci\u00f3n de Alta Costura de la casa. Se trata del dise\u00f1ador Ludovic de Saint-Sernin tal y como lo ha anunciado la maison hoy por la ma\u00f1ana. Este joven dise\u00f1ador de apenas 32 a\u00f1os, nacido en Bruselas y criado en Francia, se suma as\u00ed a esta iniciativa creada por Jean-Paul Gaultier y por la que han pasado otros nombres de la industria de la moda como Nicolas Di Felice, a quien sucede, Chitose Abe de Sacai, Glenn Martens, Olivier Rousteing, Haider Ackermann o Simone Rocha.<\/p>\n<h3>Ludovic de Saint-Sernin: La Trayectoria de una Estrella Emergente en la Moda<\/h3>\n<p>Ludovic de Saint-Sernin es uno de los nombres m\u00e1s destacados en el mundo de la moda contempor\u00e1nea. Su enfoque audaz, su est\u00e9tica andr\u00f3gina y su capacidad para desafiar las convenciones han convertido a este dise\u00f1ador en una figura clave dentro de la moda de vanguardia. A trav\u00e9s de sus colecciones, ha sabido romper barreras de g\u00e9nero y explorar nuevas formas de expresi\u00f3n a trav\u00e9s de la ropa. En este art\u00edculo repasamos su trayectoria y el impacto que ha tenido en la industria.<\/p>\n<p><strong>Los inicios de Ludovic de Saint-Sernin<\/strong><\/p>\n<p>Nacido en B\u00e9lgica y de origen franc\u00e9s, Ludovic de Saint-Sernin creci\u00f3 con una pasi\u00f3n innata por la moda. Tras finalizar sus estudios en la prestigiosa escuela ESAA Duperr\u00e9 de Par\u00eds, donde se especializ\u00f3 en dise\u00f1o textil, comenz\u00f3 su carrera trabajando para reconocidas firmas como Balmain, donde adquiri\u00f3 experiencia y perfeccion\u00f3 su t\u00e9cnica en alta costura.<\/p>\n<p>Sin embargo, Saint-Sernin siempre tuvo una visi\u00f3n propia que lo empuj\u00f3 a crear su marca hom\u00f3nima en 2017. Desde entonces, ha ido consolid\u00e1ndose como un dise\u00f1ador que mezcla la sensualidad, la provocaci\u00f3n y una est\u00e9tica minimalista \u00fanica.<\/p>\n<p><strong>La est\u00e9tica de Ludovic de Saint-Sernin<\/strong><\/p>\n<p>El estilo de Ludovic de Saint-Sernin se caracteriza por ser sensual, provocador y, al mismo tiempo, extremadamente minimalista. En sus colecciones destacan prendas que juegan con la sexualidad y las nociones tradicionales de g\u00e9nero, proponiendo una moda que puede ser usada tanto por hombres como por mujeres. Sus dise\u00f1os exploran la idea de la piel como un lienzo, y la moda como una forma de autoexpresi\u00f3n libre de prejuicios.<\/p>\n<p>Desde su primera colecci\u00f3n, Saint-Sernin ha apostado por el uso de tejidos reveladores como el cuero, el sat\u00e9n y la malla, con prendas que desaf\u00edan la tradicional dicotom\u00eda entre lo masculino y lo femenino. Uno de los ejemplos m\u00e1s ic\u00f3nicos de su visi\u00f3n creativa es su braguita con ojales, que se ha convertido en una pieza clave en sus colecciones y ha sido objeto de atenci\u00f3n en redes sociales y medios de moda.<\/p>\n<p><strong>Impacto en la moda andr\u00f3gina<\/strong><\/p>\n<p>Ludovic de Saint-Sernin ha sido pionero en el impulso de la moda andr\u00f3gina y la eliminaci\u00f3n de las barreras de g\u00e9nero en la ropa. Su enfoque inclusivo y su habilidad para crear colecciones que pueden ser usadas por cualquier persona han capturado la atenci\u00f3n de una audiencia global, especialmente entre las generaciones m\u00e1s j\u00f3venes que buscan formas de autoexpresi\u00f3n m\u00e1s fluidas y libres.<\/p>\n<p>Sus dise\u00f1os no solo son atrevidos en t\u00e9rminos de est\u00e9tica, sino tambi\u00e9n a nivel conceptual, desafiando las normas de g\u00e9nero tradicionales y proponiendo una nueva visi\u00f3n de la moda en la que la identidad y la sexualidad son mucho m\u00e1s abiertas y flexibles.<\/p>\n<p><strong>Desfiles memorables y colaboraciones<\/strong><\/p>\n<p>Desde que debut\u00f3 en la Semana de la Moda de Par\u00eds, Ludovic de Saint-Sernin ha ganado el reconocimiento de la cr\u00edtica y el p\u00fablico por sus desfiles innovadores. Sus presentaciones son conocidas por su enfoque \u00edntimo y art\u00edstico, donde la ropa y la escenograf\u00eda juegan un papel clave para contar una historia.<\/p>\n<p>Entre sus colaboraciones m\u00e1s destacadas, ha trabajado con marcas de renombre como Dior y Jean Paul Gaultier, donde su visi\u00f3n fresca y disruptiva ha aportado una nueva energ\u00eda a estas casas de moda. Tambi\u00e9n ha sido aclamado por celebridades como Troye Sivan y Bella Hadid, quienes han lucido sus piezas en eventos de gran visibilidad, consolidando a\u00fan m\u00e1s su posici\u00f3n como uno de los dise\u00f1adores m\u00e1s influyentes de su generaci\u00f3n.<\/p>\n<p><strong>Reconocimientos y futuro<\/strong><\/p>\n<p>Ludovic de Saint-Sernin ha recibido varios premios y nominaciones, incluido el prestigioso Premio LVMH, que reconoce a los j\u00f3venes talentos m\u00e1s prometedores de la industria de la moda. Su nombre es cada vez m\u00e1s recurrente en la alta costura y en las conversaciones sobre el futuro de la moda.<\/p>\n<p>Con un enfoque cada vez m\u00e1s experimental y art\u00edstico, el futuro de Saint-Sernin parece estar lleno de posibilidades. La moda fluida, sensual y minimalista que propone sigue ganando terreno, y todo indica que su influencia continuar\u00e1 creciendo en los pr\u00f3ximos a\u00f1os.<\/p>\n<p><em>*Imagen: Instagram<\/em><\/p>\n","protected":false},"author":11653,"featured_media":141604,"template":"","format":"standard","categories":[12483],"acf":[],"yoast_head":"<!-- This site is optimized with the Yoast SEO Premium plugin v18.5 (Yoast SEO v20.4) - https:\/\/yoast.com\/wordpress\/plugins\/seo\/ -->\n<title>Ludovic de Saint-Sernin el pr\u00f3ximo dise\u00f1ador invitado de Jean-Paul Gaultier | Grazia M\u00e9xico y Latinoam\u00e9rica<\/title>\n<meta name=\"description\" content=\"Un nuevo nombre se suma a Jean-Paul Gaultier y lo hace de manera ef\u00edmera, convirti\u00e9ndose en el nuevo invitado para desarrollar al colecci\u00f3n de Alta\" \/>\n<meta name=\"robots\" content=\"index, follow, max-snippet:-1, max-image-preview:large, max-video-preview:-1\" \/>\n<link rel=\"canonical\" href=\"https:\/\/graziamagazine.com\/mx\/articles\/ludovic-de-saint-sernin-el-proximo-disenador-invitado-de-jean-paul-gaultier\/\" \/>\n<meta property=\"og:locale\" content=\"es_MX\" \/>\n<meta property=\"og:type\" content=\"article\" \/>\n<meta property=\"og:title\" content=\"Ludovic de Saint-Sernin el pr\u00f3ximo dise\u00f1ador invitado de Jean-Paul Gaultier\" \/>\n<meta property=\"og:description\" content=\"Un nuevo nombre se suma a Jean-Paul Gaultier y lo hace de manera ef\u00edmera, convirti\u00e9ndose en el nuevo invitado para desarrollar al colecci\u00f3n de Alta\" \/>\n<meta property=\"og:url\" content=\"https:\/\/graziamagazine.com\/mx\/articles\/ludovic-de-saint-sernin-el-proximo-disenador-invitado-de-jean-paul-gaultier\/\" \/>\n<meta property=\"og:site_name\" content=\"Grazia M\u00e9xico y Latinoam\u00e9rica\" \/>\n<meta property=\"article:modified_time\" content=\"2024-09-24T02:46:15+00:00\" \/>\n<meta property=\"og:image\" content=\"https:\/\/graziamagazine.com\/mx\/wp-content\/uploads\/sites\/13\/2024\/09\/adam_peter-e1727093157511.jpg\" \/>\n\t<meta property=\"og:image:width\" content=\"1418\" \/>\n\t<meta property=\"og:image:height\" content=\"1075\" \/>\n\t<meta property=\"og:image:type\" content=\"image\/jpeg\" \/>\n<meta name=\"twitter:card\" content=\"summary_large_image\" \/>\n<meta name=\"twitter:label1\" content=\"Est. reading time\" \/>\n\t<meta name=\"twitter:data1\" content=\"4 minutos\" \/>\n<script type=\"application\/ld+json\" class=\"yoast-schema-graph\">{\"@context\":\"https:\/\/schema.org\",\"@graph\":[{\"@type\":\"WebPage\",\"@id\":\"https:\/\/graziamagazine.com\/mx\/articles\/ludovic-de-saint-sernin-el-proximo-disenador-invitado-de-jean-paul-gaultier\/\",\"url\":\"https:\/\/graziamagazine.com\/mx\/articles\/ludovic-de-saint-sernin-el-proximo-disenador-invitado-de-jean-paul-gaultier\/\",\"name\":\"Ludovic de Saint-Sernin el pr\u00f3ximo dise\u00f1ador invitado de Jean-Paul Gaultier | Grazia M\u00e9xico y Latinoam\u00e9rica\",\"isPartOf\":{\"@id\":\"https:\/\/graziamagazine.com\/mx\/#website\"},\"datePublished\":\"2024-09-23T13:37:50+00:00\",\"dateModified\":\"2024-09-24T02:46:15+00:00\",\"description\":\"Un nuevo nombre se suma a Jean-Paul Gaultier y lo hace de manera ef\u00edmera, convirti\u00e9ndose en el nuevo invitado para desarrollar al colecci\u00f3n de Alta\",\"breadcrumb\":{\"@id\":\"https:\/\/graziamagazine.com\/mx\/articles\/ludovic-de-saint-sernin-el-proximo-disenador-invitado-de-jean-paul-gaultier\/#breadcrumb\"},\"inLanguage\":\"es-MX\",\"potentialAction\":[{\"@type\":\"ReadAction\",\"target\":[\"https:\/\/graziamagazine.com\/mx\/articles\/ludovic-de-saint-sernin-el-proximo-disenador-invitado-de-jean-paul-gaultier\/\"]}]},{\"@type\":\"BreadcrumbList\",\"@id\":\"https:\/\/graziamagazine.com\/mx\/articles\/ludovic-de-saint-sernin-el-proximo-disenador-invitado-de-jean-paul-gaultier\/#breadcrumb\",\"itemListElement\":[{\"@type\":\"ListItem\",\"position\":1,\"name\":\"Home\",\"item\":\"https:\/\/graziamagazine.com\/mx\/\"},{\"@type\":\"ListItem\",\"position\":2,\"name\":\"Ludovic de Saint-Sernin el pr\u00f3ximo dise\u00f1ador invitado de Jean-Paul Gaultier\"}]},{\"@type\":\"WebSite\",\"@id\":\"https:\/\/graziamagazine.com\/mx\/#website\",\"url\":\"https:\/\/graziamagazine.com\/mx\/\",\"name\":\"Grazia M\u00e9xico y Latinoam\u00e9rica\",\"description\":\"Grazia es moda, belleza y noticias  de actualidad \",\"potentialAction\":[{\"@type\":\"SearchAction\",\"target\":{\"@type\":\"EntryPoint\",\"urlTemplate\":\"https:\/\/graziamagazine.com\/mx\/?s={search_term_string}\"},\"query-input\":\"required name=search_term_string\"}],\"inLanguage\":\"es-MX\"}]}<\/script>\n<!-- \/ Yoast SEO Premium plugin. -->","yoast_head_json":{"title":"Ludovic de Saint-Sernin el pr\u00f3ximo dise\u00f1ador invitado de Jean-Paul Gaultier | Grazia M\u00e9xico y Latinoam\u00e9rica","description":"Un nuevo nombre se suma a Jean-Paul Gaultier y lo hace de manera ef\u00edmera, convirti\u00e9ndose en el nuevo invitado para desarrollar al colecci\u00f3n de Alta","robots":{"index":"index","follow":"follow","max-snippet":"max-snippet:-1","max-image-preview":"max-image-preview:large","max-video-preview":"max-video-preview:-1"},"canonical":"https:\/\/graziamagazine.com\/mx\/articles\/ludovic-de-saint-sernin-el-proximo-disenador-invitado-de-jean-paul-gaultier\/","og_locale":"es_MX","og_type":"article","og_title":"Ludovic de Saint-Sernin el pr\u00f3ximo dise\u00f1ador invitado de Jean-Paul Gaultier","og_description":"Un nuevo nombre se suma a Jean-Paul Gaultier y lo hace de manera ef\u00edmera, convirti\u00e9ndose en el nuevo invitado para desarrollar al colecci\u00f3n de Alta","og_url":"https:\/\/graziamagazine.com\/mx\/articles\/ludovic-de-saint-sernin-el-proximo-disenador-invitado-de-jean-paul-gaultier\/","og_site_name":"Grazia M\u00e9xico y Latinoam\u00e9rica","article_modified_time":"2024-09-24T02:46:15+00:00","og_image":[{"width":1418,"height":1075,"url":"https:\/\/graziamagazine.com\/mx\/wp-content\/uploads\/sites\/13\/2024\/09\/adam_peter-e1727093157511.jpg","type":"image\/jpeg"}],"twitter_card":"summary_large_image","twitter_misc":{"Est. reading time":"4 minutos"},"schema":{"@context":"https:\/\/schema.org","@graph":[{"@type":"WebPage","@id":"https:\/\/graziamagazine.com\/mx\/articles\/ludovic-de-saint-sernin-el-proximo-disenador-invitado-de-jean-paul-gaultier\/","url":"https:\/\/graziamagazine.com\/mx\/articles\/ludovic-de-saint-sernin-el-proximo-disenador-invitado-de-jean-paul-gaultier\/","name":"Ludovic de Saint-Sernin el pr\u00f3ximo dise\u00f1ador invitado de Jean-Paul Gaultier | Grazia M\u00e9xico y Latinoam\u00e9rica","isPartOf":{"@id":"https:\/\/graziamagazine.com\/mx\/#website"},"datePublished":"2024-09-23T13:37:50+00:00","dateModified":"2024-09-24T02:46:15+00:00","description":"Un nuevo nombre se suma a Jean-Paul Gaultier y lo hace de manera ef\u00edmera, convirti\u00e9ndose en el nuevo invitado para desarrollar al colecci\u00f3n de Alta","breadcrumb":{"@id":"https:\/\/graziamagazine.com\/mx\/articles\/ludovic-de-saint-sernin-el-proximo-disenador-invitado-de-jean-paul-gaultier\/#breadcrumb"},"inLanguage":"es-MX","potentialAction":[{"@type":"ReadAction","target":["https:\/\/graziamagazine.com\/mx\/articles\/ludovic-de-saint-sernin-el-proximo-disenador-invitado-de-jean-paul-gaultier\/"]}]},{"@type":"BreadcrumbList","@id":"https:\/\/graziamagazine.com\/mx\/articles\/ludovic-de-saint-sernin-el-proximo-disenador-invitado-de-jean-paul-gaultier\/#breadcrumb","itemListElement":[{"@type":"ListItem","position":1,"name":"Home","item":"https:\/\/graziamagazine.com\/mx\/"},{"@type":"ListItem","position":2,"name":"Ludovic de Saint-Sernin el pr\u00f3ximo dise\u00f1ador invitado de Jean-Paul Gaultier"}]},{"@type":"WebSite","@id":"https:\/\/graziamagazine.com\/mx\/#website","url":"https:\/\/graziamagazine.com\/mx\/","name":"Grazia M\u00e9xico y Latinoam\u00e9rica","description":"Grazia es moda, belleza y noticias  de actualidad ","potentialAction":[{"@type":"SearchAction","target":{"@type":"EntryPoint","urlTemplate":"https:\/\/graziamagazine.com\/mx\/?s={search_term_string}"},"query-input":"required name=search_term_string"}],"inLanguage":"es-MX"}]}},"jetpack_sharing_enabled":true,"distributor_meta":false,"distributor_terms":false,"distributor_media":false,"distributor_original_site_name":"Grazia M\u00e9xico y Latinoam\u00e9rica","distributor_original_site_url":"https:\/\/graziamagazine.com\/mx","push-errors":false,"_links":{"self":[{"href":"https:\/\/graziamagazine.com\/mx\/wp-json\/wp\/v2\/articles\/141603"}],"collection":[{"href":"https:\/\/graziamagazine.com\/mx\/wp-json\/wp\/v2\/articles"}],"about":[{"href":"https:\/\/graziamagazine.com\/mx\/wp-json\/wp\/v2\/types\/articles"}],"author":[{"embeddable":true,"href":"https:\/\/graziamagazine.com\/mx\/wp-json\/wp\/v2\/users\/11653"}],"wp:featuredmedia":[{"embeddable":true,"href":"https:\/\/graziamagazine.com\/mx\/wp-json\/wp\/v2\/media\/141604"}],"wp:attachment":[{"href":"https:\/\/graziamagazine.com\/mx\/wp-json\/wp\/v2\/media?parent=141603"}],"wp:term":[{"taxonomy":"category","embeddable":true,"href":"https:\/\/graziamagazine.com\/mx\/wp-json\/wp\/v2\/categories?post=141603"}],"curies":[{"name":"wp","href":"https:\/\/api.w.org\/{rel}","templated":true}]}}