{"id":141572,"date":"2024-09-21T15:35:29","date_gmt":"2024-09-21T20:35:29","guid":{"rendered":"https:\/\/graziamagazine.com\/mx\/?post_type=articles&#038;p=141572"},"modified":"2024-09-22T22:13:37","modified_gmt":"2024-09-23T03:13:37","slug":"tendencias-de-cortes-de-cabello-y-peinados-para-otono-2024","status":"publish","type":"articles","link":"https:\/\/graziamagazine.com\/mx\/articles\/tendencias-de-cortes-de-cabello-y-peinados-para-otono-2024\/","title":{"rendered":"Tendencias de cortes de cabello y peinados para oto\u00f1o 2024"},"content":{"rendered":"<p><span style=\"font-weight: 400\">Con la llegada del oto\u00f1o, es el momento perfecto para darle un giro fresco a tu melena. Este a\u00f1o, las tendencias de cortes de cabello y peinados combinan lo mejor de la nostalgia con toques contempor\u00e1neos, creando looks que son tanto chic como pr\u00e1cticos.\u00a0<\/span><\/p>\n<p><span style=\"font-weight: 400\">Estos son los estilos que estar\u00e1n en el radar de todas en esta temporada:<\/span><\/p>\n<ol>\n<li><strong> Bob con movimiento<\/strong><\/li>\n<\/ol>\n<p><span style=\"font-weight: 400\">El cl\u00e1sico corte bob sigue siendo protagonista este oto\u00f1o, pero con un twist moderno: el movimiento. Este estilo juega con capas sutiles que crean un efecto de movimiento natural, aportando volumen y dinamismo. Es ideal para quienes quieren un look fresco sin perder la sofisticaci\u00f3n. Adem\u00e1s, es incre\u00edblemente vers\u00e1til, ya que puedes llevarlo liso o con ondas suaves para un toque m\u00e1s relajado.<\/span><\/p>\n<ol start=\"2\">\n<li><strong> Fleco de cortina<\/strong><\/li>\n<\/ol>\n<p><span style=\"font-weight: 400\">El fleco en cortina sigue robando corazones esta temporada. Inspirado en los ic\u00f3nicos looks de los a\u00f1os 70, este tipo de flequillo es ideal para enmarcar el rostro sin comprometer demasiado el largo del cabello. Puedes llevarlo con el cabello suelto o recogido con un mo\u00f1o bajo desenfadado para un estilo casual pero con mucha onda.<\/span><\/p>\n<ol start=\"3\">\n<li><strong> Shaggy mullet<\/strong><\/li>\n<\/ol>\n<p><span style=\"font-weight: 400\">Si buscas un estilo m\u00e1s atrevido, el corte shaggy mullet ser\u00e1 tu mejor opci\u00f3n. Con ra\u00edces punk y rockeras, este corte combina capas desiguales que crean una textura despreocupada pero estilosa. Aunque es un look que parece rebelde, puede adaptarse a diferentes longitudes y formas de cara, lo que lo hace m\u00e1s vers\u00e1til de lo que se cree.\u00a0<\/span><\/p>\n<ol start=\"4\">\n<li><strong> Mo\u00f1os bajos y trenzas bohemias<\/strong><\/li>\n<\/ol>\n<p><span style=\"font-weight: 400\">En cuanto a peinados, este oto\u00f1o estar\u00e1 dominado por los mo\u00f1os bajos y las trenzas con un aire bohemio. Los mo\u00f1os bajos, perfectos para eventos elegantes, se llevan con mechones sueltos que enmarcan el rostro, logrando un look moderno. Las trenzas, por su parte, regresan con un estilo m\u00e1s libre, ideal para combinar con accesorios de cabello como pa\u00f1uelos o diademas, aportando un toque rom\u00e1ntico a cualquier look.<\/span><\/p>\n<ol start=\"5\">\n<li><strong> Pixie largo<\/strong><\/li>\n<\/ol>\n<p><span style=\"font-weight: 400\">El corte pixie contin\u00faa siendo una apuesta fuerte para el oto\u00f1o, pero esta vez se lleva m\u00e1s largo y con textura. Este estilo, que refleja libertad y empoderamiento, es para quienes prefieran un look pr\u00e1ctico y lleno de estilo. Se puede estilizar con un toque de gel para un acabado m\u00e1s \u2018peinado\u2019 o dejarlo m\u00e1s despeinado para un look casual y relajado.\u00a0<\/span><\/p>\n<ol start=\"6\">\n<li><strong> Coloraci\u00f3n c\u00e1lida<\/strong><\/li>\n<\/ol>\n<p><span style=\"font-weight: 400\">Los colores de este oto\u00f1o se inclinan hacia los tonos c\u00e1lidos como los cobrizos, caramelos y marrones profundos. Estos tonos no solo complementan perfectamente los paisajes oto\u00f1ales, sino que tambi\u00e9n a\u00f1aden calidez y dimensi\u00f3n al rostro.\u00a0<\/span><\/p>\n<p><span style=\"font-weight: 400\">\u00bfLista para tu transformaci\u00f3n de oto\u00f1o?<\/span><\/p>\n","protected":false},"author":11628,"featured_media":141573,"template":"","format":"standard","categories":[3],"acf":[],"yoast_head":"<!-- This site is optimized with the Yoast SEO Premium plugin v18.5 (Yoast SEO v20.4) - https:\/\/yoast.com\/wordpress\/plugins\/seo\/ -->\n<title>Tendencias de cortes de cabello y peinados para oto\u00f1o 2024 | Grazia M\u00e9xico y Latinoam\u00e9rica<\/title>\n<meta name=\"description\" content=\"Con la llegada del oto\u00f1o, es el momento perfecto para darle un giro fresco a tu melena. Este a\u00f1o, las tendencias de cortes de cabello y peinados combinan\" \/>\n<meta name=\"robots\" content=\"index, follow, max-snippet:-1, max-image-preview:large, max-video-preview:-1\" \/>\n<link rel=\"canonical\" href=\"https:\/\/graziamagazine.com\/mx\/articles\/tendencias-de-cortes-de-cabello-y-peinados-para-otono-2024\/\" \/>\n<meta property=\"og:locale\" content=\"es_MX\" \/>\n<meta property=\"og:type\" content=\"article\" \/>\n<meta property=\"og:title\" content=\"Tendencias de cortes de cabello y peinados para oto\u00f1o 2024\" \/>\n<meta property=\"og:description\" content=\"Con la llegada del oto\u00f1o, es el momento perfecto para darle un giro fresco a tu melena. Este a\u00f1o, las tendencias de cortes de cabello y peinados combinan\" \/>\n<meta property=\"og:url\" content=\"https:\/\/graziamagazine.com\/mx\/articles\/tendencias-de-cortes-de-cabello-y-peinados-para-otono-2024\/\" \/>\n<meta property=\"og:site_name\" content=\"Grazia M\u00e9xico y Latinoam\u00e9rica\" \/>\n<meta property=\"article:modified_time\" content=\"2024-09-23T03:13:37+00:00\" \/>\n<meta property=\"og:image\" content=\"https:\/\/graziamagazine.com\/mx\/wp-content\/uploads\/sites\/13\/2024\/09\/mullet.jpg\" \/>\n\t<meta property=\"og:image:width\" content=\"575\" \/>\n\t<meta property=\"og:image:height\" content=\"401\" \/>\n\t<meta property=\"og:image:type\" content=\"image\/jpeg\" \/>\n<meta name=\"twitter:card\" content=\"summary_large_image\" \/>\n<meta name=\"twitter:label1\" content=\"Est. reading time\" \/>\n\t<meta name=\"twitter:data1\" content=\"2 minutos\" \/>\n<script type=\"application\/ld+json\" class=\"yoast-schema-graph\">{\"@context\":\"https:\/\/schema.org\",\"@graph\":[{\"@type\":\"WebPage\",\"@id\":\"https:\/\/graziamagazine.com\/mx\/articles\/tendencias-de-cortes-de-cabello-y-peinados-para-otono-2024\/\",\"url\":\"https:\/\/graziamagazine.com\/mx\/articles\/tendencias-de-cortes-de-cabello-y-peinados-para-otono-2024\/\",\"name\":\"Tendencias de cortes de cabello y peinados para oto\u00f1o 2024 | Grazia M\u00e9xico y Latinoam\u00e9rica\",\"isPartOf\":{\"@id\":\"https:\/\/graziamagazine.com\/mx\/#website\"},\"datePublished\":\"2024-09-21T20:35:29+00:00\",\"dateModified\":\"2024-09-23T03:13:37+00:00\",\"description\":\"Con la llegada del oto\u00f1o, es el momento perfecto para darle un giro fresco a tu melena. Este a\u00f1o, las tendencias de cortes de cabello y peinados combinan\",\"breadcrumb\":{\"@id\":\"https:\/\/graziamagazine.com\/mx\/articles\/tendencias-de-cortes-de-cabello-y-peinados-para-otono-2024\/#breadcrumb\"},\"inLanguage\":\"es-MX\",\"potentialAction\":[{\"@type\":\"ReadAction\",\"target\":[\"https:\/\/graziamagazine.com\/mx\/articles\/tendencias-de-cortes-de-cabello-y-peinados-para-otono-2024\/\"]}]},{\"@type\":\"BreadcrumbList\",\"@id\":\"https:\/\/graziamagazine.com\/mx\/articles\/tendencias-de-cortes-de-cabello-y-peinados-para-otono-2024\/#breadcrumb\",\"itemListElement\":[{\"@type\":\"ListItem\",\"position\":1,\"name\":\"Home\",\"item\":\"https:\/\/graziamagazine.com\/mx\/\"},{\"@type\":\"ListItem\",\"position\":2,\"name\":\"Tendencias de cortes de cabello y peinados para oto\u00f1o 2024\"}]},{\"@type\":\"WebSite\",\"@id\":\"https:\/\/graziamagazine.com\/mx\/#website\",\"url\":\"https:\/\/graziamagazine.com\/mx\/\",\"name\":\"Grazia M\u00e9xico y Latinoam\u00e9rica\",\"description\":\"Grazia es moda, belleza y noticias  de actualidad \",\"potentialAction\":[{\"@type\":\"SearchAction\",\"target\":{\"@type\":\"EntryPoint\",\"urlTemplate\":\"https:\/\/graziamagazine.com\/mx\/?s={search_term_string}\"},\"query-input\":\"required name=search_term_string\"}],\"inLanguage\":\"es-MX\"}]}<\/script>\n<!-- \/ Yoast SEO Premium plugin. -->","yoast_head_json":{"title":"Tendencias de cortes de cabello y peinados para oto\u00f1o 2024 | Grazia M\u00e9xico y Latinoam\u00e9rica","description":"Con la llegada del oto\u00f1o, es el momento perfecto para darle un giro fresco a tu melena. Este a\u00f1o, las tendencias de cortes de cabello y peinados combinan","robots":{"index":"index","follow":"follow","max-snippet":"max-snippet:-1","max-image-preview":"max-image-preview:large","max-video-preview":"max-video-preview:-1"},"canonical":"https:\/\/graziamagazine.com\/mx\/articles\/tendencias-de-cortes-de-cabello-y-peinados-para-otono-2024\/","og_locale":"es_MX","og_type":"article","og_title":"Tendencias de cortes de cabello y peinados para oto\u00f1o 2024","og_description":"Con la llegada del oto\u00f1o, es el momento perfecto para darle un giro fresco a tu melena. Este a\u00f1o, las tendencias de cortes de cabello y peinados combinan","og_url":"https:\/\/graziamagazine.com\/mx\/articles\/tendencias-de-cortes-de-cabello-y-peinados-para-otono-2024\/","og_site_name":"Grazia M\u00e9xico y Latinoam\u00e9rica","article_modified_time":"2024-09-23T03:13:37+00:00","og_image":[{"width":575,"height":401,"url":"https:\/\/graziamagazine.com\/mx\/wp-content\/uploads\/sites\/13\/2024\/09\/mullet.jpg","type":"image\/jpeg"}],"twitter_card":"summary_large_image","twitter_misc":{"Est. reading time":"2 minutos"},"schema":{"@context":"https:\/\/schema.org","@graph":[{"@type":"WebPage","@id":"https:\/\/graziamagazine.com\/mx\/articles\/tendencias-de-cortes-de-cabello-y-peinados-para-otono-2024\/","url":"https:\/\/graziamagazine.com\/mx\/articles\/tendencias-de-cortes-de-cabello-y-peinados-para-otono-2024\/","name":"Tendencias de cortes de cabello y peinados para oto\u00f1o 2024 | Grazia M\u00e9xico y Latinoam\u00e9rica","isPartOf":{"@id":"https:\/\/graziamagazine.com\/mx\/#website"},"datePublished":"2024-09-21T20:35:29+00:00","dateModified":"2024-09-23T03:13:37+00:00","description":"Con la llegada del oto\u00f1o, es el momento perfecto para darle un giro fresco a tu melena. Este a\u00f1o, las tendencias de cortes de cabello y peinados combinan","breadcrumb":{"@id":"https:\/\/graziamagazine.com\/mx\/articles\/tendencias-de-cortes-de-cabello-y-peinados-para-otono-2024\/#breadcrumb"},"inLanguage":"es-MX","potentialAction":[{"@type":"ReadAction","target":["https:\/\/graziamagazine.com\/mx\/articles\/tendencias-de-cortes-de-cabello-y-peinados-para-otono-2024\/"]}]},{"@type":"BreadcrumbList","@id":"https:\/\/graziamagazine.com\/mx\/articles\/tendencias-de-cortes-de-cabello-y-peinados-para-otono-2024\/#breadcrumb","itemListElement":[{"@type":"ListItem","position":1,"name":"Home","item":"https:\/\/graziamagazine.com\/mx\/"},{"@type":"ListItem","position":2,"name":"Tendencias de cortes de cabello y peinados para oto\u00f1o 2024"}]},{"@type":"WebSite","@id":"https:\/\/graziamagazine.com\/mx\/#website","url":"https:\/\/graziamagazine.com\/mx\/","name":"Grazia M\u00e9xico y Latinoam\u00e9rica","description":"Grazia es moda, belleza y noticias  de actualidad ","potentialAction":[{"@type":"SearchAction","target":{"@type":"EntryPoint","urlTemplate":"https:\/\/graziamagazine.com\/mx\/?s={search_term_string}"},"query-input":"required name=search_term_string"}],"inLanguage":"es-MX"}]}},"jetpack_sharing_enabled":true,"distributor_meta":false,"distributor_terms":false,"distributor_media":false,"distributor_original_site_name":"Grazia M\u00e9xico y Latinoam\u00e9rica","distributor_original_site_url":"https:\/\/graziamagazine.com\/mx","push-errors":false,"_links":{"self":[{"href":"https:\/\/graziamagazine.com\/mx\/wp-json\/wp\/v2\/articles\/141572"}],"collection":[{"href":"https:\/\/graziamagazine.com\/mx\/wp-json\/wp\/v2\/articles"}],"about":[{"href":"https:\/\/graziamagazine.com\/mx\/wp-json\/wp\/v2\/types\/articles"}],"author":[{"embeddable":true,"href":"https:\/\/graziamagazine.com\/mx\/wp-json\/wp\/v2\/users\/11628"}],"wp:featuredmedia":[{"embeddable":true,"href":"https:\/\/graziamagazine.com\/mx\/wp-json\/wp\/v2\/media\/141573"}],"wp:attachment":[{"href":"https:\/\/graziamagazine.com\/mx\/wp-json\/wp\/v2\/media?parent=141572"}],"wp:term":[{"taxonomy":"category","embeddable":true,"href":"https:\/\/graziamagazine.com\/mx\/wp-json\/wp\/v2\/categories?post=141572"}],"curies":[{"name":"wp","href":"https:\/\/api.w.org\/{rel}","templated":true}]}}