{"id":141547,"date":"2024-09-20T05:03:55","date_gmt":"2024-09-20T10:03:55","guid":{"rendered":"https:\/\/graziamagazine.com\/mx\/?post_type=articles&#038;p=141547"},"modified":"2024-09-22T22:16:20","modified_gmt":"2024-09-23T03:16:20","slug":"milan-fashion-week-max-mara-primavera-verano-2025","status":"publish","type":"articles","link":"https:\/\/graziamagazine.com\/mx\/articles\/milan-fashion-week-max-mara-primavera-verano-2025\/","title":{"rendered":"Milan Fashion Week: Max Mara primavera-verano 2025"},"content":{"rendered":"<p>Los cient\u00edficos y matem\u00e1ticos son los que reducen el viejo y desordenado universo a una serie de elegantes ecuaciones. Max Mara encuentra inspiraci\u00f3n en la disciplina que requiere que sus estudiantes crean que un gato est\u00e1 vivo y muerto al mismo tiempo, y explora el mundo alucinante de los n\u00fameros irracionales, imaginarios y trascendentales. \u00bfQui\u00e9n dijo que no hay misterio en las matem\u00e1ticas?<\/p>\n<p>Max Mara tiene la costumbre de destacar a las mujeres pioneras de la historia. En Alejandr\u00eda del siglo IV encontramos a la matem\u00e1tica, fil\u00f3sofa, astr\u00f3noma y muy querida maestra Hipatia. Gran parte del trabajo de Hipatia se desarroll\u00f3 a partir de Pit\u00e1goras. Esas ecuaciones, expresadas como tri\u00e1ngulos diagram\u00e1ticos, son como las flechas simples que usa la modista para transformar una s\u00e1bana plana en una estructura viviente tridimensional; dardos m\u00e1gicos, m\u00edsticos. Tan a menudo disfrazados o camuflados, aqu\u00ed se proclaman con orgullo.<\/p>\n<div class=\"content-gallery\">\n<div class=\"gallery-placeholder\">\n<div class=\"spinner\"><\/div>\n<\/div>\n<p>&nbsp;<\/p>\n<div id=\"gallery-1\" class=\"gallery galleryid-179114 gallery-columns- gallery-size-\">\n<figure class=\"gallery-item\">\n<div class=\"gallery-icon landscape\"><img loading=\"lazy\" decoding=\"async\" class=\"lazy\" src=\"https:\/\/graziamagazine.com\/es\/wp-content\/uploads\/sites\/12\/2024\/09\/Max-Mara-SS25-33-scaled.jpeg\" alt=\"\" width=\"1707\" height=\"2560\" \/><\/div>\n<\/figure>\n<figure class=\"gallery-item\">\n<div class=\"gallery-icon landscape\"><img loading=\"lazy\" decoding=\"async\" class=\"lazy\" src=\"https:\/\/graziamagazine.com\/es\/wp-content\/uploads\/sites\/12\/2024\/09\/Max-Mara-SS25-07-scaled.jpeg\" alt=\"\" width=\"1707\" height=\"2560\" \/><\/div>\n<\/figure>\n<figure class=\"gallery-item\">\n<div class=\"gallery-icon landscape\"><img loading=\"lazy\" decoding=\"async\" class=\"lazy\" src=\"https:\/\/graziamagazine.com\/es\/wp-content\/uploads\/sites\/12\/2024\/09\/Max-Mara-SS25-20-1-scaled.jpeg\" alt=\"\" width=\"1707\" height=\"2560\" \/><\/div>\n<\/figure>\n<figure class=\"gallery-item\">\n<div class=\"gallery-icon landscape\"><img loading=\"lazy\" decoding=\"async\" class=\"lazy\" src=\"https:\/\/graziamagazine.com\/es\/wp-content\/uploads\/sites\/12\/2024\/09\/Max-Mara-SS25-22-scaled.jpeg\" alt=\"\" width=\"1707\" height=\"2560\" \/><\/div>\n<\/figure>\n<\/div>\n<\/div>\n<p>En algodones reci\u00e9n sacados de la caja, est\u00e1n cosidos externamente, lo que le da a <strong>la sastrer\u00eda y las gabardinas<\/strong> de Max Mara un giro trigonom\u00e9trico. Dispuestos en grupos asim\u00e9tricos similares al origami que irradian desde un hombro o cadera, son una nueva versi\u00f3n de los <strong>vestidos drapeados<\/strong> de la \u00e9poca de Hipatia.<\/p>\n<div class=\"content-gallery\">\n<div class=\"gallery-placeholder\">\n<div class=\"spinner\"><\/div>\n<\/div>\n<p>&nbsp;<\/p>\n<div id=\"gallery-2\" class=\"gallery galleryid-179114 gallery-columns- gallery-size-\">\n<figure class=\"gallery-item\">\n<div class=\"gallery-icon landscape\"><img loading=\"lazy\" decoding=\"async\" class=\"lazy\" src=\"https:\/\/graziamagazine.com\/es\/wp-content\/uploads\/sites\/12\/2024\/09\/Max-Mara-SS25-09-scaled.jpeg\" alt=\"\" width=\"1707\" height=\"2560\" \/><\/div>\n<\/figure>\n<figure class=\"gallery-item\">\n<div class=\"gallery-icon landscape\"><img loading=\"lazy\" decoding=\"async\" class=\"lazy\" src=\"https:\/\/graziamagazine.com\/es\/wp-content\/uploads\/sites\/12\/2024\/09\/Max-Mara-SS25-16-scaled.jpeg\" alt=\"\" width=\"1707\" height=\"2560\" \/><\/div>\n<\/figure>\n<\/div>\n<\/div>\n<p>Las <strong>faldas y los vestidos de punto<\/strong> en forma de columna con nervaduras que se ajustan al contorno ofrecen un indicio de la suma sacerdotisa. Inspirados en el trabajo de Hipatia de cortar conos en diferentes \u00e1ngulos, las coulises el\u00edpticas trazadas matem\u00e1ticamente generan construcciones intrigantes que revelan un segmento del abdomen, una franja del hombro o toda la espalda. La elegante silueta depende de chaquetas con una nueva forma de hombro: afilada, cuadrada y estrecha.<\/p>\n<p>La teor\u00eda del caos nos dice que esperemos lo inesperado. <strong>En una colecci\u00f3n basada en la geometr\u00eda, la precisi\u00f3n y la articulaci\u00f3n, hay telas lineales impecables, gabardinas, drils y vaqueros de gama alta que se prestan a la ingenier\u00eda, pero tambi\u00e9n hay sedas arrugadas entrecruzadas permanentemente con pliegues aleatorios.<\/strong><\/p>\n<div class=\"content-gallery\">\n<div class=\"gallery-placeholder\">\n<div class=\"spinner\"><\/div>\n<\/div>\n<p>&nbsp;<\/p>\n<div id=\"gallery-3\" class=\"gallery galleryid-179114 gallery-columns- gallery-size-\">\n<figure class=\"gallery-item\">\n<div class=\"gallery-icon landscape\"><img loading=\"lazy\" decoding=\"async\" class=\"lazy\" src=\"https:\/\/graziamagazine.com\/es\/wp-content\/uploads\/sites\/12\/2024\/09\/Max-Mara-SS25-40-scaled.jpeg\" alt=\"\" width=\"1707\" height=\"2560\" \/><\/div>\n<\/figure>\n<figure class=\"gallery-item\">\n<div class=\"gallery-icon landscape\"><img loading=\"lazy\" decoding=\"async\" class=\"lazy\" src=\"https:\/\/graziamagazine.com\/es\/wp-content\/uploads\/sites\/12\/2024\/09\/Max-Mara-SS25-27-scaled.jpeg\" alt=\"\" width=\"1707\" height=\"2560\" \/><\/div>\n<\/figure>\n<figure class=\"gallery-item\">\n<div class=\"gallery-icon landscape\"><img loading=\"lazy\" decoding=\"async\" class=\"lazy\" src=\"https:\/\/graziamagazine.com\/es\/wp-content\/uploads\/sites\/12\/2024\/09\/Max-Mara-SS25-17-scaled.jpeg\" alt=\"\" width=\"1707\" height=\"2560\" \/><\/div>\n<\/figure>\n<figure class=\"gallery-item\">\n<div class=\"gallery-icon landscape\"><img loading=\"lazy\" decoding=\"async\" class=\"lazy\" src=\"https:\/\/graziamagazine.com\/es\/wp-content\/uploads\/sites\/12\/2024\/09\/Max-Mara-SS25-19-scaled.jpeg\" alt=\"\" width=\"1707\" height=\"2560\" \/><\/div>\n<\/figure>\n<\/div>\n<\/div>\n<p>Cuando la est\u00e9tica es inseparable de la construcci\u00f3n t\u00e9cnica detallada, incluso la modesta camisa de popelina puede elevarse a la categor\u00eda de declaraci\u00f3n de estilo. Max Mara presenta toda una secuencia para poner a prueba esa hip\u00f3tesis. Y, por cierto, \u00bfqu\u00e9 dice \u00abverano en la ciudad\u00bb mejor que una camisa de algod\u00f3n n\u00edtida o un vestido camisero envolvente?<\/p>\n<p>En <strong>colores tomados de los frascos de laboratorio<\/strong>: blanco cristalino, \u00f3xido de cobre tan negro como puede ser el marr\u00f3n, azul espuela de caballero profundo y nitrato de plata, Max Mara vibra con qu\u00edmica fr\u00eda y m\u00e1gica.<\/p>\n<p>\u00bfMagia? \u00bfNo est\u00e1 eso en desacuerdo con la premisa cient\u00edfica de la colecci\u00f3n? Kurt Vonnegut respondi\u00f3 eso cuando escribi\u00f3: \u00abLa ciencia es magia que funciona\u00bb.<\/p>\n<p><em>*Im\u00e1genes: cortes\u00eda\u00a0<\/em><\/p>\n","protected":false},"author":11653,"featured_media":141549,"template":"","format":"standard","categories":[4],"acf":[],"yoast_head":"<!-- This site is optimized with the Yoast SEO Premium plugin v18.5 (Yoast SEO v20.4) - https:\/\/yoast.com\/wordpress\/plugins\/seo\/ -->\n<title>Milan Fashion Week: Max Mara primavera-verano 2025 | Grazia M\u00e9xico y Latinoam\u00e9rica<\/title>\n<meta name=\"description\" content=\"Los cient\u00edficos y matem\u00e1ticos son los que reducen el viejo y desordenado universo a una serie de elegantes ecuaciones. Max Mara encuentra inspiraci\u00f3n en\" \/>\n<meta name=\"robots\" content=\"index, follow, max-snippet:-1, max-image-preview:large, max-video-preview:-1\" \/>\n<link rel=\"canonical\" href=\"https:\/\/graziamagazine.com\/mx\/articles\/milan-fashion-week-max-mara-primavera-verano-2025\/\" \/>\n<meta property=\"og:locale\" content=\"es_MX\" \/>\n<meta property=\"og:type\" content=\"article\" \/>\n<meta property=\"og:title\" content=\"Milan Fashion Week: Max Mara primavera-verano 2025\" \/>\n<meta property=\"og:description\" content=\"Los cient\u00edficos y matem\u00e1ticos son los que reducen el viejo y desordenado universo a una serie de elegantes ecuaciones. Max Mara encuentra inspiraci\u00f3n en\" \/>\n<meta property=\"og:url\" content=\"https:\/\/graziamagazine.com\/mx\/articles\/milan-fashion-week-max-mara-primavera-verano-2025\/\" \/>\n<meta property=\"og:site_name\" content=\"Grazia M\u00e9xico y Latinoam\u00e9rica\" \/>\n<meta property=\"article:modified_time\" content=\"2024-09-23T03:16:20+00:00\" \/>\n<meta property=\"og:image\" content=\"https:\/\/graziamagazine.com\/mx\/wp-content\/uploads\/sites\/13\/2024\/09\/Max-Mara-SS25-48-scaled-e1726824266121.jpeg\" \/>\n\t<meta property=\"og:image:width\" content=\"1638\" \/>\n\t<meta property=\"og:image:height\" content=\"1122\" \/>\n\t<meta property=\"og:image:type\" content=\"image\/jpeg\" \/>\n<meta name=\"twitter:card\" content=\"summary_large_image\" \/>\n<meta name=\"twitter:label1\" content=\"Est. reading time\" \/>\n\t<meta name=\"twitter:data1\" content=\"5 minutos\" \/>\n<script type=\"application\/ld+json\" class=\"yoast-schema-graph\">{\"@context\":\"https:\/\/schema.org\",\"@graph\":[{\"@type\":\"WebPage\",\"@id\":\"https:\/\/graziamagazine.com\/mx\/articles\/milan-fashion-week-max-mara-primavera-verano-2025\/\",\"url\":\"https:\/\/graziamagazine.com\/mx\/articles\/milan-fashion-week-max-mara-primavera-verano-2025\/\",\"name\":\"Milan Fashion Week: Max Mara primavera-verano 2025 | Grazia M\u00e9xico y Latinoam\u00e9rica\",\"isPartOf\":{\"@id\":\"https:\/\/graziamagazine.com\/mx\/#website\"},\"datePublished\":\"2024-09-20T10:03:55+00:00\",\"dateModified\":\"2024-09-23T03:16:20+00:00\",\"description\":\"Los cient\u00edficos y matem\u00e1ticos son los que reducen el viejo y desordenado universo a una serie de elegantes ecuaciones. Max Mara encuentra inspiraci\u00f3n en\",\"breadcrumb\":{\"@id\":\"https:\/\/graziamagazine.com\/mx\/articles\/milan-fashion-week-max-mara-primavera-verano-2025\/#breadcrumb\"},\"inLanguage\":\"es-MX\",\"potentialAction\":[{\"@type\":\"ReadAction\",\"target\":[\"https:\/\/graziamagazine.com\/mx\/articles\/milan-fashion-week-max-mara-primavera-verano-2025\/\"]}]},{\"@type\":\"BreadcrumbList\",\"@id\":\"https:\/\/graziamagazine.com\/mx\/articles\/milan-fashion-week-max-mara-primavera-verano-2025\/#breadcrumb\",\"itemListElement\":[{\"@type\":\"ListItem\",\"position\":1,\"name\":\"Home\",\"item\":\"https:\/\/graziamagazine.com\/mx\/\"},{\"@type\":\"ListItem\",\"position\":2,\"name\":\"Milan Fashion Week: Max Mara primavera-verano 2025\"}]},{\"@type\":\"WebSite\",\"@id\":\"https:\/\/graziamagazine.com\/mx\/#website\",\"url\":\"https:\/\/graziamagazine.com\/mx\/\",\"name\":\"Grazia M\u00e9xico y Latinoam\u00e9rica\",\"description\":\"Grazia es moda, belleza y noticias  de actualidad \",\"potentialAction\":[{\"@type\":\"SearchAction\",\"target\":{\"@type\":\"EntryPoint\",\"urlTemplate\":\"https:\/\/graziamagazine.com\/mx\/?s={search_term_string}\"},\"query-input\":\"required name=search_term_string\"}],\"inLanguage\":\"es-MX\"}]}<\/script>\n<!-- \/ Yoast SEO Premium plugin. -->","yoast_head_json":{"title":"Milan Fashion Week: Max Mara primavera-verano 2025 | Grazia M\u00e9xico y Latinoam\u00e9rica","description":"Los cient\u00edficos y matem\u00e1ticos son los que reducen el viejo y desordenado universo a una serie de elegantes ecuaciones. Max Mara encuentra inspiraci\u00f3n en","robots":{"index":"index","follow":"follow","max-snippet":"max-snippet:-1","max-image-preview":"max-image-preview:large","max-video-preview":"max-video-preview:-1"},"canonical":"https:\/\/graziamagazine.com\/mx\/articles\/milan-fashion-week-max-mara-primavera-verano-2025\/","og_locale":"es_MX","og_type":"article","og_title":"Milan Fashion Week: Max Mara primavera-verano 2025","og_description":"Los cient\u00edficos y matem\u00e1ticos son los que reducen el viejo y desordenado universo a una serie de elegantes ecuaciones. Max Mara encuentra inspiraci\u00f3n en","og_url":"https:\/\/graziamagazine.com\/mx\/articles\/milan-fashion-week-max-mara-primavera-verano-2025\/","og_site_name":"Grazia M\u00e9xico y Latinoam\u00e9rica","article_modified_time":"2024-09-23T03:16:20+00:00","og_image":[{"width":1638,"height":1122,"url":"https:\/\/graziamagazine.com\/mx\/wp-content\/uploads\/sites\/13\/2024\/09\/Max-Mara-SS25-48-scaled-e1726824266121.jpeg","type":"image\/jpeg"}],"twitter_card":"summary_large_image","twitter_misc":{"Est. reading time":"5 minutos"},"schema":{"@context":"https:\/\/schema.org","@graph":[{"@type":"WebPage","@id":"https:\/\/graziamagazine.com\/mx\/articles\/milan-fashion-week-max-mara-primavera-verano-2025\/","url":"https:\/\/graziamagazine.com\/mx\/articles\/milan-fashion-week-max-mara-primavera-verano-2025\/","name":"Milan Fashion Week: Max Mara primavera-verano 2025 | Grazia M\u00e9xico y Latinoam\u00e9rica","isPartOf":{"@id":"https:\/\/graziamagazine.com\/mx\/#website"},"datePublished":"2024-09-20T10:03:55+00:00","dateModified":"2024-09-23T03:16:20+00:00","description":"Los cient\u00edficos y matem\u00e1ticos son los que reducen el viejo y desordenado universo a una serie de elegantes ecuaciones. Max Mara encuentra inspiraci\u00f3n en","breadcrumb":{"@id":"https:\/\/graziamagazine.com\/mx\/articles\/milan-fashion-week-max-mara-primavera-verano-2025\/#breadcrumb"},"inLanguage":"es-MX","potentialAction":[{"@type":"ReadAction","target":["https:\/\/graziamagazine.com\/mx\/articles\/milan-fashion-week-max-mara-primavera-verano-2025\/"]}]},{"@type":"BreadcrumbList","@id":"https:\/\/graziamagazine.com\/mx\/articles\/milan-fashion-week-max-mara-primavera-verano-2025\/#breadcrumb","itemListElement":[{"@type":"ListItem","position":1,"name":"Home","item":"https:\/\/graziamagazine.com\/mx\/"},{"@type":"ListItem","position":2,"name":"Milan Fashion Week: Max Mara primavera-verano 2025"}]},{"@type":"WebSite","@id":"https:\/\/graziamagazine.com\/mx\/#website","url":"https:\/\/graziamagazine.com\/mx\/","name":"Grazia M\u00e9xico y Latinoam\u00e9rica","description":"Grazia es moda, belleza y noticias  de actualidad ","potentialAction":[{"@type":"SearchAction","target":{"@type":"EntryPoint","urlTemplate":"https:\/\/graziamagazine.com\/mx\/?s={search_term_string}"},"query-input":"required name=search_term_string"}],"inLanguage":"es-MX"}]}},"jetpack_sharing_enabled":true,"distributor_meta":false,"distributor_terms":false,"distributor_media":false,"distributor_original_site_name":"Grazia M\u00e9xico y Latinoam\u00e9rica","distributor_original_site_url":"https:\/\/graziamagazine.com\/mx","push-errors":false,"_links":{"self":[{"href":"https:\/\/graziamagazine.com\/mx\/wp-json\/wp\/v2\/articles\/141547"}],"collection":[{"href":"https:\/\/graziamagazine.com\/mx\/wp-json\/wp\/v2\/articles"}],"about":[{"href":"https:\/\/graziamagazine.com\/mx\/wp-json\/wp\/v2\/types\/articles"}],"author":[{"embeddable":true,"href":"https:\/\/graziamagazine.com\/mx\/wp-json\/wp\/v2\/users\/11653"}],"wp:featuredmedia":[{"embeddable":true,"href":"https:\/\/graziamagazine.com\/mx\/wp-json\/wp\/v2\/media\/141549"}],"wp:attachment":[{"href":"https:\/\/graziamagazine.com\/mx\/wp-json\/wp\/v2\/media?parent=141547"}],"wp:term":[{"taxonomy":"category","embeddable":true,"href":"https:\/\/graziamagazine.com\/mx\/wp-json\/wp\/v2\/categories?post=141547"}],"curies":[{"name":"wp","href":"https:\/\/api.w.org\/{rel}","templated":true}]}}