{"id":141480,"date":"2024-09-17T14:45:33","date_gmt":"2024-09-17T19:45:33","guid":{"rendered":"https:\/\/graziamagazine.com\/mx\/?post_type=articles&#038;p=141480"},"modified":"2024-09-22T22:19:52","modified_gmt":"2024-09-23T03:19:52","slug":"william-kate-felicitan-harry-cumpleanos-40-tensa-relacion","status":"publish","type":"articles","link":"https:\/\/graziamagazine.com\/mx\/articles\/william-kate-felicitan-harry-cumpleanos-40-tensa-relacion\/","title":{"rendered":"William y Kate felicitan a Harry en su cumplea\u00f1os 40 en medio de una tensa relaci\u00f3n"},"content":{"rendered":"<p>Los pr\u00edncipes de gales, <strong>William y Kate<\/strong> <strong>felicitaron al pr\u00edncipe Harry<\/strong> en su cumplea\u00f1os 40, el cual se celebr\u00f3 el pasado 15 de septiembre. Los herederos del trono brit\u00e1nico compartieron una publicaci\u00f3n que hizo la cuenta oficial de la familia real brit\u00e1nica.<\/p>\n<p>&#8220;\u00a1Le deseamos hoy al duque de Sussex un muy feliz 40 cumplea\u00f1os!&#8221;, escribieron en a cuenta de la <strong>familia real<\/strong> junto a una fotograf\u00eda de Harry sonriente y vistiendo un traje gris.<\/p>\n<p>La publicaci\u00f3n luego fue compartida por William y Kate. &#8220;Deseamos un feliz 40 cumplea\u00f1os al duque de Sussex&#8221;, escribieron.<\/p>\n<p>A pesar de que <strong>desde el 2021 no felicitaban al duque se Sussex<\/strong>, el mensaje no fue tan personal. Ninguno de los miembros de la familia real firm\u00f3 con sus iniciales, algo que indicar\u00eda que ellos personalmente estar\u00edan enviando el mensaje.<\/p>\n<p>La felicitaci\u00f3n se da en medio de <strong>tensiones en la familia real<\/strong> tras la salida de Harry y su esposa Meghan de las actividades reales para irse a vivir a Estados Unidos en marzo del 2020.<\/p>\n<p>A partir de ese momento, las relaciones entre los miembros de la familia real <strong>son consideradas tensas<\/strong> por parte de algunos expertos en realeza.<\/p>\n<figure id=\"attachment_141481\" aria-describedby=\"caption-attachment-141481\" style=\"width: 450px\" class=\"wp-caption alignnone\"><img loading=\"lazy\" decoding=\"async\" class=\"size-medium wp-image-141481\" src=\"https:\/\/graziamagazine.com\/mx\/wp-content\/uploads\/sites\/13\/2024\/09\/WhatsApp-Image-2024-09-17-at-1.45.25-PM-450x287.jpeg\" alt=\"\" width=\"450\" height=\"287\" srcset=\"https:\/\/graziamagazine.com\/mx\/wp-content\/uploads\/sites\/13\/2024\/09\/WhatsApp-Image-2024-09-17-at-1.45.25-PM-450x287.jpeg 450w, https:\/\/graziamagazine.com\/mx\/wp-content\/uploads\/sites\/13\/2024\/09\/WhatsApp-Image-2024-09-17-at-1.45.25-PM-768x489.jpeg 768w, https:\/\/graziamagazine.com\/mx\/wp-content\/uploads\/sites\/13\/2024\/09\/WhatsApp-Image-2024-09-17-at-1.45.25-PM-400x255.jpeg 400w, https:\/\/graziamagazine.com\/mx\/wp-content\/uploads\/sites\/13\/2024\/09\/WhatsApp-Image-2024-09-17-at-1.45.25-PM-155x99.jpeg 155w, https:\/\/graziamagazine.com\/mx\/wp-content\/uploads\/sites\/13\/2024\/09\/WhatsApp-Image-2024-09-17-at-1.45.25-PM.jpeg 909w\" sizes=\"(max-width: 450px) 100vw, 450px\" \/><figcaption id=\"caption-attachment-141481\" class=\"wp-caption-text\">Instagram<\/figcaption><\/figure>\n<p>Pero tambi\u00e9n es evidente, William y Harry asistieron al funeral de un t\u00edo pol\u00edtico en Inglaterra, y la prensa revel\u00f3 que <strong>los hermanos ni siquiera hablaron entre s\u00ed<\/strong>, algo que tambi\u00e9n sucedi\u00f3 en la coronaci\u00f3n del Rey Carlos, su padre, en mayo del 2023.<\/p>\n<p>Hasta el momento, Harry y Meghan <strong>siguen involucrados en actividades ben\u00e9ficas<\/strong> y recientemente viajaron a Colombia invitados por el vicepresidente de ese pa\u00eds.<\/p>\n<p>Seg\u00fan datos de la BBC, el pr\u00edncipe est\u00e1 entusiasmado por el inicio de una <strong>nueva d\u00e9cada<\/strong> en su vida.<\/p>\n<p>&#8220;Estaba preocupado por el 30, estoy deseando que llegue el 40. Ser padre le ha dado un nuevo sentido de prop\u00f3sito para hacer del mundo un lugar mejor\u201d, asegur\u00f3 el pr\u00edncipe Harry.<\/p>\n<p>Meghan y Harry contin\u00faan siendo los <strong>duques de Sussex<\/strong>, t\u00edtulo que les fue otorgado al casarse en el 2018.<\/p>\n","protected":false},"author":36289,"featured_media":141483,"template":"","format":"standard","categories":[114],"acf":[],"yoast_head":"<!-- This site is optimized with the Yoast SEO Premium plugin v18.5 (Yoast SEO v20.4) - https:\/\/yoast.com\/wordpress\/plugins\/seo\/ -->\n<title>William y Kate felicitan a Harry en su cumplea\u00f1os 40 en medio de una tensa relaci\u00f3n | Grazia M\u00e9xico y Latinoam\u00e9rica<\/title>\n<meta name=\"description\" content=\"Los pr\u00edncipes de gales, William y Kate felicitaron al pr\u00edncipe Harry en su cumplea\u00f1os 40, el cual se celebr\u00f3 el pasado 15 de septiembre. Los herederos del\" \/>\n<meta name=\"robots\" content=\"index, follow, max-snippet:-1, max-image-preview:large, max-video-preview:-1\" \/>\n<link rel=\"canonical\" href=\"https:\/\/graziamagazine.com\/mx\/articles\/william-kate-felicitan-harry-cumpleanos-40-tensa-relacion\/\" \/>\n<meta property=\"og:locale\" content=\"es_MX\" \/>\n<meta property=\"og:type\" content=\"article\" \/>\n<meta property=\"og:title\" content=\"William y Kate felicitan a Harry en su cumplea\u00f1os 40 en medio de una tensa relaci\u00f3n\" \/>\n<meta property=\"og:description\" content=\"Los pr\u00edncipes de gales, William y Kate felicitaron al pr\u00edncipe Harry en su cumplea\u00f1os 40, el cual se celebr\u00f3 el pasado 15 de septiembre. Los herederos del\" \/>\n<meta property=\"og:url\" content=\"https:\/\/graziamagazine.com\/mx\/articles\/william-kate-felicitan-harry-cumpleanos-40-tensa-relacion\/\" \/>\n<meta property=\"og:site_name\" content=\"Grazia M\u00e9xico y Latinoam\u00e9rica\" \/>\n<meta property=\"article:modified_time\" content=\"2024-09-23T03:19:52+00:00\" \/>\n<meta property=\"og:image\" content=\"https:\/\/graziamagazine.com\/mx\/wp-content\/uploads\/sites\/13\/2024\/09\/WhatsApp-Image-2024-09-17-at-1.50.45-PM.jpeg\" \/>\n\t<meta property=\"og:image:width\" content=\"772\" \/>\n\t<meta property=\"og:image:height\" content=\"593\" \/>\n\t<meta property=\"og:image:type\" content=\"image\/jpeg\" \/>\n<meta name=\"twitter:card\" content=\"summary_large_image\" \/>\n<meta name=\"twitter:label1\" content=\"Est. reading time\" \/>\n\t<meta name=\"twitter:data1\" content=\"2 minutos\" \/>\n<script type=\"application\/ld+json\" class=\"yoast-schema-graph\">{\"@context\":\"https:\/\/schema.org\",\"@graph\":[{\"@type\":\"WebPage\",\"@id\":\"https:\/\/graziamagazine.com\/mx\/articles\/william-kate-felicitan-harry-cumpleanos-40-tensa-relacion\/\",\"url\":\"https:\/\/graziamagazine.com\/mx\/articles\/william-kate-felicitan-harry-cumpleanos-40-tensa-relacion\/\",\"name\":\"William y Kate felicitan a Harry en su cumplea\u00f1os 40 en medio de una tensa relaci\u00f3n | Grazia M\u00e9xico y Latinoam\u00e9rica\",\"isPartOf\":{\"@id\":\"https:\/\/graziamagazine.com\/mx\/#website\"},\"datePublished\":\"2024-09-17T19:45:33+00:00\",\"dateModified\":\"2024-09-23T03:19:52+00:00\",\"description\":\"Los pr\u00edncipes de gales, William y Kate felicitaron al pr\u00edncipe Harry en su cumplea\u00f1os 40, el cual se celebr\u00f3 el pasado 15 de septiembre. Los herederos del\",\"breadcrumb\":{\"@id\":\"https:\/\/graziamagazine.com\/mx\/articles\/william-kate-felicitan-harry-cumpleanos-40-tensa-relacion\/#breadcrumb\"},\"inLanguage\":\"es-MX\",\"potentialAction\":[{\"@type\":\"ReadAction\",\"target\":[\"https:\/\/graziamagazine.com\/mx\/articles\/william-kate-felicitan-harry-cumpleanos-40-tensa-relacion\/\"]}]},{\"@type\":\"BreadcrumbList\",\"@id\":\"https:\/\/graziamagazine.com\/mx\/articles\/william-kate-felicitan-harry-cumpleanos-40-tensa-relacion\/#breadcrumb\",\"itemListElement\":[{\"@type\":\"ListItem\",\"position\":1,\"name\":\"Home\",\"item\":\"https:\/\/graziamagazine.com\/mx\/\"},{\"@type\":\"ListItem\",\"position\":2,\"name\":\"William y Kate felicitan a Harry en su cumplea\u00f1os 40 en medio de una tensa relaci\u00f3n\"}]},{\"@type\":\"WebSite\",\"@id\":\"https:\/\/graziamagazine.com\/mx\/#website\",\"url\":\"https:\/\/graziamagazine.com\/mx\/\",\"name\":\"Grazia M\u00e9xico y Latinoam\u00e9rica\",\"description\":\"Grazia es moda, belleza y noticias  de actualidad \",\"potentialAction\":[{\"@type\":\"SearchAction\",\"target\":{\"@type\":\"EntryPoint\",\"urlTemplate\":\"https:\/\/graziamagazine.com\/mx\/?s={search_term_string}\"},\"query-input\":\"required name=search_term_string\"}],\"inLanguage\":\"es-MX\"}]}<\/script>\n<!-- \/ Yoast SEO Premium plugin. -->","yoast_head_json":{"title":"William y Kate felicitan a Harry en su cumplea\u00f1os 40 en medio de una tensa relaci\u00f3n | Grazia M\u00e9xico y Latinoam\u00e9rica","description":"Los pr\u00edncipes de gales, William y Kate felicitaron al pr\u00edncipe Harry en su cumplea\u00f1os 40, el cual se celebr\u00f3 el pasado 15 de septiembre. Los herederos del","robots":{"index":"index","follow":"follow","max-snippet":"max-snippet:-1","max-image-preview":"max-image-preview:large","max-video-preview":"max-video-preview:-1"},"canonical":"https:\/\/graziamagazine.com\/mx\/articles\/william-kate-felicitan-harry-cumpleanos-40-tensa-relacion\/","og_locale":"es_MX","og_type":"article","og_title":"William y Kate felicitan a Harry en su cumplea\u00f1os 40 en medio de una tensa relaci\u00f3n","og_description":"Los pr\u00edncipes de gales, William y Kate felicitaron al pr\u00edncipe Harry en su cumplea\u00f1os 40, el cual se celebr\u00f3 el pasado 15 de septiembre. Los herederos del","og_url":"https:\/\/graziamagazine.com\/mx\/articles\/william-kate-felicitan-harry-cumpleanos-40-tensa-relacion\/","og_site_name":"Grazia M\u00e9xico y Latinoam\u00e9rica","article_modified_time":"2024-09-23T03:19:52+00:00","og_image":[{"width":772,"height":593,"url":"https:\/\/graziamagazine.com\/mx\/wp-content\/uploads\/sites\/13\/2024\/09\/WhatsApp-Image-2024-09-17-at-1.50.45-PM.jpeg","type":"image\/jpeg"}],"twitter_card":"summary_large_image","twitter_misc":{"Est. reading time":"2 minutos"},"schema":{"@context":"https:\/\/schema.org","@graph":[{"@type":"WebPage","@id":"https:\/\/graziamagazine.com\/mx\/articles\/william-kate-felicitan-harry-cumpleanos-40-tensa-relacion\/","url":"https:\/\/graziamagazine.com\/mx\/articles\/william-kate-felicitan-harry-cumpleanos-40-tensa-relacion\/","name":"William y Kate felicitan a Harry en su cumplea\u00f1os 40 en medio de una tensa relaci\u00f3n | Grazia M\u00e9xico y Latinoam\u00e9rica","isPartOf":{"@id":"https:\/\/graziamagazine.com\/mx\/#website"},"datePublished":"2024-09-17T19:45:33+00:00","dateModified":"2024-09-23T03:19:52+00:00","description":"Los pr\u00edncipes de gales, William y Kate felicitaron al pr\u00edncipe Harry en su cumplea\u00f1os 40, el cual se celebr\u00f3 el pasado 15 de septiembre. Los herederos del","breadcrumb":{"@id":"https:\/\/graziamagazine.com\/mx\/articles\/william-kate-felicitan-harry-cumpleanos-40-tensa-relacion\/#breadcrumb"},"inLanguage":"es-MX","potentialAction":[{"@type":"ReadAction","target":["https:\/\/graziamagazine.com\/mx\/articles\/william-kate-felicitan-harry-cumpleanos-40-tensa-relacion\/"]}]},{"@type":"BreadcrumbList","@id":"https:\/\/graziamagazine.com\/mx\/articles\/william-kate-felicitan-harry-cumpleanos-40-tensa-relacion\/#breadcrumb","itemListElement":[{"@type":"ListItem","position":1,"name":"Home","item":"https:\/\/graziamagazine.com\/mx\/"},{"@type":"ListItem","position":2,"name":"William y Kate felicitan a Harry en su cumplea\u00f1os 40 en medio de una tensa relaci\u00f3n"}]},{"@type":"WebSite","@id":"https:\/\/graziamagazine.com\/mx\/#website","url":"https:\/\/graziamagazine.com\/mx\/","name":"Grazia M\u00e9xico y Latinoam\u00e9rica","description":"Grazia es moda, belleza y noticias  de actualidad ","potentialAction":[{"@type":"SearchAction","target":{"@type":"EntryPoint","urlTemplate":"https:\/\/graziamagazine.com\/mx\/?s={search_term_string}"},"query-input":"required name=search_term_string"}],"inLanguage":"es-MX"}]}},"jetpack_sharing_enabled":true,"distributor_meta":false,"distributor_terms":false,"distributor_media":false,"distributor_original_site_name":"Grazia M\u00e9xico y Latinoam\u00e9rica","distributor_original_site_url":"https:\/\/graziamagazine.com\/mx","push-errors":false,"_links":{"self":[{"href":"https:\/\/graziamagazine.com\/mx\/wp-json\/wp\/v2\/articles\/141480"}],"collection":[{"href":"https:\/\/graziamagazine.com\/mx\/wp-json\/wp\/v2\/articles"}],"about":[{"href":"https:\/\/graziamagazine.com\/mx\/wp-json\/wp\/v2\/types\/articles"}],"author":[{"embeddable":true,"href":"https:\/\/graziamagazine.com\/mx\/wp-json\/wp\/v2\/users\/36289"}],"wp:featuredmedia":[{"embeddable":true,"href":"https:\/\/graziamagazine.com\/mx\/wp-json\/wp\/v2\/media\/141483"}],"wp:attachment":[{"href":"https:\/\/graziamagazine.com\/mx\/wp-json\/wp\/v2\/media?parent=141480"}],"wp:term":[{"taxonomy":"category","embeddable":true,"href":"https:\/\/graziamagazine.com\/mx\/wp-json\/wp\/v2\/categories?post=141480"}],"curies":[{"name":"wp","href":"https:\/\/api.w.org\/{rel}","templated":true}]}}