{"id":141392,"date":"2024-09-13T13:50:22","date_gmt":"2024-09-13T18:50:22","guid":{"rendered":"https:\/\/graziamagazine.com\/mx\/?post_type=articles&#038;p=141392"},"modified":"2024-09-22T22:25:12","modified_gmt":"2024-09-23T03:25:12","slug":"nuevo-look-radical-kendall-jenner","status":"publish","type":"articles","link":"https:\/\/graziamagazine.com\/mx\/articles\/nuevo-look-radical-kendall-jenner\/","title":{"rendered":"Este es el nuevo look -y el m\u00e1s radical- de Kendall Jenner"},"content":{"rendered":"<p><strong>Kendall Jenner<\/strong> luci\u00f3 su <strong>nuevo <em>look<\/em><\/strong> en redes sociales, pues la modelo ha te\u00f1ido su cabellera de color rubio, adem\u00e1s de hacerse un corte al estilo <em><strong>blunt bob<\/strong><\/em> (corte recto y despuntado), siendo su cambio m\u00e1s radical hasta ahora.<\/p>\n<p>Kendall public\u00f3 en <strong>Instagram<\/strong> una serie de fotograf\u00edas que llam\u00f3 <em><strong>Blonde<\/strong><\/em> donde posa luciendo su nuevo color de cabello, vistiendo un outfit sencillo de jeans, blusa negra y chamarra de piel negra.<\/p>\n<div class=\"content-gallery\"><div class=\"gallery-placeholder\"><div class=\"spinner\"><\/div><\/div><span class=\"gallery-pagination\"><\/span><div id=\"gallery-1\" class=\"gallery galleryid-141392 gallery-columns- gallery-size-\"><figure class=\"gallery-item\"><div class=\"gallery-icon landscape\"><img loading=\"lazy\" decoding=\"async\" width=\"1125\" height=\"823\" src=\"https:\/\/graziamagazine.com\/mx\/wp-content\/uploads\/sites\/13\/2024\/09\/WhatsApp-Image-2024-09-13-at-12.50.27-PM-1.jpeg\" class=\"lazy\" alt=\"\" srcset=\"https:\/\/graziamagazine.com\/mx\/wp-content\/uploads\/sites\/13\/2024\/09\/WhatsApp-Image-2024-09-13-at-12.50.27-PM-1.jpeg 1125w, https:\/\/graziamagazine.com\/mx\/wp-content\/uploads\/sites\/13\/2024\/09\/WhatsApp-Image-2024-09-13-at-12.50.27-PM-1-450x329.jpeg 450w, https:\/\/graziamagazine.com\/mx\/wp-content\/uploads\/sites\/13\/2024\/09\/WhatsApp-Image-2024-09-13-at-12.50.27-PM-1-1024x749.jpeg 1024w, https:\/\/graziamagazine.com\/mx\/wp-content\/uploads\/sites\/13\/2024\/09\/WhatsApp-Image-2024-09-13-at-12.50.27-PM-1-768x562.jpeg 768w, https:\/\/graziamagazine.com\/mx\/wp-content\/uploads\/sites\/13\/2024\/09\/WhatsApp-Image-2024-09-13-at-12.50.27-PM-1-400x293.jpeg 400w, https:\/\/graziamagazine.com\/mx\/wp-content\/uploads\/sites\/13\/2024\/09\/WhatsApp-Image-2024-09-13-at-12.50.27-PM-1-155x113.jpeg 155w\" sizes=\"(max-width: 1125px) 100vw, 1125px\" \/><\/div><figcaption class=\"wp-caption-text gallery-caption\" id=\"gallery-1-141395\">Instagram<\/figcaption><\/figure><figure class=\"gallery-item\"><div class=\"gallery-icon landscape\"><img loading=\"lazy\" decoding=\"async\" width=\"598\" height=\"814\" src=\"https:\/\/graziamagazine.com\/mx\/wp-content\/uploads\/sites\/13\/2024\/09\/WhatsApp-Image-2024-09-13-at-12.50.26-PM.jpeg\" class=\"lazy\" alt=\"\" srcset=\"https:\/\/graziamagazine.com\/mx\/wp-content\/uploads\/sites\/13\/2024\/09\/WhatsApp-Image-2024-09-13-at-12.50.26-PM.jpeg 598w, https:\/\/graziamagazine.com\/mx\/wp-content\/uploads\/sites\/13\/2024\/09\/WhatsApp-Image-2024-09-13-at-12.50.26-PM-331x450.jpeg 331w, https:\/\/graziamagazine.com\/mx\/wp-content\/uploads\/sites\/13\/2024\/09\/WhatsApp-Image-2024-09-13-at-12.50.26-PM-400x544.jpeg 400w, https:\/\/graziamagazine.com\/mx\/wp-content\/uploads\/sites\/13\/2024\/09\/WhatsApp-Image-2024-09-13-at-12.50.26-PM-155x211.jpeg 155w\" sizes=\"(max-width: 598px) 100vw, 598px\" \/><\/div><figcaption class=\"wp-caption-text gallery-caption\" id=\"gallery-1-141394\">Instagram<\/figcaption><\/figure><\/div><\/div>\n<p>Si te est\u00e1s preguntando \u00bfen manos de qui\u00e9n confi\u00f3 su cabello la modelo y empresaria? La respuesta es <strong>Jenna Perry<\/strong>, propietaria y colorista principal del famoso sal\u00f3n <strong>Jenna Perry Hair<\/strong> ubicado en <strong>Nueva York<\/strong>.<\/p>\n<p>Perry coment\u00f3 a <em><strong>Vogue<\/strong><\/em> que Kendall se inspir\u00f3 en <strong>Caroline Bessette-Kennedy<\/strong>, quien fue publicista de <strong>Calvin Klein<\/strong> y esposa de <strong>John F. Kennedy Jr<\/strong>., y tras a\u00f1os de su fallecimiento, sigue imponiendo su estilismo, el cual la modelo ha decidido perpetuar.<\/p>\n<p>&#8220;Me tom\u00f3 dos d\u00edas llevarla a este hermoso tono de rubio dorado. Ella est\u00e1 muy inspirada por los a\u00f1os 90 y Caroline Bessette-Kennedy en este momento&#8221;, dijo la estilista.<\/p>\n<div class=\"content-gallery\"><div class=\"gallery-placeholder\"><div class=\"spinner\"><\/div><\/div><span class=\"gallery-pagination\"><\/span><div id=\"gallery-2\" class=\"gallery galleryid-141392 gallery-columns- gallery-size-\"><figure class=\"gallery-item\"><div class=\"gallery-icon landscape\"><img loading=\"lazy\" decoding=\"async\" width=\"1125\" height=\"819\" src=\"https:\/\/graziamagazine.com\/mx\/wp-content\/uploads\/sites\/13\/2024\/09\/WhatsApp-Image-2024-09-13-at-12.50.28-PM-1.jpeg\" class=\"lazy\" alt=\"\" srcset=\"https:\/\/graziamagazine.com\/mx\/wp-content\/uploads\/sites\/13\/2024\/09\/WhatsApp-Image-2024-09-13-at-12.50.28-PM-1.jpeg 1125w, https:\/\/graziamagazine.com\/mx\/wp-content\/uploads\/sites\/13\/2024\/09\/WhatsApp-Image-2024-09-13-at-12.50.28-PM-1-450x328.jpeg 450w, https:\/\/graziamagazine.com\/mx\/wp-content\/uploads\/sites\/13\/2024\/09\/WhatsApp-Image-2024-09-13-at-12.50.28-PM-1-1024x745.jpeg 1024w, https:\/\/graziamagazine.com\/mx\/wp-content\/uploads\/sites\/13\/2024\/09\/WhatsApp-Image-2024-09-13-at-12.50.28-PM-1-768x559.jpeg 768w, https:\/\/graziamagazine.com\/mx\/wp-content\/uploads\/sites\/13\/2024\/09\/WhatsApp-Image-2024-09-13-at-12.50.28-PM-1-400x291.jpeg 400w, https:\/\/graziamagazine.com\/mx\/wp-content\/uploads\/sites\/13\/2024\/09\/WhatsApp-Image-2024-09-13-at-12.50.28-PM-1-155x113.jpeg 155w\" sizes=\"(max-width: 1125px) 100vw, 1125px\" \/><\/div><figcaption class=\"wp-caption-text gallery-caption\" id=\"gallery-2-141397\">Instagram<\/figcaption><\/figure><figure class=\"gallery-item\"><div class=\"gallery-icon landscape\"><img loading=\"lazy\" decoding=\"async\" width=\"748\" height=\"812\" src=\"https:\/\/graziamagazine.com\/mx\/wp-content\/uploads\/sites\/13\/2024\/09\/WhatsApp-Image-2024-09-13-at-12.50.25-PM.jpeg\" class=\"lazy\" alt=\"\" srcset=\"https:\/\/graziamagazine.com\/mx\/wp-content\/uploads\/sites\/13\/2024\/09\/WhatsApp-Image-2024-09-13-at-12.50.25-PM.jpeg 748w, https:\/\/graziamagazine.com\/mx\/wp-content\/uploads\/sites\/13\/2024\/09\/WhatsApp-Image-2024-09-13-at-12.50.25-PM-415x450.jpeg 415w, https:\/\/graziamagazine.com\/mx\/wp-content\/uploads\/sites\/13\/2024\/09\/WhatsApp-Image-2024-09-13-at-12.50.25-PM-400x434.jpeg 400w, https:\/\/graziamagazine.com\/mx\/wp-content\/uploads\/sites\/13\/2024\/09\/WhatsApp-Image-2024-09-13-at-12.50.25-PM-155x168.jpeg 155w\" sizes=\"(max-width: 748px) 100vw, 748px\" \/><\/div><figcaption class=\"wp-caption-text gallery-caption\" id=\"gallery-2-141393\">Instagram<\/figcaption><\/figure><figure class=\"gallery-item\"><div class=\"gallery-icon landscape\"><img loading=\"lazy\" decoding=\"async\" width=\"1125\" height=\"816\" src=\"https:\/\/graziamagazine.com\/mx\/wp-content\/uploads\/sites\/13\/2024\/09\/WhatsApp-Image-2024-09-13-at-12.50.28-PM.jpeg\" class=\"lazy\" alt=\"\" srcset=\"https:\/\/graziamagazine.com\/mx\/wp-content\/uploads\/sites\/13\/2024\/09\/WhatsApp-Image-2024-09-13-at-12.50.28-PM.jpeg 1125w, https:\/\/graziamagazine.com\/mx\/wp-content\/uploads\/sites\/13\/2024\/09\/WhatsApp-Image-2024-09-13-at-12.50.28-PM-450x326.jpeg 450w, https:\/\/graziamagazine.com\/mx\/wp-content\/uploads\/sites\/13\/2024\/09\/WhatsApp-Image-2024-09-13-at-12.50.28-PM-1024x743.jpeg 1024w, https:\/\/graziamagazine.com\/mx\/wp-content\/uploads\/sites\/13\/2024\/09\/WhatsApp-Image-2024-09-13-at-12.50.28-PM-768x557.jpeg 768w, https:\/\/graziamagazine.com\/mx\/wp-content\/uploads\/sites\/13\/2024\/09\/WhatsApp-Image-2024-09-13-at-12.50.28-PM-400x290.jpeg 400w, https:\/\/graziamagazine.com\/mx\/wp-content\/uploads\/sites\/13\/2024\/09\/WhatsApp-Image-2024-09-13-at-12.50.28-PM-155x112.jpeg 155w\" sizes=\"(max-width: 1125px) 100vw, 1125px\" \/><\/div><figcaption class=\"wp-caption-text gallery-caption\" id=\"gallery-2-141398\">Instagram<\/figcaption><\/figure><\/div><\/div>\n<p>&#8220;Hay algo intr\u00ednsecamente especial en los espacios donde la rutina se convierte en ritual y se producen transformaciones. Estoy amplificando esa idea y convirti\u00e9ndola en una totalmente relajada, c\u00f3moda y emocionante al mismo tiempo. Como el apartamento de tu amigo del que no quieres salir, pero cuando lo haces, te sientes como la mejor versi\u00f3n de ti misma&#8221;, se lee el lema del sal\u00f3n de belleza de Jenna Perry.<\/p>\n<p>Perry es una de las estilistas m\u00e1s renombradas y buscadas por <strong>celebridades<\/strong> como Bella Hadid, Jennifer Fisher, Emily Ratajkowski, Chlo\u00eb Sevigny, Maude Apatow, Hailey Bieber, entre otras; pues sus estilos personalizados dan resultados sin esfuerzo y muy naturales.<\/p>\n<p>Kendall Jenner forma parte de la dinast\u00eda Kardashian, sin embargo, no suele ser partidaria de los cambios constantes de look, de hecho, de todas las hermanas es la que procura mantener su vida lo m\u00e1s privada posible, pero cuando de looks se trata, siempre aparecer\u00e1 en primera plana.<\/p>\n","protected":false},"author":36289,"featured_media":141396,"template":"","format":"standard","categories":[2],"acf":[],"yoast_head":"<!-- This site is optimized with the Yoast SEO Premium plugin v18.5 (Yoast SEO v20.4) - https:\/\/yoast.com\/wordpress\/plugins\/seo\/ -->\n<title>Este es el nuevo look -y el m\u00e1s radical- de Kendall Jenner | Grazia M\u00e9xico y Latinoam\u00e9rica<\/title>\n<meta name=\"description\" content=\"Kendall Jenner luci\u00f3 su nuevo look en redes sociales, pues la modelo ha te\u00f1ido su cabellera de color rubio, adem\u00e1s de hacerse un corte al estilo blunt bob\" \/>\n<meta name=\"robots\" content=\"index, follow, max-snippet:-1, max-image-preview:large, max-video-preview:-1\" \/>\n<link rel=\"canonical\" href=\"https:\/\/graziamagazine.com\/mx\/articles\/nuevo-look-radical-kendall-jenner\/\" \/>\n<meta property=\"og:locale\" content=\"es_MX\" \/>\n<meta property=\"og:type\" content=\"article\" \/>\n<meta property=\"og:title\" content=\"Este es el nuevo look -y el m\u00e1s radical- de Kendall Jenner\" \/>\n<meta property=\"og:description\" content=\"Kendall Jenner luci\u00f3 su nuevo look en redes sociales, pues la modelo ha te\u00f1ido su cabellera de color rubio, adem\u00e1s de hacerse un corte al estilo blunt bob\" \/>\n<meta property=\"og:url\" content=\"https:\/\/graziamagazine.com\/mx\/articles\/nuevo-look-radical-kendall-jenner\/\" \/>\n<meta property=\"og:site_name\" content=\"Grazia M\u00e9xico y Latinoam\u00e9rica\" \/>\n<meta property=\"article:modified_time\" content=\"2024-09-23T03:25:12+00:00\" \/>\n<meta property=\"og:image\" content=\"https:\/\/graziamagazine.com\/mx\/wp-content\/uploads\/sites\/13\/2024\/09\/WhatsApp-Image-2024-09-13-at-12.50.27-PM-e1726253751330.jpeg\" \/>\n\t<meta property=\"og:image:width\" content=\"1125\" \/>\n\t<meta property=\"og:image:height\" content=\"720\" \/>\n\t<meta property=\"og:image:type\" content=\"image\/jpeg\" \/>\n<meta name=\"twitter:card\" content=\"summary_large_image\" \/>\n<meta name=\"twitter:label1\" content=\"Est. reading time\" \/>\n\t<meta name=\"twitter:data1\" content=\"2 minutos\" \/>\n<script type=\"application\/ld+json\" class=\"yoast-schema-graph\">{\"@context\":\"https:\/\/schema.org\",\"@graph\":[{\"@type\":\"WebPage\",\"@id\":\"https:\/\/graziamagazine.com\/mx\/articles\/nuevo-look-radical-kendall-jenner\/\",\"url\":\"https:\/\/graziamagazine.com\/mx\/articles\/nuevo-look-radical-kendall-jenner\/\",\"name\":\"Este es el nuevo look -y el m\u00e1s radical- de Kendall Jenner | Grazia M\u00e9xico y Latinoam\u00e9rica\",\"isPartOf\":{\"@id\":\"https:\/\/graziamagazine.com\/mx\/#website\"},\"datePublished\":\"2024-09-13T18:50:22+00:00\",\"dateModified\":\"2024-09-23T03:25:12+00:00\",\"description\":\"Kendall Jenner luci\u00f3 su nuevo look en redes sociales, pues la modelo ha te\u00f1ido su cabellera de color rubio, adem\u00e1s de hacerse un corte al estilo blunt bob\",\"breadcrumb\":{\"@id\":\"https:\/\/graziamagazine.com\/mx\/articles\/nuevo-look-radical-kendall-jenner\/#breadcrumb\"},\"inLanguage\":\"es-MX\",\"potentialAction\":[{\"@type\":\"ReadAction\",\"target\":[\"https:\/\/graziamagazine.com\/mx\/articles\/nuevo-look-radical-kendall-jenner\/\"]}]},{\"@type\":\"BreadcrumbList\",\"@id\":\"https:\/\/graziamagazine.com\/mx\/articles\/nuevo-look-radical-kendall-jenner\/#breadcrumb\",\"itemListElement\":[{\"@type\":\"ListItem\",\"position\":1,\"name\":\"Home\",\"item\":\"https:\/\/graziamagazine.com\/mx\/\"},{\"@type\":\"ListItem\",\"position\":2,\"name\":\"Este es el nuevo look -y el m\u00e1s radical- de Kendall Jenner\"}]},{\"@type\":\"WebSite\",\"@id\":\"https:\/\/graziamagazine.com\/mx\/#website\",\"url\":\"https:\/\/graziamagazine.com\/mx\/\",\"name\":\"Grazia M\u00e9xico y Latinoam\u00e9rica\",\"description\":\"Grazia es moda, belleza y noticias  de actualidad \",\"potentialAction\":[{\"@type\":\"SearchAction\",\"target\":{\"@type\":\"EntryPoint\",\"urlTemplate\":\"https:\/\/graziamagazine.com\/mx\/?s={search_term_string}\"},\"query-input\":\"required name=search_term_string\"}],\"inLanguage\":\"es-MX\"}]}<\/script>\n<!-- \/ Yoast SEO Premium plugin. -->","yoast_head_json":{"title":"Este es el nuevo look -y el m\u00e1s radical- de Kendall Jenner | Grazia M\u00e9xico y Latinoam\u00e9rica","description":"Kendall Jenner luci\u00f3 su nuevo look en redes sociales, pues la modelo ha te\u00f1ido su cabellera de color rubio, adem\u00e1s de hacerse un corte al estilo blunt bob","robots":{"index":"index","follow":"follow","max-snippet":"max-snippet:-1","max-image-preview":"max-image-preview:large","max-video-preview":"max-video-preview:-1"},"canonical":"https:\/\/graziamagazine.com\/mx\/articles\/nuevo-look-radical-kendall-jenner\/","og_locale":"es_MX","og_type":"article","og_title":"Este es el nuevo look -y el m\u00e1s radical- de Kendall Jenner","og_description":"Kendall Jenner luci\u00f3 su nuevo look en redes sociales, pues la modelo ha te\u00f1ido su cabellera de color rubio, adem\u00e1s de hacerse un corte al estilo blunt bob","og_url":"https:\/\/graziamagazine.com\/mx\/articles\/nuevo-look-radical-kendall-jenner\/","og_site_name":"Grazia M\u00e9xico y Latinoam\u00e9rica","article_modified_time":"2024-09-23T03:25:12+00:00","og_image":[{"width":1125,"height":720,"url":"https:\/\/graziamagazine.com\/mx\/wp-content\/uploads\/sites\/13\/2024\/09\/WhatsApp-Image-2024-09-13-at-12.50.27-PM-e1726253751330.jpeg","type":"image\/jpeg"}],"twitter_card":"summary_large_image","twitter_misc":{"Est. reading time":"2 minutos"},"schema":{"@context":"https:\/\/schema.org","@graph":[{"@type":"WebPage","@id":"https:\/\/graziamagazine.com\/mx\/articles\/nuevo-look-radical-kendall-jenner\/","url":"https:\/\/graziamagazine.com\/mx\/articles\/nuevo-look-radical-kendall-jenner\/","name":"Este es el nuevo look -y el m\u00e1s radical- de Kendall Jenner | Grazia M\u00e9xico y Latinoam\u00e9rica","isPartOf":{"@id":"https:\/\/graziamagazine.com\/mx\/#website"},"datePublished":"2024-09-13T18:50:22+00:00","dateModified":"2024-09-23T03:25:12+00:00","description":"Kendall Jenner luci\u00f3 su nuevo look en redes sociales, pues la modelo ha te\u00f1ido su cabellera de color rubio, adem\u00e1s de hacerse un corte al estilo blunt bob","breadcrumb":{"@id":"https:\/\/graziamagazine.com\/mx\/articles\/nuevo-look-radical-kendall-jenner\/#breadcrumb"},"inLanguage":"es-MX","potentialAction":[{"@type":"ReadAction","target":["https:\/\/graziamagazine.com\/mx\/articles\/nuevo-look-radical-kendall-jenner\/"]}]},{"@type":"BreadcrumbList","@id":"https:\/\/graziamagazine.com\/mx\/articles\/nuevo-look-radical-kendall-jenner\/#breadcrumb","itemListElement":[{"@type":"ListItem","position":1,"name":"Home","item":"https:\/\/graziamagazine.com\/mx\/"},{"@type":"ListItem","position":2,"name":"Este es el nuevo look -y el m\u00e1s radical- de Kendall Jenner"}]},{"@type":"WebSite","@id":"https:\/\/graziamagazine.com\/mx\/#website","url":"https:\/\/graziamagazine.com\/mx\/","name":"Grazia M\u00e9xico y Latinoam\u00e9rica","description":"Grazia es moda, belleza y noticias  de actualidad ","potentialAction":[{"@type":"SearchAction","target":{"@type":"EntryPoint","urlTemplate":"https:\/\/graziamagazine.com\/mx\/?s={search_term_string}"},"query-input":"required name=search_term_string"}],"inLanguage":"es-MX"}]}},"jetpack_sharing_enabled":true,"distributor_meta":false,"distributor_terms":false,"distributor_media":false,"distributor_original_site_name":"Grazia M\u00e9xico y Latinoam\u00e9rica","distributor_original_site_url":"https:\/\/graziamagazine.com\/mx","push-errors":false,"_links":{"self":[{"href":"https:\/\/graziamagazine.com\/mx\/wp-json\/wp\/v2\/articles\/141392"}],"collection":[{"href":"https:\/\/graziamagazine.com\/mx\/wp-json\/wp\/v2\/articles"}],"about":[{"href":"https:\/\/graziamagazine.com\/mx\/wp-json\/wp\/v2\/types\/articles"}],"author":[{"embeddable":true,"href":"https:\/\/graziamagazine.com\/mx\/wp-json\/wp\/v2\/users\/36289"}],"wp:featuredmedia":[{"embeddable":true,"href":"https:\/\/graziamagazine.com\/mx\/wp-json\/wp\/v2\/media\/141396"}],"wp:attachment":[{"href":"https:\/\/graziamagazine.com\/mx\/wp-json\/wp\/v2\/media?parent=141392"}],"wp:term":[{"taxonomy":"category","embeddable":true,"href":"https:\/\/graziamagazine.com\/mx\/wp-json\/wp\/v2\/categories?post=141392"}],"curies":[{"name":"wp","href":"https:\/\/api.w.org\/{rel}","templated":true}]}}