{"id":141297,"date":"2024-09-19T10:19:34","date_gmt":"2024-09-19T15:19:34","guid":{"rendered":"https:\/\/graziamagazine.com\/mx\/?post_type=articles&#038;p=141297"},"modified":"2024-09-22T22:22:27","modified_gmt":"2024-09-23T03:22:27","slug":"maquillaje-completo-con-spf-proteccion-total","status":"publish","type":"articles","link":"https:\/\/graziamagazine.com\/mx\/articles\/maquillaje-completo-con-spf-proteccion-total\/","title":{"rendered":"Maquillaje Completo con SPF: Protecci\u00f3n Total"},"content":{"rendered":"<div class=\"flex max-w-full flex-col flex-grow\">\n<div class=\"min-h-[20px] text-message flex w-full flex-col items-end gap-2 whitespace-normal break-words [.text-message+&amp;]:mt-5\" dir=\"auto\" data-message-author-role=\"assistant\" data-message-id=\"331d3bd3-55f0-437b-8c84-e45dad42f798\">\n<div class=\"flex w-full flex-col gap-1 empty:hidden first:pt-[3px]\">\n<div class=\"markdown prose w-full break-words dark:prose-invert dark\">\n<p>En el mundo del maquillaje, la protecci\u00f3n solar se ha convertido en una prioridad esencial. No se trata solo de prevenir el envejecimiento prematuro y el riesgo de c\u00e1ncer de piel, sino tambi\u00e9n de mantener una piel saludable y radiante.<\/p>\n<p>Afortunadamente, hoy en d\u00eda, muchos productos de maquillaje no solo embellecen, sino que tambi\u00e9n ofrecen una protecci\u00f3n solar eficaz, combinando lo mejor de ambos mundos: est\u00e9tica y cuidado.<\/p>\n<p>El concepto de un maquillaje que incorpora factor de protecci\u00f3n solar (SPF) ha ganado popularidad, permitiendo a los usuarios simplificar su rutina de belleza mientras protegen su piel de los da\u00f1os del sol.<\/p>\n<figure id=\"attachment_141299\" aria-describedby=\"caption-attachment-141299\" style=\"width: 1024px\" class=\"wp-caption alignnone\"><img loading=\"lazy\" decoding=\"async\" class=\"size-large wp-image-141299\" src=\"https:\/\/graziamagazine.com\/mx\/wp-content\/uploads\/sites\/13\/2024\/09\/Captura-de-Pantalla-2024-09-10-a-las-19.33.05-1024x759.png\" alt=\"Maquillaje Completo con SPF: Protecci\u00f3n Total\" width=\"1024\" height=\"759\" srcset=\"https:\/\/graziamagazine.com\/mx\/wp-content\/uploads\/sites\/13\/2024\/09\/Captura-de-Pantalla-2024-09-10-a-las-19.33.05-1024x759.png 1024w, https:\/\/graziamagazine.com\/mx\/wp-content\/uploads\/sites\/13\/2024\/09\/Captura-de-Pantalla-2024-09-10-a-las-19.33.05-450x334.png 450w, https:\/\/graziamagazine.com\/mx\/wp-content\/uploads\/sites\/13\/2024\/09\/Captura-de-Pantalla-2024-09-10-a-las-19.33.05-768x570.png 768w, https:\/\/graziamagazine.com\/mx\/wp-content\/uploads\/sites\/13\/2024\/09\/Captura-de-Pantalla-2024-09-10-a-las-19.33.05-1536x1139.png 1536w, https:\/\/graziamagazine.com\/mx\/wp-content\/uploads\/sites\/13\/2024\/09\/Captura-de-Pantalla-2024-09-10-a-las-19.33.05-400x297.png 400w, https:\/\/graziamagazine.com\/mx\/wp-content\/uploads\/sites\/13\/2024\/09\/Captura-de-Pantalla-2024-09-10-a-las-19.33.05-155x115.png 155w, https:\/\/graziamagazine.com\/mx\/wp-content\/uploads\/sites\/13\/2024\/09\/Captura-de-Pantalla-2024-09-10-a-las-19.33.05.png 1896w\" sizes=\"(max-width: 1024px) 100vw, 1024px\" \/><figcaption id=\"caption-attachment-141299\" class=\"wp-caption-text\">Maquillaje Completo con SPF: Protecci\u00f3n Total<\/figcaption><\/figure>\n<p>Esta tendencia responde a una creciente conciencia sobre la importancia de la protecci\u00f3n solar diaria, incluso en d\u00edas nublados o cuando se pasa la mayor parte del tiempo en interiores.<\/p>\n<p>Para quienes buscan integrar la protecci\u00f3n solar en su rutina de maquillaje, aqu\u00ed hay algunos productos recomendados que ofrecen una combinaci\u00f3n efectiva de cobertura y SPF:<\/p>\n<p><strong>BareMinerals Complexion Rescue Tinted Hydrating Gel Cream SPF 30<\/strong><\/p>\n<figure id=\"attachment_141303\" aria-describedby=\"caption-attachment-141303\" style=\"width: 600px\" class=\"wp-caption alignnone\"><img loading=\"lazy\" decoding=\"async\" class=\"wp-image-141303\" src=\"https:\/\/graziamagazine.com\/mx\/wp-content\/uploads\/sites\/13\/2024\/09\/61x1AeLvVVL-1024x1024.jpg\" alt=\"Maquillaje Completo con SPF: Protecci\u00f3n Total\" width=\"600\" height=\"600\" srcset=\"https:\/\/graziamagazine.com\/mx\/wp-content\/uploads\/sites\/13\/2024\/09\/61x1AeLvVVL-1024x1024.jpg 1024w, https:\/\/graziamagazine.com\/mx\/wp-content\/uploads\/sites\/13\/2024\/09\/61x1AeLvVVL-450x450.jpg 450w, https:\/\/graziamagazine.com\/mx\/wp-content\/uploads\/sites\/13\/2024\/09\/61x1AeLvVVL-150x150.jpg 150w, https:\/\/graziamagazine.com\/mx\/wp-content\/uploads\/sites\/13\/2024\/09\/61x1AeLvVVL-768x768.jpg 768w, https:\/\/graziamagazine.com\/mx\/wp-content\/uploads\/sites\/13\/2024\/09\/61x1AeLvVVL-1536x1536.jpg 1536w, https:\/\/graziamagazine.com\/mx\/wp-content\/uploads\/sites\/13\/2024\/09\/61x1AeLvVVL-400x400.jpg 400w, https:\/\/graziamagazine.com\/mx\/wp-content\/uploads\/sites\/13\/2024\/09\/61x1AeLvVVL-155x155.jpg 155w, https:\/\/graziamagazine.com\/mx\/wp-content\/uploads\/sites\/13\/2024\/09\/61x1AeLvVVL.jpg 2048w\" sizes=\"(max-width: 600px) 100vw, 600px\" \/><figcaption id=\"caption-attachment-141303\" class=\"wp-caption-text\">Maquillaje Completo con SPF: Protecci\u00f3n Total<\/figcaption><\/figure>\n<p>Este gel crema hidratante proporciona una cobertura ligera con un acabado natural y luminoso, mientras protege la piel con un SPF 30. Ideal para un look fresco y natural.<\/p>\n<p><strong>It Cosmetics Your Skin But Better CC+ Cream SPF 50+<img loading=\"lazy\" decoding=\"async\" class=\"alignnone wp-image-141302\" src=\"https:\/\/graziamagazine.com\/mx\/wp-content\/uploads\/sites\/13\/2024\/09\/61JLuUrYpbL._AC_UF10001000_QL80_.jpg\" alt=\"\" width=\"600\" height=\"881\" srcset=\"https:\/\/graziamagazine.com\/mx\/wp-content\/uploads\/sites\/13\/2024\/09\/61JLuUrYpbL._AC_UF10001000_QL80_.jpg 681w, https:\/\/graziamagazine.com\/mx\/wp-content\/uploads\/sites\/13\/2024\/09\/61JLuUrYpbL._AC_UF10001000_QL80_-306x450.jpg 306w, https:\/\/graziamagazine.com\/mx\/wp-content\/uploads\/sites\/13\/2024\/09\/61JLuUrYpbL._AC_UF10001000_QL80_-400x587.jpg 400w, https:\/\/graziamagazine.com\/mx\/wp-content\/uploads\/sites\/13\/2024\/09\/61JLuUrYpbL._AC_UF10001000_QL80_-146x215.jpg 146w\" sizes=\"(max-width: 600px) 100vw, 600px\" \/><\/strong><br \/>\nEsta CC Cream es famosa por su alta cobertura y su potente protecci\u00f3n solar. Con SPF 50+, no solo unifica el tono de la piel, sino que tambi\u00e9n ofrece una defensa eficaz contra los da\u00f1os del sol.<\/p>\n<p><strong>La Roche-Posay Anthelios Mineral Tinted Sunscreen SPF 50<img loading=\"lazy\" decoding=\"async\" class=\"alignnone wp-image-141301\" src=\"https:\/\/graziamagazine.com\/mx\/wp-content\/uploads\/sites\/13\/2024\/09\/61g2sfPbjkL-1024x1024.jpg\" alt=\"\" width=\"600\" height=\"600\" srcset=\"https:\/\/graziamagazine.com\/mx\/wp-content\/uploads\/sites\/13\/2024\/09\/61g2sfPbjkL-1024x1024.jpg 1024w, https:\/\/graziamagazine.com\/mx\/wp-content\/uploads\/sites\/13\/2024\/09\/61g2sfPbjkL-450x450.jpg 450w, https:\/\/graziamagazine.com\/mx\/wp-content\/uploads\/sites\/13\/2024\/09\/61g2sfPbjkL-150x150.jpg 150w, https:\/\/graziamagazine.com\/mx\/wp-content\/uploads\/sites\/13\/2024\/09\/61g2sfPbjkL-768x768.jpg 768w, https:\/\/graziamagazine.com\/mx\/wp-content\/uploads\/sites\/13\/2024\/09\/61g2sfPbjkL-400x400.jpg 400w, https:\/\/graziamagazine.com\/mx\/wp-content\/uploads\/sites\/13\/2024\/09\/61g2sfPbjkL-155x155.jpg 155w, https:\/\/graziamagazine.com\/mx\/wp-content\/uploads\/sites\/13\/2024\/09\/61g2sfPbjkL.jpg 1500w\" sizes=\"(max-width: 600px) 100vw, 600px\" \/><\/strong><br \/>\nEste protector solar mineral con un toque de color es perfecto para quienes buscan una protecci\u00f3n superior junto con una cobertura ligera. Su f\u00f3rmula es ideal para pieles sensibles.<\/p>\n<p><strong>Tarte Cosmetics Amazonian Clay BB Tinted Moisturizer SPF 20<img loading=\"lazy\" decoding=\"async\" class=\"alignnone wp-image-141300\" src=\"https:\/\/graziamagazine.com\/mx\/wp-content\/uploads\/sites\/13\/2024\/09\/24-amazonian-clay-bb-tinted-moisturizer-spf-30-ivory-MAIN2-0-768x1024.jpg\" alt=\"\" width=\"600\" height=\"800\" srcset=\"https:\/\/graziamagazine.com\/mx\/wp-content\/uploads\/sites\/13\/2024\/09\/24-amazonian-clay-bb-tinted-moisturizer-spf-30-ivory-MAIN2-0-768x1024.jpg 768w, https:\/\/graziamagazine.com\/mx\/wp-content\/uploads\/sites\/13\/2024\/09\/24-amazonian-clay-bb-tinted-moisturizer-spf-30-ivory-MAIN2-0-337x450.jpg 337w, https:\/\/graziamagazine.com\/mx\/wp-content\/uploads\/sites\/13\/2024\/09\/24-amazonian-clay-bb-tinted-moisturizer-spf-30-ivory-MAIN2-0-1152x1536.jpg 1152w, https:\/\/graziamagazine.com\/mx\/wp-content\/uploads\/sites\/13\/2024\/09\/24-amazonian-clay-bb-tinted-moisturizer-spf-30-ivory-MAIN2-0-1536x2048.jpg 1536w, https:\/\/graziamagazine.com\/mx\/wp-content\/uploads\/sites\/13\/2024\/09\/24-amazonian-clay-bb-tinted-moisturizer-spf-30-ivory-MAIN2-0-400x533.jpg 400w, https:\/\/graziamagazine.com\/mx\/wp-content\/uploads\/sites\/13\/2024\/09\/24-amazonian-clay-bb-tinted-moisturizer-spf-30-ivory-MAIN2-0-155x207.jpg 155w, https:\/\/graziamagazine.com\/mx\/wp-content\/uploads\/sites\/13\/2024\/09\/24-amazonian-clay-bb-tinted-moisturizer-spf-30-ivory-MAIN2-0-scaled.jpg 1920w\" sizes=\"(max-width: 600px) 100vw, 600px\" \/><\/strong><br \/>\nEste hidratante con color ofrece una cobertura construible y un SPF 20. Es excelente para quienes desean un acabado m\u00e1s natural y una hidrataci\u00f3n adicional.<\/p>\n<p><strong>Supergoop! Unseen Sunscreen SPF 40<\/strong><\/p>\n<figure id=\"attachment_141304\" aria-describedby=\"caption-attachment-141304\" style=\"width: 855px\" class=\"wp-caption alignnone\"><img loading=\"lazy\" decoding=\"async\" class=\"size-large wp-image-141304\" src=\"https:\/\/graziamagazine.com\/mx\/wp-content\/uploads\/sites\/13\/2024\/09\/Captura-de-Pantalla-2024-09-10-a-las-19.37.51-855x1024.png\" alt=\"Maquillaje Completo con SPF: Protecci\u00f3n Total\" width=\"855\" height=\"1024\" srcset=\"https:\/\/graziamagazine.com\/mx\/wp-content\/uploads\/sites\/13\/2024\/09\/Captura-de-Pantalla-2024-09-10-a-las-19.37.51-855x1024.png 855w, https:\/\/graziamagazine.com\/mx\/wp-content\/uploads\/sites\/13\/2024\/09\/Captura-de-Pantalla-2024-09-10-a-las-19.37.51-376x450.png 376w, https:\/\/graziamagazine.com\/mx\/wp-content\/uploads\/sites\/13\/2024\/09\/Captura-de-Pantalla-2024-09-10-a-las-19.37.51-768x920.png 768w, https:\/\/graziamagazine.com\/mx\/wp-content\/uploads\/sites\/13\/2024\/09\/Captura-de-Pantalla-2024-09-10-a-las-19.37.51-400x479.png 400w, https:\/\/graziamagazine.com\/mx\/wp-content\/uploads\/sites\/13\/2024\/09\/Captura-de-Pantalla-2024-09-10-a-las-19.37.51-155x186.png 155w, https:\/\/graziamagazine.com\/mx\/wp-content\/uploads\/sites\/13\/2024\/09\/Captura-de-Pantalla-2024-09-10-a-las-19.37.51.png 1162w\" sizes=\"(max-width: 855px) 100vw, 855px\" \/><figcaption id=\"caption-attachment-141304\" class=\"wp-caption-text\">Maquillaje Completo con SPF: Protecci\u00f3n Total<\/figcaption><\/figure>\n<p>Aunque no es un producto de maquillaje en s\u00ed, su textura invisible y ligera lo convierte en una excelente base para aplicar encima otros productos. Ofrece una protecci\u00f3n solar alta sin alterar el acabado de otros cosm\u00e9ticos.<\/p>\n<p>La integraci\u00f3n de SPF en el maquillaje no solo simplifica la rutina de belleza, sino que tambi\u00e9n asegura que la piel reciba una protecci\u00f3n constante contra los da\u00f1inos rayos UV. Estos productos permiten que las personas se protejan del sol sin renunciar a la cobertura y al estilo que desean.<\/p>\n<p>En conclusi\u00f3n, al elegir productos de maquillaje que incluyan SPF, puedes estar segura de que est\u00e1s cuidando tu piel mientras realzas tu belleza. La combinaci\u00f3n de protecci\u00f3n y est\u00e9tica es clave para mantener una piel saludable y radiante a largo plazo.<\/p>\n<p><em><strong>*IMAGEN: Google Images<\/strong><\/em><\/p>\n<\/div>\n<\/div>\n<\/div>\n<\/div>\n","protected":false},"author":28953,"featured_media":141298,"template":"","format":"standard","categories":[3],"acf":[],"yoast_head":"<!-- This site is optimized with the Yoast SEO Premium plugin v18.5 (Yoast SEO v20.4) - https:\/\/yoast.com\/wordpress\/plugins\/seo\/ -->\n<title>Maquillaje Completo con SPF: Protecci\u00f3n Total<\/title>\n<meta name=\"description\" content=\"Descubre c\u00f3mo combinar maquillaje y protecci\u00f3n solar con productos innovadores que cuidan tu piel mientras realzan tu belleza.\" \/>\n<meta name=\"robots\" content=\"index, follow, max-snippet:-1, max-image-preview:large, max-video-preview:-1\" \/>\n<link rel=\"canonical\" href=\"https:\/\/graziamagazine.com\/mx\/articles\/maquillaje-completo-con-spf-proteccion-total\/\" \/>\n<meta property=\"og:locale\" content=\"es_MX\" \/>\n<meta property=\"og:type\" content=\"article\" \/>\n<meta property=\"og:title\" content=\"Maquillaje Completo con SPF: Protecci\u00f3n Total\" \/>\n<meta property=\"og:description\" content=\"Descubre c\u00f3mo combinar maquillaje y protecci\u00f3n solar con productos innovadores que cuidan tu piel mientras realzan tu belleza.\" \/>\n<meta property=\"og:url\" content=\"https:\/\/graziamagazine.com\/mx\/articles\/maquillaje-completo-con-spf-proteccion-total\/\" \/>\n<meta property=\"og:site_name\" content=\"Grazia M\u00e9xico y Latinoam\u00e9rica\" \/>\n<meta property=\"article:modified_time\" content=\"2024-09-23T03:22:27+00:00\" \/>\n<meta property=\"og:image\" content=\"https:\/\/graziamagazine.com\/mx\/wp-content\/uploads\/sites\/13\/2024\/09\/Best-Sunscreens-13-e1726018791833.jpg\" \/>\n\t<meta property=\"og:image:width\" content=\"1460\" \/>\n\t<meta property=\"og:image:height\" content=\"1019\" \/>\n\t<meta property=\"og:image:type\" content=\"image\/jpeg\" \/>\n<meta name=\"twitter:card\" content=\"summary_large_image\" \/>\n<meta name=\"twitter:label1\" content=\"Est. reading time\" \/>\n\t<meta name=\"twitter:data1\" content=\"4 minutos\" \/>\n<script type=\"application\/ld+json\" class=\"yoast-schema-graph\">{\"@context\":\"https:\/\/schema.org\",\"@graph\":[{\"@type\":\"WebPage\",\"@id\":\"https:\/\/graziamagazine.com\/mx\/articles\/maquillaje-completo-con-spf-proteccion-total\/\",\"url\":\"https:\/\/graziamagazine.com\/mx\/articles\/maquillaje-completo-con-spf-proteccion-total\/\",\"name\":\"Maquillaje Completo con SPF: Protecci\u00f3n Total\",\"isPartOf\":{\"@id\":\"https:\/\/graziamagazine.com\/mx\/#website\"},\"datePublished\":\"2024-09-19T15:19:34+00:00\",\"dateModified\":\"2024-09-23T03:22:27+00:00\",\"description\":\"Descubre c\u00f3mo combinar maquillaje y protecci\u00f3n solar con productos innovadores que cuidan tu piel mientras realzan tu belleza.\",\"breadcrumb\":{\"@id\":\"https:\/\/graziamagazine.com\/mx\/articles\/maquillaje-completo-con-spf-proteccion-total\/#breadcrumb\"},\"inLanguage\":\"es-MX\",\"potentialAction\":[{\"@type\":\"ReadAction\",\"target\":[\"https:\/\/graziamagazine.com\/mx\/articles\/maquillaje-completo-con-spf-proteccion-total\/\"]}]},{\"@type\":\"BreadcrumbList\",\"@id\":\"https:\/\/graziamagazine.com\/mx\/articles\/maquillaje-completo-con-spf-proteccion-total\/#breadcrumb\",\"itemListElement\":[{\"@type\":\"ListItem\",\"position\":1,\"name\":\"Home\",\"item\":\"https:\/\/graziamagazine.com\/mx\/\"},{\"@type\":\"ListItem\",\"position\":2,\"name\":\"Maquillaje Completo con SPF: Protecci\u00f3n Total\"}]},{\"@type\":\"WebSite\",\"@id\":\"https:\/\/graziamagazine.com\/mx\/#website\",\"url\":\"https:\/\/graziamagazine.com\/mx\/\",\"name\":\"Grazia M\u00e9xico y Latinoam\u00e9rica\",\"description\":\"Grazia es moda, belleza y noticias  de actualidad \",\"potentialAction\":[{\"@type\":\"SearchAction\",\"target\":{\"@type\":\"EntryPoint\",\"urlTemplate\":\"https:\/\/graziamagazine.com\/mx\/?s={search_term_string}\"},\"query-input\":\"required name=search_term_string\"}],\"inLanguage\":\"es-MX\"}]}<\/script>\n<!-- \/ Yoast SEO Premium plugin. -->","yoast_head_json":{"title":"Maquillaje Completo con SPF: Protecci\u00f3n Total","description":"Descubre c\u00f3mo combinar maquillaje y protecci\u00f3n solar con productos innovadores que cuidan tu piel mientras realzan tu belleza.","robots":{"index":"index","follow":"follow","max-snippet":"max-snippet:-1","max-image-preview":"max-image-preview:large","max-video-preview":"max-video-preview:-1"},"canonical":"https:\/\/graziamagazine.com\/mx\/articles\/maquillaje-completo-con-spf-proteccion-total\/","og_locale":"es_MX","og_type":"article","og_title":"Maquillaje Completo con SPF: Protecci\u00f3n Total","og_description":"Descubre c\u00f3mo combinar maquillaje y protecci\u00f3n solar con productos innovadores que cuidan tu piel mientras realzan tu belleza.","og_url":"https:\/\/graziamagazine.com\/mx\/articles\/maquillaje-completo-con-spf-proteccion-total\/","og_site_name":"Grazia M\u00e9xico y Latinoam\u00e9rica","article_modified_time":"2024-09-23T03:22:27+00:00","og_image":[{"width":1460,"height":1019,"url":"https:\/\/graziamagazine.com\/mx\/wp-content\/uploads\/sites\/13\/2024\/09\/Best-Sunscreens-13-e1726018791833.jpg","type":"image\/jpeg"}],"twitter_card":"summary_large_image","twitter_misc":{"Est. reading time":"4 minutos"},"schema":{"@context":"https:\/\/schema.org","@graph":[{"@type":"WebPage","@id":"https:\/\/graziamagazine.com\/mx\/articles\/maquillaje-completo-con-spf-proteccion-total\/","url":"https:\/\/graziamagazine.com\/mx\/articles\/maquillaje-completo-con-spf-proteccion-total\/","name":"Maquillaje Completo con SPF: Protecci\u00f3n Total","isPartOf":{"@id":"https:\/\/graziamagazine.com\/mx\/#website"},"datePublished":"2024-09-19T15:19:34+00:00","dateModified":"2024-09-23T03:22:27+00:00","description":"Descubre c\u00f3mo combinar maquillaje y protecci\u00f3n solar con productos innovadores que cuidan tu piel mientras realzan tu belleza.","breadcrumb":{"@id":"https:\/\/graziamagazine.com\/mx\/articles\/maquillaje-completo-con-spf-proteccion-total\/#breadcrumb"},"inLanguage":"es-MX","potentialAction":[{"@type":"ReadAction","target":["https:\/\/graziamagazine.com\/mx\/articles\/maquillaje-completo-con-spf-proteccion-total\/"]}]},{"@type":"BreadcrumbList","@id":"https:\/\/graziamagazine.com\/mx\/articles\/maquillaje-completo-con-spf-proteccion-total\/#breadcrumb","itemListElement":[{"@type":"ListItem","position":1,"name":"Home","item":"https:\/\/graziamagazine.com\/mx\/"},{"@type":"ListItem","position":2,"name":"Maquillaje Completo con SPF: Protecci\u00f3n Total"}]},{"@type":"WebSite","@id":"https:\/\/graziamagazine.com\/mx\/#website","url":"https:\/\/graziamagazine.com\/mx\/","name":"Grazia M\u00e9xico y Latinoam\u00e9rica","description":"Grazia es moda, belleza y noticias  de actualidad ","potentialAction":[{"@type":"SearchAction","target":{"@type":"EntryPoint","urlTemplate":"https:\/\/graziamagazine.com\/mx\/?s={search_term_string}"},"query-input":"required name=search_term_string"}],"inLanguage":"es-MX"}]}},"jetpack_sharing_enabled":true,"distributor_meta":false,"distributor_terms":false,"distributor_media":false,"distributor_original_site_name":"Grazia M\u00e9xico y Latinoam\u00e9rica","distributor_original_site_url":"https:\/\/graziamagazine.com\/mx","push-errors":false,"_links":{"self":[{"href":"https:\/\/graziamagazine.com\/mx\/wp-json\/wp\/v2\/articles\/141297"}],"collection":[{"href":"https:\/\/graziamagazine.com\/mx\/wp-json\/wp\/v2\/articles"}],"about":[{"href":"https:\/\/graziamagazine.com\/mx\/wp-json\/wp\/v2\/types\/articles"}],"author":[{"embeddable":true,"href":"https:\/\/graziamagazine.com\/mx\/wp-json\/wp\/v2\/users\/28953"}],"wp:featuredmedia":[{"embeddable":true,"href":"https:\/\/graziamagazine.com\/mx\/wp-json\/wp\/v2\/media\/141298"}],"wp:attachment":[{"href":"https:\/\/graziamagazine.com\/mx\/wp-json\/wp\/v2\/media?parent=141297"}],"wp:term":[{"taxonomy":"category","embeddable":true,"href":"https:\/\/graziamagazine.com\/mx\/wp-json\/wp\/v2\/categories?post=141297"}],"curies":[{"name":"wp","href":"https:\/\/api.w.org\/{rel}","templated":true}]}}