{"id":141153,"date":"2024-09-17T08:00:28","date_gmt":"2024-09-17T13:00:28","guid":{"rendered":"https:\/\/graziamagazine.com\/mx\/?post_type=articles&#038;p=141153"},"modified":"2024-09-22T22:27:48","modified_gmt":"2024-09-23T03:27:48","slug":"productos-esenciales-para-cuello-y-escote","status":"publish","type":"articles","link":"https:\/\/graziamagazine.com\/mx\/articles\/productos-esenciales-para-cuello-y-escote\/","title":{"rendered":"Productos esenciales para cuello y escote"},"content":{"rendered":"<p>El cuidado del<strong> cuello y el escote<\/strong> es fundamental para mantener una piel uniforme y radiante, a menudo descuidada en nuestras rutinas de belleza.<\/p>\n<p>Estos \u00e1reas, expuestas a las inclemencias del tiempo y al desgaste diario, merecen atenci\u00f3n especial para prevenir signos de envejecimiento prematuro y mantener su elasticidad y luminosidad.<\/p>\n<p>Aqu\u00ed te presentamos los productos esenciales para cuidar estas zonas delicadas y mantenerlas en \u00f3ptimas condiciones.<\/p>\n<h3><strong>Exfoliantes Suaves<\/strong><\/h3>\n<div class=\"content-gallery\"><div class=\"gallery-placeholder\"><div class=\"spinner\"><\/div><\/div><span class=\"gallery-pagination\"><\/span><div id=\"gallery-1\" class=\"gallery galleryid-141153 gallery-columns- gallery-size-medium\"><figure class=\"gallery-item\"><div class=\"gallery-icon landscape\"><img loading=\"lazy\" decoding=\"async\" width=\"1000\" height=\"1000\" src=\"https:\/\/graziamagazine.com\/mx\/wp-content\/uploads\/sites\/13\/2024\/09\/195775-2.jpg\" class=\"lazy\" alt=\"\" srcset=\"https:\/\/graziamagazine.com\/mx\/wp-content\/uploads\/sites\/13\/2024\/09\/195775-2.jpg 1000w, https:\/\/graziamagazine.com\/mx\/wp-content\/uploads\/sites\/13\/2024\/09\/195775-2-450x450.jpg 450w, https:\/\/graziamagazine.com\/mx\/wp-content\/uploads\/sites\/13\/2024\/09\/195775-2-150x150.jpg 150w, https:\/\/graziamagazine.com\/mx\/wp-content\/uploads\/sites\/13\/2024\/09\/195775-2-768x768.jpg 768w, https:\/\/graziamagazine.com\/mx\/wp-content\/uploads\/sites\/13\/2024\/09\/195775-2-400x400.jpg 400w, https:\/\/graziamagazine.com\/mx\/wp-content\/uploads\/sites\/13\/2024\/09\/195775-2-155x155.jpg 155w\" sizes=\"(max-width: 1000px) 100vw, 1000px\" \/><\/div><\/figure><figure class=\"gallery-item\"><div class=\"gallery-icon landscape\"><img loading=\"lazy\" decoding=\"async\" width=\"800\" height=\"800\" src=\"https:\/\/graziamagazine.com\/mx\/wp-content\/uploads\/sites\/13\/2024\/09\/Creme_Gommante_Douce_2-1-1.jpg\" class=\"lazy\" alt=\"\" srcset=\"https:\/\/graziamagazine.com\/mx\/wp-content\/uploads\/sites\/13\/2024\/09\/Creme_Gommante_Douce_2-1-1.jpg 800w, https:\/\/graziamagazine.com\/mx\/wp-content\/uploads\/sites\/13\/2024\/09\/Creme_Gommante_Douce_2-1-1-450x450.jpg 450w, https:\/\/graziamagazine.com\/mx\/wp-content\/uploads\/sites\/13\/2024\/09\/Creme_Gommante_Douce_2-1-1-150x150.jpg 150w, https:\/\/graziamagazine.com\/mx\/wp-content\/uploads\/sites\/13\/2024\/09\/Creme_Gommante_Douce_2-1-1-768x768.jpg 768w, https:\/\/graziamagazine.com\/mx\/wp-content\/uploads\/sites\/13\/2024\/09\/Creme_Gommante_Douce_2-1-1-400x400.jpg 400w, https:\/\/graziamagazine.com\/mx\/wp-content\/uploads\/sites\/13\/2024\/09\/Creme_Gommante_Douce_2-1-1-155x155.jpg 155w\" sizes=\"(max-width: 800px) 100vw, 800px\" \/><\/div><\/figure><figure class=\"gallery-item\"><div class=\"gallery-icon landscape\"><img loading=\"lazy\" decoding=\"async\" width=\"800\" height=\"800\" src=\"https:\/\/graziamagazine.com\/mx\/wp-content\/uploads\/sites\/13\/2024\/09\/avene-crema-exfoliante-suave-purificante-75-ml.jpg\" class=\"lazy\" alt=\"\" srcset=\"https:\/\/graziamagazine.com\/mx\/wp-content\/uploads\/sites\/13\/2024\/09\/avene-crema-exfoliante-suave-purificante-75-ml.jpg 800w, https:\/\/graziamagazine.com\/mx\/wp-content\/uploads\/sites\/13\/2024\/09\/avene-crema-exfoliante-suave-purificante-75-ml-450x450.jpg 450w, https:\/\/graziamagazine.com\/mx\/wp-content\/uploads\/sites\/13\/2024\/09\/avene-crema-exfoliante-suave-purificante-75-ml-150x150.jpg 150w, https:\/\/graziamagazine.com\/mx\/wp-content\/uploads\/sites\/13\/2024\/09\/avene-crema-exfoliante-suave-purificante-75-ml-768x768.jpg 768w, https:\/\/graziamagazine.com\/mx\/wp-content\/uploads\/sites\/13\/2024\/09\/avene-crema-exfoliante-suave-purificante-75-ml-400x400.jpg 400w, https:\/\/graziamagazine.com\/mx\/wp-content\/uploads\/sites\/13\/2024\/09\/avene-crema-exfoliante-suave-purificante-75-ml-155x155.jpg 155w\" sizes=\"(max-width: 800px) 100vw, 800px\" \/><\/div><\/figure><\/div><\/div>\n<p>Los exfoliantes para cuello y escote son cruciales para eliminar c\u00e9lulas muertas y promover una piel suave y renovada. Busca f\u00f3rmulas suaves y espec\u00edficas para estas \u00e1reas, que a menudo son m\u00e1s delicadas que el rostro. Los exfoliantes con \u00e1cido l\u00e1ctico o enzimas naturales ayudan a disolver las impurezas sin irritar la piel.<\/p>\n<p>Aplica el exfoliante una o dos veces por semana, masajeando suavemente en movimientos ascendentes. Esto ayudar\u00e1 a mejorar la textura de la piel y permitir una mejor absorci\u00f3n de los productos posteriores.<\/p>\n<h3><strong>S\u00e9rums Hidratantes<\/strong><\/h3>\n<div class=\"content-gallery\"><div class=\"gallery-placeholder\"><div class=\"spinner\"><\/div><\/div><span class=\"gallery-pagination\"><\/span><div id=\"gallery-2\" class=\"gallery galleryid-141153 gallery-columns- gallery-size-medium\"><figure class=\"gallery-item\"><div class=\"gallery-icon landscape\"><img loading=\"lazy\" decoding=\"async\" width=\"874\" height=\"1390\" src=\"https:\/\/graziamagazine.com\/mx\/wp-content\/uploads\/sites\/13\/2024\/09\/Captura-de-Pantalla-2024-09-08-a-las-17.25.48.png\" class=\"lazy\" alt=\"\" srcset=\"https:\/\/graziamagazine.com\/mx\/wp-content\/uploads\/sites\/13\/2024\/09\/Captura-de-Pantalla-2024-09-08-a-las-17.25.48.png 874w, https:\/\/graziamagazine.com\/mx\/wp-content\/uploads\/sites\/13\/2024\/09\/Captura-de-Pantalla-2024-09-08-a-las-17.25.48-283x450.png 283w, https:\/\/graziamagazine.com\/mx\/wp-content\/uploads\/sites\/13\/2024\/09\/Captura-de-Pantalla-2024-09-08-a-las-17.25.48-644x1024.png 644w, https:\/\/graziamagazine.com\/mx\/wp-content\/uploads\/sites\/13\/2024\/09\/Captura-de-Pantalla-2024-09-08-a-las-17.25.48-768x1221.png 768w, https:\/\/graziamagazine.com\/mx\/wp-content\/uploads\/sites\/13\/2024\/09\/Captura-de-Pantalla-2024-09-08-a-las-17.25.48-400x636.png 400w, https:\/\/graziamagazine.com\/mx\/wp-content\/uploads\/sites\/13\/2024\/09\/Captura-de-Pantalla-2024-09-08-a-las-17.25.48-135x215.png 135w\" sizes=\"(max-width: 874px) 100vw, 874px\" \/><\/div><\/figure><figure class=\"gallery-item\"><div class=\"gallery-icon landscape\"><img loading=\"lazy\" decoding=\"async\" width=\"920\" height=\"1226\" src=\"https:\/\/graziamagazine.com\/mx\/wp-content\/uploads\/sites\/13\/2024\/09\/Captura-de-Pantalla-2024-09-08-a-las-17.27.09.png\" class=\"lazy\" alt=\"\" srcset=\"https:\/\/graziamagazine.com\/mx\/wp-content\/uploads\/sites\/13\/2024\/09\/Captura-de-Pantalla-2024-09-08-a-las-17.27.09.png 920w, https:\/\/graziamagazine.com\/mx\/wp-content\/uploads\/sites\/13\/2024\/09\/Captura-de-Pantalla-2024-09-08-a-las-17.27.09-338x450.png 338w, https:\/\/graziamagazine.com\/mx\/wp-content\/uploads\/sites\/13\/2024\/09\/Captura-de-Pantalla-2024-09-08-a-las-17.27.09-768x1023.png 768w, https:\/\/graziamagazine.com\/mx\/wp-content\/uploads\/sites\/13\/2024\/09\/Captura-de-Pantalla-2024-09-08-a-las-17.27.09-400x533.png 400w, https:\/\/graziamagazine.com\/mx\/wp-content\/uploads\/sites\/13\/2024\/09\/Captura-de-Pantalla-2024-09-08-a-las-17.27.09-155x207.png 155w\" sizes=\"(max-width: 920px) 100vw, 920px\" \/><\/div><\/figure><figure class=\"gallery-item\"><div class=\"gallery-icon landscape\"><img loading=\"lazy\" decoding=\"async\" width=\"505\" height=\"628\" src=\"https:\/\/graziamagazine.com\/mx\/wp-content\/uploads\/sites\/13\/2024\/09\/16221187743040.jpg\" class=\"lazy\" alt=\"\" srcset=\"https:\/\/graziamagazine.com\/mx\/wp-content\/uploads\/sites\/13\/2024\/09\/16221187743040.jpg 505w, https:\/\/graziamagazine.com\/mx\/wp-content\/uploads\/sites\/13\/2024\/09\/16221187743040-362x450.jpg 362w, https:\/\/graziamagazine.com\/mx\/wp-content\/uploads\/sites\/13\/2024\/09\/16221187743040-400x497.jpg 400w, https:\/\/graziamagazine.com\/mx\/wp-content\/uploads\/sites\/13\/2024\/09\/16221187743040-155x193.jpg 155w\" sizes=\"(max-width: 505px) 100vw, 505px\" \/><\/div><\/figure><\/div><\/div>\n<p>Los s\u00e9rums para cuello y escote est\u00e1n formulados con ingredientes altamente concentrados que aportan hidrataci\u00f3n profunda y restauran la elasticidad de la piel. Busca f\u00f3rmulas que contengan \u00e1cido hialur\u00f3nico, vitamina C y p\u00e9ptidos, que ayudan a combatir la deshidrataci\u00f3n y la aparici\u00f3n de l\u00edneas finas.<\/p>\n<p>Aplica el s\u00e9rum diariamente, preferiblemente por la ma\u00f1ana y por la noche, sobre la piel limpia y seca. Distribuye el producto con suaves movimientos ascendentes para maximizar la absorci\u00f3n y estimular la producci\u00f3n de col\u00e1geno.<\/p>\n<h3><strong>Cremas Firmantes<\/strong><\/h3>\n<div class=\"content-gallery\"><div class=\"gallery-placeholder\"><div class=\"spinner\"><\/div><\/div><span class=\"gallery-pagination\"><\/span><div id=\"gallery-3\" class=\"gallery galleryid-141153 gallery-columns- gallery-size-medium\"><figure class=\"gallery-item\"><div class=\"gallery-icon landscape\"><img loading=\"lazy\" decoding=\"async\" width=\"748\" height=\"752\" src=\"https:\/\/graziamagazine.com\/mx\/wp-content\/uploads\/sites\/13\/2024\/09\/Captura-de-Pantalla-2024-09-08-a-las-17.32.59.png\" class=\"lazy\" alt=\"\" srcset=\"https:\/\/graziamagazine.com\/mx\/wp-content\/uploads\/sites\/13\/2024\/09\/Captura-de-Pantalla-2024-09-08-a-las-17.32.59.png 748w, https:\/\/graziamagazine.com\/mx\/wp-content\/uploads\/sites\/13\/2024\/09\/Captura-de-Pantalla-2024-09-08-a-las-17.32.59-448x450.png 448w, https:\/\/graziamagazine.com\/mx\/wp-content\/uploads\/sites\/13\/2024\/09\/Captura-de-Pantalla-2024-09-08-a-las-17.32.59-150x150.png 150w, https:\/\/graziamagazine.com\/mx\/wp-content\/uploads\/sites\/13\/2024\/09\/Captura-de-Pantalla-2024-09-08-a-las-17.32.59-400x402.png 400w, https:\/\/graziamagazine.com\/mx\/wp-content\/uploads\/sites\/13\/2024\/09\/Captura-de-Pantalla-2024-09-08-a-las-17.32.59-155x156.png 155w\" sizes=\"(max-width: 748px) 100vw, 748px\" \/><\/div><\/figure><figure class=\"gallery-item\"><div class=\"gallery-icon landscape\"><img loading=\"lazy\" decoding=\"async\" width=\"1174\" height=\"1208\" src=\"https:\/\/graziamagazine.com\/mx\/wp-content\/uploads\/sites\/13\/2024\/09\/Captura-de-Pantalla-2024-09-08-a-las-17.32.03.png\" class=\"lazy\" alt=\"\" srcset=\"https:\/\/graziamagazine.com\/mx\/wp-content\/uploads\/sites\/13\/2024\/09\/Captura-de-Pantalla-2024-09-08-a-las-17.32.03.png 1174w, https:\/\/graziamagazine.com\/mx\/wp-content\/uploads\/sites\/13\/2024\/09\/Captura-de-Pantalla-2024-09-08-a-las-17.32.03-437x450.png 437w, https:\/\/graziamagazine.com\/mx\/wp-content\/uploads\/sites\/13\/2024\/09\/Captura-de-Pantalla-2024-09-08-a-las-17.32.03-995x1024.png 995w, https:\/\/graziamagazine.com\/mx\/wp-content\/uploads\/sites\/13\/2024\/09\/Captura-de-Pantalla-2024-09-08-a-las-17.32.03-768x790.png 768w, https:\/\/graziamagazine.com\/mx\/wp-content\/uploads\/sites\/13\/2024\/09\/Captura-de-Pantalla-2024-09-08-a-las-17.32.03-400x412.png 400w, https:\/\/graziamagazine.com\/mx\/wp-content\/uploads\/sites\/13\/2024\/09\/Captura-de-Pantalla-2024-09-08-a-las-17.32.03-155x159.png 155w\" sizes=\"(max-width: 1174px) 100vw, 1174px\" \/><\/div><\/figure><figure class=\"gallery-item\"><div class=\"gallery-icon landscape\"><img loading=\"lazy\" decoding=\"async\" width=\"1000\" height=\"1000\" src=\"https:\/\/graziamagazine.com\/mx\/wp-content\/uploads\/sites\/13\/2024\/09\/193637.jpg\" class=\"lazy\" alt=\"\" srcset=\"https:\/\/graziamagazine.com\/mx\/wp-content\/uploads\/sites\/13\/2024\/09\/193637.jpg 1000w, https:\/\/graziamagazine.com\/mx\/wp-content\/uploads\/sites\/13\/2024\/09\/193637-450x450.jpg 450w, https:\/\/graziamagazine.com\/mx\/wp-content\/uploads\/sites\/13\/2024\/09\/193637-150x150.jpg 150w, https:\/\/graziamagazine.com\/mx\/wp-content\/uploads\/sites\/13\/2024\/09\/193637-768x768.jpg 768w, https:\/\/graziamagazine.com\/mx\/wp-content\/uploads\/sites\/13\/2024\/09\/193637-400x400.jpg 400w, https:\/\/graziamagazine.com\/mx\/wp-content\/uploads\/sites\/13\/2024\/09\/193637-155x155.jpg 155w\" sizes=\"(max-width: 1000px) 100vw, 1000px\" \/><\/div><\/figure><\/div><\/div>\n<p>Las cremas firmantes est\u00e1n dise\u00f1adas para mejorar la elasticidad y la firmeza de la piel en el cuello y el escote. Estas cremas suelen contener ingredientes como retinol, col\u00e1geno y extractos de plantas que ayudan a reafirmar y tonificar la piel, reduciendo la apariencia de flacidez.<\/p>\n<p>Aplica la crema firmante una o dos veces al d\u00eda, utilizando movimientos ascendentes y evitando tirar de la piel. Aseg\u00farate de cubrir toda la superficie del cuello y el escote para obtener los mejores resultados.<\/p>\n<h3><strong>Protector Solar<\/strong><\/h3>\n<div class=\"content-gallery\"><div class=\"gallery-placeholder\"><div class=\"spinner\"><\/div><\/div><span class=\"gallery-pagination\"><\/span><div id=\"gallery-4\" class=\"gallery galleryid-141153 gallery-columns- gallery-size-medium\"><figure class=\"gallery-item\"><div class=\"gallery-icon landscape\"><img loading=\"lazy\" decoding=\"async\" width=\"600\" height=\"600\" src=\"https:\/\/graziamagazine.com\/mx\/wp-content\/uploads\/sites\/13\/2024\/09\/513pZ1u7GRL._AC_UL600_SR600600_.jpg\" class=\"lazy\" alt=\"\" srcset=\"https:\/\/graziamagazine.com\/mx\/wp-content\/uploads\/sites\/13\/2024\/09\/513pZ1u7GRL._AC_UL600_SR600600_.jpg 600w, https:\/\/graziamagazine.com\/mx\/wp-content\/uploads\/sites\/13\/2024\/09\/513pZ1u7GRL._AC_UL600_SR600600_-450x450.jpg 450w, https:\/\/graziamagazine.com\/mx\/wp-content\/uploads\/sites\/13\/2024\/09\/513pZ1u7GRL._AC_UL600_SR600600_-150x150.jpg 150w, https:\/\/graziamagazine.com\/mx\/wp-content\/uploads\/sites\/13\/2024\/09\/513pZ1u7GRL._AC_UL600_SR600600_-400x400.jpg 400w, https:\/\/graziamagazine.com\/mx\/wp-content\/uploads\/sites\/13\/2024\/09\/513pZ1u7GRL._AC_UL600_SR600600_-155x155.jpg 155w\" sizes=\"(max-width: 600px) 100vw, 600px\" \/><\/div><\/figure><figure class=\"gallery-item\"><div class=\"gallery-icon landscape\"><img loading=\"lazy\" decoding=\"async\" width=\"936\" height=\"1350\" src=\"https:\/\/graziamagazine.com\/mx\/wp-content\/uploads\/sites\/13\/2024\/09\/Captura-de-Pantalla-2024-09-08-a-las-17.34.46.png\" class=\"lazy\" alt=\"\" srcset=\"https:\/\/graziamagazine.com\/mx\/wp-content\/uploads\/sites\/13\/2024\/09\/Captura-de-Pantalla-2024-09-08-a-las-17.34.46.png 936w, https:\/\/graziamagazine.com\/mx\/wp-content\/uploads\/sites\/13\/2024\/09\/Captura-de-Pantalla-2024-09-08-a-las-17.34.46-312x450.png 312w, https:\/\/graziamagazine.com\/mx\/wp-content\/uploads\/sites\/13\/2024\/09\/Captura-de-Pantalla-2024-09-08-a-las-17.34.46-710x1024.png 710w, https:\/\/graziamagazine.com\/mx\/wp-content\/uploads\/sites\/13\/2024\/09\/Captura-de-Pantalla-2024-09-08-a-las-17.34.46-768x1108.png 768w, https:\/\/graziamagazine.com\/mx\/wp-content\/uploads\/sites\/13\/2024\/09\/Captura-de-Pantalla-2024-09-08-a-las-17.34.46-400x577.png 400w, https:\/\/graziamagazine.com\/mx\/wp-content\/uploads\/sites\/13\/2024\/09\/Captura-de-Pantalla-2024-09-08-a-las-17.34.46-149x215.png 149w\" sizes=\"(max-width: 936px) 100vw, 936px\" \/><\/div><\/figure><figure class=\"gallery-item\"><div class=\"gallery-icon landscape\"><img loading=\"lazy\" decoding=\"async\" width=\"958\" height=\"1370\" src=\"https:\/\/graziamagazine.com\/mx\/wp-content\/uploads\/sites\/13\/2024\/09\/Captura-de-Pantalla-2024-09-08-a-las-17.35.09.png\" class=\"lazy\" alt=\"\" srcset=\"https:\/\/graziamagazine.com\/mx\/wp-content\/uploads\/sites\/13\/2024\/09\/Captura-de-Pantalla-2024-09-08-a-las-17.35.09.png 958w, https:\/\/graziamagazine.com\/mx\/wp-content\/uploads\/sites\/13\/2024\/09\/Captura-de-Pantalla-2024-09-08-a-las-17.35.09-315x450.png 315w, https:\/\/graziamagazine.com\/mx\/wp-content\/uploads\/sites\/13\/2024\/09\/Captura-de-Pantalla-2024-09-08-a-las-17.35.09-716x1024.png 716w, https:\/\/graziamagazine.com\/mx\/wp-content\/uploads\/sites\/13\/2024\/09\/Captura-de-Pantalla-2024-09-08-a-las-17.35.09-768x1098.png 768w, https:\/\/graziamagazine.com\/mx\/wp-content\/uploads\/sites\/13\/2024\/09\/Captura-de-Pantalla-2024-09-08-a-las-17.35.09-400x572.png 400w, https:\/\/graziamagazine.com\/mx\/wp-content\/uploads\/sites\/13\/2024\/09\/Captura-de-Pantalla-2024-09-08-a-las-17.35.09-150x215.png 150w\" sizes=\"(max-width: 958px) 100vw, 958px\" \/><\/div><\/figure><\/div><\/div>\n<p>El protector solar es esencial para proteger la piel del cuello y el escote de los da\u00f1os causados por los rayos UV, que pueden acelerar el envejecimiento y causar manchas. Opta por un protector solar de amplio espectro con un SPF de al menos 30, que proteja contra los rayos UVA y UVB.<\/p>\n<p>Aplica el protector solar diariamente, incluso en d\u00edas nublados, como \u00faltimo paso de tu rutina de cuidado. Reaplica cada dos horas si est\u00e1s al aire libre o despu\u00e9s de nadar o sudar.<\/p>\n<h3><strong>Mascarillas Hidratantes<\/strong><\/h3>\n<div class=\"content-gallery\"><div class=\"gallery-placeholder\"><div class=\"spinner\"><\/div><\/div><span class=\"gallery-pagination\"><\/span><div id=\"gallery-5\" class=\"gallery galleryid-141153 gallery-columns- gallery-size-medium\"><figure class=\"gallery-item\"><div class=\"gallery-icon landscape\"><img loading=\"lazy\" decoding=\"async\" width=\"1392\" height=\"1366\" src=\"https:\/\/graziamagazine.com\/mx\/wp-content\/uploads\/sites\/13\/2024\/09\/Captura-de-Pantalla-2024-09-08-a-las-17.38.42.png\" class=\"lazy\" alt=\"\" srcset=\"https:\/\/graziamagazine.com\/mx\/wp-content\/uploads\/sites\/13\/2024\/09\/Captura-de-Pantalla-2024-09-08-a-las-17.38.42.png 1392w, https:\/\/graziamagazine.com\/mx\/wp-content\/uploads\/sites\/13\/2024\/09\/Captura-de-Pantalla-2024-09-08-a-las-17.38.42-450x442.png 450w, https:\/\/graziamagazine.com\/mx\/wp-content\/uploads\/sites\/13\/2024\/09\/Captura-de-Pantalla-2024-09-08-a-las-17.38.42-1024x1005.png 1024w, https:\/\/graziamagazine.com\/mx\/wp-content\/uploads\/sites\/13\/2024\/09\/Captura-de-Pantalla-2024-09-08-a-las-17.38.42-768x754.png 768w, https:\/\/graziamagazine.com\/mx\/wp-content\/uploads\/sites\/13\/2024\/09\/Captura-de-Pantalla-2024-09-08-a-las-17.38.42-400x393.png 400w, https:\/\/graziamagazine.com\/mx\/wp-content\/uploads\/sites\/13\/2024\/09\/Captura-de-Pantalla-2024-09-08-a-las-17.38.42-155x152.png 155w\" sizes=\"(max-width: 1392px) 100vw, 1392px\" \/><\/div><\/figure><figure class=\"gallery-item\"><div class=\"gallery-icon landscape\"><img loading=\"lazy\" decoding=\"async\" width=\"1158\" height=\"1296\" src=\"https:\/\/graziamagazine.com\/mx\/wp-content\/uploads\/sites\/13\/2024\/09\/Captura-de-Pantalla-2024-09-08-a-las-17.38.47.png\" class=\"lazy\" alt=\"\" srcset=\"https:\/\/graziamagazine.com\/mx\/wp-content\/uploads\/sites\/13\/2024\/09\/Captura-de-Pantalla-2024-09-08-a-las-17.38.47.png 1158w, https:\/\/graziamagazine.com\/mx\/wp-content\/uploads\/sites\/13\/2024\/09\/Captura-de-Pantalla-2024-09-08-a-las-17.38.47-402x450.png 402w, https:\/\/graziamagazine.com\/mx\/wp-content\/uploads\/sites\/13\/2024\/09\/Captura-de-Pantalla-2024-09-08-a-las-17.38.47-915x1024.png 915w, https:\/\/graziamagazine.com\/mx\/wp-content\/uploads\/sites\/13\/2024\/09\/Captura-de-Pantalla-2024-09-08-a-las-17.38.47-768x860.png 768w, https:\/\/graziamagazine.com\/mx\/wp-content\/uploads\/sites\/13\/2024\/09\/Captura-de-Pantalla-2024-09-08-a-las-17.38.47-400x448.png 400w, https:\/\/graziamagazine.com\/mx\/wp-content\/uploads\/sites\/13\/2024\/09\/Captura-de-Pantalla-2024-09-08-a-las-17.38.47-155x173.png 155w\" sizes=\"(max-width: 1158px) 100vw, 1158px\" \/><\/div><\/figure><figure class=\"gallery-item\"><div class=\"gallery-icon landscape\"><img loading=\"lazy\" decoding=\"async\" width=\"1268\" height=\"1244\" src=\"https:\/\/graziamagazine.com\/mx\/wp-content\/uploads\/sites\/13\/2024\/09\/Captura-de-Pantalla-2024-09-08-a-las-17.38.51.png\" class=\"lazy\" alt=\"\" srcset=\"https:\/\/graziamagazine.com\/mx\/wp-content\/uploads\/sites\/13\/2024\/09\/Captura-de-Pantalla-2024-09-08-a-las-17.38.51.png 1268w, https:\/\/graziamagazine.com\/mx\/wp-content\/uploads\/sites\/13\/2024\/09\/Captura-de-Pantalla-2024-09-08-a-las-17.38.51-450x441.png 450w, https:\/\/graziamagazine.com\/mx\/wp-content\/uploads\/sites\/13\/2024\/09\/Captura-de-Pantalla-2024-09-08-a-las-17.38.51-1024x1005.png 1024w, https:\/\/graziamagazine.com\/mx\/wp-content\/uploads\/sites\/13\/2024\/09\/Captura-de-Pantalla-2024-09-08-a-las-17.38.51-768x753.png 768w, https:\/\/graziamagazine.com\/mx\/wp-content\/uploads\/sites\/13\/2024\/09\/Captura-de-Pantalla-2024-09-08-a-las-17.38.51-400x392.png 400w, https:\/\/graziamagazine.com\/mx\/wp-content\/uploads\/sites\/13\/2024\/09\/Captura-de-Pantalla-2024-09-08-a-las-17.38.51-155x152.png 155w\" sizes=\"(max-width: 1268px) 100vw, 1268px\" \/><\/div><\/figure><\/div><\/div>\n<p>Las mascarillas para cuello y escote ofrecen una hidrataci\u00f3n intensiva y ayudan a revitalizar la piel. Busca mascarillas que contengan ingredientes como aloe vera, vitamina E y aceites naturales, que proporcionan nutrientes y restauran la suavidad de la piel.<\/p>\n<p>Utiliza una mascarilla una vez a la semana para un tratamiento intensivo. Aplica una capa generosa sobre el cuello y el escote, y d\u00e9jala actuar seg\u00fan las indicaciones del producto antes de enjuagar.<\/p>\n<p>El cuidado del cuello y el escote es esencial para mantener una apariencia juvenil y radiante. Incorporar estos productos esenciales en tu rutina de belleza asegurar\u00e1 que estas \u00e1reas delicadas reciban la atenci\u00f3n que merecen, ayudando a prevenir el envejecimiento prematuro y a mantener la piel hidratada y firme.<\/p>\n<p>Dedica tiempo a estos pasos y disfruta de una piel fresca y luminosa que complementar\u00e1 tu rostro de manera impecable.<\/p>\n<p><em><strong>*IMAGEN: Google Images<\/strong><\/em><\/p>\n","protected":false},"author":28953,"featured_media":141154,"template":"","format":"standard","categories":[3],"acf":[],"yoast_head":"<!-- This site is optimized with the Yoast SEO Premium plugin v18.5 (Yoast SEO v20.4) - https:\/\/yoast.com\/wordpress\/plugins\/seo\/ -->\n<title>Productos esenciales para cuello y escote<\/title>\n<meta name=\"description\" content=\"Descubre los productos imprescindibles para cuidar cuello y escote, manteni\u00e9ndolos frescos, hidratados y radiantes todo el a\u00f1o.\" \/>\n<meta name=\"robots\" content=\"index, follow, max-snippet:-1, max-image-preview:large, max-video-preview:-1\" \/>\n<link rel=\"canonical\" href=\"https:\/\/graziamagazine.com\/mx\/articles\/productos-esenciales-para-cuello-y-escote\/\" \/>\n<meta property=\"og:locale\" content=\"es_MX\" \/>\n<meta property=\"og:type\" content=\"article\" \/>\n<meta property=\"og:title\" content=\"Productos esenciales para cuello y escote\" \/>\n<meta property=\"og:description\" content=\"Descubre los productos imprescindibles para cuidar cuello y escote, manteni\u00e9ndolos frescos, hidratados y radiantes todo el a\u00f1o.\" \/>\n<meta property=\"og:url\" content=\"https:\/\/graziamagazine.com\/mx\/articles\/productos-esenciales-para-cuello-y-escote\/\" \/>\n<meta property=\"og:site_name\" content=\"Grazia M\u00e9xico y Latinoam\u00e9rica\" \/>\n<meta property=\"article:modified_time\" content=\"2024-09-23T03:27:48+00:00\" \/>\n<meta property=\"og:image\" content=\"https:\/\/graziamagazine.com\/mx\/wp-content\/uploads\/sites\/13\/2024\/09\/el-s-gUPznplBsLI-unsplash-scaled.jpg\" \/>\n\t<meta property=\"og:image:width\" content=\"2560\" \/>\n\t<meta property=\"og:image:height\" content=\"1707\" \/>\n\t<meta property=\"og:image:type\" content=\"image\/jpeg\" \/>\n<meta name=\"twitter:card\" content=\"summary_large_image\" \/>\n<meta name=\"twitter:label1\" content=\"Est. reading time\" \/>\n\t<meta name=\"twitter:data1\" content=\"3 minutos\" \/>\n<script type=\"application\/ld+json\" class=\"yoast-schema-graph\">{\"@context\":\"https:\/\/schema.org\",\"@graph\":[{\"@type\":\"WebPage\",\"@id\":\"https:\/\/graziamagazine.com\/mx\/articles\/productos-esenciales-para-cuello-y-escote\/\",\"url\":\"https:\/\/graziamagazine.com\/mx\/articles\/productos-esenciales-para-cuello-y-escote\/\",\"name\":\"Productos esenciales para cuello y escote\",\"isPartOf\":{\"@id\":\"https:\/\/graziamagazine.com\/mx\/#website\"},\"datePublished\":\"2024-09-17T13:00:28+00:00\",\"dateModified\":\"2024-09-23T03:27:48+00:00\",\"description\":\"Descubre los productos imprescindibles para cuidar cuello y escote, manteni\u00e9ndolos frescos, hidratados y radiantes todo el a\u00f1o.\",\"breadcrumb\":{\"@id\":\"https:\/\/graziamagazine.com\/mx\/articles\/productos-esenciales-para-cuello-y-escote\/#breadcrumb\"},\"inLanguage\":\"es-MX\",\"potentialAction\":[{\"@type\":\"ReadAction\",\"target\":[\"https:\/\/graziamagazine.com\/mx\/articles\/productos-esenciales-para-cuello-y-escote\/\"]}]},{\"@type\":\"BreadcrumbList\",\"@id\":\"https:\/\/graziamagazine.com\/mx\/articles\/productos-esenciales-para-cuello-y-escote\/#breadcrumb\",\"itemListElement\":[{\"@type\":\"ListItem\",\"position\":1,\"name\":\"Home\",\"item\":\"https:\/\/graziamagazine.com\/mx\/\"},{\"@type\":\"ListItem\",\"position\":2,\"name\":\"Productos esenciales para cuello y escote\"}]},{\"@type\":\"WebSite\",\"@id\":\"https:\/\/graziamagazine.com\/mx\/#website\",\"url\":\"https:\/\/graziamagazine.com\/mx\/\",\"name\":\"Grazia M\u00e9xico y Latinoam\u00e9rica\",\"description\":\"Grazia es moda, belleza y noticias  de actualidad \",\"potentialAction\":[{\"@type\":\"SearchAction\",\"target\":{\"@type\":\"EntryPoint\",\"urlTemplate\":\"https:\/\/graziamagazine.com\/mx\/?s={search_term_string}\"},\"query-input\":\"required name=search_term_string\"}],\"inLanguage\":\"es-MX\"}]}<\/script>\n<!-- \/ Yoast SEO Premium plugin. -->","yoast_head_json":{"title":"Productos esenciales para cuello y escote","description":"Descubre los productos imprescindibles para cuidar cuello y escote, manteni\u00e9ndolos frescos, hidratados y radiantes todo el a\u00f1o.","robots":{"index":"index","follow":"follow","max-snippet":"max-snippet:-1","max-image-preview":"max-image-preview:large","max-video-preview":"max-video-preview:-1"},"canonical":"https:\/\/graziamagazine.com\/mx\/articles\/productos-esenciales-para-cuello-y-escote\/","og_locale":"es_MX","og_type":"article","og_title":"Productos esenciales para cuello y escote","og_description":"Descubre los productos imprescindibles para cuidar cuello y escote, manteni\u00e9ndolos frescos, hidratados y radiantes todo el a\u00f1o.","og_url":"https:\/\/graziamagazine.com\/mx\/articles\/productos-esenciales-para-cuello-y-escote\/","og_site_name":"Grazia M\u00e9xico y Latinoam\u00e9rica","article_modified_time":"2024-09-23T03:27:48+00:00","og_image":[{"width":2560,"height":1707,"url":"https:\/\/graziamagazine.com\/mx\/wp-content\/uploads\/sites\/13\/2024\/09\/el-s-gUPznplBsLI-unsplash-scaled.jpg","type":"image\/jpeg"}],"twitter_card":"summary_large_image","twitter_misc":{"Est. reading time":"3 minutos"},"schema":{"@context":"https:\/\/schema.org","@graph":[{"@type":"WebPage","@id":"https:\/\/graziamagazine.com\/mx\/articles\/productos-esenciales-para-cuello-y-escote\/","url":"https:\/\/graziamagazine.com\/mx\/articles\/productos-esenciales-para-cuello-y-escote\/","name":"Productos esenciales para cuello y escote","isPartOf":{"@id":"https:\/\/graziamagazine.com\/mx\/#website"},"datePublished":"2024-09-17T13:00:28+00:00","dateModified":"2024-09-23T03:27:48+00:00","description":"Descubre los productos imprescindibles para cuidar cuello y escote, manteni\u00e9ndolos frescos, hidratados y radiantes todo el a\u00f1o.","breadcrumb":{"@id":"https:\/\/graziamagazine.com\/mx\/articles\/productos-esenciales-para-cuello-y-escote\/#breadcrumb"},"inLanguage":"es-MX","potentialAction":[{"@type":"ReadAction","target":["https:\/\/graziamagazine.com\/mx\/articles\/productos-esenciales-para-cuello-y-escote\/"]}]},{"@type":"BreadcrumbList","@id":"https:\/\/graziamagazine.com\/mx\/articles\/productos-esenciales-para-cuello-y-escote\/#breadcrumb","itemListElement":[{"@type":"ListItem","position":1,"name":"Home","item":"https:\/\/graziamagazine.com\/mx\/"},{"@type":"ListItem","position":2,"name":"Productos esenciales para cuello y escote"}]},{"@type":"WebSite","@id":"https:\/\/graziamagazine.com\/mx\/#website","url":"https:\/\/graziamagazine.com\/mx\/","name":"Grazia M\u00e9xico y Latinoam\u00e9rica","description":"Grazia es moda, belleza y noticias  de actualidad ","potentialAction":[{"@type":"SearchAction","target":{"@type":"EntryPoint","urlTemplate":"https:\/\/graziamagazine.com\/mx\/?s={search_term_string}"},"query-input":"required name=search_term_string"}],"inLanguage":"es-MX"}]}},"jetpack_sharing_enabled":true,"distributor_meta":false,"distributor_terms":false,"distributor_media":false,"distributor_original_site_name":"Grazia M\u00e9xico y Latinoam\u00e9rica","distributor_original_site_url":"https:\/\/graziamagazine.com\/mx","push-errors":false,"_links":{"self":[{"href":"https:\/\/graziamagazine.com\/mx\/wp-json\/wp\/v2\/articles\/141153"}],"collection":[{"href":"https:\/\/graziamagazine.com\/mx\/wp-json\/wp\/v2\/articles"}],"about":[{"href":"https:\/\/graziamagazine.com\/mx\/wp-json\/wp\/v2\/types\/articles"}],"author":[{"embeddable":true,"href":"https:\/\/graziamagazine.com\/mx\/wp-json\/wp\/v2\/users\/28953"}],"wp:featuredmedia":[{"embeddable":true,"href":"https:\/\/graziamagazine.com\/mx\/wp-json\/wp\/v2\/media\/141154"}],"wp:attachment":[{"href":"https:\/\/graziamagazine.com\/mx\/wp-json\/wp\/v2\/media?parent=141153"}],"wp:term":[{"taxonomy":"category","embeddable":true,"href":"https:\/\/graziamagazine.com\/mx\/wp-json\/wp\/v2\/categories?post=141153"}],"curies":[{"name":"wp","href":"https:\/\/api.w.org\/{rel}","templated":true}]}}