{"id":141134,"date":"2024-09-16T08:00:29","date_gmt":"2024-09-16T13:00:29","guid":{"rendered":"https:\/\/graziamagazine.com\/mx\/?post_type=articles&#038;p=141134"},"modified":"2024-09-22T22:26:31","modified_gmt":"2024-09-23T03:26:31","slug":"chamarra-de-cuero-cafe-inversion-imprescindible-este-ano","status":"publish","type":"articles","link":"https:\/\/graziamagazine.com\/mx\/articles\/chamarra-de-cuero-cafe-inversion-imprescindible-este-ano\/","title":{"rendered":"Chamarra de cuero caf\u00e9: inversi\u00f3n imprescindible este a\u00f1o"},"content":{"rendered":"<p>La <strong>chamarra de cuero caf\u00e9<\/strong> ha resurgido este a\u00f1o como una<strong> pieza clave en los armarios<\/strong> de quienes buscan un estilo atemporal y vers\u00e1til.<\/p>\n<p>Esta prenda ic\u00f3nica, con su aire de sofisticaci\u00f3n casual y su atractivo vintage, es una de esas inversiones imprescindibles que no solo complementa una amplia variedad de looks, sino que tambi\u00e9n aporta un <strong>toque de elegancia rebelde<\/strong> a cualquier conjunto.<\/p>\n<p>Aqu\u00ed te mostramos c\u00f3mo sacarle el m\u00e1ximo provecho a esta prenda esencial con diferentes combinaciones para diversas ocasiones.<\/p>\n<h3><strong>Look Casual<\/strong><\/h3>\n<figure id=\"attachment_141144\" aria-describedby=\"caption-attachment-141144\" style=\"width: 522px\" class=\"wp-caption alignnone\"><img loading=\"lazy\" decoding=\"async\" class=\"wp-image-141144\" src=\"https:\/\/graziamagazine.com\/mx\/wp-content\/uploads\/sites\/13\/2024\/09\/Captura-de-Pantalla-2024-09-08-a-las-16.55.32-721x1024.png\" alt=\"Chamarra de cuero caf\u00e9: inversi\u00f3n imprescindible este a\u00f1o\" width=\"522\" height=\"741\" srcset=\"https:\/\/graziamagazine.com\/mx\/wp-content\/uploads\/sites\/13\/2024\/09\/Captura-de-Pantalla-2024-09-08-a-las-16.55.32-721x1024.png 721w, https:\/\/graziamagazine.com\/mx\/wp-content\/uploads\/sites\/13\/2024\/09\/Captura-de-Pantalla-2024-09-08-a-las-16.55.32-317x450.png 317w, https:\/\/graziamagazine.com\/mx\/wp-content\/uploads\/sites\/13\/2024\/09\/Captura-de-Pantalla-2024-09-08-a-las-16.55.32-768x1090.png 768w, https:\/\/graziamagazine.com\/mx\/wp-content\/uploads\/sites\/13\/2024\/09\/Captura-de-Pantalla-2024-09-08-a-las-16.55.32-400x568.png 400w, https:\/\/graziamagazine.com\/mx\/wp-content\/uploads\/sites\/13\/2024\/09\/Captura-de-Pantalla-2024-09-08-a-las-16.55.32-151x215.png 151w, https:\/\/graziamagazine.com\/mx\/wp-content\/uploads\/sites\/13\/2024\/09\/Captura-de-Pantalla-2024-09-08-a-las-16.55.32.png 920w\" sizes=\"(max-width: 522px) 100vw, 522px\" \/><figcaption id=\"caption-attachment-141144\" class=\"wp-caption-text\">Chamarra de cuero caf\u00e9: inversi\u00f3n imprescindible este a\u00f1o<\/figcaption><\/figure>\n<p>El estilo m\u00e1s cl\u00e1sico y f\u00e1cil de lograr es combinar tu chamarra de cuero caf\u00e9 con unos jeans ajustados o de corte recto y una camiseta blanca b\u00e1sica. Este look es perfecto para el d\u00eda a d\u00eda, ya sea para una salida informal o un paseo por la ciudad.<\/p>\n<p>Completa el conjunto con unas zapatillas blancas o botines bajos y unos accesorios minimalistas, como una bufanda ligera o un bolso cruzado, para un toque moderno sin esfuerzo.<\/p>\n<h3><strong>Look Bohemio<\/strong><\/h3>\n<figure id=\"attachment_141140\" aria-describedby=\"caption-attachment-141140\" style=\"width: 522px\" class=\"wp-caption alignnone\"><img loading=\"lazy\" decoding=\"async\" class=\"wp-image-141140\" src=\"https:\/\/graziamagazine.com\/mx\/wp-content\/uploads\/sites\/13\/2024\/09\/Captura-de-Pantalla-2024-09-08-a-las-16.50.04-621x1024.png\" alt=\"Chamarra de cuero caf\u00e9: inversi\u00f3n imprescindible este a\u00f1o\" width=\"522\" height=\"861\" srcset=\"https:\/\/graziamagazine.com\/mx\/wp-content\/uploads\/sites\/13\/2024\/09\/Captura-de-Pantalla-2024-09-08-a-las-16.50.04-621x1024.png 621w, https:\/\/graziamagazine.com\/mx\/wp-content\/uploads\/sites\/13\/2024\/09\/Captura-de-Pantalla-2024-09-08-a-las-16.50.04-273x450.png 273w, https:\/\/graziamagazine.com\/mx\/wp-content\/uploads\/sites\/13\/2024\/09\/Captura-de-Pantalla-2024-09-08-a-las-16.50.04-768x1267.png 768w, https:\/\/graziamagazine.com\/mx\/wp-content\/uploads\/sites\/13\/2024\/09\/Captura-de-Pantalla-2024-09-08-a-las-16.50.04-400x660.png 400w, https:\/\/graziamagazine.com\/mx\/wp-content\/uploads\/sites\/13\/2024\/09\/Captura-de-Pantalla-2024-09-08-a-las-16.50.04-130x215.png 130w, https:\/\/graziamagazine.com\/mx\/wp-content\/uploads\/sites\/13\/2024\/09\/Captura-de-Pantalla-2024-09-08-a-las-16.50.04.png 844w\" sizes=\"(max-width: 522px) 100vw, 522px\" \/><figcaption id=\"caption-attachment-141140\" class=\"wp-caption-text\">Chamarra de cuero caf\u00e9: inversi\u00f3n imprescindible este a\u00f1o<\/figcaption><\/figure>\n<p>Para un look bohemio y rom\u00e1ntico, combina tu chamarra de cuero caf\u00e9 con un vestido largo de flores. Esta mezcla de materiales a\u00f1ade una interesante yuxtaposici\u00f3n entre la dureza del cuero y la suavidad del vestido.<\/p>\n<p>Agrega unas botas de tac\u00f3n grueso o botines estilo cowboy para completar el look. Esta opci\u00f3n es ideal para una cita o una salida especial de fin de semana.<\/p>\n<h3><strong>Look de Oficina<\/strong><\/h3>\n<figure id=\"attachment_141138\" aria-describedby=\"caption-attachment-141138\" style=\"width: 522px\" class=\"wp-caption alignnone\"><img loading=\"lazy\" decoding=\"async\" class=\"size-large wp-image-141138\" src=\"https:\/\/graziamagazine.com\/mx\/wp-content\/uploads\/sites\/13\/2024\/09\/Captura-de-Pantalla-2024-09-08-a-las-16.48.52-522x1024.png\" alt=\"Chamarra de cuero caf\u00e9: inversi\u00f3n imprescindible este a\u00f1o\" width=\"522\" height=\"1024\" srcset=\"https:\/\/graziamagazine.com\/mx\/wp-content\/uploads\/sites\/13\/2024\/09\/Captura-de-Pantalla-2024-09-08-a-las-16.48.52-522x1024.png 522w, https:\/\/graziamagazine.com\/mx\/wp-content\/uploads\/sites\/13\/2024\/09\/Captura-de-Pantalla-2024-09-08-a-las-16.48.52-229x450.png 229w, https:\/\/graziamagazine.com\/mx\/wp-content\/uploads\/sites\/13\/2024\/09\/Captura-de-Pantalla-2024-09-08-a-las-16.48.52-768x1506.png 768w, https:\/\/graziamagazine.com\/mx\/wp-content\/uploads\/sites\/13\/2024\/09\/Captura-de-Pantalla-2024-09-08-a-las-16.48.52-783x1536.png 783w, https:\/\/graziamagazine.com\/mx\/wp-content\/uploads\/sites\/13\/2024\/09\/Captura-de-Pantalla-2024-09-08-a-las-16.48.52-400x784.png 400w, https:\/\/graziamagazine.com\/mx\/wp-content\/uploads\/sites\/13\/2024\/09\/Captura-de-Pantalla-2024-09-08-a-las-16.48.52-110x215.png 110w, https:\/\/graziamagazine.com\/mx\/wp-content\/uploads\/sites\/13\/2024\/09\/Captura-de-Pantalla-2024-09-08-a-las-16.48.52.png 820w\" sizes=\"(max-width: 522px) 100vw, 522px\" \/><figcaption id=\"caption-attachment-141138\" class=\"wp-caption-text\">Chamarra de cuero caf\u00e9: inversi\u00f3n imprescindible este a\u00f1o<\/figcaption><\/figure>\n<p>La chamarra de cuero caf\u00e9 tambi\u00e9n puede ser una excelente aliada en el entorno laboral, siempre que se combine adecuadamente. P\u00f3ntela sobre una blusa elegante o un su\u00e9ter ligero, con pantalones de sastre de cintura alta en tonos neutros como beige, gris o negro.<\/p>\n<p>A\u00f1ade unos mocasines o zapatos de tac\u00f3n bajo y un bolso estructurado para un look profesional con un toque de actitud moderna.<\/p>\n<h3><strong>Look Nocturno<\/strong><\/h3>\n<figure id=\"attachment_141137\" aria-describedby=\"caption-attachment-141137\" style=\"width: 522px\" class=\"wp-caption alignnone\"><img loading=\"lazy\" decoding=\"async\" class=\"wp-image-141137\" src=\"https:\/\/graziamagazine.com\/mx\/wp-content\/uploads\/sites\/13\/2024\/09\/Captura-de-Pantalla-2024-09-08-a-las-16.45.54-688x1024.png\" alt=\"Chamarra de cuero caf\u00e9: inversi\u00f3n imprescindible este a\u00f1o\" width=\"522\" height=\"777\" srcset=\"https:\/\/graziamagazine.com\/mx\/wp-content\/uploads\/sites\/13\/2024\/09\/Captura-de-Pantalla-2024-09-08-a-las-16.45.54-688x1024.png 688w, https:\/\/graziamagazine.com\/mx\/wp-content\/uploads\/sites\/13\/2024\/09\/Captura-de-Pantalla-2024-09-08-a-las-16.45.54-302x450.png 302w, https:\/\/graziamagazine.com\/mx\/wp-content\/uploads\/sites\/13\/2024\/09\/Captura-de-Pantalla-2024-09-08-a-las-16.45.54-768x1144.png 768w, https:\/\/graziamagazine.com\/mx\/wp-content\/uploads\/sites\/13\/2024\/09\/Captura-de-Pantalla-2024-09-08-a-las-16.45.54-1031x1536.png 1031w, https:\/\/graziamagazine.com\/mx\/wp-content\/uploads\/sites\/13\/2024\/09\/Captura-de-Pantalla-2024-09-08-a-las-16.45.54-400x596.png 400w, https:\/\/graziamagazine.com\/mx\/wp-content\/uploads\/sites\/13\/2024\/09\/Captura-de-Pantalla-2024-09-08-a-las-16.45.54-144x215.png 144w, https:\/\/graziamagazine.com\/mx\/wp-content\/uploads\/sites\/13\/2024\/09\/Captura-de-Pantalla-2024-09-08-a-las-16.45.54.png 1198w\" sizes=\"(max-width: 522px) 100vw, 522px\" \/><figcaption id=\"caption-attachment-141137\" class=\"wp-caption-text\">Chamarra de cuero caf\u00e9: inversi\u00f3n imprescindible este a\u00f1o<\/figcaption><\/figure>\n<p>Para una salida nocturna, combina la chamarra de cuero caf\u00e9 con una falda de cuero negra o en un tono contrastante como burdeos. A\u00f1ade un top ajustado o una blusa de seda y completa el conjunto con tacones altos o botas llamativas.<\/p>\n<p>Este look es audaz y chic, perfecto para un evento social o una cena en un restaurante de moda.<\/p>\n<h3><strong>Look Deportivo<\/strong><\/h3>\n<figure id=\"attachment_141143\" aria-describedby=\"caption-attachment-141143\" style=\"width: 522px\" class=\"wp-caption alignnone\"><img loading=\"lazy\" decoding=\"async\" class=\"wp-image-141143\" src=\"https:\/\/graziamagazine.com\/mx\/wp-content\/uploads\/sites\/13\/2024\/09\/Captura-de-Pantalla-2024-09-08-a-las-16.55.27-701x1024.png\" alt=\"Chamarra de cuero caf\u00e9: inversi\u00f3n imprescindible este a\u00f1o\" width=\"522\" height=\"763\" srcset=\"https:\/\/graziamagazine.com\/mx\/wp-content\/uploads\/sites\/13\/2024\/09\/Captura-de-Pantalla-2024-09-08-a-las-16.55.27-701x1024.png 701w, https:\/\/graziamagazine.com\/mx\/wp-content\/uploads\/sites\/13\/2024\/09\/Captura-de-Pantalla-2024-09-08-a-las-16.55.27-308x450.png 308w, https:\/\/graziamagazine.com\/mx\/wp-content\/uploads\/sites\/13\/2024\/09\/Captura-de-Pantalla-2024-09-08-a-las-16.55.27-768x1122.png 768w, https:\/\/graziamagazine.com\/mx\/wp-content\/uploads\/sites\/13\/2024\/09\/Captura-de-Pantalla-2024-09-08-a-las-16.55.27-1051x1536.png 1051w, https:\/\/graziamagazine.com\/mx\/wp-content\/uploads\/sites\/13\/2024\/09\/Captura-de-Pantalla-2024-09-08-a-las-16.55.27-400x585.png 400w, https:\/\/graziamagazine.com\/mx\/wp-content\/uploads\/sites\/13\/2024\/09\/Captura-de-Pantalla-2024-09-08-a-las-16.55.27-147x215.png 147w, https:\/\/graziamagazine.com\/mx\/wp-content\/uploads\/sites\/13\/2024\/09\/Captura-de-Pantalla-2024-09-08-a-las-16.55.27.png 1084w\" sizes=\"(max-width: 522px) 100vw, 522px\" \/><figcaption id=\"caption-attachment-141143\" class=\"wp-caption-text\">Chamarra de cuero caf\u00e9: inversi\u00f3n imprescindible este a\u00f1o<\/figcaption><\/figure>\n<p>Si buscas algo m\u00e1s relajado pero con estilo, usa tu chamarra de cuero caf\u00e9 sobre una sudadera c\u00f3moda y unos jeans o joggers negros. Este look es ideal para d\u00edas de recados o un viaje corto. Complementa con unas zapatillas deportivas de calidad y una mochila peque\u00f1a para una est\u00e9tica athleisure con un toque sofisticado.<\/p>\n<p>La chamarra de cuero caf\u00e9 no solo es una inversi\u00f3n clave por su durabilidad, sino tambi\u00e9n por su versatilidad infinita.<\/p>\n<p>Desde looks casuales hasta opciones m\u00e1s formales o incluso deportivas, esta prenda se adapta a cada ocasi\u00f3n, brindando siempre un aire de elegancia desenfadada. Este a\u00f1o, convierte la chamarra de cuero caf\u00e9 en tu aliada de estilo y descubre c\u00f3mo puede transformar cualquier conjunto en un look digno de admiraci\u00f3n.<\/p>\n<p><em><strong>*IMAGEN: Google Images<\/strong><\/em><\/p>\n","protected":false},"author":28953,"featured_media":141141,"template":"","format":"standard","categories":[4],"acf":[],"yoast_head":"<!-- This site is optimized with the Yoast SEO Premium plugin v18.5 (Yoast SEO v20.4) - https:\/\/yoast.com\/wordpress\/plugins\/seo\/ -->\n<title>Chamarra de cuero caf\u00e9: inversi\u00f3n imprescindible este a\u00f1o<\/title>\n<meta name=\"description\" content=\"As\u00ed es c\u00f3mo la chamarra de cuero caf\u00e9 se convierte en una inversi\u00f3n de estilo clave con estos looks vers\u00e1tiles y modernos.\" \/>\n<meta name=\"robots\" content=\"index, follow, max-snippet:-1, max-image-preview:large, max-video-preview:-1\" \/>\n<link rel=\"canonical\" href=\"https:\/\/graziamagazine.com\/mx\/articles\/chamarra-de-cuero-cafe-inversion-imprescindible-este-ano\/\" \/>\n<meta property=\"og:locale\" content=\"es_MX\" \/>\n<meta property=\"og:type\" content=\"article\" \/>\n<meta property=\"og:title\" content=\"Chamarra de cuero caf\u00e9: inversi\u00f3n imprescindible este a\u00f1o\" \/>\n<meta property=\"og:description\" content=\"As\u00ed es c\u00f3mo la chamarra de cuero caf\u00e9 se convierte en una inversi\u00f3n de estilo clave con estos looks vers\u00e1tiles y modernos.\" \/>\n<meta property=\"og:url\" content=\"https:\/\/graziamagazine.com\/mx\/articles\/chamarra-de-cuero-cafe-inversion-imprescindible-este-ano\/\" \/>\n<meta property=\"og:site_name\" content=\"Grazia M\u00e9xico y Latinoam\u00e9rica\" \/>\n<meta property=\"article:modified_time\" content=\"2024-09-23T03:26:31+00:00\" \/>\n<meta property=\"og:image\" content=\"https:\/\/graziamagazine.com\/mx\/wp-content\/uploads\/sites\/13\/2024\/09\/Captura-de-Pantalla-2024-09-08-a-las-16.45.49-e1725835961492-1024x709.png\" \/>\n\t<meta property=\"og:image:width\" content=\"1024\" \/>\n\t<meta property=\"og:image:height\" content=\"709\" \/>\n\t<meta property=\"og:image:type\" content=\"image\/png\" \/>\n<meta name=\"twitter:card\" content=\"summary_large_image\" \/>\n<meta name=\"twitter:label1\" content=\"Est. reading time\" \/>\n\t<meta name=\"twitter:data1\" content=\"4 minutos\" \/>\n<script type=\"application\/ld+json\" class=\"yoast-schema-graph\">{\"@context\":\"https:\/\/schema.org\",\"@graph\":[{\"@type\":\"WebPage\",\"@id\":\"https:\/\/graziamagazine.com\/mx\/articles\/chamarra-de-cuero-cafe-inversion-imprescindible-este-ano\/\",\"url\":\"https:\/\/graziamagazine.com\/mx\/articles\/chamarra-de-cuero-cafe-inversion-imprescindible-este-ano\/\",\"name\":\"Chamarra de cuero caf\u00e9: inversi\u00f3n imprescindible este a\u00f1o\",\"isPartOf\":{\"@id\":\"https:\/\/graziamagazine.com\/mx\/#website\"},\"datePublished\":\"2024-09-16T13:00:29+00:00\",\"dateModified\":\"2024-09-23T03:26:31+00:00\",\"description\":\"As\u00ed es c\u00f3mo la chamarra de cuero caf\u00e9 se convierte en una inversi\u00f3n de estilo clave con estos looks vers\u00e1tiles y modernos.\",\"breadcrumb\":{\"@id\":\"https:\/\/graziamagazine.com\/mx\/articles\/chamarra-de-cuero-cafe-inversion-imprescindible-este-ano\/#breadcrumb\"},\"inLanguage\":\"es-MX\",\"potentialAction\":[{\"@type\":\"ReadAction\",\"target\":[\"https:\/\/graziamagazine.com\/mx\/articles\/chamarra-de-cuero-cafe-inversion-imprescindible-este-ano\/\"]}]},{\"@type\":\"BreadcrumbList\",\"@id\":\"https:\/\/graziamagazine.com\/mx\/articles\/chamarra-de-cuero-cafe-inversion-imprescindible-este-ano\/#breadcrumb\",\"itemListElement\":[{\"@type\":\"ListItem\",\"position\":1,\"name\":\"Home\",\"item\":\"https:\/\/graziamagazine.com\/mx\/\"},{\"@type\":\"ListItem\",\"position\":2,\"name\":\"Chamarra de cuero caf\u00e9: inversi\u00f3n imprescindible este a\u00f1o\"}]},{\"@type\":\"WebSite\",\"@id\":\"https:\/\/graziamagazine.com\/mx\/#website\",\"url\":\"https:\/\/graziamagazine.com\/mx\/\",\"name\":\"Grazia M\u00e9xico y Latinoam\u00e9rica\",\"description\":\"Grazia es moda, belleza y noticias  de actualidad \",\"potentialAction\":[{\"@type\":\"SearchAction\",\"target\":{\"@type\":\"EntryPoint\",\"urlTemplate\":\"https:\/\/graziamagazine.com\/mx\/?s={search_term_string}\"},\"query-input\":\"required name=search_term_string\"}],\"inLanguage\":\"es-MX\"}]}<\/script>\n<!-- \/ Yoast SEO Premium plugin. -->","yoast_head_json":{"title":"Chamarra de cuero caf\u00e9: inversi\u00f3n imprescindible este a\u00f1o","description":"As\u00ed es c\u00f3mo la chamarra de cuero caf\u00e9 se convierte en una inversi\u00f3n de estilo clave con estos looks vers\u00e1tiles y modernos.","robots":{"index":"index","follow":"follow","max-snippet":"max-snippet:-1","max-image-preview":"max-image-preview:large","max-video-preview":"max-video-preview:-1"},"canonical":"https:\/\/graziamagazine.com\/mx\/articles\/chamarra-de-cuero-cafe-inversion-imprescindible-este-ano\/","og_locale":"es_MX","og_type":"article","og_title":"Chamarra de cuero caf\u00e9: inversi\u00f3n imprescindible este a\u00f1o","og_description":"As\u00ed es c\u00f3mo la chamarra de cuero caf\u00e9 se convierte en una inversi\u00f3n de estilo clave con estos looks vers\u00e1tiles y modernos.","og_url":"https:\/\/graziamagazine.com\/mx\/articles\/chamarra-de-cuero-cafe-inversion-imprescindible-este-ano\/","og_site_name":"Grazia M\u00e9xico y Latinoam\u00e9rica","article_modified_time":"2024-09-23T03:26:31+00:00","og_image":[{"width":1024,"height":709,"url":"https:\/\/graziamagazine.com\/mx\/wp-content\/uploads\/sites\/13\/2024\/09\/Captura-de-Pantalla-2024-09-08-a-las-16.45.49-e1725835961492-1024x709.png","type":"image\/png"}],"twitter_card":"summary_large_image","twitter_misc":{"Est. reading time":"4 minutos"},"schema":{"@context":"https:\/\/schema.org","@graph":[{"@type":"WebPage","@id":"https:\/\/graziamagazine.com\/mx\/articles\/chamarra-de-cuero-cafe-inversion-imprescindible-este-ano\/","url":"https:\/\/graziamagazine.com\/mx\/articles\/chamarra-de-cuero-cafe-inversion-imprescindible-este-ano\/","name":"Chamarra de cuero caf\u00e9: inversi\u00f3n imprescindible este a\u00f1o","isPartOf":{"@id":"https:\/\/graziamagazine.com\/mx\/#website"},"datePublished":"2024-09-16T13:00:29+00:00","dateModified":"2024-09-23T03:26:31+00:00","description":"As\u00ed es c\u00f3mo la chamarra de cuero caf\u00e9 se convierte en una inversi\u00f3n de estilo clave con estos looks vers\u00e1tiles y modernos.","breadcrumb":{"@id":"https:\/\/graziamagazine.com\/mx\/articles\/chamarra-de-cuero-cafe-inversion-imprescindible-este-ano\/#breadcrumb"},"inLanguage":"es-MX","potentialAction":[{"@type":"ReadAction","target":["https:\/\/graziamagazine.com\/mx\/articles\/chamarra-de-cuero-cafe-inversion-imprescindible-este-ano\/"]}]},{"@type":"BreadcrumbList","@id":"https:\/\/graziamagazine.com\/mx\/articles\/chamarra-de-cuero-cafe-inversion-imprescindible-este-ano\/#breadcrumb","itemListElement":[{"@type":"ListItem","position":1,"name":"Home","item":"https:\/\/graziamagazine.com\/mx\/"},{"@type":"ListItem","position":2,"name":"Chamarra de cuero caf\u00e9: inversi\u00f3n imprescindible este a\u00f1o"}]},{"@type":"WebSite","@id":"https:\/\/graziamagazine.com\/mx\/#website","url":"https:\/\/graziamagazine.com\/mx\/","name":"Grazia M\u00e9xico y Latinoam\u00e9rica","description":"Grazia es moda, belleza y noticias  de actualidad ","potentialAction":[{"@type":"SearchAction","target":{"@type":"EntryPoint","urlTemplate":"https:\/\/graziamagazine.com\/mx\/?s={search_term_string}"},"query-input":"required name=search_term_string"}],"inLanguage":"es-MX"}]}},"jetpack_sharing_enabled":true,"distributor_meta":false,"distributor_terms":false,"distributor_media":false,"distributor_original_site_name":"Grazia M\u00e9xico y Latinoam\u00e9rica","distributor_original_site_url":"https:\/\/graziamagazine.com\/mx","push-errors":false,"_links":{"self":[{"href":"https:\/\/graziamagazine.com\/mx\/wp-json\/wp\/v2\/articles\/141134"}],"collection":[{"href":"https:\/\/graziamagazine.com\/mx\/wp-json\/wp\/v2\/articles"}],"about":[{"href":"https:\/\/graziamagazine.com\/mx\/wp-json\/wp\/v2\/types\/articles"}],"author":[{"embeddable":true,"href":"https:\/\/graziamagazine.com\/mx\/wp-json\/wp\/v2\/users\/28953"}],"wp:featuredmedia":[{"embeddable":true,"href":"https:\/\/graziamagazine.com\/mx\/wp-json\/wp\/v2\/media\/141141"}],"wp:attachment":[{"href":"https:\/\/graziamagazine.com\/mx\/wp-json\/wp\/v2\/media?parent=141134"}],"wp:term":[{"taxonomy":"category","embeddable":true,"href":"https:\/\/graziamagazine.com\/mx\/wp-json\/wp\/v2\/categories?post=141134"}],"curies":[{"name":"wp","href":"https:\/\/api.w.org\/{rel}","templated":true}]}}