{"id":140958,"date":"2024-09-05T11:27:25","date_gmt":"2024-09-05T16:27:25","guid":{"rendered":"https:\/\/graziamagazine.com\/mx\/?post_type=articles&#038;p=140958"},"modified":"2024-09-05T11:36:00","modified_gmt":"2024-09-05T16:36:00","slug":"prada-habla-una-linea-directa","status":"publish","type":"articles","link":"https:\/\/graziamagazine.com\/mx\/articles\/prada-habla-una-linea-directa\/","title":{"rendered":"Prada habla: una l\u00ednea directa"},"content":{"rendered":"<p>La casa de moda italiana<strong> Prada<\/strong> ha lanzado una iniciativa tan inesperada como innovadora: una l\u00ednea telef\u00f3nica directa con sus seguidores. En colaboraci\u00f3n con la cineasta y escritora estadounidense <strong>Miranda July<\/strong>, Prada busca romper las barreras tradicionales de comunicaci\u00f3n y fomentar una conexi\u00f3n m\u00e1s cercana y genuina con su audiencia.<\/p>\n<p>El concepto es simple, pero audaz. Miranda July, conocida por su <strong>sensibilidad art\u00edstica y su enfoque \u00fanico de la narrativa<\/strong>, estar\u00e1 al otro lado del tel\u00e9fono.<\/p>\n<p>Ella atender\u00e1 las llamadas siguiendo un guion programado por ella misma, ofreciendo consejos ir\u00f3nicos, planteando escenarios inesperados, o simplemente manteniendo una conversaci\u00f3n amistosa.<\/p>\n<div class=\"content-gallery\"><div class=\"gallery-placeholder\"><div class=\"spinner\"><\/div><\/div><span class=\"gallery-pagination\"><\/span><div id=\"gallery-1\" class=\"gallery galleryid-140958 gallery-columns- gallery-size-\"><figure class=\"gallery-item\"><div class=\"gallery-icon landscape\"><img loading=\"lazy\" decoding=\"async\" width=\"988\" height=\"1244\" src=\"https:\/\/graziamagazine.com\/mx\/wp-content\/uploads\/sites\/13\/2024\/09\/Captura-de-Pantalla-2024-09-05-a-las-10.29.29.png\" class=\"lazy\" alt=\"Prada habla: una l\u00ednea directa\" srcset=\"https:\/\/graziamagazine.com\/mx\/wp-content\/uploads\/sites\/13\/2024\/09\/Captura-de-Pantalla-2024-09-05-a-las-10.29.29.png 988w, https:\/\/graziamagazine.com\/mx\/wp-content\/uploads\/sites\/13\/2024\/09\/Captura-de-Pantalla-2024-09-05-a-las-10.29.29-357x450.png 357w, https:\/\/graziamagazine.com\/mx\/wp-content\/uploads\/sites\/13\/2024\/09\/Captura-de-Pantalla-2024-09-05-a-las-10.29.29-813x1024.png 813w, https:\/\/graziamagazine.com\/mx\/wp-content\/uploads\/sites\/13\/2024\/09\/Captura-de-Pantalla-2024-09-05-a-las-10.29.29-768x967.png 768w, https:\/\/graziamagazine.com\/mx\/wp-content\/uploads\/sites\/13\/2024\/09\/Captura-de-Pantalla-2024-09-05-a-las-10.29.29-400x504.png 400w, https:\/\/graziamagazine.com\/mx\/wp-content\/uploads\/sites\/13\/2024\/09\/Captura-de-Pantalla-2024-09-05-a-las-10.29.29-155x195.png 155w\" sizes=\"(max-width: 988px) 100vw, 988px\" \/><\/div><figcaption class=\"wp-caption-text gallery-caption\" id=\"gallery-1-140959\">Prada habla: una l\u00ednea directa<\/figcaption><\/figure><figure class=\"gallery-item\"><div class=\"gallery-icon landscape\"><img loading=\"lazy\" decoding=\"async\" width=\"918\" height=\"1240\" src=\"https:\/\/graziamagazine.com\/mx\/wp-content\/uploads\/sites\/13\/2024\/09\/Captura-de-Pantalla-2024-09-05-a-las-10.29.36.png\" class=\"lazy\" alt=\"\" srcset=\"https:\/\/graziamagazine.com\/mx\/wp-content\/uploads\/sites\/13\/2024\/09\/Captura-de-Pantalla-2024-09-05-a-las-10.29.36.png 918w, https:\/\/graziamagazine.com\/mx\/wp-content\/uploads\/sites\/13\/2024\/09\/Captura-de-Pantalla-2024-09-05-a-las-10.29.36-333x450.png 333w, https:\/\/graziamagazine.com\/mx\/wp-content\/uploads\/sites\/13\/2024\/09\/Captura-de-Pantalla-2024-09-05-a-las-10.29.36-758x1024.png 758w, https:\/\/graziamagazine.com\/mx\/wp-content\/uploads\/sites\/13\/2024\/09\/Captura-de-Pantalla-2024-09-05-a-las-10.29.36-768x1037.png 768w, https:\/\/graziamagazine.com\/mx\/wp-content\/uploads\/sites\/13\/2024\/09\/Captura-de-Pantalla-2024-09-05-a-las-10.29.36-400x540.png 400w, https:\/\/graziamagazine.com\/mx\/wp-content\/uploads\/sites\/13\/2024\/09\/Captura-de-Pantalla-2024-09-05-a-las-10.29.36-155x209.png 155w\" sizes=\"(max-width: 918px) 100vw, 918px\" \/><\/div><\/figure><\/div><\/div>\n<p>Este <strong>enfoque l\u00fadico y performativo<\/strong> convierte cada llamada en una experiencia \u00fanica e impredecible, en la que cualquier cosa puede suceder.<\/p>\n<p>Esta nueva hotline de Prada no es solo un truco publicitario; es una celebraci\u00f3n del arte de la conversaci\u00f3n. En una \u00e9poca en la que la comunicaci\u00f3n suele ser fugaz y superficial, Prada invita a sus seguidores a ralentizarse, a dedicar tiempo al di\u00e1logo y al intercambio de ideas, conocimientos y experiencias.<\/p>\n<p>La propuesta busca <strong>rescatar el valor de la comunicaci\u00f3n humana aut\u00e9ntica<\/strong>, donde las palabras se convierten en un puente que une a personas de diferentes rincones del mundo.<\/p>\n<div class=\"content-gallery\"><div class=\"gallery-placeholder\"><div class=\"spinner\"><\/div><\/div><span class=\"gallery-pagination\"><\/span><div id=\"gallery-2\" class=\"gallery galleryid-140958 gallery-columns- gallery-size-\"><figure class=\"gallery-item\"><div class=\"gallery-icon landscape\"><img loading=\"lazy\" decoding=\"async\" width=\"958\" height=\"1278\" src=\"https:\/\/graziamagazine.com\/mx\/wp-content\/uploads\/sites\/13\/2024\/09\/Captura-de-Pantalla-2024-09-05-a-las-10.29.45.png\" class=\"lazy\" alt=\"\" srcset=\"https:\/\/graziamagazine.com\/mx\/wp-content\/uploads\/sites\/13\/2024\/09\/Captura-de-Pantalla-2024-09-05-a-las-10.29.45.png 958w, https:\/\/graziamagazine.com\/mx\/wp-content\/uploads\/sites\/13\/2024\/09\/Captura-de-Pantalla-2024-09-05-a-las-10.29.45-337x450.png 337w, https:\/\/graziamagazine.com\/mx\/wp-content\/uploads\/sites\/13\/2024\/09\/Captura-de-Pantalla-2024-09-05-a-las-10.29.45-768x1025.png 768w, https:\/\/graziamagazine.com\/mx\/wp-content\/uploads\/sites\/13\/2024\/09\/Captura-de-Pantalla-2024-09-05-a-las-10.29.45-400x534.png 400w, https:\/\/graziamagazine.com\/mx\/wp-content\/uploads\/sites\/13\/2024\/09\/Captura-de-Pantalla-2024-09-05-a-las-10.29.45-155x207.png 155w\" sizes=\"(max-width: 958px) 100vw, 958px\" \/><\/div><\/figure><figure class=\"gallery-item\"><div class=\"gallery-icon landscape\"><img loading=\"lazy\" decoding=\"async\" width=\"730\" height=\"1272\" src=\"https:\/\/graziamagazine.com\/mx\/wp-content\/uploads\/sites\/13\/2024\/09\/Captura-de-Pantalla-2024-09-05-a-las-10.29.54.png\" class=\"lazy\" alt=\"Prada habla: una l\u00ednea directa\" srcset=\"https:\/\/graziamagazine.com\/mx\/wp-content\/uploads\/sites\/13\/2024\/09\/Captura-de-Pantalla-2024-09-05-a-las-10.29.54.png 730w, https:\/\/graziamagazine.com\/mx\/wp-content\/uploads\/sites\/13\/2024\/09\/Captura-de-Pantalla-2024-09-05-a-las-10.29.54-258x450.png 258w, https:\/\/graziamagazine.com\/mx\/wp-content\/uploads\/sites\/13\/2024\/09\/Captura-de-Pantalla-2024-09-05-a-las-10.29.54-588x1024.png 588w, https:\/\/graziamagazine.com\/mx\/wp-content\/uploads\/sites\/13\/2024\/09\/Captura-de-Pantalla-2024-09-05-a-las-10.29.54-400x697.png 400w, https:\/\/graziamagazine.com\/mx\/wp-content\/uploads\/sites\/13\/2024\/09\/Captura-de-Pantalla-2024-09-05-a-las-10.29.54-123x215.png 123w\" sizes=\"(max-width: 730px) 100vw, 730px\" \/><\/div><figcaption class=\"wp-caption-text gallery-caption\" id=\"gallery-2-140962\">Prada habla: una l\u00ednea directa<\/figcaption><\/figure><\/div><\/div>\n<p>Para promocionar esta iniciativa, Prada desplegar\u00e1 el n\u00famero de la l\u00ednea en vallas publicitarias en las grandes capitales del mundo.<\/p>\n<p>Este movimiento, que podr\u00eda parecer un retroceso a m\u00e9todos m\u00e1s tradicionales de interacci\u00f3n, en realidad se alinea con una tendencia creciente hacia experiencias m\u00e1s personales y significativas en un mundo saturado de tecnolog\u00eda.<\/p>\n<p>En definitiva, la hotline de Prada es una propuesta que mezcla arte, moda y comunicaci\u00f3n de manera innovadora. Con Miranda July como su voz creativa, Prada redefine la conexi\u00f3n con sus seguidores, abriendo un espacio para conversaciones que van m\u00e1s all\u00e1 del consumo y celebran la esencia del di\u00e1logo humano.<\/p>\n<p>En un universo digital cada vez m\u00e1s impersonal, Prada apuesta por la calidez de una voz al otro lado del tel\u00e9fono.<\/p>\n<p><em><strong>*IMAGEN: Prada<\/strong><\/em><\/p>\n","protected":false},"author":28953,"featured_media":140963,"template":"","format":"standard","categories":[4],"acf":[],"yoast_head":"<!-- This site is optimized with the Yoast SEO Premium plugin v18.5 (Yoast SEO v20.4) - https:\/\/yoast.com\/wordpress\/plugins\/seo\/ -->\n<title>Prada habla: una l\u00ednea directa<\/title>\n<meta name=\"description\" content=\"Prada inaugura una l\u00ednea telef\u00f3nica \u00fanica, concebida por Miranda July, para conectar directamente con sus seguidores en un di\u00e1logo creativo.\" \/>\n<meta name=\"robots\" content=\"index, follow, max-snippet:-1, max-image-preview:large, max-video-preview:-1\" \/>\n<link rel=\"canonical\" href=\"https:\/\/graziamagazine.com\/mx\/articles\/prada-habla-una-linea-directa\/\" \/>\n<meta property=\"og:locale\" content=\"es_MX\" \/>\n<meta property=\"og:type\" content=\"article\" \/>\n<meta property=\"og:title\" content=\"Prada habla: una l\u00ednea directa\" \/>\n<meta property=\"og:description\" content=\"Prada inaugura una l\u00ednea telef\u00f3nica \u00fanica, concebida por Miranda July, para conectar directamente con sus seguidores en un di\u00e1logo creativo.\" \/>\n<meta property=\"og:url\" content=\"https:\/\/graziamagazine.com\/mx\/articles\/prada-habla-una-linea-directa\/\" \/>\n<meta property=\"og:site_name\" content=\"Grazia M\u00e9xico y Latinoam\u00e9rica\" \/>\n<meta property=\"article:modified_time\" content=\"2024-09-05T16:36:00+00:00\" \/>\n<meta property=\"og:image\" content=\"https:\/\/graziamagazine.com\/mx\/wp-content\/uploads\/sites\/13\/2024\/09\/Captura-de-Pantalla-2024-09-05-a-las-10.30.12-e1725554022231-1024x802.png\" \/>\n\t<meta property=\"og:image:width\" content=\"1024\" \/>\n\t<meta property=\"og:image:height\" content=\"802\" \/>\n\t<meta property=\"og:image:type\" content=\"image\/png\" \/>\n<meta name=\"twitter:card\" content=\"summary_large_image\" \/>\n<meta name=\"twitter:label1\" content=\"Est. reading time\" \/>\n\t<meta name=\"twitter:data1\" content=\"2 minutos\" \/>\n<script type=\"application\/ld+json\" class=\"yoast-schema-graph\">{\"@context\":\"https:\/\/schema.org\",\"@graph\":[{\"@type\":\"WebPage\",\"@id\":\"https:\/\/graziamagazine.com\/mx\/articles\/prada-habla-una-linea-directa\/\",\"url\":\"https:\/\/graziamagazine.com\/mx\/articles\/prada-habla-una-linea-directa\/\",\"name\":\"Prada habla: una l\u00ednea directa\",\"isPartOf\":{\"@id\":\"https:\/\/graziamagazine.com\/mx\/#website\"},\"datePublished\":\"2024-09-05T16:27:25+00:00\",\"dateModified\":\"2024-09-05T16:36:00+00:00\",\"description\":\"Prada inaugura una l\u00ednea telef\u00f3nica \u00fanica, concebida por Miranda July, para conectar directamente con sus seguidores en un di\u00e1logo creativo.\",\"breadcrumb\":{\"@id\":\"https:\/\/graziamagazine.com\/mx\/articles\/prada-habla-una-linea-directa\/#breadcrumb\"},\"inLanguage\":\"es-MX\",\"potentialAction\":[{\"@type\":\"ReadAction\",\"target\":[\"https:\/\/graziamagazine.com\/mx\/articles\/prada-habla-una-linea-directa\/\"]}]},{\"@type\":\"BreadcrumbList\",\"@id\":\"https:\/\/graziamagazine.com\/mx\/articles\/prada-habla-una-linea-directa\/#breadcrumb\",\"itemListElement\":[{\"@type\":\"ListItem\",\"position\":1,\"name\":\"Home\",\"item\":\"https:\/\/graziamagazine.com\/mx\/\"},{\"@type\":\"ListItem\",\"position\":2,\"name\":\"Prada habla: una l\u00ednea directa\"}]},{\"@type\":\"WebSite\",\"@id\":\"https:\/\/graziamagazine.com\/mx\/#website\",\"url\":\"https:\/\/graziamagazine.com\/mx\/\",\"name\":\"Grazia M\u00e9xico y Latinoam\u00e9rica\",\"description\":\"Grazia es moda, belleza y noticias  de actualidad \",\"potentialAction\":[{\"@type\":\"SearchAction\",\"target\":{\"@type\":\"EntryPoint\",\"urlTemplate\":\"https:\/\/graziamagazine.com\/mx\/?s={search_term_string}\"},\"query-input\":\"required name=search_term_string\"}],\"inLanguage\":\"es-MX\"}]}<\/script>\n<!-- \/ Yoast SEO Premium plugin. -->","yoast_head_json":{"title":"Prada habla: una l\u00ednea directa","description":"Prada inaugura una l\u00ednea telef\u00f3nica \u00fanica, concebida por Miranda July, para conectar directamente con sus seguidores en un di\u00e1logo creativo.","robots":{"index":"index","follow":"follow","max-snippet":"max-snippet:-1","max-image-preview":"max-image-preview:large","max-video-preview":"max-video-preview:-1"},"canonical":"https:\/\/graziamagazine.com\/mx\/articles\/prada-habla-una-linea-directa\/","og_locale":"es_MX","og_type":"article","og_title":"Prada habla: una l\u00ednea directa","og_description":"Prada inaugura una l\u00ednea telef\u00f3nica \u00fanica, concebida por Miranda July, para conectar directamente con sus seguidores en un di\u00e1logo creativo.","og_url":"https:\/\/graziamagazine.com\/mx\/articles\/prada-habla-una-linea-directa\/","og_site_name":"Grazia M\u00e9xico y Latinoam\u00e9rica","article_modified_time":"2024-09-05T16:36:00+00:00","og_image":[{"width":1024,"height":802,"url":"https:\/\/graziamagazine.com\/mx\/wp-content\/uploads\/sites\/13\/2024\/09\/Captura-de-Pantalla-2024-09-05-a-las-10.30.12-e1725554022231-1024x802.png","type":"image\/png"}],"twitter_card":"summary_large_image","twitter_misc":{"Est. reading time":"2 minutos"},"schema":{"@context":"https:\/\/schema.org","@graph":[{"@type":"WebPage","@id":"https:\/\/graziamagazine.com\/mx\/articles\/prada-habla-una-linea-directa\/","url":"https:\/\/graziamagazine.com\/mx\/articles\/prada-habla-una-linea-directa\/","name":"Prada habla: una l\u00ednea directa","isPartOf":{"@id":"https:\/\/graziamagazine.com\/mx\/#website"},"datePublished":"2024-09-05T16:27:25+00:00","dateModified":"2024-09-05T16:36:00+00:00","description":"Prada inaugura una l\u00ednea telef\u00f3nica \u00fanica, concebida por Miranda July, para conectar directamente con sus seguidores en un di\u00e1logo creativo.","breadcrumb":{"@id":"https:\/\/graziamagazine.com\/mx\/articles\/prada-habla-una-linea-directa\/#breadcrumb"},"inLanguage":"es-MX","potentialAction":[{"@type":"ReadAction","target":["https:\/\/graziamagazine.com\/mx\/articles\/prada-habla-una-linea-directa\/"]}]},{"@type":"BreadcrumbList","@id":"https:\/\/graziamagazine.com\/mx\/articles\/prada-habla-una-linea-directa\/#breadcrumb","itemListElement":[{"@type":"ListItem","position":1,"name":"Home","item":"https:\/\/graziamagazine.com\/mx\/"},{"@type":"ListItem","position":2,"name":"Prada habla: una l\u00ednea directa"}]},{"@type":"WebSite","@id":"https:\/\/graziamagazine.com\/mx\/#website","url":"https:\/\/graziamagazine.com\/mx\/","name":"Grazia M\u00e9xico y Latinoam\u00e9rica","description":"Grazia es moda, belleza y noticias  de actualidad ","potentialAction":[{"@type":"SearchAction","target":{"@type":"EntryPoint","urlTemplate":"https:\/\/graziamagazine.com\/mx\/?s={search_term_string}"},"query-input":"required name=search_term_string"}],"inLanguage":"es-MX"}]}},"jetpack_sharing_enabled":true,"distributor_meta":false,"distributor_terms":false,"distributor_media":false,"distributor_original_site_name":"Grazia M\u00e9xico y Latinoam\u00e9rica","distributor_original_site_url":"https:\/\/graziamagazine.com\/mx","push-errors":false,"_links":{"self":[{"href":"https:\/\/graziamagazine.com\/mx\/wp-json\/wp\/v2\/articles\/140958"}],"collection":[{"href":"https:\/\/graziamagazine.com\/mx\/wp-json\/wp\/v2\/articles"}],"about":[{"href":"https:\/\/graziamagazine.com\/mx\/wp-json\/wp\/v2\/types\/articles"}],"author":[{"embeddable":true,"href":"https:\/\/graziamagazine.com\/mx\/wp-json\/wp\/v2\/users\/28953"}],"wp:featuredmedia":[{"embeddable":true,"href":"https:\/\/graziamagazine.com\/mx\/wp-json\/wp\/v2\/media\/140963"}],"wp:attachment":[{"href":"https:\/\/graziamagazine.com\/mx\/wp-json\/wp\/v2\/media?parent=140958"}],"wp:term":[{"taxonomy":"category","embeddable":true,"href":"https:\/\/graziamagazine.com\/mx\/wp-json\/wp\/v2\/categories?post=140958"}],"curies":[{"name":"wp","href":"https:\/\/api.w.org\/{rel}","templated":true}]}}