{"id":140865,"date":"2024-09-03T11:11:35","date_gmt":"2024-09-03T16:11:35","guid":{"rendered":"https:\/\/graziamagazine.com\/mx\/?post_type=articles&#038;p=140865"},"modified":"2024-09-03T11:16:15","modified_gmt":"2024-09-03T16:16:15","slug":"winona-ryder-habla-sobre-el-robo-que-puso-en-riesgo-su-carrera-hace-24-anos","status":"publish","type":"articles","link":"https:\/\/graziamagazine.com\/mx\/articles\/winona-ryder-habla-sobre-el-robo-que-puso-en-riesgo-su-carrera-hace-24-anos\/","title":{"rendered":"Winona Ryder habla sobre el robo que puso en riesgo su carrera hace 24 a\u00f1os"},"content":{"rendered":"<p><span style=\"font-weight: 400\">En una nueva entrevista, <strong>Winona Ryder<\/strong> habl\u00f3 de c\u00f3mo es que su <strong>arresto por robo hace 24 a\u00f1os<\/strong> cambi\u00f3 su vida, adem\u00e1s de haber confesado c\u00f3mo se sinti\u00f3 con el trato que la prensa le dio.<\/span><\/p>\n<p><span style=\"font-weight: 400\">La actriz dijo a <em>Esquire<\/em>, que &#8220;se alej\u00f3&#8221; de Hollywood y de la industria del entretenimiento despu\u00e9s de su arresto por robo en una tienda en diciembre de 2001 y la ola de prensa negativa que le sigui\u00f3.<\/span><\/p>\n<p><span style=\"font-weight: 400\">La actriz de <em><strong>Stranger Things<\/strong><\/em> fue acusada y arrestada por robar ropa con un valor de <strong>5,500 d\u00f3lares de la tienda Saks Fifth Avenue<\/strong> en Beverly Hills, por lo que fue condenada a tres a\u00f1os de libertad condicional.<\/span><\/p>\n<p><span style=\"font-weight: 400\">Winona dijo que sus problemas legales &#8220;definitivamente tuvieron un efecto enorme&#8221; en su carrera, una sorpresa para la actriz en ese momento, quien le dijo a la publicaci\u00f3n que pensaba que las cosas &#8220;estar\u00edan bien&#8221;.<\/span><\/p>\n<p><span style=\"font-weight: 400\">\u201cSegu\u00eda pensando, \u2018Oh, est\u00e1 bien, esto es solo papeleo\u2019\u201d, dijo. \u201cY yo estaba como: \u2018Ok\u2019. Estaba tan confundida. Solo recuerdo que me dijeron que ir\u00eda a prisi\u00f3n. Yo estaba como, \u2018\u00bfEh? \u00bfDe qu\u00e9 est\u00e1s hablando?\u2019\u201d.<\/span><\/p>\n<p><span style=\"font-weight: 400\">Adem\u00e1s de tener miedo por la posibilidad de ir a la c\u00e1rcel, Winona continu\u00f3 diciendo que tambi\u00e9n estaba \u201crealmente asustada\u201d por la forma en que los medios estaban cubriendo a las celebridades femeninas j\u00f3venes.<\/span><\/p>\n<p><span style=\"font-weight: 400\">\u201cSent\u00ed que hab\u00eda un cambio en la industria y la cultura sobre lo que se volv\u00eda aceptable y lo que se volv\u00eda recompensado\u201d, explic\u00f3.<\/span><\/p>\n<p><span style=\"font-weight: 400\">\u201cHubo un per\u00edodo en el que no estaba informada. Fueron como 10, 12, 15 a\u00f1os, y coincidi\u00f3 con todo lo que sucedi\u00f3, pero tambi\u00e9n, si miras el per\u00edodo de 2000 a 2010: \u00a1Wow! Fue la \u00e9poca m\u00e1s degradante para ser mujer&#8221;, agreg\u00f3.<\/span><\/p>\n<p><span style=\"font-weight: 400\">En una entrevista anterior de 2016, la actriz habl\u00f3 sobre su decisi\u00f3n de<strong> &#8220;desconectarse&#8221; de Hollywood y por qu\u00e9 el descanso fue realmente beneficioso<\/strong>, especialmente para su salud mental.<\/span><\/p>\n<p><span style=\"font-weight: 400\">&#8220;Psicol\u00f3gicamente, debo haber estado en un lugar en el que solo quer\u00eda parar. No entrar\u00e9 en detalles sobre lo que sucedi\u00f3, pero no fue lo que la gente piensa. \u00a1Y no fue como el crimen del siglo! Pero me permiti\u00f3 tener el tiempo que realmente necesitaba, donde volv\u00ed a San Francisco y volv\u00ed a hacer cosas que&#8230; simplemente ten\u00eda otros intereses, francamente&#8221;, dijo.<\/span><\/p>\n<p><span style=\"font-weight: 400\">Tambi\u00e9n, en otra entrevista en 2013, Winona Ryder dijo que &#8220;de alguna manera extra\u00f1a, fue casi lo mejor que me pudo haber pasado&#8221;.<\/span><\/p>\n<p><span style=\"font-weight: 400\">&#8220;Nunca antes me hab\u00eda preguntado: &#8216;\u00bfEst\u00e1 bien si no voy a actuar?. \u00bfHay algo m\u00e1s?&#8217; Porque eso era todo lo que realmente sab\u00eda&#8230; Era como si estuvieras bajo una extra\u00f1a amenaza todo el tiempo, lo que se sent\u00eda como mucha presi\u00f3n. Y todo lo que escuchabas era: &#8216;Si te tomas un descanso, no puedes volver&#8217;. Eso te lo inculcaban&#8221;.<\/span><\/p>\n","protected":false},"author":11628,"featured_media":140866,"template":"","format":"standard","categories":[2],"acf":[],"yoast_head":"<!-- This site is optimized with the Yoast SEO Premium plugin v18.5 (Yoast SEO v20.4) - https:\/\/yoast.com\/wordpress\/plugins\/seo\/ -->\n<title>Winona Ryder habla sobre el robo que puso en riesgo su carrera hace 24 a\u00f1os | Grazia M\u00e9xico y Latinoam\u00e9rica<\/title>\n<meta name=\"description\" content=\"En una nueva entrevista, Winona Ryder habl\u00f3 de c\u00f3mo es que su arresto por robo hace 24 a\u00f1os cambi\u00f3 su vida, adem\u00e1s de haber confesado c\u00f3mo se sinti\u00f3 con\" \/>\n<meta name=\"robots\" content=\"index, follow, max-snippet:-1, max-image-preview:large, max-video-preview:-1\" \/>\n<link rel=\"canonical\" href=\"https:\/\/graziamagazine.com\/mx\/articles\/winona-ryder-habla-sobre-el-robo-que-puso-en-riesgo-su-carrera-hace-24-anos\/\" \/>\n<meta property=\"og:locale\" content=\"es_MX\" \/>\n<meta property=\"og:type\" content=\"article\" \/>\n<meta property=\"og:title\" content=\"Winona Ryder habla sobre el robo que puso en riesgo su carrera hace 24 a\u00f1os\" \/>\n<meta property=\"og:description\" content=\"En una nueva entrevista, Winona Ryder habl\u00f3 de c\u00f3mo es que su arresto por robo hace 24 a\u00f1os cambi\u00f3 su vida, adem\u00e1s de haber confesado c\u00f3mo se sinti\u00f3 con\" \/>\n<meta property=\"og:url\" content=\"https:\/\/graziamagazine.com\/mx\/articles\/winona-ryder-habla-sobre-el-robo-que-puso-en-riesgo-su-carrera-hace-24-anos\/\" \/>\n<meta property=\"og:site_name\" content=\"Grazia M\u00e9xico y Latinoam\u00e9rica\" \/>\n<meta property=\"article:modified_time\" content=\"2024-09-03T16:16:15+00:00\" \/>\n<meta property=\"og:image\" content=\"https:\/\/graziamagazine.com\/mx\/wp-content\/uploads\/sites\/13\/2024\/09\/Captura-de-Pantalla-2024-09-03-a-las-10.15.11.png\" \/>\n\t<meta property=\"og:image:width\" content=\"341\" \/>\n\t<meta property=\"og:image:height\" content=\"204\" \/>\n\t<meta property=\"og:image:type\" content=\"image\/png\" \/>\n<meta name=\"twitter:card\" content=\"summary_large_image\" \/>\n<meta name=\"twitter:label1\" content=\"Est. reading time\" \/>\n\t<meta name=\"twitter:data1\" content=\"3 minutos\" \/>\n<script type=\"application\/ld+json\" class=\"yoast-schema-graph\">{\"@context\":\"https:\/\/schema.org\",\"@graph\":[{\"@type\":\"WebPage\",\"@id\":\"https:\/\/graziamagazine.com\/mx\/articles\/winona-ryder-habla-sobre-el-robo-que-puso-en-riesgo-su-carrera-hace-24-anos\/\",\"url\":\"https:\/\/graziamagazine.com\/mx\/articles\/winona-ryder-habla-sobre-el-robo-que-puso-en-riesgo-su-carrera-hace-24-anos\/\",\"name\":\"Winona Ryder habla sobre el robo que puso en riesgo su carrera hace 24 a\u00f1os | Grazia M\u00e9xico y Latinoam\u00e9rica\",\"isPartOf\":{\"@id\":\"https:\/\/graziamagazine.com\/mx\/#website\"},\"datePublished\":\"2024-09-03T16:11:35+00:00\",\"dateModified\":\"2024-09-03T16:16:15+00:00\",\"description\":\"En una nueva entrevista, Winona Ryder habl\u00f3 de c\u00f3mo es que su arresto por robo hace 24 a\u00f1os cambi\u00f3 su vida, adem\u00e1s de haber confesado c\u00f3mo se sinti\u00f3 con\",\"breadcrumb\":{\"@id\":\"https:\/\/graziamagazine.com\/mx\/articles\/winona-ryder-habla-sobre-el-robo-que-puso-en-riesgo-su-carrera-hace-24-anos\/#breadcrumb\"},\"inLanguage\":\"es-MX\",\"potentialAction\":[{\"@type\":\"ReadAction\",\"target\":[\"https:\/\/graziamagazine.com\/mx\/articles\/winona-ryder-habla-sobre-el-robo-que-puso-en-riesgo-su-carrera-hace-24-anos\/\"]}]},{\"@type\":\"BreadcrumbList\",\"@id\":\"https:\/\/graziamagazine.com\/mx\/articles\/winona-ryder-habla-sobre-el-robo-que-puso-en-riesgo-su-carrera-hace-24-anos\/#breadcrumb\",\"itemListElement\":[{\"@type\":\"ListItem\",\"position\":1,\"name\":\"Home\",\"item\":\"https:\/\/graziamagazine.com\/mx\/\"},{\"@type\":\"ListItem\",\"position\":2,\"name\":\"Winona Ryder habla sobre el robo que puso en riesgo su carrera hace 24 a\u00f1os\"}]},{\"@type\":\"WebSite\",\"@id\":\"https:\/\/graziamagazine.com\/mx\/#website\",\"url\":\"https:\/\/graziamagazine.com\/mx\/\",\"name\":\"Grazia M\u00e9xico y Latinoam\u00e9rica\",\"description\":\"Grazia es moda, belleza y noticias  de actualidad \",\"potentialAction\":[{\"@type\":\"SearchAction\",\"target\":{\"@type\":\"EntryPoint\",\"urlTemplate\":\"https:\/\/graziamagazine.com\/mx\/?s={search_term_string}\"},\"query-input\":\"required name=search_term_string\"}],\"inLanguage\":\"es-MX\"}]}<\/script>\n<!-- \/ Yoast SEO Premium plugin. -->","yoast_head_json":{"title":"Winona Ryder habla sobre el robo que puso en riesgo su carrera hace 24 a\u00f1os | Grazia M\u00e9xico y Latinoam\u00e9rica","description":"En una nueva entrevista, Winona Ryder habl\u00f3 de c\u00f3mo es que su arresto por robo hace 24 a\u00f1os cambi\u00f3 su vida, adem\u00e1s de haber confesado c\u00f3mo se sinti\u00f3 con","robots":{"index":"index","follow":"follow","max-snippet":"max-snippet:-1","max-image-preview":"max-image-preview:large","max-video-preview":"max-video-preview:-1"},"canonical":"https:\/\/graziamagazine.com\/mx\/articles\/winona-ryder-habla-sobre-el-robo-que-puso-en-riesgo-su-carrera-hace-24-anos\/","og_locale":"es_MX","og_type":"article","og_title":"Winona Ryder habla sobre el robo que puso en riesgo su carrera hace 24 a\u00f1os","og_description":"En una nueva entrevista, Winona Ryder habl\u00f3 de c\u00f3mo es que su arresto por robo hace 24 a\u00f1os cambi\u00f3 su vida, adem\u00e1s de haber confesado c\u00f3mo se sinti\u00f3 con","og_url":"https:\/\/graziamagazine.com\/mx\/articles\/winona-ryder-habla-sobre-el-robo-que-puso-en-riesgo-su-carrera-hace-24-anos\/","og_site_name":"Grazia M\u00e9xico y Latinoam\u00e9rica","article_modified_time":"2024-09-03T16:16:15+00:00","og_image":[{"width":341,"height":204,"url":"https:\/\/graziamagazine.com\/mx\/wp-content\/uploads\/sites\/13\/2024\/09\/Captura-de-Pantalla-2024-09-03-a-las-10.15.11.png","type":"image\/png"}],"twitter_card":"summary_large_image","twitter_misc":{"Est. reading time":"3 minutos"},"schema":{"@context":"https:\/\/schema.org","@graph":[{"@type":"WebPage","@id":"https:\/\/graziamagazine.com\/mx\/articles\/winona-ryder-habla-sobre-el-robo-que-puso-en-riesgo-su-carrera-hace-24-anos\/","url":"https:\/\/graziamagazine.com\/mx\/articles\/winona-ryder-habla-sobre-el-robo-que-puso-en-riesgo-su-carrera-hace-24-anos\/","name":"Winona Ryder habla sobre el robo que puso en riesgo su carrera hace 24 a\u00f1os | Grazia M\u00e9xico y Latinoam\u00e9rica","isPartOf":{"@id":"https:\/\/graziamagazine.com\/mx\/#website"},"datePublished":"2024-09-03T16:11:35+00:00","dateModified":"2024-09-03T16:16:15+00:00","description":"En una nueva entrevista, Winona Ryder habl\u00f3 de c\u00f3mo es que su arresto por robo hace 24 a\u00f1os cambi\u00f3 su vida, adem\u00e1s de haber confesado c\u00f3mo se sinti\u00f3 con","breadcrumb":{"@id":"https:\/\/graziamagazine.com\/mx\/articles\/winona-ryder-habla-sobre-el-robo-que-puso-en-riesgo-su-carrera-hace-24-anos\/#breadcrumb"},"inLanguage":"es-MX","potentialAction":[{"@type":"ReadAction","target":["https:\/\/graziamagazine.com\/mx\/articles\/winona-ryder-habla-sobre-el-robo-que-puso-en-riesgo-su-carrera-hace-24-anos\/"]}]},{"@type":"BreadcrumbList","@id":"https:\/\/graziamagazine.com\/mx\/articles\/winona-ryder-habla-sobre-el-robo-que-puso-en-riesgo-su-carrera-hace-24-anos\/#breadcrumb","itemListElement":[{"@type":"ListItem","position":1,"name":"Home","item":"https:\/\/graziamagazine.com\/mx\/"},{"@type":"ListItem","position":2,"name":"Winona Ryder habla sobre el robo que puso en riesgo su carrera hace 24 a\u00f1os"}]},{"@type":"WebSite","@id":"https:\/\/graziamagazine.com\/mx\/#website","url":"https:\/\/graziamagazine.com\/mx\/","name":"Grazia M\u00e9xico y Latinoam\u00e9rica","description":"Grazia es moda, belleza y noticias  de actualidad ","potentialAction":[{"@type":"SearchAction","target":{"@type":"EntryPoint","urlTemplate":"https:\/\/graziamagazine.com\/mx\/?s={search_term_string}"},"query-input":"required name=search_term_string"}],"inLanguage":"es-MX"}]}},"jetpack_sharing_enabled":true,"distributor_meta":false,"distributor_terms":false,"distributor_media":false,"distributor_original_site_name":"Grazia M\u00e9xico y Latinoam\u00e9rica","distributor_original_site_url":"https:\/\/graziamagazine.com\/mx","push-errors":false,"_links":{"self":[{"href":"https:\/\/graziamagazine.com\/mx\/wp-json\/wp\/v2\/articles\/140865"}],"collection":[{"href":"https:\/\/graziamagazine.com\/mx\/wp-json\/wp\/v2\/articles"}],"about":[{"href":"https:\/\/graziamagazine.com\/mx\/wp-json\/wp\/v2\/types\/articles"}],"author":[{"embeddable":true,"href":"https:\/\/graziamagazine.com\/mx\/wp-json\/wp\/v2\/users\/11628"}],"wp:featuredmedia":[{"embeddable":true,"href":"https:\/\/graziamagazine.com\/mx\/wp-json\/wp\/v2\/media\/140866"}],"wp:attachment":[{"href":"https:\/\/graziamagazine.com\/mx\/wp-json\/wp\/v2\/media?parent=140865"}],"wp:term":[{"taxonomy":"category","embeddable":true,"href":"https:\/\/graziamagazine.com\/mx\/wp-json\/wp\/v2\/categories?post=140865"}],"curies":[{"name":"wp","href":"https:\/\/api.w.org\/{rel}","templated":true}]}}