{"id":140847,"date":"2024-09-02T15:49:30","date_gmt":"2024-09-02T20:49:30","guid":{"rendered":"https:\/\/graziamagazine.com\/mx\/?post_type=articles&#038;p=140847"},"modified":"2024-09-02T15:51:56","modified_gmt":"2024-09-02T20:51:56","slug":"descubre-las-exposiciones-imperdibles-de-otono-en-la-ciudad-de-mexico","status":"publish","type":"articles","link":"https:\/\/graziamagazine.com\/mx\/articles\/descubre-las-exposiciones-imperdibles-de-otono-en-la-ciudad-de-mexico\/","title":{"rendered":"Descubre las exposiciones imperdibles de oto\u00f1o en la Ciudad de M\u00e9xico"},"content":{"rendered":"<p><span style=\"font-weight: 400\">Con el <strong>oto\u00f1o<\/strong> tocando a la puerta y la <strong>Ciudad de M\u00e9xico<\/strong> ba\u00f1ada en los colores c\u00e1lidos de la temporada, es el momento perfecto para explorar las hermosas exposiciones que la ciudad tiene para ofrecer.\u00a0<\/span><\/p>\n<p><span style=\"font-weight: 400\">Desde <strong>arte contempor\u00e1neo hasta moda<\/strong>, estas exhibiciones prometen deleitar a los sentidos y ofrecer un respiro cultural en medio del ajetreo diario. As\u00ed que prepara tu agenda y marca estas fechas, porque no querr\u00e1s perderte lo que el oto\u00f1o tiene preparado para ti en la <strong>CDMX.<\/strong><\/span><\/p>\n<ol>\n<li><strong> Expo de Leonora Carrington<\/strong><\/li>\n<\/ol>\n<p><span style=\"font-weight: 400\">En la Galer\u00eda Metropolitana encontrar\u00e1s \u201cLa Ac\u00fastica de Leonora Carrington. Arte, escritura y feminismos\u201d, una exposici\u00f3n gratuita que concentra grabados in\u00e9ditos, esculturas, fotograf\u00edas, postales, libros y otras piezas de la artista.\u00a0<\/span><\/p>\n<p><span style=\"font-weight: 400\">Hasta el 22 de noviembre.<\/span><\/p>\n<ol start=\"2\">\n<li><strong> Nahuales Sagrados<\/strong><\/li>\n<\/ol>\n<p><span style=\"font-weight: 400\">El Museo Nacional de Antropolog\u00eda alberga \u201cNahuales Sagrados\u201d, una muestra de 22 im\u00e1genes realizadas por el artista Filogonio Nax\u00edn, quien utiliz\u00f3 tinturas naturales como grana cochinilla u holl\u00edn.\u00a0<\/span><\/p>\n<p><span style=\"font-weight: 400\">Hasta el 20 de octubre.<\/span><\/p>\n<ol start=\"3\">\n<li><strong> Van Gogh: The Immersive Experience<\/strong><\/li>\n<\/ol>\n<p><span style=\"font-weight: 400\">La experiencia inmersiva de Van Gogh regresa a la Ciudad de M\u00e9xico para que disfrutes las pinturas emblem\u00e1ticas de este artista.\u00a0<\/span><\/p>\n<p><span style=\"font-weight: 400\">Disfruta del recorrido virtual hasta el 15 de septiembre.<\/span><\/p>\n<ol start=\"4\">\n<li><strong> Palacio Postal<\/strong><\/li>\n<\/ol>\n<p><span style=\"font-weight: 400\">Visita el Palacio Postal del Centro Hist\u00f3rico, uno de los recintos m\u00e1s bonitos y llenos de historia de la ciudad.\u00a0<\/span><\/p>\n<p><span style=\"font-weight: 400\">Agenda tu visita en el horario que m\u00e1s te convenga de lunes a s\u00e1bado.<\/span><\/p>\n<ol start=\"5\">\n<li><strong> El \u00e1rbol<\/strong><\/li>\n<\/ol>\n<p><span style=\"font-weight: 400\">El Museo de Arte Popular alberga \u201cEl \u00e1rbol\u201d, una muestra donde reflexionar\u00e1s sobre la importancia de proteger los bosques y ecosistemas del planeta.\u00a0<\/span><\/p>\n<p><span style=\"font-weight: 400\">Hasta el 8 de septiembre.<\/span><\/p>\n<ol start=\"6\">\n<li><strong> Manuel Ahumada. Del espacio exterior al circuito interior<\/strong><\/li>\n<\/ol>\n<p><span style=\"font-weight: 400\">Para conmemorar el trabajo del ilustrador Manuel Ahumada se hizo una recopilaci\u00f3n de sus mejores obras y \u00a1te sentir\u00e1s en el espacio exterior!<\/span><\/p>\n<p><span style=\"font-weight: 400\">Hasta el 30 de septiembre.<\/span><\/p>\n<ol start=\"7\">\n<li><strong> Alebrijes monumentales<\/strong><\/li>\n<\/ol>\n<p><span style=\"font-weight: 400\">Paseo de la Reforma se pintar\u00e1 de cientos de colores con los alebrijes gigantes hechos por artesanos de M\u00e9xico. Luego del tradicional desfile organizado por el MAP, las piezas se quedar\u00e1n en esta avenida para que puedas verlas con detalle.<\/span><\/p>\n<ol start=\"8\">\n<li><strong> Tiburones<\/strong><\/li>\n<\/ol>\n<p><span style=\"font-weight: 400\">En el Museo de Historia Natural encontrar\u00e1s una nueva muestra dedicada a la vida marina, en espec\u00edfico, a los tiburones.\u00a0<\/span><\/p>\n<p><span style=\"font-weight: 400\">Hasta el 10 de noviembre.<\/span><\/p>\n","protected":false},"author":11628,"featured_media":102849,"template":"","format":"standard","categories":[12517],"acf":[],"yoast_head":"<!-- This site is optimized with the Yoast SEO Premium plugin v18.5 (Yoast SEO v20.4) - https:\/\/yoast.com\/wordpress\/plugins\/seo\/ -->\n<title>Descubre las exposiciones imperdibles de oto\u00f1o en la Ciudad de M\u00e9xico | Grazia M\u00e9xico y Latinoam\u00e9rica<\/title>\n<meta name=\"description\" content=\"Con el oto\u00f1o tocando a la puerta y la Ciudad de M\u00e9xico ba\u00f1ada en los colores c\u00e1lidos de la temporada, es el momento perfecto para explorar las hermosas\" \/>\n<meta name=\"robots\" content=\"index, follow, max-snippet:-1, max-image-preview:large, max-video-preview:-1\" \/>\n<link rel=\"canonical\" href=\"https:\/\/graziamagazine.com\/mx\/articles\/descubre-las-exposiciones-imperdibles-de-otono-en-la-ciudad-de-mexico\/\" \/>\n<meta property=\"og:locale\" content=\"es_MX\" \/>\n<meta property=\"og:type\" content=\"article\" \/>\n<meta property=\"og:title\" content=\"Descubre las exposiciones imperdibles de oto\u00f1o en la Ciudad de M\u00e9xico\" \/>\n<meta property=\"og:description\" content=\"Con el oto\u00f1o tocando a la puerta y la Ciudad de M\u00e9xico ba\u00f1ada en los colores c\u00e1lidos de la temporada, es el momento perfecto para explorar las hermosas\" \/>\n<meta property=\"og:url\" content=\"https:\/\/graziamagazine.com\/mx\/articles\/descubre-las-exposiciones-imperdibles-de-otono-en-la-ciudad-de-mexico\/\" \/>\n<meta property=\"og:site_name\" content=\"Grazia M\u00e9xico y Latinoam\u00e9rica\" \/>\n<meta property=\"article:modified_time\" content=\"2024-09-02T20:51:56+00:00\" \/>\n<meta property=\"og:image\" content=\"https:\/\/graziamagazine.com\/mx\/wp-content\/uploads\/sites\/13\/2021\/10\/MG_2525-2-HDR.jpg\" \/>\n\t<meta property=\"og:image:width\" content=\"1024\" \/>\n\t<meta property=\"og:image:height\" content=\"683\" \/>\n\t<meta property=\"og:image:type\" content=\"image\/jpeg\" \/>\n<meta name=\"twitter:card\" content=\"summary_large_image\" \/>\n<meta name=\"twitter:label1\" content=\"Est. reading time\" \/>\n\t<meta name=\"twitter:data1\" content=\"2 minutos\" \/>\n<script type=\"application\/ld+json\" class=\"yoast-schema-graph\">{\"@context\":\"https:\/\/schema.org\",\"@graph\":[{\"@type\":\"WebPage\",\"@id\":\"https:\/\/graziamagazine.com\/mx\/articles\/descubre-las-exposiciones-imperdibles-de-otono-en-la-ciudad-de-mexico\/\",\"url\":\"https:\/\/graziamagazine.com\/mx\/articles\/descubre-las-exposiciones-imperdibles-de-otono-en-la-ciudad-de-mexico\/\",\"name\":\"Descubre las exposiciones imperdibles de oto\u00f1o en la Ciudad de M\u00e9xico | Grazia M\u00e9xico y Latinoam\u00e9rica\",\"isPartOf\":{\"@id\":\"https:\/\/graziamagazine.com\/mx\/#website\"},\"datePublished\":\"2024-09-02T20:49:30+00:00\",\"dateModified\":\"2024-09-02T20:51:56+00:00\",\"description\":\"Con el oto\u00f1o tocando a la puerta y la Ciudad de M\u00e9xico ba\u00f1ada en los colores c\u00e1lidos de la temporada, es el momento perfecto para explorar las hermosas\",\"breadcrumb\":{\"@id\":\"https:\/\/graziamagazine.com\/mx\/articles\/descubre-las-exposiciones-imperdibles-de-otono-en-la-ciudad-de-mexico\/#breadcrumb\"},\"inLanguage\":\"es-MX\",\"potentialAction\":[{\"@type\":\"ReadAction\",\"target\":[\"https:\/\/graziamagazine.com\/mx\/articles\/descubre-las-exposiciones-imperdibles-de-otono-en-la-ciudad-de-mexico\/\"]}]},{\"@type\":\"BreadcrumbList\",\"@id\":\"https:\/\/graziamagazine.com\/mx\/articles\/descubre-las-exposiciones-imperdibles-de-otono-en-la-ciudad-de-mexico\/#breadcrumb\",\"itemListElement\":[{\"@type\":\"ListItem\",\"position\":1,\"name\":\"Home\",\"item\":\"https:\/\/graziamagazine.com\/mx\/\"},{\"@type\":\"ListItem\",\"position\":2,\"name\":\"Descubre las exposiciones imperdibles de oto\u00f1o en la Ciudad de M\u00e9xico\"}]},{\"@type\":\"WebSite\",\"@id\":\"https:\/\/graziamagazine.com\/mx\/#website\",\"url\":\"https:\/\/graziamagazine.com\/mx\/\",\"name\":\"Grazia M\u00e9xico y Latinoam\u00e9rica\",\"description\":\"Grazia es moda, belleza y noticias  de actualidad \",\"potentialAction\":[{\"@type\":\"SearchAction\",\"target\":{\"@type\":\"EntryPoint\",\"urlTemplate\":\"https:\/\/graziamagazine.com\/mx\/?s={search_term_string}\"},\"query-input\":\"required name=search_term_string\"}],\"inLanguage\":\"es-MX\"}]}<\/script>\n<!-- \/ Yoast SEO Premium plugin. -->","yoast_head_json":{"title":"Descubre las exposiciones imperdibles de oto\u00f1o en la Ciudad de M\u00e9xico | Grazia M\u00e9xico y Latinoam\u00e9rica","description":"Con el oto\u00f1o tocando a la puerta y la Ciudad de M\u00e9xico ba\u00f1ada en los colores c\u00e1lidos de la temporada, es el momento perfecto para explorar las hermosas","robots":{"index":"index","follow":"follow","max-snippet":"max-snippet:-1","max-image-preview":"max-image-preview:large","max-video-preview":"max-video-preview:-1"},"canonical":"https:\/\/graziamagazine.com\/mx\/articles\/descubre-las-exposiciones-imperdibles-de-otono-en-la-ciudad-de-mexico\/","og_locale":"es_MX","og_type":"article","og_title":"Descubre las exposiciones imperdibles de oto\u00f1o en la Ciudad de M\u00e9xico","og_description":"Con el oto\u00f1o tocando a la puerta y la Ciudad de M\u00e9xico ba\u00f1ada en los colores c\u00e1lidos de la temporada, es el momento perfecto para explorar las hermosas","og_url":"https:\/\/graziamagazine.com\/mx\/articles\/descubre-las-exposiciones-imperdibles-de-otono-en-la-ciudad-de-mexico\/","og_site_name":"Grazia M\u00e9xico y Latinoam\u00e9rica","article_modified_time":"2024-09-02T20:51:56+00:00","og_image":[{"url":"https:\/\/graziamagazine.com\/mx\/wp-content\/uploads\/sites\/13\/2021\/10\/MG_2525-2-HDR.jpg","width":1024,"height":683,"type":"image\/jpeg"}],"twitter_card":"summary_large_image","twitter_misc":{"Est. reading time":"2 minutos"},"schema":{"@context":"https:\/\/schema.org","@graph":[{"@type":"WebPage","@id":"https:\/\/graziamagazine.com\/mx\/articles\/descubre-las-exposiciones-imperdibles-de-otono-en-la-ciudad-de-mexico\/","url":"https:\/\/graziamagazine.com\/mx\/articles\/descubre-las-exposiciones-imperdibles-de-otono-en-la-ciudad-de-mexico\/","name":"Descubre las exposiciones imperdibles de oto\u00f1o en la Ciudad de M\u00e9xico | Grazia M\u00e9xico y Latinoam\u00e9rica","isPartOf":{"@id":"https:\/\/graziamagazine.com\/mx\/#website"},"datePublished":"2024-09-02T20:49:30+00:00","dateModified":"2024-09-02T20:51:56+00:00","description":"Con el oto\u00f1o tocando a la puerta y la Ciudad de M\u00e9xico ba\u00f1ada en los colores c\u00e1lidos de la temporada, es el momento perfecto para explorar las hermosas","breadcrumb":{"@id":"https:\/\/graziamagazine.com\/mx\/articles\/descubre-las-exposiciones-imperdibles-de-otono-en-la-ciudad-de-mexico\/#breadcrumb"},"inLanguage":"es-MX","potentialAction":[{"@type":"ReadAction","target":["https:\/\/graziamagazine.com\/mx\/articles\/descubre-las-exposiciones-imperdibles-de-otono-en-la-ciudad-de-mexico\/"]}]},{"@type":"BreadcrumbList","@id":"https:\/\/graziamagazine.com\/mx\/articles\/descubre-las-exposiciones-imperdibles-de-otono-en-la-ciudad-de-mexico\/#breadcrumb","itemListElement":[{"@type":"ListItem","position":1,"name":"Home","item":"https:\/\/graziamagazine.com\/mx\/"},{"@type":"ListItem","position":2,"name":"Descubre las exposiciones imperdibles de oto\u00f1o en la Ciudad de M\u00e9xico"}]},{"@type":"WebSite","@id":"https:\/\/graziamagazine.com\/mx\/#website","url":"https:\/\/graziamagazine.com\/mx\/","name":"Grazia M\u00e9xico y Latinoam\u00e9rica","description":"Grazia es moda, belleza y noticias  de actualidad ","potentialAction":[{"@type":"SearchAction","target":{"@type":"EntryPoint","urlTemplate":"https:\/\/graziamagazine.com\/mx\/?s={search_term_string}"},"query-input":"required name=search_term_string"}],"inLanguage":"es-MX"}]}},"jetpack_sharing_enabled":true,"distributor_meta":false,"distributor_terms":false,"distributor_media":false,"distributor_original_site_name":"Grazia M\u00e9xico y Latinoam\u00e9rica","distributor_original_site_url":"https:\/\/graziamagazine.com\/mx","push-errors":false,"_links":{"self":[{"href":"https:\/\/graziamagazine.com\/mx\/wp-json\/wp\/v2\/articles\/140847"}],"collection":[{"href":"https:\/\/graziamagazine.com\/mx\/wp-json\/wp\/v2\/articles"}],"about":[{"href":"https:\/\/graziamagazine.com\/mx\/wp-json\/wp\/v2\/types\/articles"}],"author":[{"embeddable":true,"href":"https:\/\/graziamagazine.com\/mx\/wp-json\/wp\/v2\/users\/11628"}],"wp:featuredmedia":[{"embeddable":true,"href":"https:\/\/graziamagazine.com\/mx\/wp-json\/wp\/v2\/media\/102849"}],"wp:attachment":[{"href":"https:\/\/graziamagazine.com\/mx\/wp-json\/wp\/v2\/media?parent=140847"}],"wp:term":[{"taxonomy":"category","embeddable":true,"href":"https:\/\/graziamagazine.com\/mx\/wp-json\/wp\/v2\/categories?post=140847"}],"curies":[{"name":"wp","href":"https:\/\/api.w.org\/{rel}","templated":true}]}}