{"id":140752,"date":"2024-08-30T00:12:06","date_gmt":"2024-08-30T05:12:06","guid":{"rendered":"https:\/\/graziamagazine.com\/mx\/?post_type=articles&#038;p=140752"},"modified":"2024-08-30T00:27:10","modified_gmt":"2024-08-30T05:27:10","slug":"ruptura-grave-harry-william-evitan-funeral-tio","status":"publish","type":"articles","link":"https:\/\/graziamagazine.com\/mx\/articles\/ruptura-grave-harry-william-evitan-funeral-tio\/","title":{"rendered":"Ruptura grave: Harry y William se evitan en el funeral de su t\u00edo"},"content":{"rendered":"<p>Aunque algunos medios hab\u00edan reportado que <strong>Harry<\/strong> no asistir\u00eda al <strong>servicio f\u00fanebre<\/strong> de su t\u00edo <strong>Lord Robert Fellowes<\/strong> por sus preocupaciones de seguridad en el <strong>Reino Unido<\/strong>, el pr\u00edncipe s\u00ed asisti\u00f3. Tambi\u00e9n <strong>William<\/strong> estuvo ah\u00ed, sin embargo, ambos se evitaron durante el funeral.<\/p>\n<p>Al parecer, la ruptura entre los hermanos es grave, debido a que no han logrado calmar las tensiones que existen entre ellos desde que Harry y su esposa Meghan decidieron renunciar a sus deberes reales en el 2020.<\/p>\n<p>El servicio fue en la iglesia de St. Mary en <strong>Snettisham<\/strong>, <strong>Norfolk<\/strong>, el mi\u00e9rcoles 28 de agosto, seg\u00fan reportaron medios ingleses.<\/p>\n<figure id=\"attachment_140756\" aria-describedby=\"caption-attachment-140756\" style=\"width: 450px\" class=\"wp-caption alignnone\"><img loading=\"lazy\" decoding=\"async\" class=\"size-medium wp-image-140756\" src=\"https:\/\/graziamagazine.com\/mx\/wp-content\/uploads\/sites\/13\/2024\/08\/Captura-de-Pantalla-2024-08-29-a-las-23.21.04-450x234.png\" alt=\"\" width=\"450\" height=\"234\" srcset=\"https:\/\/graziamagazine.com\/mx\/wp-content\/uploads\/sites\/13\/2024\/08\/Captura-de-Pantalla-2024-08-29-a-las-23.21.04-450x234.png 450w, https:\/\/graziamagazine.com\/mx\/wp-content\/uploads\/sites\/13\/2024\/08\/Captura-de-Pantalla-2024-08-29-a-las-23.21.04-1024x533.png 1024w, https:\/\/graziamagazine.com\/mx\/wp-content\/uploads\/sites\/13\/2024\/08\/Captura-de-Pantalla-2024-08-29-a-las-23.21.04-768x400.png 768w, https:\/\/graziamagazine.com\/mx\/wp-content\/uploads\/sites\/13\/2024\/08\/Captura-de-Pantalla-2024-08-29-a-las-23.21.04-400x208.png 400w, https:\/\/graziamagazine.com\/mx\/wp-content\/uploads\/sites\/13\/2024\/08\/Captura-de-Pantalla-2024-08-29-a-las-23.21.04-155x81.png 155w, https:\/\/graziamagazine.com\/mx\/wp-content\/uploads\/sites\/13\/2024\/08\/Captura-de-Pantalla-2024-08-29-a-las-23.21.04.png 1272w\" sizes=\"(max-width: 450px) 100vw, 450px\" \/><figcaption id=\"caption-attachment-140756\" class=\"wp-caption-text\">Getty<\/figcaption><\/figure>\n<p>La prensa brit\u00e1nica adem\u00e1s report\u00f3 que era probable que Harry no asistiera al funeral de su t\u00edo. Un amigo de la familia dijo que estaban &#8220;muy contentos de confirmar que ambos pr\u00edncipes estaban all\u00ed&#8221;, seg\u00fan el peri\u00f3dico <em><strong>The Sun<\/strong><\/em>.<\/p>\n<p>El medio agreg\u00f3 que ambos llegaron discretamente al lugar, se sentaron en la parte de atr\u00e1s, pero se evitaron mientras estaban en el lugar.<\/p>\n<p>&#8220;William y Harry estaban all\u00ed, pero nunca los vimos hablar entre s\u00ed y estaban manteniendo la distancia&#8221;, dijo otra persona que asisti\u00f3 al funeral al peri\u00f3dico.<\/p>\n<figure id=\"attachment_140755\" aria-describedby=\"caption-attachment-140755\" style=\"width: 450px\" class=\"wp-caption alignnone\"><img loading=\"lazy\" decoding=\"async\" class=\"size-medium wp-image-140755\" src=\"https:\/\/graziamagazine.com\/mx\/wp-content\/uploads\/sites\/13\/2024\/08\/Captura-de-Pantalla-2024-08-29-a-las-23.19.34-450x295.png\" alt=\"\" width=\"450\" height=\"295\" srcset=\"https:\/\/graziamagazine.com\/mx\/wp-content\/uploads\/sites\/13\/2024\/08\/Captura-de-Pantalla-2024-08-29-a-las-23.19.34-450x295.png 450w, https:\/\/graziamagazine.com\/mx\/wp-content\/uploads\/sites\/13\/2024\/08\/Captura-de-Pantalla-2024-08-29-a-las-23.19.34-1024x672.png 1024w, https:\/\/graziamagazine.com\/mx\/wp-content\/uploads\/sites\/13\/2024\/08\/Captura-de-Pantalla-2024-08-29-a-las-23.19.34-768x504.png 768w, https:\/\/graziamagazine.com\/mx\/wp-content\/uploads\/sites\/13\/2024\/08\/Captura-de-Pantalla-2024-08-29-a-las-23.19.34-400x262.png 400w, https:\/\/graziamagazine.com\/mx\/wp-content\/uploads\/sites\/13\/2024\/08\/Captura-de-Pantalla-2024-08-29-a-las-23.19.34-155x102.png 155w, https:\/\/graziamagazine.com\/mx\/wp-content\/uploads\/sites\/13\/2024\/08\/Captura-de-Pantalla-2024-08-29-a-las-23.19.34.png 1186w\" sizes=\"(max-width: 450px) 100vw, 450px\" \/><figcaption id=\"caption-attachment-140755\" class=\"wp-caption-text\">Getty<\/figcaption><\/figure>\n<p>El distanciamiento inici\u00f3, seg\u00fan medios brit\u00e1nicos, cuando William expres\u00f3 en el 2016, su preocupaci\u00f3n de que las cosas avanzaran tan r\u00e1pido con Meghan Markle.<\/p>\n<p>Harry y Meghan se casaron en el 2018 y en 2020 renunciaron a las tareas de la realeza. Desde ese momento se dio a conocer el distanciamiento entre los hijos de <strong>Lady Di<\/strong>.<\/p>\n<p>Harry y William se vieron en la coronaci\u00f3n de su padre, el rey Carlos, en mayo del 2023, pero tampoco se les vio juntos o interactuando.<\/p>\n","protected":false},"author":36289,"featured_media":140753,"template":"","format":"standard","categories":[12484],"acf":[],"yoast_head":"<!-- This site is optimized with the Yoast SEO Premium plugin v18.5 (Yoast SEO v20.4) - https:\/\/yoast.com\/wordpress\/plugins\/seo\/ -->\n<title>Ruptura grave: Harry y William se evitan en el funeral de su t\u00edo | Grazia M\u00e9xico y Latinoam\u00e9rica<\/title>\n<meta name=\"description\" content=\"Aunque algunos medios hab\u00edan reportado que Harry no asistir\u00eda al servicio f\u00fanebre de su t\u00edo Lord Robert Fellowes por sus preocupaciones de seguridad en el\" \/>\n<meta name=\"robots\" content=\"index, follow, max-snippet:-1, max-image-preview:large, max-video-preview:-1\" \/>\n<link rel=\"canonical\" href=\"https:\/\/graziamagazine.com\/mx\/articles\/ruptura-grave-harry-william-evitan-funeral-tio\/\" \/>\n<meta property=\"og:locale\" content=\"es_MX\" \/>\n<meta property=\"og:type\" content=\"article\" \/>\n<meta property=\"og:title\" content=\"Ruptura grave: Harry y William se evitan en el funeral de su t\u00edo\" \/>\n<meta property=\"og:description\" content=\"Aunque algunos medios hab\u00edan reportado que Harry no asistir\u00eda al servicio f\u00fanebre de su t\u00edo Lord Robert Fellowes por sus preocupaciones de seguridad en el\" \/>\n<meta property=\"og:url\" content=\"https:\/\/graziamagazine.com\/mx\/articles\/ruptura-grave-harry-william-evitan-funeral-tio\/\" \/>\n<meta property=\"og:site_name\" content=\"Grazia M\u00e9xico y Latinoam\u00e9rica\" \/>\n<meta property=\"article:modified_time\" content=\"2024-08-30T05:27:10+00:00\" \/>\n<meta property=\"og:image\" content=\"https:\/\/graziamagazine.com\/mx\/wp-content\/uploads\/sites\/13\/2024\/08\/Captura-de-Pantalla-2024-08-29-a-las-23.19.08-e1724995486368.png\" \/>\n\t<meta property=\"og:image:width\" content=\"1188\" \/>\n\t<meta property=\"og:image:height\" content=\"720\" \/>\n\t<meta property=\"og:image:type\" content=\"image\/png\" \/>\n<meta name=\"twitter:card\" content=\"summary_large_image\" \/>\n<meta name=\"twitter:label1\" content=\"Est. reading time\" \/>\n\t<meta name=\"twitter:data1\" content=\"2 minutos\" \/>\n<script type=\"application\/ld+json\" class=\"yoast-schema-graph\">{\"@context\":\"https:\/\/schema.org\",\"@graph\":[{\"@type\":\"WebPage\",\"@id\":\"https:\/\/graziamagazine.com\/mx\/articles\/ruptura-grave-harry-william-evitan-funeral-tio\/\",\"url\":\"https:\/\/graziamagazine.com\/mx\/articles\/ruptura-grave-harry-william-evitan-funeral-tio\/\",\"name\":\"Ruptura grave: Harry y William se evitan en el funeral de su t\u00edo | Grazia M\u00e9xico y Latinoam\u00e9rica\",\"isPartOf\":{\"@id\":\"https:\/\/graziamagazine.com\/mx\/#website\"},\"datePublished\":\"2024-08-30T05:12:06+00:00\",\"dateModified\":\"2024-08-30T05:27:10+00:00\",\"description\":\"Aunque algunos medios hab\u00edan reportado que Harry no asistir\u00eda al servicio f\u00fanebre de su t\u00edo Lord Robert Fellowes por sus preocupaciones de seguridad en el\",\"breadcrumb\":{\"@id\":\"https:\/\/graziamagazine.com\/mx\/articles\/ruptura-grave-harry-william-evitan-funeral-tio\/#breadcrumb\"},\"inLanguage\":\"es-MX\",\"potentialAction\":[{\"@type\":\"ReadAction\",\"target\":[\"https:\/\/graziamagazine.com\/mx\/articles\/ruptura-grave-harry-william-evitan-funeral-tio\/\"]}]},{\"@type\":\"BreadcrumbList\",\"@id\":\"https:\/\/graziamagazine.com\/mx\/articles\/ruptura-grave-harry-william-evitan-funeral-tio\/#breadcrumb\",\"itemListElement\":[{\"@type\":\"ListItem\",\"position\":1,\"name\":\"Home\",\"item\":\"https:\/\/graziamagazine.com\/mx\/\"},{\"@type\":\"ListItem\",\"position\":2,\"name\":\"Ruptura grave: Harry y William se evitan en el funeral de su t\u00edo\"}]},{\"@type\":\"WebSite\",\"@id\":\"https:\/\/graziamagazine.com\/mx\/#website\",\"url\":\"https:\/\/graziamagazine.com\/mx\/\",\"name\":\"Grazia M\u00e9xico y Latinoam\u00e9rica\",\"description\":\"Grazia es moda, belleza y noticias  de actualidad \",\"potentialAction\":[{\"@type\":\"SearchAction\",\"target\":{\"@type\":\"EntryPoint\",\"urlTemplate\":\"https:\/\/graziamagazine.com\/mx\/?s={search_term_string}\"},\"query-input\":\"required name=search_term_string\"}],\"inLanguage\":\"es-MX\"}]}<\/script>\n<!-- \/ Yoast SEO Premium plugin. -->","yoast_head_json":{"title":"Ruptura grave: Harry y William se evitan en el funeral de su t\u00edo | Grazia M\u00e9xico y Latinoam\u00e9rica","description":"Aunque algunos medios hab\u00edan reportado que Harry no asistir\u00eda al servicio f\u00fanebre de su t\u00edo Lord Robert Fellowes por sus preocupaciones de seguridad en el","robots":{"index":"index","follow":"follow","max-snippet":"max-snippet:-1","max-image-preview":"max-image-preview:large","max-video-preview":"max-video-preview:-1"},"canonical":"https:\/\/graziamagazine.com\/mx\/articles\/ruptura-grave-harry-william-evitan-funeral-tio\/","og_locale":"es_MX","og_type":"article","og_title":"Ruptura grave: Harry y William se evitan en el funeral de su t\u00edo","og_description":"Aunque algunos medios hab\u00edan reportado que Harry no asistir\u00eda al servicio f\u00fanebre de su t\u00edo Lord Robert Fellowes por sus preocupaciones de seguridad en el","og_url":"https:\/\/graziamagazine.com\/mx\/articles\/ruptura-grave-harry-william-evitan-funeral-tio\/","og_site_name":"Grazia M\u00e9xico y Latinoam\u00e9rica","article_modified_time":"2024-08-30T05:27:10+00:00","og_image":[{"width":1188,"height":720,"url":"https:\/\/graziamagazine.com\/mx\/wp-content\/uploads\/sites\/13\/2024\/08\/Captura-de-Pantalla-2024-08-29-a-las-23.19.08-e1724995486368.png","type":"image\/png"}],"twitter_card":"summary_large_image","twitter_misc":{"Est. reading time":"2 minutos"},"schema":{"@context":"https:\/\/schema.org","@graph":[{"@type":"WebPage","@id":"https:\/\/graziamagazine.com\/mx\/articles\/ruptura-grave-harry-william-evitan-funeral-tio\/","url":"https:\/\/graziamagazine.com\/mx\/articles\/ruptura-grave-harry-william-evitan-funeral-tio\/","name":"Ruptura grave: Harry y William se evitan en el funeral de su t\u00edo | Grazia M\u00e9xico y Latinoam\u00e9rica","isPartOf":{"@id":"https:\/\/graziamagazine.com\/mx\/#website"},"datePublished":"2024-08-30T05:12:06+00:00","dateModified":"2024-08-30T05:27:10+00:00","description":"Aunque algunos medios hab\u00edan reportado que Harry no asistir\u00eda al servicio f\u00fanebre de su t\u00edo Lord Robert Fellowes por sus preocupaciones de seguridad en el","breadcrumb":{"@id":"https:\/\/graziamagazine.com\/mx\/articles\/ruptura-grave-harry-william-evitan-funeral-tio\/#breadcrumb"},"inLanguage":"es-MX","potentialAction":[{"@type":"ReadAction","target":["https:\/\/graziamagazine.com\/mx\/articles\/ruptura-grave-harry-william-evitan-funeral-tio\/"]}]},{"@type":"BreadcrumbList","@id":"https:\/\/graziamagazine.com\/mx\/articles\/ruptura-grave-harry-william-evitan-funeral-tio\/#breadcrumb","itemListElement":[{"@type":"ListItem","position":1,"name":"Home","item":"https:\/\/graziamagazine.com\/mx\/"},{"@type":"ListItem","position":2,"name":"Ruptura grave: Harry y William se evitan en el funeral de su t\u00edo"}]},{"@type":"WebSite","@id":"https:\/\/graziamagazine.com\/mx\/#website","url":"https:\/\/graziamagazine.com\/mx\/","name":"Grazia M\u00e9xico y Latinoam\u00e9rica","description":"Grazia es moda, belleza y noticias  de actualidad ","potentialAction":[{"@type":"SearchAction","target":{"@type":"EntryPoint","urlTemplate":"https:\/\/graziamagazine.com\/mx\/?s={search_term_string}"},"query-input":"required name=search_term_string"}],"inLanguage":"es-MX"}]}},"jetpack_sharing_enabled":true,"distributor_meta":false,"distributor_terms":false,"distributor_media":false,"distributor_original_site_name":"Grazia M\u00e9xico y Latinoam\u00e9rica","distributor_original_site_url":"https:\/\/graziamagazine.com\/mx","push-errors":false,"_links":{"self":[{"href":"https:\/\/graziamagazine.com\/mx\/wp-json\/wp\/v2\/articles\/140752"}],"collection":[{"href":"https:\/\/graziamagazine.com\/mx\/wp-json\/wp\/v2\/articles"}],"about":[{"href":"https:\/\/graziamagazine.com\/mx\/wp-json\/wp\/v2\/types\/articles"}],"author":[{"embeddable":true,"href":"https:\/\/graziamagazine.com\/mx\/wp-json\/wp\/v2\/users\/36289"}],"wp:featuredmedia":[{"embeddable":true,"href":"https:\/\/graziamagazine.com\/mx\/wp-json\/wp\/v2\/media\/140753"}],"wp:attachment":[{"href":"https:\/\/graziamagazine.com\/mx\/wp-json\/wp\/v2\/media?parent=140752"}],"wp:term":[{"taxonomy":"category","embeddable":true,"href":"https:\/\/graziamagazine.com\/mx\/wp-json\/wp\/v2\/categories?post=140752"}],"curies":[{"name":"wp","href":"https:\/\/api.w.org\/{rel}","templated":true}]}}