{"id":140673,"date":"2024-08-28T23:32:28","date_gmt":"2024-08-29T04:32:28","guid":{"rendered":"https:\/\/graziamagazine.com\/mx\/?post_type=articles&#038;p=140673"},"modified":"2024-08-28T23:50:28","modified_gmt":"2024-08-29T04:50:28","slug":"estas-listo-estrenos-netflix-septiembre","status":"publish","type":"articles","link":"https:\/\/graziamagazine.com\/mx\/articles\/estas-listo-estrenos-netflix-septiembre\/","title":{"rendered":"\u00bfEstas listo? Estos son los estrenos de Netflix de septiembre"},"content":{"rendered":"<p style=\"font-weight: 400\">Te presentamos los <strong>estrenos<\/strong> de <strong>Netflix<\/strong> para el mes de <strong>septiembre<\/strong>. Entre los t\u00edtulos m\u00e1s destacados -y esperados- se encuentra la segunda parte de la cuarta temporada de\u00a0<strong><em>Emily en Paris<\/em><\/strong>\u00a0que nos dej\u00f3 a todos con ganas de m\u00e1s.<\/p>\n<p style=\"font-weight: 400\">Adem\u00e1s, se estrena la serie\u00a0<strong><em>Monstruos: La historia de Lyle y Erik Menendez <\/em><\/strong>la cual trata de un caso de la vida real donde dos hermanos asesinan a sus padres en <strong>California<\/strong> en los a\u00f1os ochenta. Te damos todos los detalles.<\/p>\n<h3 style=\"font-weight: 400\">SERIES<\/h3>\n<p style=\"font-weight: 400\"><strong>La pareja perfecta<\/strong><\/p>\n<figure id=\"attachment_140675\" aria-describedby=\"caption-attachment-140675\" style=\"width: 450px\" class=\"wp-caption alignnone\"><img loading=\"lazy\" decoding=\"async\" class=\"size-medium wp-image-140675\" src=\"https:\/\/graziamagazine.com\/mx\/wp-content\/uploads\/sites\/13\/2024\/08\/Captura-de-Pantalla-2024-08-28-a-las-22.36.43-450x249.png\" alt=\"\" width=\"450\" height=\"249\" srcset=\"https:\/\/graziamagazine.com\/mx\/wp-content\/uploads\/sites\/13\/2024\/08\/Captura-de-Pantalla-2024-08-28-a-las-22.36.43-450x249.png 450w, https:\/\/graziamagazine.com\/mx\/wp-content\/uploads\/sites\/13\/2024\/08\/Captura-de-Pantalla-2024-08-28-a-las-22.36.43-400x222.png 400w, https:\/\/graziamagazine.com\/mx\/wp-content\/uploads\/sites\/13\/2024\/08\/Captura-de-Pantalla-2024-08-28-a-las-22.36.43-155x86.png 155w, https:\/\/graziamagazine.com\/mx\/wp-content\/uploads\/sites\/13\/2024\/08\/Captura-de-Pantalla-2024-08-28-a-las-22.36.43.png 632w\" sizes=\"(max-width: 450px) 100vw, 450px\" \/><figcaption id=\"caption-attachment-140675\" class=\"wp-caption-text\">Netflix<\/figcaption><\/figure>\n<p style=\"font-weight: 400\">Amelia est\u00e1 por casarse con el heredero de una familia adinerada, pero una muerte repentina arruina los planes de boda y pone a todos bajo sospecha.<\/p>\n<p style=\"font-weight: 400\"><strong>Fecha de estreno: 5 de septiembre<\/strong><\/p>\n<p>&nbsp;<\/p>\n<p style=\"font-weight: 400\"><strong>Emily en Par\u00eds: temporada 4 (parte 2)<\/strong><\/p>\n<figure id=\"attachment_140676\" aria-describedby=\"caption-attachment-140676\" style=\"width: 450px\" class=\"wp-caption alignnone\"><img loading=\"lazy\" decoding=\"async\" class=\"size-medium wp-image-140676\" src=\"https:\/\/graziamagazine.com\/mx\/wp-content\/uploads\/sites\/13\/2024\/08\/Captura-de-Pantalla-2024-08-28-a-las-22.37.23-450x300.png\" alt=\"\" width=\"450\" height=\"300\" srcset=\"https:\/\/graziamagazine.com\/mx\/wp-content\/uploads\/sites\/13\/2024\/08\/Captura-de-Pantalla-2024-08-28-a-las-22.37.23-450x300.png 450w, https:\/\/graziamagazine.com\/mx\/wp-content\/uploads\/sites\/13\/2024\/08\/Captura-de-Pantalla-2024-08-28-a-las-22.37.23-400x267.png 400w, https:\/\/graziamagazine.com\/mx\/wp-content\/uploads\/sites\/13\/2024\/08\/Captura-de-Pantalla-2024-08-28-a-las-22.37.23-155x103.png 155w, https:\/\/graziamagazine.com\/mx\/wp-content\/uploads\/sites\/13\/2024\/08\/Captura-de-Pantalla-2024-08-28-a-las-22.37.23.png 632w\" sizes=\"(max-width: 450px) 100vw, 450px\" \/><figcaption id=\"caption-attachment-140676\" class=\"wp-caption-text\">Netflix<\/figcaption><\/figure>\n<p style=\"font-weight: 400\">Tiene todo lo que quiere, \u00bfpero es lo que necesita? Desde esquiar en los Alpes de Provenza hasta disfrutar de unas vacaciones en Roma, Emily est\u00e1 lista para su pr\u00f3xima aventura.<\/p>\n<p style=\"font-weight: 400\"><strong>Fecha de estreno: 12 de septiembre<\/strong><\/p>\n<p style=\"font-weight: 400\"><strong>\u00a0<\/strong><\/p>\n<p style=\"font-weight: 400\"><strong>Monstruos: la historia de Lyle y Erik Menendez<\/strong><\/p>\n<p><iframe loading=\"lazy\" title=\"Monstruos: La historia de Lyle y Erik Menendez | Anuncio de fecha de estreno | Netflix\" width=\"500\" height=\"281\" src=\"https:\/\/www.youtube.com\/embed\/7SgJVN92bxs?feature=oembed\" frameborder=\"0\" allow=\"accelerometer; autoplay; clipboard-write; encrypted-media; gyroscope; picture-in-picture; web-share\" referrerpolicy=\"strict-origin-when-cross-origin\" allowfullscreen><\/iframe><\/p>\n<p style=\"font-weight: 400\">Basado en un crimen real investiga las vidas de los hermanos Menendez, condenados por el brutal asesinato de sus padres en 1989.<\/p>\n<p style=\"font-weight: 400\"><strong>Fecha de estreno: 19 de septiembre<\/strong><\/p>\n<p style=\"font-weight: 400\">\n<p style=\"font-weight: 400\"><strong>Los reyes de oriente<\/strong><\/p>\n<figure id=\"attachment_140674\" aria-describedby=\"caption-attachment-140674\" style=\"width: 450px\" class=\"wp-caption alignnone\"><img loading=\"lazy\" decoding=\"async\" class=\"size-medium wp-image-140674\" src=\"https:\/\/graziamagazine.com\/mx\/wp-content\/uploads\/sites\/13\/2024\/08\/Captura-de-Pantalla-2024-08-28-a-las-22.34.55-450x229.png\" alt=\"\" width=\"450\" height=\"229\" srcset=\"https:\/\/graziamagazine.com\/mx\/wp-content\/uploads\/sites\/13\/2024\/08\/Captura-de-Pantalla-2024-08-28-a-las-22.34.55-450x229.png 450w, https:\/\/graziamagazine.com\/mx\/wp-content\/uploads\/sites\/13\/2024\/08\/Captura-de-Pantalla-2024-08-28-a-las-22.34.55-400x204.png 400w, https:\/\/graziamagazine.com\/mx\/wp-content\/uploads\/sites\/13\/2024\/08\/Captura-de-Pantalla-2024-08-28-a-las-22.34.55-155x79.png 155w, https:\/\/graziamagazine.com\/mx\/wp-content\/uploads\/sites\/13\/2024\/08\/Captura-de-Pantalla-2024-08-28-a-las-22.34.55.png 636w\" sizes=\"(max-width: 450px) 100vw, 450px\" \/><figcaption id=\"caption-attachment-140674\" class=\"wp-caption-text\">Netflix<\/figcaption><\/figure>\n<p style=\"font-weight: 400\">Tres amigos son los reyes de un agitado barrio de la Ciudad de M\u00e9xico, pero una tragedia les arrebata las coronas y forja una rivalidad entre ellos.<\/p>\n<p style=\"font-weight: 400\"><strong>Fecha de estreno: 27 de septiembre<\/strong><\/p>\n<h3 style=\"font-weight: 400\">PEL\u00cdCULAS<\/h3>\n<p style=\"font-weight: 400\"><strong>Rebel Ridge<\/strong><\/p>\n<figure id=\"attachment_140677\" aria-describedby=\"caption-attachment-140677\" style=\"width: 450px\" class=\"wp-caption alignnone\"><img loading=\"lazy\" decoding=\"async\" class=\"size-medium wp-image-140677\" src=\"https:\/\/graziamagazine.com\/mx\/wp-content\/uploads\/sites\/13\/2024\/08\/Captura-de-Pantalla-2024-08-28-a-las-22.40.21-450x251.png\" alt=\"\" width=\"450\" height=\"251\" srcset=\"https:\/\/graziamagazine.com\/mx\/wp-content\/uploads\/sites\/13\/2024\/08\/Captura-de-Pantalla-2024-08-28-a-las-22.40.21-450x251.png 450w, https:\/\/graziamagazine.com\/mx\/wp-content\/uploads\/sites\/13\/2024\/08\/Captura-de-Pantalla-2024-08-28-a-las-22.40.21-400x223.png 400w, https:\/\/graziamagazine.com\/mx\/wp-content\/uploads\/sites\/13\/2024\/08\/Captura-de-Pantalla-2024-08-28-a-las-22.40.21-155x87.png 155w, https:\/\/graziamagazine.com\/mx\/wp-content\/uploads\/sites\/13\/2024\/08\/Captura-de-Pantalla-2024-08-28-a-las-22.40.21.png 630w\" sizes=\"(max-width: 450px) 100vw, 450px\" \/><figcaption id=\"caption-attachment-140677\" class=\"wp-caption-text\">Netflix<\/figcaption><\/figure>\n<p style=\"font-weight: 400\">Un ex-marine debe enfrentarse a la corrupci\u00f3n en un peque\u00f1o pueblo cuando la polic\u00eda le confisca injustamente el dinero para la fianza de su primo.<\/p>\n<p style=\"font-weight: 400\"><strong>Fecha de estreno: 6 de septiembre<\/strong><\/p>\n<p style=\"font-weight: 400\">\n<p style=\"font-weight: 400\"><strong>Technoboys<\/strong><\/p>\n<p><iframe loading=\"lazy\" title=\"Technoboys | Tr\u00e1iler oficial | Netflix\" width=\"500\" height=\"281\" src=\"https:\/\/www.youtube.com\/embed\/pSkizwU_3G4?feature=oembed\" frameborder=\"0\" allow=\"accelerometer; autoplay; clipboard-write; encrypted-media; gyroscope; picture-in-picture; web-share\" referrerpolicy=\"strict-origin-when-cross-origin\" allowfullscreen><\/iframe><\/p>\n<p style=\"font-weight: 400\">Veinte a\u00f1os despu\u00e9s de dominar los charts de popularidad, la exitosa boyband de los 90&#8217;s, Technoboys vuelve a los escenarios para reclamar su trono en el despiadado mundo del pop. Pero en su camino al \u00e9xito tendr\u00e1n que enfrentarse a un mundo cambiante.<\/p>\n<p style=\"font-weight: 400\"><strong>Fecha de estreno: 11 de septiembre<\/strong><\/p>\n<p style=\"font-weight: 400\">\n<p style=\"font-weight: 400\"><strong>Los feos<\/strong><\/p>\n<figure id=\"attachment_140678\" aria-describedby=\"caption-attachment-140678\" style=\"width: 450px\" class=\"wp-caption alignnone\"><img loading=\"lazy\" decoding=\"async\" class=\"size-medium wp-image-140678\" src=\"https:\/\/graziamagazine.com\/mx\/wp-content\/uploads\/sites\/13\/2024\/08\/Captura-de-Pantalla-2024-08-28-a-las-22.41.16-450x300.png\" alt=\"\" width=\"450\" height=\"300\" srcset=\"https:\/\/graziamagazine.com\/mx\/wp-content\/uploads\/sites\/13\/2024\/08\/Captura-de-Pantalla-2024-08-28-a-las-22.41.16-450x300.png 450w, https:\/\/graziamagazine.com\/mx\/wp-content\/uploads\/sites\/13\/2024\/08\/Captura-de-Pantalla-2024-08-28-a-las-22.41.16-400x267.png 400w, https:\/\/graziamagazine.com\/mx\/wp-content\/uploads\/sites\/13\/2024\/08\/Captura-de-Pantalla-2024-08-28-a-las-22.41.16-155x103.png 155w, https:\/\/graziamagazine.com\/mx\/wp-content\/uploads\/sites\/13\/2024\/08\/Captura-de-Pantalla-2024-08-28-a-las-22.41.16.png 624w\" sizes=\"(max-width: 450px) 100vw, 450px\" \/><figcaption id=\"caption-attachment-140678\" class=\"wp-caption-text\">Netflix<\/figcaption><\/figure>\n<p style=\"font-weight: 400\">En una distop\u00eda futurista que impone c\u00e1nones de belleza y cirug\u00edas cosm\u00e9ticas, una adolescente emprende un viaje peligroso para salvar a una amiga.<\/p>\n<p style=\"font-weight: 400\"><strong>Fecha de estreno: 13 de septiembre<\/strong><\/p>\n<p style=\"font-weight: 400\">\n<p style=\"font-weight: 400\"><strong>Las tres hijas<\/strong><\/p>\n<figure id=\"attachment_140679\" aria-describedby=\"caption-attachment-140679\" style=\"width: 450px\" class=\"wp-caption alignnone\"><img loading=\"lazy\" decoding=\"async\" class=\"size-medium wp-image-140679\" src=\"https:\/\/graziamagazine.com\/mx\/wp-content\/uploads\/sites\/13\/2024\/08\/Captura-de-Pantalla-2024-08-28-a-las-22.42.05-450x252.png\" alt=\"\" width=\"450\" height=\"252\" srcset=\"https:\/\/graziamagazine.com\/mx\/wp-content\/uploads\/sites\/13\/2024\/08\/Captura-de-Pantalla-2024-08-28-a-las-22.42.05-450x252.png 450w, https:\/\/graziamagazine.com\/mx\/wp-content\/uploads\/sites\/13\/2024\/08\/Captura-de-Pantalla-2024-08-28-a-las-22.42.05-400x224.png 400w, https:\/\/graziamagazine.com\/mx\/wp-content\/uploads\/sites\/13\/2024\/08\/Captura-de-Pantalla-2024-08-28-a-las-22.42.05-155x87.png 155w, https:\/\/graziamagazine.com\/mx\/wp-content\/uploads\/sites\/13\/2024\/08\/Captura-de-Pantalla-2024-08-28-a-las-22.42.05.png 632w\" sizes=\"(max-width: 450px) 100vw, 450px\" \/><figcaption id=\"caption-attachment-140679\" class=\"wp-caption-text\">Netflix<\/figcaption><\/figure>\n<p style=\"font-weight: 400\">Tres hermanas distanciadas se re\u00fanen en la ciudad de Nueva York para cuidar a su padre enfermo. Con Natasha Lyonne, Elizabeth Olsen y Carrie Coon.<\/p>\n<p style=\"font-weight: 400\"><strong>Fecha de estreno: 20 de septiembre<\/strong><\/p>\n<h3 style=\"font-weight: 400\">CONTENIDO COREANO<\/h3>\n<p style=\"font-weight: 400\"><strong>Agente cintur\u00f3n negro<\/strong><\/p>\n<figure id=\"attachment_140680\" aria-describedby=\"caption-attachment-140680\" style=\"width: 450px\" class=\"wp-caption alignnone\"><img loading=\"lazy\" decoding=\"async\" class=\"size-medium wp-image-140680\" src=\"https:\/\/graziamagazine.com\/mx\/wp-content\/uploads\/sites\/13\/2024\/08\/Captura-de-Pantalla-2024-08-28-a-las-22.43.00-450x298.png\" alt=\"\" width=\"450\" height=\"298\" srcset=\"https:\/\/graziamagazine.com\/mx\/wp-content\/uploads\/sites\/13\/2024\/08\/Captura-de-Pantalla-2024-08-28-a-las-22.43.00-450x298.png 450w, https:\/\/graziamagazine.com\/mx\/wp-content\/uploads\/sites\/13\/2024\/08\/Captura-de-Pantalla-2024-08-28-a-las-22.43.00-400x265.png 400w, https:\/\/graziamagazine.com\/mx\/wp-content\/uploads\/sites\/13\/2024\/08\/Captura-de-Pantalla-2024-08-28-a-las-22.43.00-155x103.png 155w, https:\/\/graziamagazine.com\/mx\/wp-content\/uploads\/sites\/13\/2024\/08\/Captura-de-Pantalla-2024-08-28-a-las-22.43.00.png 628w\" sizes=\"(max-width: 450px) 100vw, 450px\" \/><figcaption id=\"caption-attachment-140680\" class=\"wp-caption-text\">Netflix<\/figcaption><\/figure>\n<p style=\"font-weight: 400\">Un talentoso experto en artes marciales siempre dispuesto a ayudar forma equipo con un oficial de libertad condicional para luchar contra el crimen.<\/p>\n<p style=\"font-weight: 400\"><strong>Fecha de estreno: 13 de septiembre<\/strong><\/p>\n<p style=\"font-weight: 400\">\n<p style=\"font-weight: 400\"><strong>Guerra de cucharas blancas contra negras<\/strong><\/p>\n<figure id=\"attachment_140681\" aria-describedby=\"caption-attachment-140681\" style=\"width: 450px\" class=\"wp-caption alignnone\"><img loading=\"lazy\" decoding=\"async\" class=\"size-medium wp-image-140681\" src=\"https:\/\/graziamagazine.com\/mx\/wp-content\/uploads\/sites\/13\/2024\/08\/Captura-de-Pantalla-2024-08-28-a-las-22.43.43-450x299.png\" alt=\"\" width=\"450\" height=\"299\" srcset=\"https:\/\/graziamagazine.com\/mx\/wp-content\/uploads\/sites\/13\/2024\/08\/Captura-de-Pantalla-2024-08-28-a-las-22.43.43-450x299.png 450w, https:\/\/graziamagazine.com\/mx\/wp-content\/uploads\/sites\/13\/2024\/08\/Captura-de-Pantalla-2024-08-28-a-las-22.43.43-400x265.png 400w, https:\/\/graziamagazine.com\/mx\/wp-content\/uploads\/sites\/13\/2024\/08\/Captura-de-Pantalla-2024-08-28-a-las-22.43.43-155x103.png 155w, https:\/\/graziamagazine.com\/mx\/wp-content\/uploads\/sites\/13\/2024\/08\/Captura-de-Pantalla-2024-08-28-a-las-22.43.43.png 630w\" sizes=\"(max-width: 450px) 100vw, 450px\" \/><figcaption id=\"caption-attachment-140681\" class=\"wp-caption-text\">Netflix<\/figcaption><\/figure>\n<p style=\"font-weight: 400\">Chefs profesionales o amantes de la cocina: mientras tengan buena saz\u00f3n, todos pueden competir en esta feroz batalla culinaria.<\/p>\n<p style=\"font-weight: 400\"><strong>Fecha de estreno: 17 de septiembre<\/strong><\/p>\n<h3 style=\"font-weight: 400\">DOCUMENTALES Y ESPECIALES<\/h3>\n<p style=\"font-weight: 400\"><strong>El portal: La historia oculta de zona divas<\/strong><\/p>\n<figure id=\"attachment_140682\" aria-describedby=\"caption-attachment-140682\" style=\"width: 450px\" class=\"wp-caption alignnone\"><img loading=\"lazy\" decoding=\"async\" class=\"size-medium wp-image-140682\" src=\"https:\/\/graziamagazine.com\/mx\/wp-content\/uploads\/sites\/13\/2024\/08\/Captura-de-Pantalla-2024-08-28-a-las-22.44.29-450x252.png\" alt=\"\" width=\"450\" height=\"252\" srcset=\"https:\/\/graziamagazine.com\/mx\/wp-content\/uploads\/sites\/13\/2024\/08\/Captura-de-Pantalla-2024-08-28-a-las-22.44.29-450x252.png 450w, https:\/\/graziamagazine.com\/mx\/wp-content\/uploads\/sites\/13\/2024\/08\/Captura-de-Pantalla-2024-08-28-a-las-22.44.29-400x224.png 400w, https:\/\/graziamagazine.com\/mx\/wp-content\/uploads\/sites\/13\/2024\/08\/Captura-de-Pantalla-2024-08-28-a-las-22.44.29-155x87.png 155w, https:\/\/graziamagazine.com\/mx\/wp-content\/uploads\/sites\/13\/2024\/08\/Captura-de-Pantalla-2024-08-28-a-las-22.44.29.png 632w\" sizes=\"(max-width: 450px) 100vw, 450px\" \/><figcaption id=\"caption-attachment-140682\" class=\"wp-caption-text\">Netflix<\/figcaption><\/figure>\n<p style=\"font-weight: 400\">En el oscuro submundo de la CDMX, mujeres en busca de una mejor vida se ven envueltas en una red de escorts online, sin imaginarse que todo culminar\u00eda en una serie de feminicidios.<\/p>\n<p style=\"font-weight: 400\"><strong>Fecha de estreno: 5 de septiembre<\/strong><\/p>\n<p style=\"font-weight: 400\">\n<p style=\"font-weight: 400\"><strong>\u00c1ngel di mar\u00eda: Romper la pared<\/strong><\/p>\n<figure id=\"attachment_140683\" aria-describedby=\"caption-attachment-140683\" style=\"width: 450px\" class=\"wp-caption alignnone\"><img loading=\"lazy\" decoding=\"async\" class=\"size-medium wp-image-140683\" src=\"https:\/\/graziamagazine.com\/mx\/wp-content\/uploads\/sites\/13\/2024\/08\/Captura-de-Pantalla-2024-08-28-a-las-22.44.51-450x250.png\" alt=\"\" width=\"450\" height=\"250\" srcset=\"https:\/\/graziamagazine.com\/mx\/wp-content\/uploads\/sites\/13\/2024\/08\/Captura-de-Pantalla-2024-08-28-a-las-22.44.51-450x250.png 450w, https:\/\/graziamagazine.com\/mx\/wp-content\/uploads\/sites\/13\/2024\/08\/Captura-de-Pantalla-2024-08-28-a-las-22.44.51-400x222.png 400w, https:\/\/graziamagazine.com\/mx\/wp-content\/uploads\/sites\/13\/2024\/08\/Captura-de-Pantalla-2024-08-28-a-las-22.44.51-155x86.png 155w, https:\/\/graziamagazine.com\/mx\/wp-content\/uploads\/sites\/13\/2024\/08\/Captura-de-Pantalla-2024-08-28-a-las-22.44.51.png 630w\" sizes=\"(max-width: 450px) 100vw, 450px\" \/><figcaption id=\"caption-attachment-140683\" class=\"wp-caption-text\">Netflix<\/figcaption><\/figure>\n<p style=\"font-weight: 400\">Desde sus humildes inicios hasta llegar a campe\u00f3n del mundo, esta docuserie repasa la vida del ic\u00f3nico jugador de la selecci\u00f3n argentina de f\u00fatbol.<\/p>\n<p style=\"font-weight: 400\"><strong>Fecha de estreno: 12 de septiembre<\/strong><\/p>\n<h3 style=\"font-weight: 400\">NI\u00d1OS Y FAMILIA<\/h3>\n<p style=\"font-weight: 400\"><strong>Cocomelon: \u00a1A cantar! &#8211; Temporada 11<\/strong><\/p>\n<figure id=\"attachment_140684\" aria-describedby=\"caption-attachment-140684\" style=\"width: 450px\" class=\"wp-caption alignnone\"><img loading=\"lazy\" decoding=\"async\" class=\"size-medium wp-image-140684\" src=\"https:\/\/graziamagazine.com\/mx\/wp-content\/uploads\/sites\/13\/2024\/08\/Captura-de-Pantalla-2024-08-28-a-las-22.45.04-450x251.png\" alt=\"\" width=\"450\" height=\"251\" srcset=\"https:\/\/graziamagazine.com\/mx\/wp-content\/uploads\/sites\/13\/2024\/08\/Captura-de-Pantalla-2024-08-28-a-las-22.45.04-450x251.png 450w, https:\/\/graziamagazine.com\/mx\/wp-content\/uploads\/sites\/13\/2024\/08\/Captura-de-Pantalla-2024-08-28-a-las-22.45.04-400x223.png 400w, https:\/\/graziamagazine.com\/mx\/wp-content\/uploads\/sites\/13\/2024\/08\/Captura-de-Pantalla-2024-08-28-a-las-22.45.04-155x86.png 155w, https:\/\/graziamagazine.com\/mx\/wp-content\/uploads\/sites\/13\/2024\/08\/Captura-de-Pantalla-2024-08-28-a-las-22.45.04.png 632w\" sizes=\"(max-width: 450px) 100vw, 450px\" \/><figcaption id=\"caption-attachment-140684\" class=\"wp-caption-text\">Netflix<\/figcaption><\/figure>\n<p style=\"font-weight: 400\">Rel\u00e1jate con esta colecci\u00f3n de canciones reconfortantes y tiernas en compa\u00f1\u00eda de J. J., su familia, sus amigos y el perro preferido de todos: \u00a1Bingo!<\/p>\n<p style=\"font-weight: 400\"><strong>Fecha de estreno: 16 de septiembre<\/strong><\/p>\n","protected":false},"author":36289,"featured_media":140685,"template":"","format":"standard","categories":[12483],"acf":[],"yoast_head":"<!-- This site is optimized with the Yoast SEO Premium plugin v18.5 (Yoast SEO v20.4) - https:\/\/yoast.com\/wordpress\/plugins\/seo\/ -->\n<title>\u00bfEstas listo? Estos son los estrenos de Netflix de septiembre | Grazia M\u00e9xico y Latinoam\u00e9rica<\/title>\n<meta name=\"description\" content=\"Te presentamos los estrenos de Netflix para el mes de septiembre. Entre los t\u00edtulos m\u00e1s destacados -y esperados- se encuentra la segunda parte de la\" \/>\n<meta name=\"robots\" content=\"index, follow, max-snippet:-1, max-image-preview:large, max-video-preview:-1\" \/>\n<link rel=\"canonical\" href=\"https:\/\/graziamagazine.com\/mx\/articles\/estas-listo-estrenos-netflix-septiembre\/\" \/>\n<meta property=\"og:locale\" content=\"es_MX\" \/>\n<meta property=\"og:type\" content=\"article\" \/>\n<meta property=\"og:title\" content=\"\u00bfEstas listo? Estos son los estrenos de Netflix de septiembre\" \/>\n<meta property=\"og:description\" content=\"Te presentamos los estrenos de Netflix para el mes de septiembre. Entre los t\u00edtulos m\u00e1s destacados -y esperados- se encuentra la segunda parte de la\" \/>\n<meta property=\"og:url\" content=\"https:\/\/graziamagazine.com\/mx\/articles\/estas-listo-estrenos-netflix-septiembre\/\" \/>\n<meta property=\"og:site_name\" content=\"Grazia M\u00e9xico y Latinoam\u00e9rica\" \/>\n<meta property=\"article:modified_time\" content=\"2024-08-29T04:50:28+00:00\" \/>\n<meta property=\"og:image\" content=\"https:\/\/graziamagazine.com\/mx\/wp-content\/uploads\/sites\/13\/2024\/08\/WhatsApp-Image-2024-08-28-at-10.47.40-PM-e1724906910814.jpeg\" \/>\n\t<meta property=\"og:image:width\" content=\"1125\" \/>\n\t<meta property=\"og:image:height\" content=\"720\" \/>\n\t<meta property=\"og:image:type\" content=\"image\/jpeg\" \/>\n<meta name=\"twitter:card\" content=\"summary_large_image\" \/>\n<meta name=\"twitter:label1\" content=\"Est. reading time\" \/>\n\t<meta name=\"twitter:data1\" content=\"6 minutos\" \/>\n<script type=\"application\/ld+json\" class=\"yoast-schema-graph\">{\"@context\":\"https:\/\/schema.org\",\"@graph\":[{\"@type\":\"WebPage\",\"@id\":\"https:\/\/graziamagazine.com\/mx\/articles\/estas-listo-estrenos-netflix-septiembre\/\",\"url\":\"https:\/\/graziamagazine.com\/mx\/articles\/estas-listo-estrenos-netflix-septiembre\/\",\"name\":\"\u00bfEstas listo? Estos son los estrenos de Netflix de septiembre | Grazia M\u00e9xico y Latinoam\u00e9rica\",\"isPartOf\":{\"@id\":\"https:\/\/graziamagazine.com\/mx\/#website\"},\"datePublished\":\"2024-08-29T04:32:28+00:00\",\"dateModified\":\"2024-08-29T04:50:28+00:00\",\"description\":\"Te presentamos los estrenos de Netflix para el mes de septiembre. Entre los t\u00edtulos m\u00e1s destacados -y esperados- se encuentra la segunda parte de la\",\"breadcrumb\":{\"@id\":\"https:\/\/graziamagazine.com\/mx\/articles\/estas-listo-estrenos-netflix-septiembre\/#breadcrumb\"},\"inLanguage\":\"es-MX\",\"potentialAction\":[{\"@type\":\"ReadAction\",\"target\":[\"https:\/\/graziamagazine.com\/mx\/articles\/estas-listo-estrenos-netflix-septiembre\/\"]}]},{\"@type\":\"BreadcrumbList\",\"@id\":\"https:\/\/graziamagazine.com\/mx\/articles\/estas-listo-estrenos-netflix-septiembre\/#breadcrumb\",\"itemListElement\":[{\"@type\":\"ListItem\",\"position\":1,\"name\":\"Home\",\"item\":\"https:\/\/graziamagazine.com\/mx\/\"},{\"@type\":\"ListItem\",\"position\":2,\"name\":\"\u00bfEstas listo? Estos son los estrenos de Netflix de septiembre\"}]},{\"@type\":\"WebSite\",\"@id\":\"https:\/\/graziamagazine.com\/mx\/#website\",\"url\":\"https:\/\/graziamagazine.com\/mx\/\",\"name\":\"Grazia M\u00e9xico y Latinoam\u00e9rica\",\"description\":\"Grazia es moda, belleza y noticias  de actualidad \",\"potentialAction\":[{\"@type\":\"SearchAction\",\"target\":{\"@type\":\"EntryPoint\",\"urlTemplate\":\"https:\/\/graziamagazine.com\/mx\/?s={search_term_string}\"},\"query-input\":\"required name=search_term_string\"}],\"inLanguage\":\"es-MX\"}]}<\/script>\n<!-- \/ Yoast SEO Premium plugin. -->","yoast_head_json":{"title":"\u00bfEstas listo? Estos son los estrenos de Netflix de septiembre | Grazia M\u00e9xico y Latinoam\u00e9rica","description":"Te presentamos los estrenos de Netflix para el mes de septiembre. Entre los t\u00edtulos m\u00e1s destacados -y esperados- se encuentra la segunda parte de la","robots":{"index":"index","follow":"follow","max-snippet":"max-snippet:-1","max-image-preview":"max-image-preview:large","max-video-preview":"max-video-preview:-1"},"canonical":"https:\/\/graziamagazine.com\/mx\/articles\/estas-listo-estrenos-netflix-septiembre\/","og_locale":"es_MX","og_type":"article","og_title":"\u00bfEstas listo? Estos son los estrenos de Netflix de septiembre","og_description":"Te presentamos los estrenos de Netflix para el mes de septiembre. Entre los t\u00edtulos m\u00e1s destacados -y esperados- se encuentra la segunda parte de la","og_url":"https:\/\/graziamagazine.com\/mx\/articles\/estas-listo-estrenos-netflix-septiembre\/","og_site_name":"Grazia M\u00e9xico y Latinoam\u00e9rica","article_modified_time":"2024-08-29T04:50:28+00:00","og_image":[{"width":1125,"height":720,"url":"https:\/\/graziamagazine.com\/mx\/wp-content\/uploads\/sites\/13\/2024\/08\/WhatsApp-Image-2024-08-28-at-10.47.40-PM-e1724906910814.jpeg","type":"image\/jpeg"}],"twitter_card":"summary_large_image","twitter_misc":{"Est. reading time":"6 minutos"},"schema":{"@context":"https:\/\/schema.org","@graph":[{"@type":"WebPage","@id":"https:\/\/graziamagazine.com\/mx\/articles\/estas-listo-estrenos-netflix-septiembre\/","url":"https:\/\/graziamagazine.com\/mx\/articles\/estas-listo-estrenos-netflix-septiembre\/","name":"\u00bfEstas listo? Estos son los estrenos de Netflix de septiembre | Grazia M\u00e9xico y Latinoam\u00e9rica","isPartOf":{"@id":"https:\/\/graziamagazine.com\/mx\/#website"},"datePublished":"2024-08-29T04:32:28+00:00","dateModified":"2024-08-29T04:50:28+00:00","description":"Te presentamos los estrenos de Netflix para el mes de septiembre. Entre los t\u00edtulos m\u00e1s destacados -y esperados- se encuentra la segunda parte de la","breadcrumb":{"@id":"https:\/\/graziamagazine.com\/mx\/articles\/estas-listo-estrenos-netflix-septiembre\/#breadcrumb"},"inLanguage":"es-MX","potentialAction":[{"@type":"ReadAction","target":["https:\/\/graziamagazine.com\/mx\/articles\/estas-listo-estrenos-netflix-septiembre\/"]}]},{"@type":"BreadcrumbList","@id":"https:\/\/graziamagazine.com\/mx\/articles\/estas-listo-estrenos-netflix-septiembre\/#breadcrumb","itemListElement":[{"@type":"ListItem","position":1,"name":"Home","item":"https:\/\/graziamagazine.com\/mx\/"},{"@type":"ListItem","position":2,"name":"\u00bfEstas listo? Estos son los estrenos de Netflix de septiembre"}]},{"@type":"WebSite","@id":"https:\/\/graziamagazine.com\/mx\/#website","url":"https:\/\/graziamagazine.com\/mx\/","name":"Grazia M\u00e9xico y Latinoam\u00e9rica","description":"Grazia es moda, belleza y noticias  de actualidad ","potentialAction":[{"@type":"SearchAction","target":{"@type":"EntryPoint","urlTemplate":"https:\/\/graziamagazine.com\/mx\/?s={search_term_string}"},"query-input":"required name=search_term_string"}],"inLanguage":"es-MX"}]}},"jetpack_sharing_enabled":true,"distributor_meta":false,"distributor_terms":false,"distributor_media":false,"distributor_original_site_name":"Grazia M\u00e9xico y Latinoam\u00e9rica","distributor_original_site_url":"https:\/\/graziamagazine.com\/mx","push-errors":false,"_links":{"self":[{"href":"https:\/\/graziamagazine.com\/mx\/wp-json\/wp\/v2\/articles\/140673"}],"collection":[{"href":"https:\/\/graziamagazine.com\/mx\/wp-json\/wp\/v2\/articles"}],"about":[{"href":"https:\/\/graziamagazine.com\/mx\/wp-json\/wp\/v2\/types\/articles"}],"author":[{"embeddable":true,"href":"https:\/\/graziamagazine.com\/mx\/wp-json\/wp\/v2\/users\/36289"}],"wp:featuredmedia":[{"embeddable":true,"href":"https:\/\/graziamagazine.com\/mx\/wp-json\/wp\/v2\/media\/140685"}],"wp:attachment":[{"href":"https:\/\/graziamagazine.com\/mx\/wp-json\/wp\/v2\/media?parent=140673"}],"wp:term":[{"taxonomy":"category","embeddable":true,"href":"https:\/\/graziamagazine.com\/mx\/wp-json\/wp\/v2\/categories?post=140673"}],"curies":[{"name":"wp","href":"https:\/\/api.w.org\/{rel}","templated":true}]}}