{"id":140662,"date":"2024-08-28T16:21:19","date_gmt":"2024-08-28T21:21:19","guid":{"rendered":"https:\/\/graziamagazine.com\/mx\/?post_type=articles&#038;p=140662"},"modified":"2024-08-28T16:26:42","modified_gmt":"2024-08-28T21:26:42","slug":"joe-jonas-rompe-el-silencio-un-ano-despues-de-su-divorcio","status":"publish","type":"articles","link":"https:\/\/graziamagazine.com\/mx\/articles\/joe-jonas-rompe-el-silencio-un-ano-despues-de-su-divorcio\/","title":{"rendered":"Joe Jonas rompe el silencio un a\u00f1o despu\u00e9s de su divorcio"},"content":{"rendered":"<p><span style=\"font-weight: 400\">En medio de la promoci\u00f3n de su nuevo \u00e1lbum, <strong>Music for People Who Believe in Love, Joe Jonas<\/strong> ha decidido hablar directamente sobre su divorcio, ocurrido un a\u00f1o atr\u00e1s, y la relaci\u00f3n de ese momento de su vida con las nuevas melod\u00edas de su \u00e1lbum.<\/span><\/p>\n<p><span style=\"font-weight: 400\">En el \u00e1lbum, que ser\u00e1 lanzado el <strong>18 de octubre<\/strong>, el integrante de los <strong>Jonas Brothers<\/strong> canta sobre navegar por las incertidumbres de la vida y encontrar gratitud en medio de la p\u00e9rdida.<\/span><\/p>\n<p><span style=\"font-weight: 400\">\u201cEstaba pasando por muchos cambios en mi vida. Estaba descubriendo qui\u00e9n era yo como personas, padre, amigo y viviendo bajo la lupa de lo que puede ser la industria de la m\u00fasica. Creo que, en un momento tan loco de mi vida, mir\u00e9 la m\u00fasica como una salida\u201d, dijo, sobre su divorcio de <strong>Sophie Turner<\/strong>, con quien se cas\u00f3 en 2019.<\/span><\/p>\n<p><span style=\"font-weight: 400\">\u201cNo estoy tratando de ir en busca de nadie en este \u00e1lbum, no trato de poner cosas en evidencia\u201d, declar\u00f3 haciendo alusi\u00f3n a Sophie.<\/span><\/p>\n<p><span style=\"font-weight: 400\">\u201cTengo una vida hermosa por la que estoy agradecido. Tengo dos hijas hermosas. Soy una persona feliz y la m\u00fasica ten\u00eda que reflejar eso, pero tambi\u00e9n el viaje para llegar hasta aqu\u00ed\u201d, explic\u00f3.<\/span><\/p>\n<p><span style=\"font-weight: 400\">El cantante revel\u00f3 que lanzar esta m\u00fasica que hizo en uno de los momentos m\u00e1s complicados de su vida, le caus\u00f3 dudas en un principio: \u201cA veces daba miedo, pero tambi\u00e9n era liberador. Me di cuenta de que la canci\u00f3n iba en la direcci\u00f3n de algunas cosas personales por las que pas\u00e9. As\u00ed que fui con <strong>Kevin y Nick<\/strong> y les dije: \u2018\u00bfpuedo usar esto como impulso para explorar c\u00f3mo podr\u00eda ser este sonido?\u2019\u201d, comparti\u00f3.<\/span><\/p>\n","protected":false},"author":11628,"featured_media":43653,"template":"","format":"standard","categories":[2],"acf":[],"yoast_head":"<!-- This site is optimized with the Yoast SEO Premium plugin v18.5 (Yoast SEO v20.4) - https:\/\/yoast.com\/wordpress\/plugins\/seo\/ -->\n<title>Joe Jonas rompe el silencio un a\u00f1o despu\u00e9s de su divorcio | Grazia M\u00e9xico y Latinoam\u00e9rica<\/title>\n<meta name=\"description\" content=\"En medio de la promoci\u00f3n de su nuevo \u00e1lbum, Music for People Who Believe in Love, Joe Jonas ha decidido hablar directamente sobre su divorcio, ocurrido un\" \/>\n<meta name=\"robots\" content=\"index, follow, max-snippet:-1, max-image-preview:large, max-video-preview:-1\" \/>\n<link rel=\"canonical\" href=\"https:\/\/graziamagazine.com\/mx\/articles\/joe-jonas-rompe-el-silencio-un-ano-despues-de-su-divorcio\/\" \/>\n<meta property=\"og:locale\" content=\"es_MX\" \/>\n<meta property=\"og:type\" content=\"article\" \/>\n<meta property=\"og:title\" content=\"Joe Jonas rompe el silencio un a\u00f1o despu\u00e9s de su divorcio\" \/>\n<meta property=\"og:description\" content=\"En medio de la promoci\u00f3n de su nuevo \u00e1lbum, Music for People Who Believe in Love, Joe Jonas ha decidido hablar directamente sobre su divorcio, ocurrido un\" \/>\n<meta property=\"og:url\" content=\"https:\/\/graziamagazine.com\/mx\/articles\/joe-jonas-rompe-el-silencio-un-ano-despues-de-su-divorcio\/\" \/>\n<meta property=\"og:site_name\" content=\"Grazia M\u00e9xico y Latinoam\u00e9rica\" \/>\n<meta property=\"article:modified_time\" content=\"2024-08-28T21:26:42+00:00\" \/>\n<meta property=\"og:image\" content=\"https:\/\/graziamagazine.com\/mx\/wp-content\/uploads\/sites\/13\/2018\/02\/las-paradisiacas-lujosas-vacaciones-sophie-turner-joe-jonas-destacada.jpg\" \/>\n\t<meta property=\"og:image:width\" content=\"1548\" \/>\n\t<meta property=\"og:image:height\" content=\"1024\" \/>\n\t<meta property=\"og:image:type\" content=\"image\/jpeg\" \/>\n<meta name=\"twitter:card\" content=\"summary_large_image\" \/>\n<meta name=\"twitter:label1\" content=\"Est. reading time\" \/>\n\t<meta name=\"twitter:data1\" content=\"2 minutos\" \/>\n<script type=\"application\/ld+json\" class=\"yoast-schema-graph\">{\"@context\":\"https:\/\/schema.org\",\"@graph\":[{\"@type\":\"WebPage\",\"@id\":\"https:\/\/graziamagazine.com\/mx\/articles\/joe-jonas-rompe-el-silencio-un-ano-despues-de-su-divorcio\/\",\"url\":\"https:\/\/graziamagazine.com\/mx\/articles\/joe-jonas-rompe-el-silencio-un-ano-despues-de-su-divorcio\/\",\"name\":\"Joe Jonas rompe el silencio un a\u00f1o despu\u00e9s de su divorcio | Grazia M\u00e9xico y Latinoam\u00e9rica\",\"isPartOf\":{\"@id\":\"https:\/\/graziamagazine.com\/mx\/#website\"},\"datePublished\":\"2024-08-28T21:21:19+00:00\",\"dateModified\":\"2024-08-28T21:26:42+00:00\",\"description\":\"En medio de la promoci\u00f3n de su nuevo \u00e1lbum, Music for People Who Believe in Love, Joe Jonas ha decidido hablar directamente sobre su divorcio, ocurrido un\",\"breadcrumb\":{\"@id\":\"https:\/\/graziamagazine.com\/mx\/articles\/joe-jonas-rompe-el-silencio-un-ano-despues-de-su-divorcio\/#breadcrumb\"},\"inLanguage\":\"es-MX\",\"potentialAction\":[{\"@type\":\"ReadAction\",\"target\":[\"https:\/\/graziamagazine.com\/mx\/articles\/joe-jonas-rompe-el-silencio-un-ano-despues-de-su-divorcio\/\"]}]},{\"@type\":\"BreadcrumbList\",\"@id\":\"https:\/\/graziamagazine.com\/mx\/articles\/joe-jonas-rompe-el-silencio-un-ano-despues-de-su-divorcio\/#breadcrumb\",\"itemListElement\":[{\"@type\":\"ListItem\",\"position\":1,\"name\":\"Home\",\"item\":\"https:\/\/graziamagazine.com\/mx\/\"},{\"@type\":\"ListItem\",\"position\":2,\"name\":\"Joe Jonas rompe el silencio un a\u00f1o despu\u00e9s de su divorcio\"}]},{\"@type\":\"WebSite\",\"@id\":\"https:\/\/graziamagazine.com\/mx\/#website\",\"url\":\"https:\/\/graziamagazine.com\/mx\/\",\"name\":\"Grazia M\u00e9xico y Latinoam\u00e9rica\",\"description\":\"Grazia es moda, belleza y noticias  de actualidad \",\"potentialAction\":[{\"@type\":\"SearchAction\",\"target\":{\"@type\":\"EntryPoint\",\"urlTemplate\":\"https:\/\/graziamagazine.com\/mx\/?s={search_term_string}\"},\"query-input\":\"required name=search_term_string\"}],\"inLanguage\":\"es-MX\"}]}<\/script>\n<!-- \/ Yoast SEO Premium plugin. -->","yoast_head_json":{"title":"Joe Jonas rompe el silencio un a\u00f1o despu\u00e9s de su divorcio | Grazia M\u00e9xico y Latinoam\u00e9rica","description":"En medio de la promoci\u00f3n de su nuevo \u00e1lbum, Music for People Who Believe in Love, Joe Jonas ha decidido hablar directamente sobre su divorcio, ocurrido un","robots":{"index":"index","follow":"follow","max-snippet":"max-snippet:-1","max-image-preview":"max-image-preview:large","max-video-preview":"max-video-preview:-1"},"canonical":"https:\/\/graziamagazine.com\/mx\/articles\/joe-jonas-rompe-el-silencio-un-ano-despues-de-su-divorcio\/","og_locale":"es_MX","og_type":"article","og_title":"Joe Jonas rompe el silencio un a\u00f1o despu\u00e9s de su divorcio","og_description":"En medio de la promoci\u00f3n de su nuevo \u00e1lbum, Music for People Who Believe in Love, Joe Jonas ha decidido hablar directamente sobre su divorcio, ocurrido un","og_url":"https:\/\/graziamagazine.com\/mx\/articles\/joe-jonas-rompe-el-silencio-un-ano-despues-de-su-divorcio\/","og_site_name":"Grazia M\u00e9xico y Latinoam\u00e9rica","article_modified_time":"2024-08-28T21:26:42+00:00","og_image":[{"width":1548,"height":1024,"url":"https:\/\/graziamagazine.com\/mx\/wp-content\/uploads\/sites\/13\/2018\/02\/las-paradisiacas-lujosas-vacaciones-sophie-turner-joe-jonas-destacada.jpg","type":"image\/jpeg"}],"twitter_card":"summary_large_image","twitter_misc":{"Est. reading time":"2 minutos"},"schema":{"@context":"https:\/\/schema.org","@graph":[{"@type":"WebPage","@id":"https:\/\/graziamagazine.com\/mx\/articles\/joe-jonas-rompe-el-silencio-un-ano-despues-de-su-divorcio\/","url":"https:\/\/graziamagazine.com\/mx\/articles\/joe-jonas-rompe-el-silencio-un-ano-despues-de-su-divorcio\/","name":"Joe Jonas rompe el silencio un a\u00f1o despu\u00e9s de su divorcio | Grazia M\u00e9xico y Latinoam\u00e9rica","isPartOf":{"@id":"https:\/\/graziamagazine.com\/mx\/#website"},"datePublished":"2024-08-28T21:21:19+00:00","dateModified":"2024-08-28T21:26:42+00:00","description":"En medio de la promoci\u00f3n de su nuevo \u00e1lbum, Music for People Who Believe in Love, Joe Jonas ha decidido hablar directamente sobre su divorcio, ocurrido un","breadcrumb":{"@id":"https:\/\/graziamagazine.com\/mx\/articles\/joe-jonas-rompe-el-silencio-un-ano-despues-de-su-divorcio\/#breadcrumb"},"inLanguage":"es-MX","potentialAction":[{"@type":"ReadAction","target":["https:\/\/graziamagazine.com\/mx\/articles\/joe-jonas-rompe-el-silencio-un-ano-despues-de-su-divorcio\/"]}]},{"@type":"BreadcrumbList","@id":"https:\/\/graziamagazine.com\/mx\/articles\/joe-jonas-rompe-el-silencio-un-ano-despues-de-su-divorcio\/#breadcrumb","itemListElement":[{"@type":"ListItem","position":1,"name":"Home","item":"https:\/\/graziamagazine.com\/mx\/"},{"@type":"ListItem","position":2,"name":"Joe Jonas rompe el silencio un a\u00f1o despu\u00e9s de su divorcio"}]},{"@type":"WebSite","@id":"https:\/\/graziamagazine.com\/mx\/#website","url":"https:\/\/graziamagazine.com\/mx\/","name":"Grazia M\u00e9xico y Latinoam\u00e9rica","description":"Grazia es moda, belleza y noticias  de actualidad ","potentialAction":[{"@type":"SearchAction","target":{"@type":"EntryPoint","urlTemplate":"https:\/\/graziamagazine.com\/mx\/?s={search_term_string}"},"query-input":"required name=search_term_string"}],"inLanguage":"es-MX"}]}},"jetpack_sharing_enabled":true,"distributor_meta":false,"distributor_terms":false,"distributor_media":false,"distributor_original_site_name":"Grazia M\u00e9xico y Latinoam\u00e9rica","distributor_original_site_url":"https:\/\/graziamagazine.com\/mx","push-errors":false,"_links":{"self":[{"href":"https:\/\/graziamagazine.com\/mx\/wp-json\/wp\/v2\/articles\/140662"}],"collection":[{"href":"https:\/\/graziamagazine.com\/mx\/wp-json\/wp\/v2\/articles"}],"about":[{"href":"https:\/\/graziamagazine.com\/mx\/wp-json\/wp\/v2\/types\/articles"}],"author":[{"embeddable":true,"href":"https:\/\/graziamagazine.com\/mx\/wp-json\/wp\/v2\/users\/11628"}],"wp:featuredmedia":[{"embeddable":true,"href":"https:\/\/graziamagazine.com\/mx\/wp-json\/wp\/v2\/media\/43653"}],"wp:attachment":[{"href":"https:\/\/graziamagazine.com\/mx\/wp-json\/wp\/v2\/media?parent=140662"}],"wp:term":[{"taxonomy":"category","embeddable":true,"href":"https:\/\/graziamagazine.com\/mx\/wp-json\/wp\/v2\/categories?post=140662"}],"curies":[{"name":"wp","href":"https:\/\/api.w.org\/{rel}","templated":true}]}}