{"id":140624,"date":"2024-08-27T17:17:52","date_gmt":"2024-08-27T22:17:52","guid":{"rendered":"https:\/\/graziamagazine.com\/mx\/?post_type=articles&#038;p=140624"},"modified":"2024-08-27T17:22:16","modified_gmt":"2024-08-27T22:22:16","slug":"oasis-la-banda-que-conquisto-al-mundo-en-los-anos-90-esta-de-vuelta","status":"publish","type":"articles","link":"https:\/\/graziamagazine.com\/mx\/articles\/oasis-la-banda-que-conquisto-al-mundo-en-los-anos-90-esta-de-vuelta\/","title":{"rendered":"Oasis, la banda que conquist\u00f3 al mundo en los a\u00f1os 90, est\u00e1 de vuelta"},"content":{"rendered":"<p><span style=\"font-weight: 400\">Parece que <strong>Liam y Noel Gallagher<\/strong> y su banda &#8211; <strong>Oasis<\/strong> &#8211; se re\u00fanen oficialmente. Despu\u00e9s de una disputa de 15 a\u00f1os, los co fundadores y hermanos de la banda dejan el pasado atr\u00e1s mientras se preparan para una gira de reuni\u00f3n en Reino Unido el pr\u00f3ximo a\u00f1o\u2026 \u00a1y nos encanta!<\/span><\/p>\n<p><span style=\"font-weight: 400\">Los hermanos Gallagher anunciaron que tocar\u00e1n 14 shows en el verano de 2025, incluidos cuatro en Londres y cuatro en Manchester. Otras paradas incluyen Cardiff, Edimburgo y Dubl\u00edn. Las entradas saldr\u00e1n a la venta el pr\u00f3ximo 31 de agosto.<\/span><\/p>\n<p><span style=\"font-weight: 400\">&#8220;No ha habido un gran momento revelador que haya encendido la reuni\u00f3n, solo la comprensi\u00f3n gradual de que es el momento adecuado. Sin embargo, el momento debe ser una influencia subconsciente. Este jueves se cumplen 30 a\u00f1os desde el lanzamiento de su electrizante \u00e1lbum debut, \u2018Definitely Maybe\u2019, mientras que en 2025 el segundo disco, igualmente esencial, \u2018(<strong>What\u2019s the Story) Morning Glory?\u2019<\/strong>, alcanzar\u00e1 ese mismo aniversario\u201d, se lee en un comunicado de prensa.<\/span><\/p>\n<p><span style=\"font-weight: 400\">\u201cLas armas se han silenciado. Las estrellas se han alineado. La gran espera ha terminado. Ven a verlo. No ser\u00e1 televisado\u201d, dijeron a su vez los hermanos Gallagher.<\/span><\/p>\n<p><span style=\"font-weight: 400\">Fue un clip en <strong>X<\/strong> que mostr\u00f3 la fecha, \u201c<strong>27.08.24<\/strong>\u201d. El sitio web oficial de la banda tambi\u00e9n mostr\u00f3 la misma fecha en su p\u00e1gina principal, lo que sugiere que un anuncio relacionado se realizar\u00e1 en cualquier momento.<\/span><\/p>\n<p><span style=\"font-weight: 400\">Adem\u00e1s, durante el fin de semana, Liam Gallagher respondi\u00f3 a m\u00faltiples preguntas y comentarios de los fans en X mientras circulaban en l\u00ednea informes sobre la actuaci\u00f3n de Oasis el a\u00f1o que viene en el Reino Unido.<\/span><\/p>\n<p><span style=\"font-weight: 400\">Oasis se disolvi\u00f3 formalmente en 2009 despu\u00e9s de la salida de Noel Gallagher de la banda de rock brit\u00e1nica.<\/span><\/p>\n","protected":false},"author":11628,"featured_media":140625,"template":"","format":"standard","categories":[12517],"acf":[],"yoast_head":"<!-- This site is optimized with the Yoast SEO Premium plugin v18.5 (Yoast SEO v20.4) - https:\/\/yoast.com\/wordpress\/plugins\/seo\/ -->\n<title>Oasis, la banda que conquist\u00f3 al mundo en los a\u00f1os 90, est\u00e1 de vuelta | Grazia M\u00e9xico y Latinoam\u00e9rica<\/title>\n<meta name=\"description\" content=\"Parece que Liam y Noel Gallagher y su banda - Oasis - se re\u00fanen oficialmente. Despu\u00e9s de una disputa de 15 a\u00f1os, los co fundadores y hermanos de la banda\" \/>\n<meta name=\"robots\" content=\"index, follow, max-snippet:-1, max-image-preview:large, max-video-preview:-1\" \/>\n<link rel=\"canonical\" href=\"https:\/\/graziamagazine.com\/mx\/articles\/oasis-la-banda-que-conquisto-al-mundo-en-los-anos-90-esta-de-vuelta\/\" \/>\n<meta property=\"og:locale\" content=\"es_MX\" \/>\n<meta property=\"og:type\" content=\"article\" \/>\n<meta property=\"og:title\" content=\"Oasis, la banda que conquist\u00f3 al mundo en los a\u00f1os 90, est\u00e1 de vuelta\" \/>\n<meta property=\"og:description\" content=\"Parece que Liam y Noel Gallagher y su banda - Oasis - se re\u00fanen oficialmente. Despu\u00e9s de una disputa de 15 a\u00f1os, los co fundadores y hermanos de la banda\" \/>\n<meta property=\"og:url\" content=\"https:\/\/graziamagazine.com\/mx\/articles\/oasis-la-banda-que-conquisto-al-mundo-en-los-anos-90-esta-de-vuelta\/\" \/>\n<meta property=\"og:site_name\" content=\"Grazia M\u00e9xico y Latinoam\u00e9rica\" \/>\n<meta property=\"article:modified_time\" content=\"2024-08-27T22:22:16+00:00\" \/>\n<meta property=\"og:image\" content=\"https:\/\/graziamagazine.com\/mx\/wp-content\/uploads\/sites\/13\/2024\/08\/Captura-de-Pantalla-2024-08-27-a-las-16.20.55.png\" \/>\n\t<meta property=\"og:image:width\" content=\"455\" \/>\n\t<meta property=\"og:image:height\" content=\"257\" \/>\n\t<meta property=\"og:image:type\" content=\"image\/png\" \/>\n<meta name=\"twitter:card\" content=\"summary_large_image\" \/>\n<meta name=\"twitter:label1\" content=\"Est. reading time\" \/>\n\t<meta name=\"twitter:data1\" content=\"2 minutos\" \/>\n<script type=\"application\/ld+json\" class=\"yoast-schema-graph\">{\"@context\":\"https:\/\/schema.org\",\"@graph\":[{\"@type\":\"WebPage\",\"@id\":\"https:\/\/graziamagazine.com\/mx\/articles\/oasis-la-banda-que-conquisto-al-mundo-en-los-anos-90-esta-de-vuelta\/\",\"url\":\"https:\/\/graziamagazine.com\/mx\/articles\/oasis-la-banda-que-conquisto-al-mundo-en-los-anos-90-esta-de-vuelta\/\",\"name\":\"Oasis, la banda que conquist\u00f3 al mundo en los a\u00f1os 90, est\u00e1 de vuelta | Grazia M\u00e9xico y Latinoam\u00e9rica\",\"isPartOf\":{\"@id\":\"https:\/\/graziamagazine.com\/mx\/#website\"},\"datePublished\":\"2024-08-27T22:17:52+00:00\",\"dateModified\":\"2024-08-27T22:22:16+00:00\",\"description\":\"Parece que Liam y Noel Gallagher y su banda - Oasis - se re\u00fanen oficialmente. Despu\u00e9s de una disputa de 15 a\u00f1os, los co fundadores y hermanos de la banda\",\"breadcrumb\":{\"@id\":\"https:\/\/graziamagazine.com\/mx\/articles\/oasis-la-banda-que-conquisto-al-mundo-en-los-anos-90-esta-de-vuelta\/#breadcrumb\"},\"inLanguage\":\"es-MX\",\"potentialAction\":[{\"@type\":\"ReadAction\",\"target\":[\"https:\/\/graziamagazine.com\/mx\/articles\/oasis-la-banda-que-conquisto-al-mundo-en-los-anos-90-esta-de-vuelta\/\"]}]},{\"@type\":\"BreadcrumbList\",\"@id\":\"https:\/\/graziamagazine.com\/mx\/articles\/oasis-la-banda-que-conquisto-al-mundo-en-los-anos-90-esta-de-vuelta\/#breadcrumb\",\"itemListElement\":[{\"@type\":\"ListItem\",\"position\":1,\"name\":\"Home\",\"item\":\"https:\/\/graziamagazine.com\/mx\/\"},{\"@type\":\"ListItem\",\"position\":2,\"name\":\"Oasis, la banda que conquist\u00f3 al mundo en los a\u00f1os 90, est\u00e1 de vuelta\"}]},{\"@type\":\"WebSite\",\"@id\":\"https:\/\/graziamagazine.com\/mx\/#website\",\"url\":\"https:\/\/graziamagazine.com\/mx\/\",\"name\":\"Grazia M\u00e9xico y Latinoam\u00e9rica\",\"description\":\"Grazia es moda, belleza y noticias  de actualidad \",\"potentialAction\":[{\"@type\":\"SearchAction\",\"target\":{\"@type\":\"EntryPoint\",\"urlTemplate\":\"https:\/\/graziamagazine.com\/mx\/?s={search_term_string}\"},\"query-input\":\"required name=search_term_string\"}],\"inLanguage\":\"es-MX\"}]}<\/script>\n<!-- \/ Yoast SEO Premium plugin. -->","yoast_head_json":{"title":"Oasis, la banda que conquist\u00f3 al mundo en los a\u00f1os 90, est\u00e1 de vuelta | Grazia M\u00e9xico y Latinoam\u00e9rica","description":"Parece que Liam y Noel Gallagher y su banda - Oasis - se re\u00fanen oficialmente. Despu\u00e9s de una disputa de 15 a\u00f1os, los co fundadores y hermanos de la banda","robots":{"index":"index","follow":"follow","max-snippet":"max-snippet:-1","max-image-preview":"max-image-preview:large","max-video-preview":"max-video-preview:-1"},"canonical":"https:\/\/graziamagazine.com\/mx\/articles\/oasis-la-banda-que-conquisto-al-mundo-en-los-anos-90-esta-de-vuelta\/","og_locale":"es_MX","og_type":"article","og_title":"Oasis, la banda que conquist\u00f3 al mundo en los a\u00f1os 90, est\u00e1 de vuelta","og_description":"Parece que Liam y Noel Gallagher y su banda - Oasis - se re\u00fanen oficialmente. Despu\u00e9s de una disputa de 15 a\u00f1os, los co fundadores y hermanos de la banda","og_url":"https:\/\/graziamagazine.com\/mx\/articles\/oasis-la-banda-que-conquisto-al-mundo-en-los-anos-90-esta-de-vuelta\/","og_site_name":"Grazia M\u00e9xico y Latinoam\u00e9rica","article_modified_time":"2024-08-27T22:22:16+00:00","og_image":[{"width":455,"height":257,"url":"https:\/\/graziamagazine.com\/mx\/wp-content\/uploads\/sites\/13\/2024\/08\/Captura-de-Pantalla-2024-08-27-a-las-16.20.55.png","type":"image\/png"}],"twitter_card":"summary_large_image","twitter_misc":{"Est. reading time":"2 minutos"},"schema":{"@context":"https:\/\/schema.org","@graph":[{"@type":"WebPage","@id":"https:\/\/graziamagazine.com\/mx\/articles\/oasis-la-banda-que-conquisto-al-mundo-en-los-anos-90-esta-de-vuelta\/","url":"https:\/\/graziamagazine.com\/mx\/articles\/oasis-la-banda-que-conquisto-al-mundo-en-los-anos-90-esta-de-vuelta\/","name":"Oasis, la banda que conquist\u00f3 al mundo en los a\u00f1os 90, est\u00e1 de vuelta | Grazia M\u00e9xico y Latinoam\u00e9rica","isPartOf":{"@id":"https:\/\/graziamagazine.com\/mx\/#website"},"datePublished":"2024-08-27T22:17:52+00:00","dateModified":"2024-08-27T22:22:16+00:00","description":"Parece que Liam y Noel Gallagher y su banda - Oasis - se re\u00fanen oficialmente. Despu\u00e9s de una disputa de 15 a\u00f1os, los co fundadores y hermanos de la banda","breadcrumb":{"@id":"https:\/\/graziamagazine.com\/mx\/articles\/oasis-la-banda-que-conquisto-al-mundo-en-los-anos-90-esta-de-vuelta\/#breadcrumb"},"inLanguage":"es-MX","potentialAction":[{"@type":"ReadAction","target":["https:\/\/graziamagazine.com\/mx\/articles\/oasis-la-banda-que-conquisto-al-mundo-en-los-anos-90-esta-de-vuelta\/"]}]},{"@type":"BreadcrumbList","@id":"https:\/\/graziamagazine.com\/mx\/articles\/oasis-la-banda-que-conquisto-al-mundo-en-los-anos-90-esta-de-vuelta\/#breadcrumb","itemListElement":[{"@type":"ListItem","position":1,"name":"Home","item":"https:\/\/graziamagazine.com\/mx\/"},{"@type":"ListItem","position":2,"name":"Oasis, la banda que conquist\u00f3 al mundo en los a\u00f1os 90, est\u00e1 de vuelta"}]},{"@type":"WebSite","@id":"https:\/\/graziamagazine.com\/mx\/#website","url":"https:\/\/graziamagazine.com\/mx\/","name":"Grazia M\u00e9xico y Latinoam\u00e9rica","description":"Grazia es moda, belleza y noticias  de actualidad ","potentialAction":[{"@type":"SearchAction","target":{"@type":"EntryPoint","urlTemplate":"https:\/\/graziamagazine.com\/mx\/?s={search_term_string}"},"query-input":"required name=search_term_string"}],"inLanguage":"es-MX"}]}},"jetpack_sharing_enabled":true,"distributor_meta":false,"distributor_terms":false,"distributor_media":false,"distributor_original_site_name":"Grazia M\u00e9xico y Latinoam\u00e9rica","distributor_original_site_url":"https:\/\/graziamagazine.com\/mx","push-errors":false,"_links":{"self":[{"href":"https:\/\/graziamagazine.com\/mx\/wp-json\/wp\/v2\/articles\/140624"}],"collection":[{"href":"https:\/\/graziamagazine.com\/mx\/wp-json\/wp\/v2\/articles"}],"about":[{"href":"https:\/\/graziamagazine.com\/mx\/wp-json\/wp\/v2\/types\/articles"}],"author":[{"embeddable":true,"href":"https:\/\/graziamagazine.com\/mx\/wp-json\/wp\/v2\/users\/11628"}],"wp:featuredmedia":[{"embeddable":true,"href":"https:\/\/graziamagazine.com\/mx\/wp-json\/wp\/v2\/media\/140625"}],"wp:attachment":[{"href":"https:\/\/graziamagazine.com\/mx\/wp-json\/wp\/v2\/media?parent=140624"}],"wp:term":[{"taxonomy":"category","embeddable":true,"href":"https:\/\/graziamagazine.com\/mx\/wp-json\/wp\/v2\/categories?post=140624"}],"curies":[{"name":"wp","href":"https:\/\/api.w.org\/{rel}","templated":true}]}}