{"id":140561,"date":"2024-08-23T17:55:54","date_gmt":"2024-08-23T22:55:54","guid":{"rendered":"https:\/\/graziamagazine.com\/mx\/?post_type=articles&#038;p=140561"},"modified":"2024-08-23T17:58:41","modified_gmt":"2024-08-23T22:58:41","slug":"freakier-friday-se-ha-terminado-de-filmar","status":"publish","type":"articles","link":"https:\/\/graziamagazine.com\/mx\/articles\/freakier-friday-se-ha-terminado-de-filmar\/","title":{"rendered":"\u00a1\u2018Freakier Friday\u2019 se ha terminado de filmar!"},"content":{"rendered":"<p><span style=\"font-weight: 400\">Es un hecho: muy pronto podremos ver en cines<em><strong> Freakier Friday<\/strong><\/em>, la secuela de la cinta cl\u00e1sica de <strong>Disne<\/strong>y protagonizada por <strong>Jamie Lee Curtis y Lindsay Lohan,<em> Freaky Friday<\/em><\/strong><em>.<\/em> Y eso nos emociona mucho!<\/span><\/p>\n<p><span style=\"font-weight: 400\">La ganadora del Oscar dijo que solo le quedan unos d\u00edas en el set antes de que finalice la producci\u00f3n y eso le da mucha nostalgia.<\/span><\/p>\n<p><span style=\"font-weight: 400\">La actriz comparti\u00f3 en su cuenta de Instagram que solo le quedan unos d\u00edas en el set con su \u201chija cinematogr\u00e1fica definitiva\u201d, Lindsay Lohan, antes de que finalice la producci\u00f3n de este reboot que se estrenar\u00e1 en 2025.<\/span><\/p>\n<p><span style=\"font-weight: 400\">\u201cEl \u00faltimo VIERNES de este VIERNES M\u00c1S FREAKIEST o deber\u00eda llamarlo CRYDAY\u201d, escribi\u00f3 Jamie. \u201cTodav\u00eda nos quedan un par de d\u00edas la pr\u00f3xima semana, pero ya est\u00e1 terminando y esta ma\u00f1ana, cuando llegu\u00e9 al trabajo y mir\u00e9 a los cientos de personas reunidas para filmar la pel\u00edcula para los fan\u00e1ticos en California, me siento especialmente Agradecido a mi hija cinematogr\u00e1fica ULTIMATE, @lindsaylohan sin quien no podr\u00edamos haber hecho esta pel\u00edcula. Alguna vez.&#8221;<\/span><\/p>\n<p><span style=\"font-weight: 400\">A\u00f1adi\u00f3 que Lindsay \u201cme regal\u00f3 una camisa de @suziekondi despu\u00e9s de que la felicit\u00e9 por la suya y la us\u00e9 hoy en honor a ella. A ponerme peluca y trabajar. \u00a1Gracias por todo el AMOR de @disneyd23! \u00a1Fue LEGENDARIO!\u201d<\/span><\/p>\n<p><span style=\"font-weight: 400\">En Freakier Friday ambas actrices retoman sus personajes de<strong> Tess y Anna<\/strong>, respectivamente, m\u00e1s de 20 a\u00f1os despu\u00e9s de que intercambiaron su cuerpo en la pel\u00edcula de 2003. En la secuela, Anna ahora tiene una hija y una futura hijastra. Pero mientras enfrentan los desaf\u00edos de la fusi\u00f3n de dos familias, madre e hija descubren que un rayo puede caer dos veces.<\/span><\/p>\n<p><span style=\"font-weight: 400\">&#8220;Es tan hermoso ver a las tres generaciones en esto&#8221;, dijo Lohan hace unos meses cuando se anunci\u00f3 la producci\u00f3n de esta pel\u00edcula. \u201cEs tan hermoso ver c\u00f3mo Anna busca consejo en Tess. Pero Tess todav\u00eda quiere entrar y dar consejos. Y Anna se ha vuelto un poco como Tess en cierto modo en esto&#8230; que es lo que sucede en la vida. \u00a1Siempre te pareces un poco a tu mam\u00e1!<\/span><\/p>\n<p><span style=\"font-weight: 400\"><strong>Chad Michael Murray y Mark Harmon<\/strong> tambi\u00e9n regresan para <em>Freakier Friday<\/em>, con <strong>Manny Jacinto<\/strong> uni\u00e9ndose al elenco.<\/span><\/p>\n","protected":false},"author":11628,"featured_media":140562,"template":"","format":"standard","categories":[12832],"acf":[],"yoast_head":"<!-- This site is optimized with the Yoast SEO Premium plugin v18.5 (Yoast SEO v20.4) - https:\/\/yoast.com\/wordpress\/plugins\/seo\/ -->\n<title>\u00a1\u2018Freakier Friday\u2019 se ha terminado de filmar! | Grazia M\u00e9xico y Latinoam\u00e9rica<\/title>\n<meta name=\"description\" content=\"Es un hecho: muy pronto podremos ver en cines Freakier Friday, la secuela de la cinta cl\u00e1sica de Disney protagonizada por Jamie Lee Curtis y Lindsay\" \/>\n<meta name=\"robots\" content=\"index, follow, max-snippet:-1, max-image-preview:large, max-video-preview:-1\" \/>\n<link rel=\"canonical\" href=\"https:\/\/graziamagazine.com\/mx\/articles\/freakier-friday-se-ha-terminado-de-filmar\/\" \/>\n<meta property=\"og:locale\" content=\"es_MX\" \/>\n<meta property=\"og:type\" content=\"article\" \/>\n<meta property=\"og:title\" content=\"\u00a1\u2018Freakier Friday\u2019 se ha terminado de filmar!\" \/>\n<meta property=\"og:description\" content=\"Es un hecho: muy pronto podremos ver en cines Freakier Friday, la secuela de la cinta cl\u00e1sica de Disney protagonizada por Jamie Lee Curtis y Lindsay\" \/>\n<meta property=\"og:url\" content=\"https:\/\/graziamagazine.com\/mx\/articles\/freakier-friday-se-ha-terminado-de-filmar\/\" \/>\n<meta property=\"og:site_name\" content=\"Grazia M\u00e9xico y Latinoam\u00e9rica\" \/>\n<meta property=\"article:modified_time\" content=\"2024-08-23T22:58:41+00:00\" \/>\n<meta property=\"og:image\" content=\"https:\/\/graziamagazine.com\/mx\/wp-content\/uploads\/sites\/13\/2024\/08\/ff.jpg\" \/>\n\t<meta property=\"og:image:width\" content=\"752\" \/>\n\t<meta property=\"og:image:height\" content=\"394\" \/>\n\t<meta property=\"og:image:type\" content=\"image\/jpeg\" \/>\n<meta name=\"twitter:card\" content=\"summary_large_image\" \/>\n<meta name=\"twitter:label1\" content=\"Est. reading time\" \/>\n\t<meta name=\"twitter:data1\" content=\"2 minutos\" \/>\n<script type=\"application\/ld+json\" class=\"yoast-schema-graph\">{\"@context\":\"https:\/\/schema.org\",\"@graph\":[{\"@type\":\"WebPage\",\"@id\":\"https:\/\/graziamagazine.com\/mx\/articles\/freakier-friday-se-ha-terminado-de-filmar\/\",\"url\":\"https:\/\/graziamagazine.com\/mx\/articles\/freakier-friday-se-ha-terminado-de-filmar\/\",\"name\":\"\u00a1\u2018Freakier Friday\u2019 se ha terminado de filmar! | Grazia M\u00e9xico y Latinoam\u00e9rica\",\"isPartOf\":{\"@id\":\"https:\/\/graziamagazine.com\/mx\/#website\"},\"datePublished\":\"2024-08-23T22:55:54+00:00\",\"dateModified\":\"2024-08-23T22:58:41+00:00\",\"description\":\"Es un hecho: muy pronto podremos ver en cines Freakier Friday, la secuela de la cinta cl\u00e1sica de Disney protagonizada por Jamie Lee Curtis y Lindsay\",\"breadcrumb\":{\"@id\":\"https:\/\/graziamagazine.com\/mx\/articles\/freakier-friday-se-ha-terminado-de-filmar\/#breadcrumb\"},\"inLanguage\":\"es-MX\",\"potentialAction\":[{\"@type\":\"ReadAction\",\"target\":[\"https:\/\/graziamagazine.com\/mx\/articles\/freakier-friday-se-ha-terminado-de-filmar\/\"]}]},{\"@type\":\"BreadcrumbList\",\"@id\":\"https:\/\/graziamagazine.com\/mx\/articles\/freakier-friday-se-ha-terminado-de-filmar\/#breadcrumb\",\"itemListElement\":[{\"@type\":\"ListItem\",\"position\":1,\"name\":\"Home\",\"item\":\"https:\/\/graziamagazine.com\/mx\/\"},{\"@type\":\"ListItem\",\"position\":2,\"name\":\"\u00a1\u2018Freakier Friday\u2019 se ha terminado de filmar!\"}]},{\"@type\":\"WebSite\",\"@id\":\"https:\/\/graziamagazine.com\/mx\/#website\",\"url\":\"https:\/\/graziamagazine.com\/mx\/\",\"name\":\"Grazia M\u00e9xico y Latinoam\u00e9rica\",\"description\":\"Grazia es moda, belleza y noticias  de actualidad \",\"potentialAction\":[{\"@type\":\"SearchAction\",\"target\":{\"@type\":\"EntryPoint\",\"urlTemplate\":\"https:\/\/graziamagazine.com\/mx\/?s={search_term_string}\"},\"query-input\":\"required name=search_term_string\"}],\"inLanguage\":\"es-MX\"}]}<\/script>\n<!-- \/ Yoast SEO Premium plugin. -->","yoast_head_json":{"title":"\u00a1\u2018Freakier Friday\u2019 se ha terminado de filmar! | Grazia M\u00e9xico y Latinoam\u00e9rica","description":"Es un hecho: muy pronto podremos ver en cines Freakier Friday, la secuela de la cinta cl\u00e1sica de Disney protagonizada por Jamie Lee Curtis y Lindsay","robots":{"index":"index","follow":"follow","max-snippet":"max-snippet:-1","max-image-preview":"max-image-preview:large","max-video-preview":"max-video-preview:-1"},"canonical":"https:\/\/graziamagazine.com\/mx\/articles\/freakier-friday-se-ha-terminado-de-filmar\/","og_locale":"es_MX","og_type":"article","og_title":"\u00a1\u2018Freakier Friday\u2019 se ha terminado de filmar!","og_description":"Es un hecho: muy pronto podremos ver en cines Freakier Friday, la secuela de la cinta cl\u00e1sica de Disney protagonizada por Jamie Lee Curtis y Lindsay","og_url":"https:\/\/graziamagazine.com\/mx\/articles\/freakier-friday-se-ha-terminado-de-filmar\/","og_site_name":"Grazia M\u00e9xico y Latinoam\u00e9rica","article_modified_time":"2024-08-23T22:58:41+00:00","og_image":[{"width":752,"height":394,"url":"https:\/\/graziamagazine.com\/mx\/wp-content\/uploads\/sites\/13\/2024\/08\/ff.jpg","type":"image\/jpeg"}],"twitter_card":"summary_large_image","twitter_misc":{"Est. reading time":"2 minutos"},"schema":{"@context":"https:\/\/schema.org","@graph":[{"@type":"WebPage","@id":"https:\/\/graziamagazine.com\/mx\/articles\/freakier-friday-se-ha-terminado-de-filmar\/","url":"https:\/\/graziamagazine.com\/mx\/articles\/freakier-friday-se-ha-terminado-de-filmar\/","name":"\u00a1\u2018Freakier Friday\u2019 se ha terminado de filmar! | Grazia M\u00e9xico y Latinoam\u00e9rica","isPartOf":{"@id":"https:\/\/graziamagazine.com\/mx\/#website"},"datePublished":"2024-08-23T22:55:54+00:00","dateModified":"2024-08-23T22:58:41+00:00","description":"Es un hecho: muy pronto podremos ver en cines Freakier Friday, la secuela de la cinta cl\u00e1sica de Disney protagonizada por Jamie Lee Curtis y Lindsay","breadcrumb":{"@id":"https:\/\/graziamagazine.com\/mx\/articles\/freakier-friday-se-ha-terminado-de-filmar\/#breadcrumb"},"inLanguage":"es-MX","potentialAction":[{"@type":"ReadAction","target":["https:\/\/graziamagazine.com\/mx\/articles\/freakier-friday-se-ha-terminado-de-filmar\/"]}]},{"@type":"BreadcrumbList","@id":"https:\/\/graziamagazine.com\/mx\/articles\/freakier-friday-se-ha-terminado-de-filmar\/#breadcrumb","itemListElement":[{"@type":"ListItem","position":1,"name":"Home","item":"https:\/\/graziamagazine.com\/mx\/"},{"@type":"ListItem","position":2,"name":"\u00a1\u2018Freakier Friday\u2019 se ha terminado de filmar!"}]},{"@type":"WebSite","@id":"https:\/\/graziamagazine.com\/mx\/#website","url":"https:\/\/graziamagazine.com\/mx\/","name":"Grazia M\u00e9xico y Latinoam\u00e9rica","description":"Grazia es moda, belleza y noticias  de actualidad ","potentialAction":[{"@type":"SearchAction","target":{"@type":"EntryPoint","urlTemplate":"https:\/\/graziamagazine.com\/mx\/?s={search_term_string}"},"query-input":"required name=search_term_string"}],"inLanguage":"es-MX"}]}},"jetpack_sharing_enabled":true,"distributor_meta":false,"distributor_terms":false,"distributor_media":false,"distributor_original_site_name":"Grazia M\u00e9xico y Latinoam\u00e9rica","distributor_original_site_url":"https:\/\/graziamagazine.com\/mx","push-errors":false,"_links":{"self":[{"href":"https:\/\/graziamagazine.com\/mx\/wp-json\/wp\/v2\/articles\/140561"}],"collection":[{"href":"https:\/\/graziamagazine.com\/mx\/wp-json\/wp\/v2\/articles"}],"about":[{"href":"https:\/\/graziamagazine.com\/mx\/wp-json\/wp\/v2\/types\/articles"}],"author":[{"embeddable":true,"href":"https:\/\/graziamagazine.com\/mx\/wp-json\/wp\/v2\/users\/11628"}],"wp:featuredmedia":[{"embeddable":true,"href":"https:\/\/graziamagazine.com\/mx\/wp-json\/wp\/v2\/media\/140562"}],"wp:attachment":[{"href":"https:\/\/graziamagazine.com\/mx\/wp-json\/wp\/v2\/media?parent=140561"}],"wp:term":[{"taxonomy":"category","embeddable":true,"href":"https:\/\/graziamagazine.com\/mx\/wp-json\/wp\/v2\/categories?post=140561"}],"curies":[{"name":"wp","href":"https:\/\/api.w.org\/{rel}","templated":true}]}}